{"id":2435,"date":"2023-05-11T06:18:46","date_gmt":"2023-05-11T06:18:46","guid":{"rendered":"https:\/\/audaxrenovables.es\/audax-renovables-incrementa-su-ebitda-un-47\/"},"modified":"2023-11-16T10:28:47","modified_gmt":"2023-11-16T10:28:47","slug":"audax-renovables-incrementa-su-ebitda-un-47","status":"publish","type":"post","link":"https:\/\/www.audaxrenovables.es\/ca\/audax-renovables-incrementa-el-seu-ebitda-un-47\/","title":{"rendered":"Audax Renovables incrementa el vostre EBITDA un 47%"},"content":{"rendered":"<figure class=\"wp-block-image\"><img decoding=\"async\" src=\"https:\/\/www.audaxrenovables.es\/uploads\/2023\/05\/11\/53a26fa77e68fadce02cf0ac78233667.jpg\" alt=\"\"\/><\/figure>\n\n\n\n<h1 class=\"wp-block-heading has-text-align-center\">Audax Renovables incrementa el vostre EBITDA un 47%<\/h1>\n\n\n\n<div class=\"wp-block-cover\" style=\"border-width:50px;border-radius:100px;min-height:90vh;aspect-ratio:unset;\"><span aria-hidden=\"true\" class=\"wp-block-cover__background has-background-dim-0 has-background-dim\"><\/span><img fetchpriority=\"high\" decoding=\"async\" width=\"713\" height=\"403\" src=\"https:\/\/www.audaxrenovables.es\/wp-content\/uploads\/2023\/06\/110523.jpg.jpg\" class=\"wp-block-cover__image-background wp-post-image\" alt=\"\" data-object-fit=\"cover\" srcset=\"https:\/\/www.audaxrenovables.es\/wp-content\/uploads\/2023\/06\/110523.jpg.jpg 713w, https:\/\/www.audaxrenovables.es\/wp-content\/uploads\/2023\/06\/110523.jpg-300x170.jpg 300w\" sizes=\"(max-width: 713px) 100vw, 713px\" \/><div class=\"wp-block-cover__inner-container has-global-padding is-layout-constrained wp-block-cover-is-layout-constrained\">\n<p class=\"has-text-align-center has-large-font-size\"><\/p>\n<\/div><\/div>\n\n\n\n<blockquote class=\"wp-block-quote is-layout-flow wp-block-quote-is-layout-flow\">\n<p>La companyia augmenta el seu marge brut un 41% durant els tres primers mesos de l&#039;any, fins a 50,9 milions d&#039;euros, mentre que el resultat net s&#039;incrementa un 18%, arribant als 2,4 milions.<\/p>\n\n\n\n<p>El Consell d&#039;Administraci\u00f3 aprova el Pla Estrat\u00e8gic de Sostenibilitat 2023-2025 que defineix m\u00e9s de 40 iniciatives i projectes amb objectius espec\u00edfics que contribuiran a assolir l&#039;ambici\u00f3 de liderar la transici\u00f3 energ\u00e8tica.<\/p>\n<\/blockquote>\n\n\n\n<p><span style=\"font-size: 11pt;\"><span style=\"line-height: 106%;\"><span style=\"font-family: 'Microsoft Sans Serif',sans-serif;\"><b><span style=\"font-family: 'PF BeauSans Pro';\">11 <\/span><\/b><b><span style=\"font-size: 9.0pt;\"><span style=\"line-height: 106%;\"><span style=\"font-family: 'PF BeauSans Pro';\">DE MAIG DE <\/span><\/span><\/span><\/b><b><span style=\"font-family: 'PF BeauSans Pro';\">2023.\u2013 <\/span><\/b><span style=\"font-family: 'PF BeauSans Pro';\">Audax Renovables (ADX.MC), grup energ\u00e8tic espanyol integrat verticalment que genera i subministra electricitat 100% renovable i gas amb pres\u00e8ncia a 9 pa\u00efsos, ha registrat un EBITDA de 23,1 milions d&#039;euros durant el primer trimestre del 2023, fet que suposa un augment del 47% respecte al mateix per\u00edode de l&#039;any anterior, degut principalment a la millora dels resultats als mercats d&#039;Europa on \u00e9s present ia la pol\u00edtica d&#039;assegurament de marge brut a Iberia.<\/span><\/span><\/span><\/span><\/p>\n\n\n\n<p>&nbsp;<\/p>\n\n\n\n<p><span style=\"font-size: 11pt;\"><span style=\"line-height: 106%;\"><span style=\"font-family: 'Microsoft Sans Serif',sans-serif;\"><span style=\"font-family: 'PF BeauSans Pro';\">L&#039;aposta per l&#039;estrat\u00e8gia d&#039;integraci\u00f3 vertical i optimitzaci\u00f3 de la cartera de clients, unida a un increment de la pot\u00e8ncia instal\u00b7lada (+9%) i un volum d&#039;energia generada m\u00e9s gran, situen el seu marge brut en 50,9 milions d&#039;euros, cosa que representa un increment del 41% amb relaci\u00f3 al mateix per\u00edode de l&#039;any passat, confirmant aix\u00ed les encertades decisions estrat\u00e8giques dutes a terme l&#039;exercici anterior. Tot i una caiguda del 5% dels ingressos, fins als 697 milions d&#039;euros, conseq\u00fc\u00e8ncia de la disminuci\u00f3 generalitzada de preus als mercats en qu\u00e8 opera, la companyia ha registrat un augment del 18% en el resultat net, fins a situar-lo en 2, 4 milions d\u02bbeuros.<\/span><\/span><\/span><\/span><\/p>\n\n\n\n<p>&nbsp;<\/p>\n\n\n\n<p><span style=\"font-size: 11pt;\"><span style=\"line-height: 106%;\"><span style=\"font-family: 'Microsoft Sans Serif',sans-serif;\"><span style=\"font-family: 'PF BeauSans Pro';\">El deute financer net se situa en els 367 milions d&#039;euros enfront dels 527 milions d&#039;euros del mateix per\u00edode de l&#039;exercici anterior i resulta una disminuci\u00f3 de 160 milions d&#039;euros. Per la seva banda, el palanquejament d&#039;Audax disminueix fins a situar-se en un 71,3%, davant el 73% del tancament de l&#039;any anterior i el 78% de mar\u00e7 del 2022.<\/span><\/span><\/span><\/span><\/p>\n\n\n\n<p>&nbsp;<\/p>\n\n\n\n<p><span style=\"font-size: 11pt;\"><span style=\"line-height: 106%;\"><span style=\"font-family: 'Microsoft Sans Serif',sans-serif;\"><b><span style=\"font-family: 'PF BeauSans Pro';\">Augment de la producci\u00f3 gr\u00e0cies a la contribuci\u00f3 d&#039;Espanya <\/span><\/b><\/span><\/span><\/span><\/p>\n\n\n\n<p>&nbsp;<\/p>\n\n\n\n<p><span style=\"font-size: 11pt;\"><span style=\"line-height: 106%;\"><span style=\"font-family: 'Microsoft Sans Serif',sans-serif;\"><span style=\"font-family: 'PF BeauSans Pro';\">Pel que fa als seus projectes de generaci\u00f3, gr\u00e0cies a l&#039;aportaci\u00f3 de les noves plantes fotovoltaiques posades en marxa a Espanya en els darrers mesos, on s&#039;han produ\u00eft 8 GWh m\u00e9s que l&#039;any anterior (+23%), Audax Renovables ha augmentat un 13% producci\u00f3 d&#039;energia durant el primer trimestre del 2023 a nivell global, situant-se als 76 GWh (incloent-hi la producci\u00f3 del parc de Panam\u00e0 aquesta xifra s&#039;incrementa fins al 72%).<\/span><\/span><\/span><\/span><\/p>\n\n\n\n<p>&nbsp;<\/p>\n\n\n\n<p>&nbsp;<\/p>\n\n\n\n<p><span style=\"font-size: 11pt;\"><span style=\"line-height: 106%;\"><span style=\"font-family: 'Microsoft Sans Serif',sans-serif;\"><span style=\"font-family: 'PF BeauSans Pro';\">Grup Audax suma una cartera de 1,4 GW, tenint en compte la tecnologia e\u00f2lica i fotovoltaica. Durant el primer trimestre de l&#039;exercici, la companyia ha continuat amb les operacions de desenvolupament, construcci\u00f3 i posada en marxa del seu portfoli de generaci\u00f3, malgrat els retards en la realitzaci\u00f3 dels tr\u00e0mits administratius per part d&#039;alguns organismes. <\/span><\/span><\/span><\/span><\/p>\n\n\n\n<p><span style=\"font-size: 11pt;\"><span style=\"line-height: 106%;\"><span style=\"tab-stops: 384.75pt;\"><span style=\"font-family: 'Microsoft Sans Serif',sans-serif;\">&nbsp;&nbsp;&nbsp;&nbsp;&nbsp;&nbsp;&nbsp;&nbsp;&nbsp;&nbsp;&nbsp;&nbsp;&nbsp;&nbsp;&nbsp;&nbsp;&nbsp;&nbsp;&nbsp;&nbsp;&nbsp;&nbsp;&nbsp;&nbsp;&nbsp;&nbsp;&nbsp;&nbsp;&nbsp;&nbsp;&nbsp;&nbsp;&nbsp;&nbsp;&nbsp;&nbsp;&nbsp;&nbsp;&nbsp;&nbsp;&nbsp;&nbsp;&nbsp;&nbsp;&nbsp;&nbsp;&nbsp;&nbsp;&nbsp;&nbsp;&nbsp;&nbsp;&nbsp;&nbsp;&nbsp;&nbsp;&nbsp;&nbsp;&nbsp;&nbsp;&nbsp;&nbsp;&nbsp;&nbsp;&nbsp;&nbsp;&nbsp;&nbsp;&nbsp;&nbsp;&nbsp;&nbsp;&nbsp;&nbsp;&nbsp;&nbsp;&nbsp;&nbsp;&nbsp;&nbsp;&nbsp;&nbsp;&nbsp;&nbsp;&nbsp;&nbsp;&nbsp;&nbsp;&nbsp;&nbsp;&nbsp;&nbsp;&nbsp;&nbsp;&nbsp;&nbsp;&nbsp;&nbsp;&nbsp;&nbsp;&nbsp;&nbsp;&nbsp;&nbsp;&nbsp;&nbsp;&nbsp;&nbsp;&nbsp;&nbsp;&nbsp;&nbsp;&nbsp;&nbsp;&nbsp;&nbsp;&nbsp;&nbsp;&nbsp;&nbsp;&nbsp;&nbsp;&nbsp;&nbsp;&nbsp;&nbsp; <\/span><\/span><\/span><\/span><\/p>\n\n\n\n<p><span style=\"font-size: 11pt;\"><span style=\"line-height: 106%;\"><span style=\"font-family: 'Microsoft Sans Serif',sans-serif;\"><span style=\"font-family: 'PF BeauSans Pro';\">La companyia ha invertit en actius de generaci\u00f3 des de l&#039;any 2020 un total acumulat de 191 milions d&#039;euros, continuant aix\u00ed amb la seva aposta per la generaci\u00f3 amb les plantes.<\/span><\/span><\/span><\/span><\/p>\n\n\n\n<p>&nbsp;<\/p>\n\n\n\n<p><span style=\"font-size: 11pt;\"><span style=\"line-height: 106%;\"><span style=\"font-family: 'Microsoft Sans Serif',sans-serif;\"><span style=\"font-family: 'PF BeauSans Pro';\">El total d&#039;energia subministrada per Audax aquest primer trimestre del 2023 ha estat de 3,9 TWh, en l\u00ednia amb l&#039;exercici anterior, on l&#039;electricitat lliurada als clients suposa un 62% del total mentre que els lliuraments de gas representen un 38%. En aquest trimestre, la focalitzaci\u00f3 d&#039;Audax al segment empresarial ha perm\u00e8s mantenir el volum d&#039;energia subministrada, malgrat la reducci\u00f3 del 3% dels punts de subministrament respecte al tancament del 2022, conseq\u00fc\u00e8ncia de les mesures orientades cap a la maximitzaci\u00f3 de la rendibilitat i minimitzaci\u00f3 del risc. Fruit d&#039;aquesta reorientaci\u00f3 cap al segment empresa, el volum d&#039;energia mitjana per cada punt de subministrament ha augmentat un 29% respecte al mateix per\u00edode de l&#039;exercici anterior, passant d&#039;una mitjana de 28,6 MWh\/CUPS als 36,9 MWh\/ actuals CUPS, demostrant la clara focalitzaci\u00f3 cap a un segment de m\u00e9s volum unitari d&#039;energia per cada punt de subministrament. Actualment, el sector industrial suposa un 54% de la cartera denergia i les PIMES representen un 39% del total. Pel que fa al segment de client dom\u00e8stic, aquest segueix disminuint el seu pes representant ja nom\u00e9s un 7% del total, reflectint que no \u00e9s un segment objectiu del Grup. En dades agregades, la companyia compta amb 376.000 punts de subministrament entre els pa\u00efsos on opera (Espanya, It\u00e0lia, Pa\u00efsos Baixos, Hongria, Portugal, Pol\u00f2nia i Alemanya).<\/span><\/span><\/span><\/span><\/p>\n\n\n\n<p>&nbsp;<\/p>\n\n\n\n<p><span style=\"font-size: 11pt;\"><span style=\"line-height: 106%;\"><span style=\"font-family: 'Microsoft Sans Serif',sans-serif;\"><b><span style=\"font-family: 'PF BeauSans Pro';\">Nou Pla Estrat\u00e8gic de Sostenibilitat 2023-2025<\/span><\/b><\/span><\/span><\/span><\/p>\n\n\n\n<p>&nbsp;<\/p>\n\n\n\n<p><span style=\"font-size: 11pt;\"><span style=\"line-height: 106%;\"><span style=\"font-family: 'Microsoft Sans Serif',sans-serif;\"><span style=\"font-family: 'PF BeauSans Pro';\">El Consell dAdministraci\u00f3 de Audax Renovables ha aprovat recentment el Pla Estrat\u00e8gic de Sostenibilitat 2023-2025. El Pla s&#039;articula al voltant de 4 l\u00ednies estrat\u00e8giques: lideratge ambiental, protecci\u00f3 del medi ambient, junts sumem i cultura de compliment. En aquest Pla es defineixen m\u00e9s de 40 iniciatives i projectes amb objectius espec\u00edfics que contribuiran a millorar el seu exercici en sostenibilitat ia assolir l&#039;ambici\u00f3 de liderar la transici\u00f3 energ\u00e8tica al sector de les energies renovables aportant valor a la societat i al planeta.<\/span><\/span><\/span><\/span><\/p>\n\n\n\n<p>&nbsp;<\/p>\n\n\n\n<p><span style=\"font-size: 11pt;\"><span style=\"line-height: 106%;\"><span style=\"font-family: 'Microsoft Sans Serif',sans-serif;\"><span style=\"font-family: 'PF BeauSans Pro';\">El Pla Estrat\u00e8gic de Sostenibilitat estableix com a objectius ambientals principals duplicar la capacitat instal\u00b7lada del portfoli de generaci\u00f3 d&#039;Audax per al 2025 i assolir la neutralitat clim\u00e0tica el 2050. A nivell social, defineix una s\u00e8rie d&#039;objectius per promoure la diversitat, la igualtat, la integraci\u00f3 i la conciliaci\u00f3, alhora que mant\u00e9 un comprom\u00eds ferm amb el desenvolupament i benestar del seu equip hum\u00e0, aix\u00ed com, de les comunitats locals on opera. En l&#039;\u00e0mbit del model de <i>compliance<\/i>, es prioritza la integraci\u00f3 dels aspectes d&#039;ESG en les pol\u00edtiques i els procediments interns per assegurar el bon funcionament i fomentar una cultura \u00e8tica a l&#039;organitzaci\u00f3 i amb els principals grups d&#039;inter\u00e8s. <\/span><\/span><\/span><\/span><\/p>\n\n\n\n<p>&nbsp;<\/p>\n\n\n\n<p>&nbsp;<\/p>\n\n\n\n<p><span style=\"font-size: 11pt;\"><span style=\"font-family: 'Microsoft Sans Serif',sans-serif;\"><b><span style=\"font-size: 10.0pt;\"><span style=\"font-family: 'PF BeauSans Pro';\">&nbsp;Per a m\u00e9s informaci\u00f3:<\/span><\/span><\/b><\/span><\/span><\/p>\n\n\n\n<figure class=\"wp-block-table\"><table><tbody><tr><td>\n<p style=\"margin-top: 3.2pt; text-align: right; margin: 0cm;\" align=\"right\"><span style=\"font-size: 11pt;\"><span style=\"font-family: 'Microsoft Sans Serif',sans-serif;\"><b><span style=\"font-family: 'PF BeauSans Pro';\"><span style=\"color: black;\">ROMAN<\/span><\/span><\/b><\/span><\/span><\/p>\n<\/td><\/tr><tr><td>\n<p style=\"margin-top: 3.2pt; text-align: right; margin: 0cm;\" align=\"right\"><span style=\"font-size: 11pt;\"><span style=\"font-family: 'Microsoft Sans Serif',sans-serif;\">&nbsp;&nbsp;&nbsp;&nbsp; <span style=\"font-size: 10.0pt;\"><span style=\"font-family: 'PF BeauSans Pro';\"><span style=\"color: black;\">Gin\u00e9s Ca\u00f1abate <\/span><\/span><\/span><\/span><\/span><\/p>\n<\/td><\/tr><tr><td>\n<p style=\"text-align: right; margin: 0cm;\" align=\"right\"><span style=\"font-size: 11pt;\"><span style=\"font-family: 'Microsoft Sans Serif',sans-serif;\"><a style=\"color: blue; text-decoration: underline;\" href=\"mailto:g.canabate@romanrm.com\"><span style=\"font-size: 10.0pt;\"><span style=\"font-family: 'PF BeauSans Pro';\"><span style=\"color: black;\">g.canabate@romanrm.com <\/span><\/span><\/span><\/a><span style=\"font-size: 10.0pt;\"><span style=\"font-family: 'PF BeauSans Pro';\"><span style=\"color: black;\">| (+34) 649 214 470<\/span><\/span><\/span><\/span><\/span><\/p>\n<\/td><\/tr><tr><td>\n<p style=\"margin-top: 3.2pt; text-align: right; margin: 0cm;\" align=\"right\"><span style=\"font-size: 11pt;\"><span style=\"font-family: 'Microsoft Sans Serif',sans-serif;\"><span style=\"font-size: 10.0pt;\"><span style=\"font-family: 'PF BeauSans Pro';\"><span style=\"color: black;\">Patricia Gonz\u00e1lez<\/span><\/span><\/span><\/span><\/span><\/p>\n<\/td><\/tr><tr><td>\n<p style=\"margin-top: 3.2pt; text-align: right; margin: 0cm;\" align=\"right\"><span style=\"font-size: 11pt;\"><span style=\"font-family: 'Microsoft Sans Serif',sans-serif;\"><a style=\"color: blue; text-decoration: underline;\" href=\"mailto:p.gonzalez@romanrm.com\"><span style=\"font-size: 10.0pt;\"><span style=\"font-family: 'PF BeauSans Pro';\"><span style=\"color: black;\">p.gonzalez@romanrm.com<\/span><\/span><\/span> <\/a><span style=\"font-size: 10.0pt;\"><span style=\"font-family: 'PF BeauSans Pro';\"><span style=\"color: black;\">| (+34) 915 915 500<\/span><\/span><\/span><\/span><\/span><\/p>\n<\/td><\/tr><\/tbody><\/table><\/figure>\n\n\n\n<p>&nbsp;<\/p>\n\n\n\n<p>&nbsp;<\/p>\n\n\n\n<p>&nbsp;<\/p>\n\n\n\n<p>&nbsp;<\/p>\n\n\n\n<p>&nbsp;<\/p>\n\n\n\n<p>&nbsp;<\/p>\n\n\n\n<p>&nbsp;<\/p>\n\n\n\n<p>&nbsp;<\/p>\n\n\n\n<p><span style=\"font-size: 11pt;\"><span style=\"font-family: 'Microsoft Sans Serif',sans-serif;\"><b><span style=\"font-size: 10.0pt;\"><span style=\"font-family: 'PF BeauSans Pro';\">Sobre Audax Renovables<\/span><\/span><\/b><\/span><\/span><\/p>\n\n\n\n<p>&nbsp;<\/p>\n\n\n\n<p><span style=\"font-size: 11pt;\"><span style=\"font-family: 'Microsoft Sans Serif',sans-serif;\"><span style=\"font-size: 10.0pt;\"><span style=\"font-family: 'PF BeauSans Pro';\">Fundat l&#039;any 2000, Audax Renovables \u00e9s un grup energ\u00e8tic espanyol integrat verticalment que genera energia d&#039;origen 100% renovable i subministra electricitat i gas, amb pres\u00e8ncia a 9 pa\u00efsos.<\/span><\/span><\/span><\/span><\/p>\n\n\n\n<p>&nbsp;<\/p>\n\n\n\n<p><span style=\"font-size: 11pt;\"><span style=\"font-family: 'Microsoft Sans Serif',sans-serif;\"><span style=\"font-size: 10.0pt;\"><span style=\"font-family: 'PF BeauSans Pro';\">Actualment, compta amb una cartera de projectes e\u00f2lics i fotovoltaics en operaci\u00f3, en construcci\u00f3 i en diferents fases de desenvolupament a Espanya, Portugal, It\u00e0lia, Fran\u00e7a, Pol\u00f2nia i Panam\u00e0, que arriba als 1,4 GW. En la seva activitat de comercialitzaci\u00f3, el grup presidit per Jos\u00e9 El\u00edas Navarro proveeix electricitat i gas a aproximadament 380.000 clients a Espanya, Portugal, It\u00e0lia, Alemanya, Pol\u00f2nia, Holanda i Hongria, i lidera el segment PIME a Espanya com a comercialitzadora independent. Audax va comen\u00e7ar a cotitzar al mercat secundari espanyol el 2003, i el 2007 va fer el salt al mercat continu. Actualment forma part dels \u00edndexs IBEX Small Cap\u00ae i MSCI World Small Cap. La capitalitzaci\u00f3 bors\u00e0ria arriba als 500 milions d&#039;euros, i compta amb un equip d&#039;aproximadament 800 professionals.<\/span><\/span><\/span><\/span><\/p>\n\n\n\n<p>&nbsp;<\/p>\n\n\n\n<p><span style=\"font-size: 10.0pt;\"><span style=\"font-family: 'PF BeauSans Pro';\">Per a m\u00e9s informaci\u00f3, visita <\/span><\/span><span style=\"font-size: 11.0pt;\"><span style=\"font-family: 'Microsoft Sans Serif',sans-serif;\"><a style=\"color: blue; text-decoration: underline;\" href=\"http:\/\/www.audaxrenovables.com\/\"><span style=\"font-size: 10.0pt;\"><span style=\"font-family: 'PF BeauSans Pro';\"><span style=\"color: #4471c4;\">www.audaxrenovables.com<\/span><\/span><\/span><span style=\"font-size: 10.0pt;\"><span style=\"font-family: 'PF BeauSans Pro';\"><span style=\"text-decoration: none;\"><span style=\"text-underline: none;\">.<\/span><\/span><\/span><\/span><\/a><\/span><\/span><\/p>","protected":false},"excerpt":{"rendered":"<p>Audax Renovables incrementa su EBITDA un 47% La compa\u00f1\u00eda aumenta su margen bruto un 41% durante los tres primeros meses del a\u00f1o, hasta los 50,9 millones de euros, mientras que su resultado neto se incrementa un 18%, alcanzando los 2,4 millones. El Consejo de Administraci\u00f3n aprueba el Plan Estrat\u00e9gico de Sostenibilidad 2023-2025 que define m\u00e1s [&hellip;]<\/p>\n","protected":false},"author":1,"featured_media":2434,"comment_status":"closed","ping_status":"open","sticky":false,"template":"","format":"standard","meta":{"content-type":"","footnotes":""},"categories":[1],"tags":[],"class_list":["post-2435","post","type-post","status-publish","format-standard","has-post-thumbnail","hentry","category-sin-categoria"],"yoast_head":"<!-- This site is optimized with the Yoast SEO plugin v23.5 - https:\/\/yoast.com\/wordpress\/plugins\/seo\/ -->\n<title>Audax Renovables incrementa su EBITDA un 47%<\/title>\n<meta name=\"description\" content=\"Audax Renovables incrementa su EBITDA un 47%\" \/>\n<meta name=\"robots\" content=\"index, follow, max-snippet:-1, max-image-preview:large, max-video-preview:-1\" \/>\n<link rel=\"canonical\" href=\"https:\/\/www.audaxrenovables.es\/ca\/audax-renewables-increases-its-ebitda-by-47\/\" \/>\n<meta property=\"og:locale\" content=\"ca_ES\" \/>\n<meta property=\"og:type\" content=\"article\" \/>\n<meta property=\"og:title\" content=\"Audax Renovables incrementa su EBITDA un 47%\" \/>\n<meta property=\"og:description\" content=\"Audax Renovables incrementa su EBITDA un 47%\" \/>\n<meta property=\"og:url\" content=\"https:\/\/www.audaxrenovables.es\/ca\/audax-renewables-increases-its-ebitda-by-47\/\" \/>\n<meta property=\"og:site_name\" content=\"Audax Renovables\" \/>\n<meta property=\"article:published_time\" content=\"2023-05-11T06:18:46+00:00\" \/>\n<meta property=\"article:modified_time\" content=\"2023-11-16T10:28:47+00:00\" \/>\n<meta property=\"og:image\" content=\"https:\/\/www.audaxrenovables.es\/wp-content\/uploads\/2023\/06\/110523.jpg.jpg\" \/>\n\t<meta property=\"og:image:width\" content=\"713\" \/>\n\t<meta property=\"og:image:height\" content=\"403\" \/>\n\t<meta property=\"og:image:type\" content=\"image\/jpeg\" \/>\n<meta name=\"author\" content=\"adminadx\" \/>\n<meta name=\"twitter:card\" content=\"summary_large_image\" \/>\n<meta name=\"twitter:label1\" content=\"Escrit per\" \/>\n\t<meta name=\"twitter:data1\" content=\"adminadx\" \/>\n\t<meta name=\"twitter:label2\" content=\"Temps estimat de lectura\" \/>\n\t<meta name=\"twitter:data2\" content=\"6 minuts\" \/>\n<!-- \/ Yoast SEO plugin. -->","yoast_head_json":{"title":"Audax Renovables incrementa el vostre EBITDA un 47%","description":"Audax Renovables incrementa el vostre EBITDA un 47%","robots":{"index":"index","follow":"follow","max-snippet":"max-snippet:-1","max-image-preview":"max-image-preview:large","max-video-preview":"max-video-preview:-1"},"canonical":"https:\/\/www.audaxrenovables.es\/ca\/audax-renewables-increases-its-ebitda-by-47\/","og_locale":"ca_ES","og_type":"article","og_title":"Audax Renovables incrementa su EBITDA un 47%","og_description":"Audax Renovables incrementa su EBITDA un 47%","og_url":"https:\/\/www.audaxrenovables.es\/ca\/audax-renewables-increases-its-ebitda-by-47\/","og_site_name":"Audax Renovables","article_published_time":"2023-05-11T06:18:46+00:00","article_modified_time":"2023-11-16T10:28:47+00:00","og_image":[{"width":713,"height":403,"url":"https:\/\/www.audaxrenovables.es\/wp-content\/uploads\/2023\/06\/110523.jpg.jpg","type":"image\/jpeg"}],"author":"adminadx","twitter_card":"summary_large_image","twitter_misc":{"Escrit per":"adminadx","Temps estimat de lectura":"6 minuts"},"schema":{"@context":"https:\/\/schema.org","@graph":[{"@type":"Article","@id":"https:\/\/www.audaxrenovables.es\/en\/audax-renewables-increases-its-ebitda-by-47\/#article","isPartOf":{"@id":"https:\/\/www.audaxrenovables.es\/en\/audax-renewables-increases-its-ebitda-by-47\/"},"author":{"name":"adminadx","@id":"https:\/\/www.audaxrenovables.es\/ca\/#\/schema\/person\/39323131dc9a121279e4e63ed89ffbea"},"headline":"Audax Renovables incrementa su EBITDA un 47%","datePublished":"2023-05-11T06:18:46+00:00","dateModified":"2023-11-16T10:28:47+00:00","mainEntityOfPage":{"@id":"https:\/\/www.audaxrenovables.es\/en\/audax-renewables-increases-its-ebitda-by-47\/"},"wordCount":1350,"publisher":{"@id":"https:\/\/www.audaxrenovables.es\/ca\/#organization"},"image":{"@id":"https:\/\/www.audaxrenovables.es\/en\/audax-renewables-increases-its-ebitda-by-47\/#primaryimage"},"thumbnailUrl":"https:\/\/www.audaxrenovables.es\/wp-content\/uploads\/2023\/06\/110523.jpg.jpg","articleSection":["Sin categor\u00eda"],"inLanguage":"ca"},{"@type":["WebPage","ItemPage"],"@id":"https:\/\/www.audaxrenovables.es\/en\/audax-renewables-increases-its-ebitda-by-47\/","url":"https:\/\/www.audaxrenovables.es\/en\/audax-renewables-increases-its-ebitda-by-47\/","name":"Audax Renovables incrementa el vostre EBITDA un 47%","isPartOf":{"@id":"https:\/\/www.audaxrenovables.es\/ca\/#website"},"primaryImageOfPage":{"@id":"https:\/\/www.audaxrenovables.es\/en\/audax-renewables-increases-its-ebitda-by-47\/#primaryimage"},"image":{"@id":"https:\/\/www.audaxrenovables.es\/en\/audax-renewables-increases-its-ebitda-by-47\/#primaryimage"},"thumbnailUrl":"https:\/\/www.audaxrenovables.es\/wp-content\/uploads\/2023\/06\/110523.jpg.jpg","datePublished":"2023-05-11T06:18:46+00:00","dateModified":"2023-11-16T10:28:47+00:00","description":"Audax Renovables incrementa el vostre EBITDA un 47%","breadcrumb":{"@id":"https:\/\/www.audaxrenovables.es\/en\/audax-renewables-increases-its-ebitda-by-47\/#breadcrumb"},"inLanguage":"ca","potentialAction":[{"@type":"ReadAction","target":["https:\/\/www.audaxrenovables.es\/en\/audax-renewables-increases-its-ebitda-by-47\/"]}]},{"@type":"ImageObject","inLanguage":"ca","@id":"https:\/\/www.audaxrenovables.es\/en\/audax-renewables-increases-its-ebitda-by-47\/#primaryimage","url":"https:\/\/www.audaxrenovables.es\/wp-content\/uploads\/2023\/06\/110523.jpg.jpg","contentUrl":"https:\/\/www.audaxrenovables.es\/wp-content\/uploads\/2023\/06\/110523.jpg.jpg","width":713,"height":403},{"@type":"BreadcrumbList","@id":"https:\/\/www.audaxrenovables.es\/en\/audax-renewables-increases-its-ebitda-by-47\/#breadcrumb","itemListElement":[{"@type":"ListItem","position":1,"name":"Portada","item":"https:\/\/www.audaxrenovables.es\/es\/"},{"@type":"ListItem","position":2,"name":"Audax Renovables incrementa su EBITDA un 47%"}]},{"@type":"WebSite","@id":"https:\/\/www.audaxrenovables.es\/ca\/#website","url":"https:\/\/www.audaxrenovables.es\/ca\/","name":"Audax Renovables","description":"Companyia independent dedicada a la producci\u00f3 denergia el\u00e8ctrica a partir de fonts denergia 100% renovables","publisher":{"@id":"https:\/\/www.audaxrenovables.es\/ca\/#organization"},"potentialAction":[{"@type":"SearchAction","target":{"@type":"EntryPoint","urlTemplate":"https:\/\/www.audaxrenovables.es\/ca\/?s={search_term_string}"},"query-input":{"@type":"PropertyValueSpecification","valueRequired":true,"valueName":"search_term_string"}}],"inLanguage":"ca"},{"@type":"Organization","@id":"https:\/\/www.audaxrenovables.es\/ca\/#organization","name":"Audax Renovables","alternateName":"Audax Energ\u00eda","url":"https:\/\/www.audaxrenovables.es\/ca\/","logo":{"@type":"ImageObject","inLanguage":"ca","@id":"https:\/\/www.audaxrenovables.es\/ca\/#\/schema\/logo\/image\/","url":"https:\/\/www.audaxrenovables.es\/wp-content\/uploads\/2023\/04\/logo.png","contentUrl":"https:\/\/www.audaxrenovables.es\/wp-content\/uploads\/2023\/04\/logo.png","width":197,"height":125,"caption":"Audax Renovables"},"image":{"@id":"https:\/\/www.audaxrenovables.es\/ca\/#\/schema\/logo\/image\/"},"sameAs":["https:\/\/www.instagram.com\/audaxrenovables\/","https:\/\/x.com\/AudaxRenovables","https:\/\/www.youtube.com\/user\/AudaxEnergia","https:\/\/www.tiktok.com\/@audaxrenovables","https:\/\/www.linkedin.com\/company\/203502\/admin\/"]},{"@type":"Person","@id":"https:\/\/www.audaxrenovables.es\/ca\/#\/schema\/person\/39323131dc9a121279e4e63ed89ffbea","name":"adminadx","image":{"@type":"ImageObject","inLanguage":"ca","@id":"https:\/\/www.audaxrenovables.es\/ca\/#\/schema\/person\/image\/","url":"https:\/\/secure.gravatar.com\/avatar\/60b4d621160a422b02f2d19db7066f73c964c792ce03f3da9d36f40a41bdd2e6?s=96&d=mm&r=g","contentUrl":"https:\/\/secure.gravatar.com\/avatar\/60b4d621160a422b02f2d19db7066f73c964c792ce03f3da9d36f40a41bdd2e6?s=96&d=mm&r=g","caption":"adminadx"},"sameAs":["https:\/\/audaxrenovables.es"]}]}},"_links":{"self":[{"href":"https:\/\/www.audaxrenovables.es\/ca\/wp-json\/wp\/v2\/posts\/2435","targetHints":{"allow":["GET"]}}],"collection":[{"href":"https:\/\/www.audaxrenovables.es\/ca\/wp-json\/wp\/v2\/posts"}],"about":[{"href":"https:\/\/www.audaxrenovables.es\/ca\/wp-json\/wp\/v2\/types\/post"}],"author":[{"embeddable":true,"href":"https:\/\/www.audaxrenovables.es\/ca\/wp-json\/wp\/v2\/users\/1"}],"replies":[{"embeddable":true,"href":"https:\/\/www.audaxrenovables.es\/ca\/wp-json\/wp\/v2\/comments?post=2435"}],"version-history":[{"count":4,"href":"https:\/\/www.audaxrenovables.es\/ca\/wp-json\/wp\/v2\/posts\/2435\/revisions"}],"predecessor-version":[{"id":3328,"href":"https:\/\/www.audaxrenovables.es\/ca\/wp-json\/wp\/v2\/posts\/2435\/revisions\/3328"}],"wp:featuredmedia":[{"embeddable":true,"href":"https:\/\/www.audaxrenovables.es\/ca\/wp-json\/wp\/v2\/media\/2434"}],"wp:attachment":[{"href":"https:\/\/www.audaxrenovables.es\/ca\/wp-json\/wp\/v2\/media?parent=2435"}],"wp:term":[{"taxonomy":"category","embeddable":true,"href":"https:\/\/www.audaxrenovables.es\/ca\/wp-json\/wp\/v2\/categories?post=2435"},{"taxonomy":"post_tag","embeddable":true,"href":"https:\/\/www.audaxrenovables.es\/ca\/wp-json\/wp\/v2\/tags?post=2435"}],"curies":[{"name":"wp","href":"https:\/\/api.w.org\/{rel}","templated":true}]}}