{"id":2439,"date":"2023-03-22T11:44:18","date_gmt":"2023-03-22T11:44:18","guid":{"rendered":"https:\/\/audaxrenovables.es\/audax-y-ceoe-cepyme-renuevan-su-convenio-de-colaboracion\/"},"modified":"2023-11-16T10:44:11","modified_gmt":"2023-11-16T10:44:11","slug":"audax-y-ceoe-cepyme-renuevan-su-convenio-de-colaboracion","status":"publish","type":"post","link":"https:\/\/www.audaxrenovables.es\/ca\/audax-i-ceoe-cepyme-renoven-el-seu-conveni-de-col\u00b7laboracio\/","title":{"rendered":"Audax Renovables i CEOE-CEPYME Guadalajara renoven el seu conveni de col\u00b7laboraci\u00f3"},"content":{"rendered":"<figure class=\"wp-block-image\"><img decoding=\"async\" src=\"https:\/\/www.audaxrenovables.es\/uploads\/2023\/03\/22\/0384b1cca24d99b1d6e55b70d7c27291.jpg\" alt=\"\"\/><\/figure>\n\n\n\n<h1 class=\"wp-block-heading\">Audax Renovables i CEOE-CEPYME Guadalajara renoven el seu conveni de col\u00b7laboraci\u00f3<\/h1>\n\n\n\n<div class=\"wp-block-cover\" style=\"border-width:50px;border-radius:100px;min-height:90vh;aspect-ratio:unset;\"><span aria-hidden=\"true\" class=\"wp-block-cover__background has-background-dim\"><\/span><img fetchpriority=\"high\" decoding=\"async\" width=\"713\" height=\"403\" src=\"https:\/\/www.audaxrenovables.es\/wp-content\/uploads\/2023\/06\/22.jpg.jpg\" class=\"wp-block-cover__image-background wp-post-image\" alt=\"\" data-object-fit=\"cover\" srcset=\"https:\/\/www.audaxrenovables.es\/wp-content\/uploads\/2023\/06\/22.jpg.jpg 713w, https:\/\/www.audaxrenovables.es\/wp-content\/uploads\/2023\/06\/22.jpg-300x170.jpg 300w\" sizes=\"(max-width: 713px) 100vw, 713px\" \/><div class=\"wp-block-cover__inner-container has-global-padding is-layout-constrained wp-block-cover-is-layout-constrained\">\n<p class=\"has-text-align-center has-large-font-size\"><\/p>\n<\/div><\/div>\n\n\n\n<blockquote class=\"wp-block-quote is-layout-flow wp-block-quote-is-layout-flow\">\n<p>Gr\u00e0cies a l&#039;acord, els socis de la patronal podran sol\u00b7licitar un estudi sobre el consum per estalviar en els costos energ\u00e8tics i se&#039;ls assessorar\u00e0 sobre els productes m\u00e9s convenients.<br>La companyia compta amb quatre plantes fotovoltaiques a Guadalajara que sumen una pot\u00e8ncia de 21,87 MW.<\/p>\n<\/blockquote>\n\n\n\n<p>Guadalajara, 22 de mar\u00e7 de 2023, CEOE-CEPYME Guadalajara buscant millorar l&#039;efic\u00e0cia i efici\u00e8ncia de les empreses de la prov\u00edncia de Guadalajara, ha renovat el seu conveni de col\u00b7laboraci\u00f3 amb Audax Renovables, empresa de refer\u00e8ncia al sector energ\u00e8tic, dedicada a la generaci\u00f3 de energia 100% dorigen renovable ia la comercialitzaci\u00f3 delectricitat i gas.&nbsp;<\/p>\n\n\n\n<p>El Grup Audax continua amb la seva aposta per la prov\u00edncia, ja que compta amb quatre plantes fotovoltaiques a Guadalajara que sumen una pot\u00e8ncia de 21,87 MW. Les plantes fotovoltaiques d&#039;Alberezas I, II, III i IV, amb una pot\u00e8ncia de 5 MW, que estan ubicades al municipi de Torija. Al municipi de Fontanar hi ha la planta fotovoltaica de Ca\u00f1amares, amb una pot\u00e8ncia de 5 MW i la planta de La Miranda, amb una pot\u00e8ncia de 6,87 MW. A m\u00e9s, les plantes fotovoltaiques Carolines I i II, amb una pot\u00e8ncia de 5 MW en total, es troben al municipi del Casar.&nbsp;<\/p>\n\n\n\n<p>El conveni ha estat signat per Pedro Hern\u00e1ndez, vicepresident de CEOE-CEPYME Guadalajara i per part d&#039;Audax Renovables per \u00d3scar Santos Juv\u00e9, Director General d&#039;Audax Renovables, acompanyat de Marc Farriol, Director Comercial Corporatiu. A l&#039;acte tamb\u00e9 hi va assistir \u00d3scar Rodr\u00edguez, gerent d&#039;EnerSpain, empresa col\u00b7laboradora d&#039;Audax Renovables.&nbsp;<\/p>\n\n\n\n<p>Gr\u00e0cies a aquest conveni els socis de la Patronal alcarre\u00f1a podran accedir a un estudi del seu consum energ\u00e8tic, alhora que se&#039;ls assessorar\u00e0 sobre els diferents productes per estalviar-ne els costos energ\u00e8tics. Audax Renovables us oferir\u00e0 tarifes de llum 100% d&#039;origen renovable, gas natural, aix\u00ed com tot un portfoli de serveis i productes d&#039;efici\u00e8ncia energ\u00e8tica com la instal\u00b7laci\u00f3 de plaques fotovoltaiques o els punts de rec\u00e0rrega de vehicles.&nbsp;<\/p>\n\n\n\n<p>Aquelles empreses, pimes i aut\u00f2noms socis de CEOE-CEPYME interessats en els beneficis d&#039;aquest nou conveni subscrit per la Patronal alcarre\u00f1a, poden informar-se a www.ceoeguadalajara.es o escrivint a conveniceoe@audaxrenovables.com, aix\u00ed com als tel\u00e8fons 949492989 el 689105306 on des del departament d&#039;atenci\u00f3 al client es realitzar\u00e0 un estudi personalitzat i ajustat a les condicions del conveni esmentat.&nbsp;<\/p>\n\n\n\n<p>Sobre Audax Renovables<\/p>\n\n\n\n<p>Fundat a l&#039;any 2000, Audax Renovables \u00e9s un grup energ\u00e8tic espanyol integrat verticalment que genera 100 % energia d&#039;origen renovable i subministra electricitat i gas a clients de 7 pa\u00efsos europeus.<\/p>\n\n\n\n<p>Actualment, compta amb una cartera de parcs e\u00f2lics i fotovoltaics a Espanya, Portugal, It\u00e0lia, Fran\u00e7a, Pol\u00f2nia i Panam\u00e0 en operaci\u00f3, construcci\u00f3 i en diferents fases de desenvolupament que supera 1GW. En la seva activitat de comercialitzaci\u00f3, el grup presidit per Jos\u00e9 El\u00edas Navarro proveeix d&#039;energia renovable i gas m\u00e9s de 380.000 clients a Espanya, Portugal, It\u00e0lia, Alemanya, Pol\u00f2nia, Holanda i Hongria, i lidera el segment pime a Iberia. Audax va comen\u00e7ar a cotitzar al mercat secundari espanyol el 2003, i el 2007 va fer el salt al mercat continu, en qu\u00e8 va passar a formar part de l&#039;\u00edndex IBEX SMALL CAP \u00ae el mar\u00e7 de 2020. Actualment, la seva capitalitzaci\u00f3 bors\u00e0ria supera els 600 milions de euros, i compta amb un equip de m\u00e9s de 800 professionals.<\/p>","protected":false},"excerpt":{"rendered":"<p>Audax Renovables y CEOE-CEPYME Guadalajara renuevan su convenio de colaboraci\u00f3n Gracias al acuerdo, los socios de la patronal podr\u00e1n solicitar un estudio sobre su consumo para ahorrar en sus costes energ\u00e9ticos y se les asesorar\u00e1 sobre los productos m\u00e1s convenientes.La compa\u00f1\u00eda cuenta con cuatro plantas fotovoltaicas en Guadalajara que suman una potencia de 21,87 MW. [&hellip;]<\/p>\n","protected":false},"author":1,"featured_media":2438,"comment_status":"closed","ping_status":"open","sticky":false,"template":"","format":"standard","meta":{"content-type":"","footnotes":""},"categories":[1],"tags":[],"class_list":["post-2439","post","type-post","status-publish","format-standard","has-post-thumbnail","hentry","category-sin-categoria"],"yoast_head":"<!-- This site is optimized with the Yoast SEO plugin v23.5 - https:\/\/yoast.com\/wordpress\/plugins\/seo\/ -->\n<title>Audax Renovables y CEOE-CEPYME Guadalajara renuevan su convenio de colaboraci?n<\/title>\n<meta name=\"description\" content=\"Audax y CEOE-CEPYME renuevan su convenio de colaboraci?n\" \/>\n<meta name=\"robots\" content=\"index, follow, max-snippet:-1, max-image-preview:large, max-video-preview:-1\" \/>\n<link rel=\"canonical\" href=\"https:\/\/www.audaxrenovables.es\/ca\/audax-and-ceoe-cepyme-renew-their-collaboration-agreement\/\" \/>\n<meta property=\"og:locale\" content=\"ca_ES\" \/>\n<meta property=\"og:type\" content=\"article\" \/>\n<meta property=\"og:title\" content=\"Audax Renovables y CEOE-CEPYME Guadalajara renuevan su convenio de colaboraci?n\" \/>\n<meta property=\"og:description\" content=\"Audax y CEOE-CEPYME renuevan su convenio de colaboraci?n\" \/>\n<meta property=\"og:url\" content=\"https:\/\/www.audaxrenovables.es\/ca\/audax-and-ceoe-cepyme-renew-their-collaboration-agreement\/\" \/>\n<meta property=\"og:site_name\" content=\"Audax Renovables\" \/>\n<meta property=\"article:published_time\" content=\"2023-03-22T11:44:18+00:00\" \/>\n<meta property=\"article:modified_time\" content=\"2023-11-16T10:44:11+00:00\" \/>\n<meta property=\"og:image\" content=\"https:\/\/www.audaxrenovables.es\/wp-content\/uploads\/2023\/06\/22.jpg.jpg\" \/>\n\t<meta property=\"og:image:width\" content=\"713\" \/>\n\t<meta property=\"og:image:height\" content=\"403\" \/>\n\t<meta property=\"og:image:type\" content=\"image\/jpeg\" \/>\n<meta name=\"author\" content=\"adminadx\" \/>\n<meta name=\"twitter:card\" content=\"summary_large_image\" \/>\n<meta name=\"twitter:label1\" content=\"Escrit per\" \/>\n\t<meta name=\"twitter:data1\" content=\"adminadx\" \/>\n\t<meta name=\"twitter:label2\" content=\"Temps estimat de lectura\" \/>\n\t<meta name=\"twitter:data2\" content=\"3 minuts\" \/>\n<!-- \/ Yoast SEO plugin. -->","yoast_head_json":{"title":"Audax Renovables i CEOE-CEPYME Guadalajara renoven el seu conveni de col\u00b7laboraci\u00f3?","description":"Audax i CEOE-CEPYME renoven el seu conveni de col\u00b7laboraci\u00f3?","robots":{"index":"index","follow":"follow","max-snippet":"max-snippet:-1","max-image-preview":"max-image-preview:large","max-video-preview":"max-video-preview:-1"},"canonical":"https:\/\/www.audaxrenovables.es\/ca\/audax-and-ceoe-cepyme-renew-their-collaboration-agreement\/","og_locale":"ca_ES","og_type":"article","og_title":"Audax Renovables y CEOE-CEPYME Guadalajara renuevan su convenio de colaboraci?n","og_description":"Audax y CEOE-CEPYME renuevan su convenio de colaboraci?n","og_url":"https:\/\/www.audaxrenovables.es\/ca\/audax-and-ceoe-cepyme-renew-their-collaboration-agreement\/","og_site_name":"Audax Renovables","article_published_time":"2023-03-22T11:44:18+00:00","article_modified_time":"2023-11-16T10:44:11+00:00","og_image":[{"width":713,"height":403,"url":"https:\/\/www.audaxrenovables.es\/wp-content\/uploads\/2023\/06\/22.jpg.jpg","type":"image\/jpeg"}],"author":"adminadx","twitter_card":"summary_large_image","twitter_misc":{"Escrit per":"adminadx","Temps estimat de lectura":"3 minuts"},"schema":{"@context":"https:\/\/schema.org","@graph":[{"@type":"Article","@id":"https:\/\/www.audaxrenovables.es\/en\/audax-and-ceoe-cepyme-renew-their-collaboration-agreement\/#article","isPartOf":{"@id":"https:\/\/www.audaxrenovables.es\/en\/audax-and-ceoe-cepyme-renew-their-collaboration-agreement\/"},"author":{"name":"adminadx","@id":"https:\/\/www.audaxrenovables.es\/ca\/#\/schema\/person\/39323131dc9a121279e4e63ed89ffbea"},"headline":"Audax Renovables y CEOE-CEPYME Guadalajara renuevan su convenio de colaboraci\u00f3n","datePublished":"2023-03-22T11:44:18+00:00","dateModified":"2023-11-16T10:44:11+00:00","mainEntityOfPage":{"@id":"https:\/\/www.audaxrenovables.es\/en\/audax-and-ceoe-cepyme-renew-their-collaboration-agreement\/"},"wordCount":605,"publisher":{"@id":"https:\/\/www.audaxrenovables.es\/ca\/#organization"},"image":{"@id":"https:\/\/www.audaxrenovables.es\/en\/audax-and-ceoe-cepyme-renew-their-collaboration-agreement\/#primaryimage"},"thumbnailUrl":"https:\/\/www.audaxrenovables.es\/wp-content\/uploads\/2023\/06\/22.jpg.jpg","articleSection":["Sin categor\u00eda"],"inLanguage":"ca"},{"@type":["WebPage","ItemPage"],"@id":"https:\/\/www.audaxrenovables.es\/en\/audax-and-ceoe-cepyme-renew-their-collaboration-agreement\/","url":"https:\/\/www.audaxrenovables.es\/en\/audax-and-ceoe-cepyme-renew-their-collaboration-agreement\/","name":"Audax Renovables i CEOE-CEPYME Guadalajara renoven el seu conveni de col\u00b7laboraci\u00f3?","isPartOf":{"@id":"https:\/\/www.audaxrenovables.es\/ca\/#website"},"primaryImageOfPage":{"@id":"https:\/\/www.audaxrenovables.es\/en\/audax-and-ceoe-cepyme-renew-their-collaboration-agreement\/#primaryimage"},"image":{"@id":"https:\/\/www.audaxrenovables.es\/en\/audax-and-ceoe-cepyme-renew-their-collaboration-agreement\/#primaryimage"},"thumbnailUrl":"https:\/\/www.audaxrenovables.es\/wp-content\/uploads\/2023\/06\/22.jpg.jpg","datePublished":"2023-03-22T11:44:18+00:00","dateModified":"2023-11-16T10:44:11+00:00","description":"Audax i CEOE-CEPYME renoven el seu conveni de col\u00b7laboraci\u00f3?","breadcrumb":{"@id":"https:\/\/www.audaxrenovables.es\/en\/audax-and-ceoe-cepyme-renew-their-collaboration-agreement\/#breadcrumb"},"inLanguage":"ca","potentialAction":[{"@type":"ReadAction","target":["https:\/\/www.audaxrenovables.es\/en\/audax-and-ceoe-cepyme-renew-their-collaboration-agreement\/"]}]},{"@type":"ImageObject","inLanguage":"ca","@id":"https:\/\/www.audaxrenovables.es\/en\/audax-and-ceoe-cepyme-renew-their-collaboration-agreement\/#primaryimage","url":"https:\/\/www.audaxrenovables.es\/wp-content\/uploads\/2023\/06\/22.jpg.jpg","contentUrl":"https:\/\/www.audaxrenovables.es\/wp-content\/uploads\/2023\/06\/22.jpg.jpg","width":713,"height":403},{"@type":"BreadcrumbList","@id":"https:\/\/www.audaxrenovables.es\/en\/audax-and-ceoe-cepyme-renew-their-collaboration-agreement\/#breadcrumb","itemListElement":[{"@type":"ListItem","position":1,"name":"Portada","item":"https:\/\/www.audaxrenovables.es\/es\/"},{"@type":"ListItem","position":2,"name":"Audax Renovables y CEOE-CEPYME Guadalajara renuevan su convenio de colaboraci\u00f3n"}]},{"@type":"WebSite","@id":"https:\/\/www.audaxrenovables.es\/ca\/#website","url":"https:\/\/www.audaxrenovables.es\/ca\/","name":"Audax Renovables","description":"Companyia independent dedicada a la producci\u00f3 denergia el\u00e8ctrica a partir de fonts denergia 100% renovables","publisher":{"@id":"https:\/\/www.audaxrenovables.es\/ca\/#organization"},"potentialAction":[{"@type":"SearchAction","target":{"@type":"EntryPoint","urlTemplate":"https:\/\/www.audaxrenovables.es\/ca\/?s={search_term_string}"},"query-input":{"@type":"PropertyValueSpecification","valueRequired":true,"valueName":"search_term_string"}}],"inLanguage":"ca"},{"@type":"Organization","@id":"https:\/\/www.audaxrenovables.es\/ca\/#organization","name":"Audax Renovables","alternateName":"Audax Energ\u00eda","url":"https:\/\/www.audaxrenovables.es\/ca\/","logo":{"@type":"ImageObject","inLanguage":"ca","@id":"https:\/\/www.audaxrenovables.es\/ca\/#\/schema\/logo\/image\/","url":"https:\/\/www.audaxrenovables.es\/wp-content\/uploads\/2023\/04\/logo.png","contentUrl":"https:\/\/www.audaxrenovables.es\/wp-content\/uploads\/2023\/04\/logo.png","width":197,"height":125,"caption":"Audax Renovables"},"image":{"@id":"https:\/\/www.audaxrenovables.es\/ca\/#\/schema\/logo\/image\/"},"sameAs":["https:\/\/www.instagram.com\/audaxrenovables\/","https:\/\/x.com\/AudaxRenovables","https:\/\/www.youtube.com\/user\/AudaxEnergia","https:\/\/www.tiktok.com\/@audaxrenovables","https:\/\/www.linkedin.com\/company\/203502\/admin\/"]},{"@type":"Person","@id":"https:\/\/www.audaxrenovables.es\/ca\/#\/schema\/person\/39323131dc9a121279e4e63ed89ffbea","name":"adminadx","image":{"@type":"ImageObject","inLanguage":"ca","@id":"https:\/\/www.audaxrenovables.es\/ca\/#\/schema\/person\/image\/","url":"https:\/\/secure.gravatar.com\/avatar\/60b4d621160a422b02f2d19db7066f73c964c792ce03f3da9d36f40a41bdd2e6?s=96&d=mm&r=g","contentUrl":"https:\/\/secure.gravatar.com\/avatar\/60b4d621160a422b02f2d19db7066f73c964c792ce03f3da9d36f40a41bdd2e6?s=96&d=mm&r=g","caption":"adminadx"},"sameAs":["https:\/\/audaxrenovables.es"]}]}},"_links":{"self":[{"href":"https:\/\/www.audaxrenovables.es\/ca\/wp-json\/wp\/v2\/posts\/2439","targetHints":{"allow":["GET"]}}],"collection":[{"href":"https:\/\/www.audaxrenovables.es\/ca\/wp-json\/wp\/v2\/posts"}],"about":[{"href":"https:\/\/www.audaxrenovables.es\/ca\/wp-json\/wp\/v2\/types\/post"}],"author":[{"embeddable":true,"href":"https:\/\/www.audaxrenovables.es\/ca\/wp-json\/wp\/v2\/users\/1"}],"replies":[{"embeddable":true,"href":"https:\/\/www.audaxrenovables.es\/ca\/wp-json\/wp\/v2\/comments?post=2439"}],"version-history":[{"count":2,"href":"https:\/\/www.audaxrenovables.es\/ca\/wp-json\/wp\/v2\/posts\/2439\/revisions"}],"predecessor-version":[{"id":3338,"href":"https:\/\/www.audaxrenovables.es\/ca\/wp-json\/wp\/v2\/posts\/2439\/revisions\/3338"}],"wp:featuredmedia":[{"embeddable":true,"href":"https:\/\/www.audaxrenovables.es\/ca\/wp-json\/wp\/v2\/media\/2438"}],"wp:attachment":[{"href":"https:\/\/www.audaxrenovables.es\/ca\/wp-json\/wp\/v2\/media?parent=2439"}],"wp:term":[{"taxonomy":"category","embeddable":true,"href":"https:\/\/www.audaxrenovables.es\/ca\/wp-json\/wp\/v2\/categories?post=2439"},{"taxonomy":"post_tag","embeddable":true,"href":"https:\/\/www.audaxrenovables.es\/ca\/wp-json\/wp\/v2\/tags?post=2439"}],"curies":[{"name":"wp","href":"https:\/\/api.w.org\/{rel}","templated":true}]}}