{"id":2441,"date":"2023-02-28T09:44:39","date_gmt":"2023-02-28T09:44:39","guid":{"rendered":"https:\/\/audaxrenovables.es\/audax-renovables-se-incorpora-al-indice-de-referencia-msci-world-small-cap\/"},"modified":"2023-11-16T10:47:13","modified_gmt":"2023-11-16T10:47:13","slug":"audax-renovables-se-incorpora-al-indice-de-referencia-msci-world-small-cap","status":"publish","type":"post","link":"https:\/\/www.audaxrenovables.es\/ca\/audax-renovables-sincorpora-a-lindex-de-referencia-msci-world-small-cap\/","title":{"rendered":"Audax Renovables s&#039;incorpora a l&#039;\u00edndex de refer\u00e8ncia MSCI World Small Cap"},"content":{"rendered":"<figure class=\"wp-block-image\"><img decoding=\"async\" src=\"https:\/\/www.audaxrenovables.es\/uploads\/2023\/02\/28\/fad5f2240a42d98d29831ab74fbfcaec.jpg\" alt=\"\"\/><\/figure>\n\n\n\n<h1 class=\"wp-block-heading has-text-align-center\">Audax Renovables s&#039;incorpora a l&#039;\u00edndex de refer\u00e8ncia MSCI World Small Cap<\/h1>\n\n\n\n<div class=\"wp-block-cover\" style=\"border-width:50px;border-radius:100px;min-height:90vh;aspect-ratio:unset;\"><span aria-hidden=\"true\" class=\"wp-block-cover__background has-background-dim\"><\/span><img fetchpriority=\"high\" decoding=\"async\" width=\"713\" height=\"403\" src=\"https:\/\/www.audaxrenovables.es\/wp-content\/uploads\/2023\/06\/28.jpg.jpg\" class=\"wp-block-cover__image-background wp-post-image\" alt=\"\" data-object-fit=\"cover\" srcset=\"https:\/\/www.audaxrenovables.es\/wp-content\/uploads\/2023\/06\/28.jpg.jpg 713w, https:\/\/www.audaxrenovables.es\/wp-content\/uploads\/2023\/06\/28.jpg-300x170.jpg 300w\" sizes=\"(max-width: 713px) 100vw, 713px\" \/><div class=\"wp-block-cover__inner-container has-global-padding is-layout-constrained wp-block-cover-is-layout-constrained\">\n<p class=\"has-text-align-center has-large-font-size\"><\/p>\n<\/div><\/div>\n\n\n\n<p><\/p>\n\n\n\n<blockquote class=\"wp-block-quote is-layout-flow wp-block-quote-is-layout-flow\">\n<div style=\"margin-right: 17.85pt; text-align: justify; margin: 0cm 0cm 0cm 36pt;\">Aquest indicador borsari est\u00e0 format per m\u00e9s de 4.000 empreses cotitzades de petita capitalitzaci\u00f3 de 23 pa\u00efsos que es caracteritzen pel bon exercici en mat\u00e8ria de liquiditat.&nbsp;<\/div>\n\n\n\n<div style=\"margin-right: 17.85pt; text-align: justify; margin: 0cm 0cm 0cm 36pt;\">La inclusi\u00f3 de la companyia en aquest \u00edndex es far\u00e0 efectiva avui.<\/div>\n<\/blockquote>\n\n\n\n<p>&nbsp;<\/p>\n\n\n\n<p>&nbsp;<\/p>\n\n\n\n<div style=\"text-align: justify; margin: 0cm;\"><span style=\"font-size: 12pt;\"><span style=\"font-family: Calibri,sans-serif;\"><b><span style=\"font-size: 10.0pt;\"><span style=\"color: #404040;\">28 DE FEBRER 2023.<\/span><\/span><\/b><span style=\"font-size: 11.0pt;\"><span style=\"color: #404040;\"> Audax Renovables (ADX.MC), grup energ\u00e8tic espanyol integrat verticalment que genera 100 % energia d&#039;origen renovable i subministra electricitat i gas a clients de 7 pa\u00efsos, ha estat incl\u00f2s al MSCI World Small Cap, un \u00edndex de refer\u00e8ncia global que recull la representaci\u00f3 dels valors de petita capitalitzaci\u00f3 a 23 pa\u00efsos d&#039;economies desenvolupades. Format per m\u00e9s de 4.000 empreses cotitzades, l&#039;\u00edndex cobreix aproximadament el 14% de la capitalitzaci\u00f3 bors\u00e0ria ajustada al <i>free float<\/i> de cada pa\u00eds.<\/span><\/span><\/span><\/span><\/div>\n\n\n\n<div style=\"text-align: justify; margin: 0cm;\">&nbsp;<\/div>\n\n\n\n<div style=\"text-align: justify; margin: 0cm;\"><span style=\"font-size: 12pt;\"><span style=\"font-family: Calibri,sans-serif;\"><span style=\"font-size: 11.0pt;\"><span style=\"color: #404040;\">L&#039;objectiu de l&#039;\u00edndex, que es revisa trimestralment i basa la seva metodologia en els \u00edndexs Globals d&#039;Inversi\u00f3 MSCI, \u00e9s proporcionar una \u00e0mplia cobertura a les oportunitats d&#039;inversi\u00f3 m\u00e9s rellevants, amb un \u00e8mfasi especial en mat\u00e8ria de liquiditat. <\/span><\/span><\/span><\/span><\/div>\n\n\n\n<div style=\"text-align: justify; margin: 0cm;\">&nbsp;<\/div>\n\n\n\n<div style=\"text-align: justify; margin: 0cm;\"><span style=\"font-size: 12pt;\"><span style=\"font-family: Calibri,sans-serif;\"><span style=\"font-size: 11.0pt;\"><span style=\"color: #404040;\">Per a Jos\u00e9 El\u00edas, president del grup Audax, \u201caquesta inclusi\u00f3 en un \u00edndex de refer\u00e8ncia mundial com el MSCI representa un veritable recolzament a la gesti\u00f3 de tot l&#039;equip d&#039;Audax, que ha estat capa\u00e7 de trobar solucions de negoci rendibles ia llarg termini per als seus clients i accionistes en un moment en qu\u00e8 la conjuntura del mercat ho feia complex\u201d.<\/span><\/span><\/span><\/span><\/div>\n\n\n\n<div style=\"text-align: justify; margin: 0cm;\">&nbsp;<\/div>\n\n\n\n<div style=\"text-align: justify; margin: 0cm;\"><span style=\"font-size: 12pt;\"><span style=\"font-family: Calibri,sans-serif;\"><span style=\"font-size: 11.0pt;\"><span style=\"color: #404040;\">La inclusi\u00f3 de la companyia a l&#039;\u00edndex es far\u00e0 efectiva a partir d&#039;avui 28 de febrer.<\/span><\/span><\/span><\/span><\/div>","protected":false},"excerpt":{"rendered":"<p>Audax Renovables se incorpora al \u00edndice de referencia MSCI World Small Cap Este indicador burs\u00e1til est\u00e1 formado por m\u00e1s de 4.000 empresas cotizadas de peque\u00f1a capitalizaci\u00f3n de 23 pa\u00edses que se caracterizan por su buen desempe\u00f1o en materia de liquidez.&nbsp; La inclusi\u00f3n de la compa\u00f1\u00eda en dicho \u00edndice se har\u00e1 efectiva a partir de hoy. [&hellip;]<\/p>\n","protected":false},"author":1,"featured_media":2440,"comment_status":"closed","ping_status":"open","sticky":false,"template":"","format":"standard","meta":{"content-type":"","footnotes":""},"categories":[1],"tags":[],"class_list":["post-2441","post","type-post","status-publish","format-standard","has-post-thumbnail","hentry","category-sin-categoria"],"yoast_head":"<!-- This site is optimized with the Yoast SEO plugin v23.5 - https:\/\/yoast.com\/wordpress\/plugins\/seo\/ -->\n<title>Audax Renovables se incorpora al ?ndice de referencia MSCI World Small Cap<\/title>\n<meta name=\"description\" content=\"Audax Renovables se incorpora al ?ndice de referencia MSCI World Small Cap\" \/>\n<meta name=\"robots\" content=\"index, follow, max-snippet:-1, max-image-preview:large, max-video-preview:-1\" \/>\n<link rel=\"canonical\" href=\"https:\/\/www.audaxrenovables.es\/ca\/audax-renovables-sincorpora-a-lindex-de-referencia-msci-world-small-cap\/\" \/>\n<meta property=\"og:locale\" content=\"ca_ES\" \/>\n<meta property=\"og:type\" content=\"article\" \/>\n<meta property=\"og:title\" content=\"Audax Renovables se incorpora al ?ndice de referencia MSCI World Small Cap\" \/>\n<meta property=\"og:description\" content=\"Audax Renovables se incorpora al ?ndice de referencia MSCI World Small Cap\" \/>\n<meta property=\"og:url\" content=\"https:\/\/www.audaxrenovables.es\/ca\/audax-renovables-sincorpora-a-lindex-de-referencia-msci-world-small-cap\/\" \/>\n<meta property=\"og:site_name\" content=\"Audax Renovables\" \/>\n<meta property=\"article:published_time\" content=\"2023-02-28T09:44:39+00:00\" \/>\n<meta property=\"article:modified_time\" content=\"2023-11-16T10:47:13+00:00\" \/>\n<meta property=\"og:image\" content=\"https:\/\/www.audaxrenovables.es\/wp-content\/uploads\/2023\/06\/28.jpg.jpg\" \/>\n\t<meta property=\"og:image:width\" content=\"713\" \/>\n\t<meta property=\"og:image:height\" content=\"403\" \/>\n\t<meta property=\"og:image:type\" content=\"image\/jpeg\" \/>\n<meta name=\"author\" content=\"adminadx\" \/>\n<meta name=\"twitter:card\" content=\"summary_large_image\" \/>\n<meta name=\"twitter:label1\" content=\"Escrit per\" \/>\n\t<meta name=\"twitter:data1\" content=\"adminadx\" \/>\n\t<meta name=\"twitter:label2\" content=\"Temps estimat de lectura\" \/>\n\t<meta name=\"twitter:data2\" content=\"2 minuts\" \/>\n<!-- \/ Yoast SEO plugin. -->","yoast_head_json":{"title":"Audax Renovables s&#039;incorpora a l&#039;\u00edndex de refer\u00e8ncia MSCI World Small Cap","description":"Audax Renovables s&#039;incorpora a l&#039;\u00edndex de refer\u00e8ncia MSCI World Small Cap","robots":{"index":"index","follow":"follow","max-snippet":"max-snippet:-1","max-image-preview":"max-image-preview:large","max-video-preview":"max-video-preview:-1"},"canonical":"https:\/\/www.audaxrenovables.es\/ca\/audax-renovables-sincorpora-a-lindex-de-referencia-msci-world-small-cap\/","og_locale":"ca_ES","og_type":"article","og_title":"Audax Renovables se incorpora al ?ndice de referencia MSCI World Small Cap","og_description":"Audax Renovables se incorpora al ?ndice de referencia MSCI World Small Cap","og_url":"https:\/\/www.audaxrenovables.es\/ca\/audax-renovables-sincorpora-a-lindex-de-referencia-msci-world-small-cap\/","og_site_name":"Audax Renovables","article_published_time":"2023-02-28T09:44:39+00:00","article_modified_time":"2023-11-16T10:47:13+00:00","og_image":[{"width":713,"height":403,"url":"https:\/\/www.audaxrenovables.es\/wp-content\/uploads\/2023\/06\/28.jpg.jpg","type":"image\/jpeg"}],"author":"adminadx","twitter_card":"summary_large_image","twitter_misc":{"Escrit per":"adminadx","Temps estimat de lectura":"2 minuts"},"schema":{"@context":"https:\/\/schema.org","@graph":[{"@type":"Article","@id":"https:\/\/www.audaxrenovables.es\/ca\/audax-renovables-sincorpora-a-lindex-de-referencia-msci-world-small-cap\/#article","isPartOf":{"@id":"https:\/\/www.audaxrenovables.es\/ca\/audax-renovables-sincorpora-a-lindex-de-referencia-msci-world-small-cap\/"},"author":{"name":"adminadx","@id":"https:\/\/www.audaxrenovables.es\/ca\/#\/schema\/person\/39323131dc9a121279e4e63ed89ffbea"},"headline":"Audax Renovables se incorpora al \u00edndice de referencia MSCI World Small Cap","datePublished":"2023-02-28T09:44:39+00:00","dateModified":"2023-11-16T10:47:13+00:00","mainEntityOfPage":{"@id":"https:\/\/www.audaxrenovables.es\/ca\/audax-renovables-sincorpora-a-lindex-de-referencia-msci-world-small-cap\/"},"wordCount":299,"publisher":{"@id":"https:\/\/www.audaxrenovables.es\/ca\/#organization"},"image":{"@id":"https:\/\/www.audaxrenovables.es\/ca\/audax-renovables-sincorpora-a-lindex-de-referencia-msci-world-small-cap\/#primaryimage"},"thumbnailUrl":"https:\/\/www.audaxrenovables.es\/wp-content\/uploads\/2023\/06\/28.jpg.jpg","articleSection":["Sin categor\u00eda"],"inLanguage":"ca"},{"@type":["WebPage","ItemPage"],"@id":"https:\/\/www.audaxrenovables.es\/ca\/audax-renovables-sincorpora-a-lindex-de-referencia-msci-world-small-cap\/","url":"https:\/\/www.audaxrenovables.es\/ca\/audax-renovables-sincorpora-a-lindex-de-referencia-msci-world-small-cap\/","name":"Audax Renovables s&#039;incorpora a l&#039;\u00edndex de refer\u00e8ncia MSCI World Small Cap","isPartOf":{"@id":"https:\/\/www.audaxrenovables.es\/ca\/#website"},"primaryImageOfPage":{"@id":"https:\/\/www.audaxrenovables.es\/ca\/audax-renovables-sincorpora-a-lindex-de-referencia-msci-world-small-cap\/#primaryimage"},"image":{"@id":"https:\/\/www.audaxrenovables.es\/ca\/audax-renovables-sincorpora-a-lindex-de-referencia-msci-world-small-cap\/#primaryimage"},"thumbnailUrl":"https:\/\/www.audaxrenovables.es\/wp-content\/uploads\/2023\/06\/28.jpg.jpg","datePublished":"2023-02-28T09:44:39+00:00","dateModified":"2023-11-16T10:47:13+00:00","description":"Audax Renovables s&#039;incorpora a l&#039;\u00edndex de refer\u00e8ncia MSCI World Small Cap","breadcrumb":{"@id":"https:\/\/www.audaxrenovables.es\/ca\/audax-renovables-sincorpora-a-lindex-de-referencia-msci-world-small-cap\/#breadcrumb"},"inLanguage":"ca","potentialAction":[{"@type":"ReadAction","target":["https:\/\/www.audaxrenovables.es\/ca\/audax-renovables-sincorpora-a-lindex-de-referencia-msci-world-small-cap\/"]}]},{"@type":"ImageObject","inLanguage":"ca","@id":"https:\/\/www.audaxrenovables.es\/ca\/audax-renovables-sincorpora-a-lindex-de-referencia-msci-world-small-cap\/#primaryimage","url":"https:\/\/www.audaxrenovables.es\/wp-content\/uploads\/2023\/06\/28.jpg.jpg","contentUrl":"https:\/\/www.audaxrenovables.es\/wp-content\/uploads\/2023\/06\/28.jpg.jpg","width":713,"height":403},{"@type":"BreadcrumbList","@id":"https:\/\/www.audaxrenovables.es\/ca\/audax-renovables-sincorpora-a-lindex-de-referencia-msci-world-small-cap\/#breadcrumb","itemListElement":[{"@type":"ListItem","position":1,"name":"Portada","item":"https:\/\/www.audaxrenovables.es\/es\/"},{"@type":"ListItem","position":2,"name":"Audax Renovables se incorpora al \u00edndice de referencia MSCI World Small Cap"}]},{"@type":"WebSite","@id":"https:\/\/www.audaxrenovables.es\/ca\/#website","url":"https:\/\/www.audaxrenovables.es\/ca\/","name":"Audax Renovables","description":"Companyia independent dedicada a la producci\u00f3 denergia el\u00e8ctrica a partir de fonts denergia 100% renovables","publisher":{"@id":"https:\/\/www.audaxrenovables.es\/ca\/#organization"},"potentialAction":[{"@type":"SearchAction","target":{"@type":"EntryPoint","urlTemplate":"https:\/\/www.audaxrenovables.es\/ca\/?s={search_term_string}"},"query-input":{"@type":"PropertyValueSpecification","valueRequired":true,"valueName":"search_term_string"}}],"inLanguage":"ca"},{"@type":"Organization","@id":"https:\/\/www.audaxrenovables.es\/ca\/#organization","name":"Audax Renovables","alternateName":"Audax Energ\u00eda","url":"https:\/\/www.audaxrenovables.es\/ca\/","logo":{"@type":"ImageObject","inLanguage":"ca","@id":"https:\/\/www.audaxrenovables.es\/ca\/#\/schema\/logo\/image\/","url":"https:\/\/www.audaxrenovables.es\/wp-content\/uploads\/2023\/04\/logo.png","contentUrl":"https:\/\/www.audaxrenovables.es\/wp-content\/uploads\/2023\/04\/logo.png","width":197,"height":125,"caption":"Audax Renovables"},"image":{"@id":"https:\/\/www.audaxrenovables.es\/ca\/#\/schema\/logo\/image\/"},"sameAs":["https:\/\/www.instagram.com\/audaxrenovables\/","https:\/\/x.com\/AudaxRenovables","https:\/\/www.youtube.com\/user\/AudaxEnergia","https:\/\/www.tiktok.com\/@audaxrenovables","https:\/\/www.linkedin.com\/company\/203502\/admin\/"]},{"@type":"Person","@id":"https:\/\/www.audaxrenovables.es\/ca\/#\/schema\/person\/39323131dc9a121279e4e63ed89ffbea","name":"adminadx","image":{"@type":"ImageObject","inLanguage":"ca","@id":"https:\/\/www.audaxrenovables.es\/ca\/#\/schema\/person\/image\/","url":"https:\/\/secure.gravatar.com\/avatar\/60b4d621160a422b02f2d19db7066f73c964c792ce03f3da9d36f40a41bdd2e6?s=96&d=mm&r=g","contentUrl":"https:\/\/secure.gravatar.com\/avatar\/60b4d621160a422b02f2d19db7066f73c964c792ce03f3da9d36f40a41bdd2e6?s=96&d=mm&r=g","caption":"adminadx"},"sameAs":["https:\/\/audaxrenovables.es"]}]}},"_links":{"self":[{"href":"https:\/\/www.audaxrenovables.es\/ca\/wp-json\/wp\/v2\/posts\/2441","targetHints":{"allow":["GET"]}}],"collection":[{"href":"https:\/\/www.audaxrenovables.es\/ca\/wp-json\/wp\/v2\/posts"}],"about":[{"href":"https:\/\/www.audaxrenovables.es\/ca\/wp-json\/wp\/v2\/types\/post"}],"author":[{"embeddable":true,"href":"https:\/\/www.audaxrenovables.es\/ca\/wp-json\/wp\/v2\/users\/1"}],"replies":[{"embeddable":true,"href":"https:\/\/www.audaxrenovables.es\/ca\/wp-json\/wp\/v2\/comments?post=2441"}],"version-history":[{"count":3,"href":"https:\/\/www.audaxrenovables.es\/ca\/wp-json\/wp\/v2\/posts\/2441\/revisions"}],"predecessor-version":[{"id":3340,"href":"https:\/\/www.audaxrenovables.es\/ca\/wp-json\/wp\/v2\/posts\/2441\/revisions\/3340"}],"wp:featuredmedia":[{"embeddable":true,"href":"https:\/\/www.audaxrenovables.es\/ca\/wp-json\/wp\/v2\/media\/2440"}],"wp:attachment":[{"href":"https:\/\/www.audaxrenovables.es\/ca\/wp-json\/wp\/v2\/media?parent=2441"}],"wp:term":[{"taxonomy":"category","embeddable":true,"href":"https:\/\/www.audaxrenovables.es\/ca\/wp-json\/wp\/v2\/categories?post=2441"},{"taxonomy":"post_tag","embeddable":true,"href":"https:\/\/www.audaxrenovables.es\/ca\/wp-json\/wp\/v2\/tags?post=2441"}],"curies":[{"name":"wp","href":"https:\/\/api.w.org\/{rel}","templated":true}]}}