{"id":2447,"date":"2022-12-29T07:58:03","date_gmt":"2022-12-29T07:58:03","guid":{"rendered":"https:\/\/audaxrenovables.es\/audax-renovables-inicia-la-construccion-de-otros-nuevos-4mwp\/"},"modified":"2023-11-16T10:53:36","modified_gmt":"2023-11-16T10:53:36","slug":"audax-renovables-inicia-la-construccion-de-otros-nuevos-4mwp","status":"publish","type":"post","link":"https:\/\/www.audaxrenovables.es\/ca\/audax-renovables-inicia-la-construccio-daltres-nous-4mwp\/","title":{"rendered":"Audax Renovables inicia la construcci\u00f3 d&#039;altres nous 4MWp"},"content":{"rendered":"<figure class=\"wp-block-image\"><img decoding=\"async\" src=\"https:\/\/www.audaxrenovables.es\/uploads\/2022\/12\/29\/acdfb4d8d422b01b61052056af8f0ed3.jpg\" alt=\"\"\/><\/figure>\n\n\n\n<h1 class=\"wp-block-heading has-text-align-center\">Audax Renovables inicia la construcci\u00f3 d&#039;altres nous 4MWp<\/h1>\n\n\n\n<div class=\"wp-block-cover\" style=\"border-width:50px;border-radius:100px;min-height:90vh;aspect-ratio:unset;\"><span aria-hidden=\"true\" class=\"wp-block-cover__background has-background-dim-0 has-background-dim\"><\/span><img fetchpriority=\"high\" decoding=\"async\" width=\"713\" height=\"403\" src=\"https:\/\/www.audaxrenovables.es\/wp-content\/uploads\/2023\/06\/Foto-NP-El-Rebollo.jpg.jpg\" class=\"wp-block-cover__image-background wp-post-image\" alt=\"\" data-object-fit=\"cover\" srcset=\"https:\/\/www.audaxrenovables.es\/wp-content\/uploads\/2023\/06\/Foto-NP-El-Rebollo.jpg.jpg 713w, https:\/\/www.audaxrenovables.es\/wp-content\/uploads\/2023\/06\/Foto-NP-El-Rebollo.jpg-300x170.jpg 300w\" sizes=\"(max-width: 713px) 100vw, 713px\" \/><div class=\"wp-block-cover__inner-container has-global-padding is-layout-constrained wp-block-cover-is-layout-constrained\">\n<p class=\"has-text-align-center has-large-font-size\"><\/p>\n<\/div><\/div>\n\n\n\n<blockquote class=\"wp-block-quote is-layout-flow wp-block-quote-is-layout-flow\">\n<ul class=\"wp-block-list\">\n<li>Amb una inversi\u00f3 d&#039;aproximadament 2,6 milions d&#039;euros, el projecte d&#039;El Rebollo comptar\u00e0 amb una pot\u00e8ncia total de 4,12 MWp.<\/li>\n\n\n\n<li>El futur projecte s&#039;ubica al municipi de Yunquera de Henares, prov\u00edncia de Guadalajara.<\/li>\n<\/ul>\n<\/blockquote>\n\n\n\n<p>29 DE DESEMBRE DE 2022. Audax Renovables (ADX.MC), grup energ\u00e8tic espanyol integrat verticalment que genera i subministra electricitat 100% renovable i gas a clients de 7 pa\u00efsos, ha anunciat l&#039;inici de la construcci\u00f3 d&#039;un projecte fotovoltaic localitzat al municipi de Yunquera de Henares, a la prov\u00edncia de Guadalajara, que sumar\u00e0 una pot\u00e8ncia total de 4,12 MWp al portfoli del Grup.<\/p>\n\n\n\n<p>En l\u00ednia amb la seva estrat\u00e8gia de continuar impulsant la seva activitat de generaci\u00f3 a trav\u00e9s dels diferents projectes que formen el seu portfoli, Audax Renovables t\u00e9 previst invertir en la construcci\u00f3 aproximadament 2,6 milions d&#039;euros.<\/p>\n\n\n\n<p>El projecte comptar\u00e0 amb 7.482 m\u00f2duls de 550 Wp amb seguidor a 1 eix categoria Tier-1, cosa que permetr\u00e0 generar 7,7 GWh\/any, l&#039;equivalent al consum energ\u00e8tic de gaireb\u00e9 2.100 llars i al voltant de 6.800 persones. La seva aposta per l&#039;energia neta evitar\u00e0 l&#039;emissi\u00f3 a l&#039;atmosfera de 1.600 tones de CO2 a l&#039;any.<\/p>\n\n\n\n<p>Aquesta instal\u00b7laci\u00f3 es connectar\u00e0 a la subestaci\u00f3 (STR) de Yunquera de Henares i comptar\u00e0 amb una l\u00ednia d&#039;evacuaci\u00f3 pr\u00f2pia de poc m\u00e9s de 2,5 quil\u00f2metres, estimant que el per\u00edode de construcci\u00f3 sigui d&#039;aproximadament 1 any ja que contempla una parada biol\u00f2gica per\u00edode entre els mesos de mar\u00e7 i juny. La companyia assegura l&#039;acompanyament de les obres amb contractistes de primer nivell que compleixen alts est\u00e0ndards de qualitat, tot sota la modalitat de contracte EPC (clau en m\u00e0).<\/p>\n\n\n\n<p>Per a la construcci\u00f3 del projecte referit, el Grup es troba en una fase molt avan\u00e7ada en les negociacions per a la consecuci\u00f3 del finan\u00e7ament adequat. Finan\u00e7ament que ser\u00e0 sense recurs, seguint la mateixa estructura que en altres projectes anteriors de la cartera de generaci\u00f3 d&#039;Audax Renovables.<\/p>\n\n\n\n<p>Audax Renovables compta actualment amb 226 MW de pot\u00e8ncia ja instal\u00b7lada i 19,2 MWp en fase de posada en marxa dels projectes fotovoltaics de La Miranda i Zarat\u00e1n 1 i 2, aix\u00ed com 21,87 MWp en construcci\u00f3 dels projectes fotovoltaics de Quatre Camins.<\/p>\n\n\n\n<p>Aquests projectes s&#039;emmarquen en l&#039;aposta i l&#039;estrat\u00e8gia decidida del Grup Audax d&#039;augmentar la seva cartera de generaci\u00f3 100% renovable incrementant el seu portfoli, ja sigui mitjan\u00e7ant creixement org\u00e0nic o mitjan\u00e7ant el tancament d&#039;acords de compra, amb l&#039;objectiu de subministrar als seus clients energia d&#039;origen renovable produ\u00efda a les seves pr\u00f2pies plantes.<\/p>\n\n\n\n<p>Aix\u00ed mateix, cal destacar que ni aquest projecte ni cap dels que conformen el portfoli d&#039;Audax Renovables es veuen afectats pel Decret aprovat pel Govern d&#039;Espanya el 27 de desembre passat per pal\u00b7liar els efectes de la inflaci\u00f3, el qual imposa una morat\u00f2ria de divuit mesos per a aquells projectes renovables que encara no tinguin els permisos d&#039;acc\u00e9s i connexi\u00f3 a la xarxa, ja que tots els projectes que componen la cartera del Grup tenen els permisos d&#039;acc\u00e9s i connexi\u00f3 a la xarxa necessaris.<\/p>\n\n\n\n<p><strong>Per a m\u00e9s informaci\u00f3:<\/strong><\/p>\n\n\n\n<p>Roman<\/p>\n\n\n\n<p>Gin\u00e9s Ca\u00f1abate<br>g.canabate@romanrm.com | (+34) 649 214 470<\/p>\n\n\n\n<p>Patricia Gonz\u00e1lez<br>p.gonzalez@romanrm.com | (+34) 915 915 500<\/p>\n\n\n\n<p><strong>Sobre Audax Renovables<\/strong><\/p>\n\n\n\n<p>Fundat l&#039;any 2000, Audax Renovables \u00e9s un grup energ\u00e8tic espanyol integrat verticalment que genera i subministra electricitat 100% renovable i gas a clients de set pa\u00efsos europeus. Actualment, compta amb una cartera de parcs e\u00f2lics i fotovoltaics a Espanya, Portugal, It\u00e0lia, Fran\u00e7a, Pol\u00f2nia i Panam\u00e0 en operaci\u00f3, en construcci\u00f3 i en diferents fases de desenvolupament que puja a 2.536 MW. En la seva activitat de comercialitzaci\u00f3, el grup presidit per Jos\u00e9 El\u00edas Navarro proveeix d&#039;energia renovable i gas m\u00e9s de 396 mil clients a Espanya, Portugal, It\u00e0lia, Alemanya, Pol\u00f2nia, Holanda i Hongria, i lidera el segment pime a Espanya. Audax va comen\u00e7ar a cotitzar al mercat secundari espanyol el 2003, i el 2007 va fer el salt al mercat continu, en qu\u00e8 va passar a formar part de l&#039;\u00edndex IBEX SMALL CAP \u00ae el mar\u00e7 del 2020. En els 9 primers mesos del 2022 la seva facturaci\u00f3 va assolir 2.033 milions d&#039;euros, i compta amb un equip de m\u00e9s de 800 professionals.<\/p>","protected":false},"excerpt":{"rendered":"<p>Audax Renovables inicia la construcci\u00f3n de otros nuevos 4MWp 29 DE DICIEMBRE DE 2022.\u2013 Audax Renovables (ADX.MC), grupo energ\u00e9tico espa\u00f1ol integrado verticalmente que genera y suministra electricidad 100% renovable y gas a clientes de 7 pa\u00edses, ha anunciado el inicio de la construcci\u00f3n de un proyecto fotovoltaico localizado en el municipio de Yunquera de Henares, [&hellip;]<\/p>\n","protected":false},"author":1,"featured_media":2446,"comment_status":"closed","ping_status":"open","sticky":false,"template":"","format":"standard","meta":{"content-type":"","footnotes":""},"categories":[1],"tags":[],"class_list":["post-2447","post","type-post","status-publish","format-standard","has-post-thumbnail","hentry","category-sin-categoria"],"yoast_head":"<!-- This site is optimized with the Yoast SEO plugin v23.5 - https:\/\/yoast.com\/wordpress\/plugins\/seo\/ -->\n<title>Audax Renovables inicia la construcci?n de otros nuevos 4MWp<\/title>\n<meta name=\"description\" content=\"Audax Renovables inicia la construcci?n de otros nuevos 4MWp\" \/>\n<meta name=\"robots\" content=\"index, follow, max-snippet:-1, max-image-preview:large, max-video-preview:-1\" \/>\n<link rel=\"canonical\" href=\"https:\/\/www.audaxrenovables.es\/ca\/audax-renovables-inicia-la-construccio-daltres-nous-4mwp\/\" \/>\n<meta property=\"og:locale\" content=\"ca_ES\" \/>\n<meta property=\"og:type\" content=\"article\" \/>\n<meta property=\"og:title\" content=\"Audax Renovables inicia la construcci?n de otros nuevos 4MWp\" \/>\n<meta property=\"og:description\" content=\"Audax Renovables inicia la construcci?n de otros nuevos 4MWp\" \/>\n<meta property=\"og:url\" content=\"https:\/\/www.audaxrenovables.es\/ca\/audax-renovables-inicia-la-construccio-daltres-nous-4mwp\/\" \/>\n<meta property=\"og:site_name\" content=\"Audax Renovables\" \/>\n<meta property=\"article:published_time\" content=\"2022-12-29T07:58:03+00:00\" \/>\n<meta property=\"article:modified_time\" content=\"2023-11-16T10:53:36+00:00\" \/>\n<meta property=\"og:image\" content=\"https:\/\/www.audaxrenovables.es\/wp-content\/uploads\/2023\/06\/Foto-NP-El-Rebollo.jpg.jpg\" \/>\n\t<meta property=\"og:image:width\" content=\"713\" \/>\n\t<meta property=\"og:image:height\" content=\"403\" \/>\n\t<meta property=\"og:image:type\" content=\"image\/jpeg\" \/>\n<meta name=\"author\" content=\"adminadx\" \/>\n<meta name=\"twitter:card\" content=\"summary_large_image\" \/>\n<meta name=\"twitter:label1\" content=\"Escrit per\" \/>\n\t<meta name=\"twitter:data1\" content=\"adminadx\" \/>\n\t<meta name=\"twitter:label2\" content=\"Temps estimat de lectura\" \/>\n\t<meta name=\"twitter:data2\" content=\"4 minuts\" \/>\n<!-- \/ Yoast SEO plugin. -->","yoast_head_json":{"title":"Audax Renovables inicia la construcci? d?altres nous 4MWp","description":"Audax Renovables inicia la construcci? d?altres nous 4MWp","robots":{"index":"index","follow":"follow","max-snippet":"max-snippet:-1","max-image-preview":"max-image-preview:large","max-video-preview":"max-video-preview:-1"},"canonical":"https:\/\/www.audaxrenovables.es\/ca\/audax-renovables-inicia-la-construccio-daltres-nous-4mwp\/","og_locale":"ca_ES","og_type":"article","og_title":"Audax Renovables inicia la construcci?n de otros nuevos 4MWp","og_description":"Audax Renovables inicia la construcci?n de otros nuevos 4MWp","og_url":"https:\/\/www.audaxrenovables.es\/ca\/audax-renovables-inicia-la-construccio-daltres-nous-4mwp\/","og_site_name":"Audax Renovables","article_published_time":"2022-12-29T07:58:03+00:00","article_modified_time":"2023-11-16T10:53:36+00:00","og_image":[{"width":713,"height":403,"url":"https:\/\/www.audaxrenovables.es\/wp-content\/uploads\/2023\/06\/Foto-NP-El-Rebollo.jpg.jpg","type":"image\/jpeg"}],"author":"adminadx","twitter_card":"summary_large_image","twitter_misc":{"Escrit per":"adminadx","Temps estimat de lectura":"4 minuts"},"schema":{"@context":"https:\/\/schema.org","@graph":[{"@type":"Article","@id":"https:\/\/www.audaxrenovables.es\/es\/audax-renovables-inicia-la-construccion-de-otros-nuevos-4mwp\/#article","isPartOf":{"@id":"https:\/\/www.audaxrenovables.es\/es\/audax-renovables-inicia-la-construccion-de-otros-nuevos-4mwp\/"},"author":{"name":"adminadx","@id":"https:\/\/www.audaxrenovables.es\/ca\/#\/schema\/person\/39323131dc9a121279e4e63ed89ffbea"},"headline":"Audax Renovables inicia la construcci\u00f3n de otros nuevos 4MWp","datePublished":"2022-12-29T07:58:03+00:00","dateModified":"2023-11-16T10:53:36+00:00","mainEntityOfPage":{"@id":"https:\/\/www.audaxrenovables.es\/es\/audax-renovables-inicia-la-construccion-de-otros-nuevos-4mwp\/"},"wordCount":751,"publisher":{"@id":"https:\/\/www.audaxrenovables.es\/ca\/#organization"},"image":{"@id":"https:\/\/www.audaxrenovables.es\/es\/audax-renovables-inicia-la-construccion-de-otros-nuevos-4mwp\/#primaryimage"},"thumbnailUrl":"https:\/\/www.audaxrenovables.es\/wp-content\/uploads\/2023\/06\/Foto-NP-El-Rebollo.jpg.jpg","articleSection":["Sin categor\u00eda"],"inLanguage":"ca"},{"@type":["WebPage","ItemPage"],"@id":"https:\/\/www.audaxrenovables.es\/es\/audax-renovables-inicia-la-construccion-de-otros-nuevos-4mwp\/","url":"https:\/\/www.audaxrenovables.es\/es\/audax-renovables-inicia-la-construccion-de-otros-nuevos-4mwp\/","name":"Audax Renovables inicia la construcci? d?altres nous 4MWp","isPartOf":{"@id":"https:\/\/www.audaxrenovables.es\/ca\/#website"},"primaryImageOfPage":{"@id":"https:\/\/www.audaxrenovables.es\/es\/audax-renovables-inicia-la-construccion-de-otros-nuevos-4mwp\/#primaryimage"},"image":{"@id":"https:\/\/www.audaxrenovables.es\/es\/audax-renovables-inicia-la-construccion-de-otros-nuevos-4mwp\/#primaryimage"},"thumbnailUrl":"https:\/\/www.audaxrenovables.es\/wp-content\/uploads\/2023\/06\/Foto-NP-El-Rebollo.jpg.jpg","datePublished":"2022-12-29T07:58:03+00:00","dateModified":"2023-11-16T10:53:36+00:00","description":"Audax Renovables inicia la construcci? d?altres nous 4MWp","breadcrumb":{"@id":"https:\/\/www.audaxrenovables.es\/es\/audax-renovables-inicia-la-construccion-de-otros-nuevos-4mwp\/#breadcrumb"},"inLanguage":"ca","potentialAction":[{"@type":"ReadAction","target":["https:\/\/www.audaxrenovables.es\/es\/audax-renovables-inicia-la-construccion-de-otros-nuevos-4mwp\/"]}]},{"@type":"ImageObject","inLanguage":"ca","@id":"https:\/\/www.audaxrenovables.es\/es\/audax-renovables-inicia-la-construccion-de-otros-nuevos-4mwp\/#primaryimage","url":"https:\/\/www.audaxrenovables.es\/wp-content\/uploads\/2023\/06\/Foto-NP-El-Rebollo.jpg.jpg","contentUrl":"https:\/\/www.audaxrenovables.es\/wp-content\/uploads\/2023\/06\/Foto-NP-El-Rebollo.jpg.jpg","width":713,"height":403},{"@type":"BreadcrumbList","@id":"https:\/\/www.audaxrenovables.es\/es\/audax-renovables-inicia-la-construccion-de-otros-nuevos-4mwp\/#breadcrumb","itemListElement":[{"@type":"ListItem","position":1,"name":"Portada","item":"https:\/\/www.audaxrenovables.es\/es\/"},{"@type":"ListItem","position":2,"name":"Audax Renovables inicia la construcci\u00f3n de otros nuevos 4MWp"}]},{"@type":"WebSite","@id":"https:\/\/www.audaxrenovables.es\/ca\/#website","url":"https:\/\/www.audaxrenovables.es\/ca\/","name":"Audax Renovables","description":"Companyia independent dedicada a la producci\u00f3 denergia el\u00e8ctrica a partir de fonts denergia 100% renovables","publisher":{"@id":"https:\/\/www.audaxrenovables.es\/ca\/#organization"},"potentialAction":[{"@type":"SearchAction","target":{"@type":"EntryPoint","urlTemplate":"https:\/\/www.audaxrenovables.es\/ca\/?s={search_term_string}"},"query-input":{"@type":"PropertyValueSpecification","valueRequired":true,"valueName":"search_term_string"}}],"inLanguage":"ca"},{"@type":"Organization","@id":"https:\/\/www.audaxrenovables.es\/ca\/#organization","name":"Audax Renovables","alternateName":"Audax Energ\u00eda","url":"https:\/\/www.audaxrenovables.es\/ca\/","logo":{"@type":"ImageObject","inLanguage":"ca","@id":"https:\/\/www.audaxrenovables.es\/ca\/#\/schema\/logo\/image\/","url":"https:\/\/www.audaxrenovables.es\/wp-content\/uploads\/2023\/04\/logo.png","contentUrl":"https:\/\/www.audaxrenovables.es\/wp-content\/uploads\/2023\/04\/logo.png","width":197,"height":125,"caption":"Audax Renovables"},"image":{"@id":"https:\/\/www.audaxrenovables.es\/ca\/#\/schema\/logo\/image\/"},"sameAs":["https:\/\/www.instagram.com\/audaxrenovables\/","https:\/\/x.com\/AudaxRenovables","https:\/\/www.youtube.com\/user\/AudaxEnergia","https:\/\/www.tiktok.com\/@audaxrenovables","https:\/\/www.linkedin.com\/company\/203502\/admin\/"]},{"@type":"Person","@id":"https:\/\/www.audaxrenovables.es\/ca\/#\/schema\/person\/39323131dc9a121279e4e63ed89ffbea","name":"adminadx","image":{"@type":"ImageObject","inLanguage":"ca","@id":"https:\/\/www.audaxrenovables.es\/ca\/#\/schema\/person\/image\/","url":"https:\/\/secure.gravatar.com\/avatar\/60b4d621160a422b02f2d19db7066f73c964c792ce03f3da9d36f40a41bdd2e6?s=96&d=mm&r=g","contentUrl":"https:\/\/secure.gravatar.com\/avatar\/60b4d621160a422b02f2d19db7066f73c964c792ce03f3da9d36f40a41bdd2e6?s=96&d=mm&r=g","caption":"adminadx"},"sameAs":["https:\/\/audaxrenovables.es"]}]}},"_links":{"self":[{"href":"https:\/\/www.audaxrenovables.es\/ca\/wp-json\/wp\/v2\/posts\/2447","targetHints":{"allow":["GET"]}}],"collection":[{"href":"https:\/\/www.audaxrenovables.es\/ca\/wp-json\/wp\/v2\/posts"}],"about":[{"href":"https:\/\/www.audaxrenovables.es\/ca\/wp-json\/wp\/v2\/types\/post"}],"author":[{"embeddable":true,"href":"https:\/\/www.audaxrenovables.es\/ca\/wp-json\/wp\/v2\/users\/1"}],"replies":[{"embeddable":true,"href":"https:\/\/www.audaxrenovables.es\/ca\/wp-json\/wp\/v2\/comments?post=2447"}],"version-history":[{"count":4,"href":"https:\/\/www.audaxrenovables.es\/ca\/wp-json\/wp\/v2\/posts\/2447\/revisions"}],"predecessor-version":[{"id":3348,"href":"https:\/\/www.audaxrenovables.es\/ca\/wp-json\/wp\/v2\/posts\/2447\/revisions\/3348"}],"wp:featuredmedia":[{"embeddable":true,"href":"https:\/\/www.audaxrenovables.es\/ca\/wp-json\/wp\/v2\/media\/2446"}],"wp:attachment":[{"href":"https:\/\/www.audaxrenovables.es\/ca\/wp-json\/wp\/v2\/media?parent=2447"}],"wp:term":[{"taxonomy":"category","embeddable":true,"href":"https:\/\/www.audaxrenovables.es\/ca\/wp-json\/wp\/v2\/categories?post=2447"},{"taxonomy":"post_tag","embeddable":true,"href":"https:\/\/www.audaxrenovables.es\/ca\/wp-json\/wp\/v2\/tags?post=2447"}],"curies":[{"name":"wp","href":"https:\/\/api.w.org\/{rel}","templated":true}]}}