{"id":2449,"date":"2022-12-28T07:55:04","date_gmt":"2022-12-28T07:55:04","guid":{"rendered":"https:\/\/audaxrenovables.es\/audax-renovables-inicia-la-construccion-de-22-mwp-de-su-portfolio-solar-de-generacion\/"},"modified":"2023-06-20T11:37:56","modified_gmt":"2023-06-20T11:37:56","slug":"audax-renovables-inicia-la-construccion-de-22-mwp-de-su-portfolio-solar-de-generacion","status":"publish","type":"post","link":"https:\/\/www.audaxrenovables.es\/ca\/audax-renovables-inicia-la-construccio-de-22-mwp-del-seu-portfoli-solar-de-generacio\/","title":{"rendered":"Audax Renovables inicia la construcci\u00f3 de 22 MWp del seu portfoli solar de generaci\u00f3"},"content":{"rendered":"<p><img decoding=\"async\" class=\"adx_img_post\" src=\"https:\/\/www.audaxrenovables.es\/uploads\/2022\/12\/28\/b1b6918768062d78100fc654b52dda55.jpg\"><\/p>\n<h1 class=\"adx_tit_post\">Audax Renovables inicia la construcci\u00f3 de 22 MWp del seu portfoli solar de generaci\u00f3<\/h1>\n<blockquote>\n<ul>\n<li>Amb una inversi\u00f3 d&#039;aproximadament 16 milions d&#039;euros, els projectes de Quatre Camins 1, Quatre Camins 2, Quatre Camins 3 i Quatre Camins 4 comptaran amb una pot\u00e8ncia total de 21,87 MWp<br \/>\n&nbsp;<\/li>\n<li>Els futurs projectes s&#039;ubiquen al municipi de Cabanillas del Campo, prov\u00edncia de Guadalajara.<\/li>\n<\/ul>\n<\/blockquote>\n<p>28 DE DESEMBRE DEL 2022.\u2013 Audax Renovables (ADX.MC), grup energ\u00e8tic espanyol integrat verticalment que genera i subministra electricitat 100% renovable i gas a clients de 7 pa\u00efsos, ha anunciat l&#039;inici de la construcci\u00f3 de quatre projectes fotovoltaics localitzats al municipi de Cabanillas del Campo, a la prov\u00edncia de Guadalajara, que sumaran una pot\u00e8ncia total de 21,87 MWp.<\/p>\n<p>En l\u00ednia amb la seva estrat\u00e8gia de continuar impulsant la seva activitat de generaci\u00f3 a trav\u00e9s dels diferents projectes que formen el seu foli, Audax t\u00e9 previst invertir en la seva construcci\u00f3 aproximadament 16 milions d&#039;euros.<\/p>\n<p>El projecte comptar\u00e0 amb 39.489 m\u00f2duls de 550 Wp amb seguidor a 1 eix categoria Tier-1, cosa que permetr\u00e0 generar 40,5 GWh\/any, l&#039;equivalent al consum energ\u00e8tic de gaireb\u00e9 11.500 llars i al voltant de 36.000 persones. La seva aposta per l&#039;energia neta evitar\u00e0 l&#039;emissi\u00f3 a l&#039;atmosfera de 8.250 tones de CO2 a l&#039;any.<\/p>\n<p>Aquesta instal\u00b7laci\u00f3 es connectar\u00e0 a la Subestaci\u00f3 de Cabanillas del Campo i amb una l\u00ednia d&#039;evacuaci\u00f3 pr\u00f2pia de poc m\u00e9s de 5 quil\u00f2metres, estimant que el per\u00edode de construcci\u00f3 sigui d&#039;aproximadament 1 any ja que preveu una parada biol\u00f2gica per al per\u00edode de mar\u00e7 a juny. La companyia assegura l&#039;acompanyament de les obres amb contractistes de primer nivell que compleixen alts est\u00e0ndards de qualitat sota la modalitat de contracte EPC (clau en m\u00e0).<\/p>\n<p>Per a la construcci\u00f3 dels projectes referits, el Grup es troba en una fase molt avan\u00e7ada en les negociacions per a la consecuci\u00f3 del finan\u00e7ament adequat. Finan\u00e7ament que ser\u00e0 sense recurs, seguint la mateixa estructura que en altres projectes anteriors de la cartera de generaci\u00f3.<\/p>\n<p>Audax compta actualment amb 226 MW de pot\u00e8ncia ja instal\u00b7lada i 19,2 MWp en fase de posada en marxa, relativa als projectes fotovoltaics de La Miranda i Zarat\u00e1n 1 i 2.<\/p>\n<p>Aquests projectes s&#039;emmarquen en la decidida aposta i estrat\u00e8gia del Grup Audax d&#039;augmentar la seva cartera de generaci\u00f3 100% renovable incrementant el seu portfoli de cartera de generaci\u00f3, ja sigui mitjan\u00e7ant creixement org\u00e0nic o mitjan\u00e7ant el tancament d&#039;acords de compra, amb l&#039;objectiu de subministrar-los clients energia d&#039;origen renovable produ\u00efda a les seves pr\u00f2pies plantes.<\/p>\n<p><strong>Per a m\u00e9s informaci\u00f3:<\/strong><\/p>\n<p>Roman<\/p>\n<p>Gin\u00e9s Ca\u00f1abate<br \/>\ng.canabate@romanrm.com | (+34) 649 214 470<\/p>\n<p>Patricia Gonz\u00e1lez<br \/>\np.gonzalez@romanrm.com | (+34) 915 915 500<\/p>\n<p><strong>Sobre Audax Renovables<\/strong><\/p>\n<p>Fundat l&#039;any 2000, Audax Renovables \u00e9s un grup energ\u00e8tic espanyol integrat verticalment que genera i subministra electricitat 100% renovable i gas a clients de set pa\u00efsos europeus. Actualment, compta amb una cartera de parcs e\u00f2lics i fotovoltaics a Espanya, Portugal, It\u00e0lia, Fran\u00e7a, Pol\u00f2nia i Panam\u00e0 en operaci\u00f3, en construcci\u00f3 i en diferents fases de desenvolupament que puja a 2.536 MW. En la seva activitat de comercialitzaci\u00f3, el grup presidit per Jos\u00e9 El\u00edas Navarro proveeix d&#039;energia renovable i gas m\u00e9s de 396 mil clients a Espanya, Portugal, It\u00e0lia, Alemanya, Pol\u00f2nia, Holanda i Hongria, i lidera el segment pime a Espanya. Audax va comen\u00e7ar a cotitzar al mercat secundari espanyol el 2003, i el 2007 va fer el salt al mercat continu, en qu\u00e8 va passar a formar part de l&#039;\u00edndex IBEX SMALL CAP \u00ae el mar\u00e7 del 2020. En els 9 primers mesos del 2022 la seva facturaci\u00f3 va assolir 2.033 milions d&#039;euros, i compta amb un equip de m\u00e9s de 800 professionals<\/p>","protected":false},"excerpt":{"rendered":"<p>Audax Renovables inicia la construcci\u00f3n de 22 MWp de su portfolio solar de generaci\u00f3n Con una inversi\u00f3n de aproximadamente 16 millones de euros, los proyectos de Cuatro Caminos 1, Cuatro Caminos 2, Cuatro Caminos 3 y Cuatro Caminos 4 contar\u00e1n con una potencia total de 21,87 MWp &nbsp; Los futuros proyectos se ubican en el [&hellip;]<\/p>\n","protected":false},"author":1,"featured_media":2448,"comment_status":"closed","ping_status":"open","sticky":false,"template":"","format":"standard","meta":{"content-type":"","footnotes":""},"categories":[1],"tags":[],"class_list":["post-2449","post","type-post","status-publish","format-standard","has-post-thumbnail","hentry","category-sin-categoria"],"yoast_head":"<!-- This site is optimized with the Yoast SEO plugin v23.5 - https:\/\/yoast.com\/wordpress\/plugins\/seo\/ -->\n<title>Audax Renovables inicia la construcci?n de 22 MWp de su portfolio solar de generaci?n<\/title>\n<meta name=\"description\" content=\"Audax Renovables inicia la construcci?n de 22 MWp de su portfolio solar de generaci?n\" \/>\n<meta name=\"robots\" content=\"index, follow, max-snippet:-1, max-image-preview:large, max-video-preview:-1\" \/>\n<link rel=\"canonical\" href=\"https:\/\/www.audaxrenovables.es\/ca\/audax-renewables-begins-the-construction-of-22-mwp-of-its-solar-generation-portfolio\/\" \/>\n<meta property=\"og:locale\" content=\"ca_ES\" \/>\n<meta property=\"og:type\" content=\"article\" \/>\n<meta property=\"og:title\" content=\"Audax Renovables inicia la construcci?n de 22 MWp de su portfolio solar de generaci?n\" \/>\n<meta property=\"og:description\" content=\"Audax Renovables inicia la construcci?n de 22 MWp de su portfolio solar de generaci?n\" \/>\n<meta property=\"og:url\" content=\"https:\/\/www.audaxrenovables.es\/ca\/audax-renewables-begins-the-construction-of-22-mwp-of-its-solar-generation-portfolio\/\" \/>\n<meta property=\"og:site_name\" content=\"Audax Renovables\" \/>\n<meta property=\"article:published_time\" content=\"2022-12-28T07:55:04+00:00\" \/>\n<meta property=\"article:modified_time\" content=\"2023-06-20T11:37:56+00:00\" \/>\n<meta property=\"og:image\" content=\"https:\/\/www.audaxrenovables.es\/wp-content\/uploads\/2023\/06\/Foto-NP-4Caminos.jpg.jpg\" \/>\n\t<meta property=\"og:image:width\" content=\"713\" \/>\n\t<meta property=\"og:image:height\" content=\"403\" \/>\n\t<meta property=\"og:image:type\" content=\"image\/jpeg\" \/>\n<meta name=\"author\" content=\"adminadx\" \/>\n<meta name=\"twitter:card\" content=\"summary_large_image\" \/>\n<meta name=\"twitter:label1\" content=\"Escrit per\" \/>\n\t<meta name=\"twitter:data1\" content=\"adminadx\" \/>\n\t<meta name=\"twitter:label2\" content=\"Temps estimat de lectura\" \/>\n\t<meta name=\"twitter:data2\" content=\"4 minuts\" \/>\n<!-- \/ Yoast SEO plugin. -->","yoast_head_json":{"title":"Audax Renovables inicia la construcci? de 22 MWp del seu portfoli solar de generaci?","description":"Audax Renovables inicia la construcci? de 22 MWp del seu portfoli solar de generaci?","robots":{"index":"index","follow":"follow","max-snippet":"max-snippet:-1","max-image-preview":"max-image-preview:large","max-video-preview":"max-video-preview:-1"},"canonical":"https:\/\/www.audaxrenovables.es\/ca\/audax-renewables-begins-the-construction-of-22-mwp-of-its-solar-generation-portfolio\/","og_locale":"ca_ES","og_type":"article","og_title":"Audax Renovables inicia la construcci?n de 22 MWp de su portfolio solar de generaci?n","og_description":"Audax Renovables inicia la construcci?n de 22 MWp de su portfolio solar de generaci?n","og_url":"https:\/\/www.audaxrenovables.es\/ca\/audax-renewables-begins-the-construction-of-22-mwp-of-its-solar-generation-portfolio\/","og_site_name":"Audax Renovables","article_published_time":"2022-12-28T07:55:04+00:00","article_modified_time":"2023-06-20T11:37:56+00:00","og_image":[{"width":713,"height":403,"url":"https:\/\/www.audaxrenovables.es\/wp-content\/uploads\/2023\/06\/Foto-NP-4Caminos.jpg.jpg","type":"image\/jpeg"}],"author":"adminadx","twitter_card":"summary_large_image","twitter_misc":{"Escrit per":"adminadx","Temps estimat de lectura":"4 minuts"},"schema":{"@context":"https:\/\/schema.org","@graph":[{"@type":"Article","@id":"https:\/\/www.audaxrenovables.es\/en\/audax-renewables-begins-the-construction-of-22-mwp-of-its-solar-generation-portfolio\/#article","isPartOf":{"@id":"https:\/\/www.audaxrenovables.es\/en\/audax-renewables-begins-the-construction-of-22-mwp-of-its-solar-generation-portfolio\/"},"author":{"name":"adminadx","@id":"https:\/\/www.audaxrenovables.es\/ca\/#\/schema\/person\/39323131dc9a121279e4e63ed89ffbea"},"headline":"Audax Renovables inicia la construcci\u00f3n de 22 MWp de su portfolio solar de generaci\u00f3n","datePublished":"2022-12-28T07:55:04+00:00","dateModified":"2023-06-20T11:37:56+00:00","mainEntityOfPage":{"@id":"https:\/\/www.audaxrenovables.es\/en\/audax-renewables-begins-the-construction-of-22-mwp-of-its-solar-generation-portfolio\/"},"wordCount":656,"publisher":{"@id":"https:\/\/www.audaxrenovables.es\/ca\/#organization"},"image":{"@id":"https:\/\/www.audaxrenovables.es\/en\/audax-renewables-begins-the-construction-of-22-mwp-of-its-solar-generation-portfolio\/#primaryimage"},"thumbnailUrl":"https:\/\/www.audaxrenovables.es\/wp-content\/uploads\/2023\/06\/Foto-NP-4Caminos.jpg.jpg","articleSection":["Sin categor\u00eda"],"inLanguage":"ca"},{"@type":["WebPage","ItemPage"],"@id":"https:\/\/www.audaxrenovables.es\/en\/audax-renewables-begins-the-construction-of-22-mwp-of-its-solar-generation-portfolio\/","url":"https:\/\/www.audaxrenovables.es\/en\/audax-renewables-begins-the-construction-of-22-mwp-of-its-solar-generation-portfolio\/","name":"Audax Renovables inicia la construcci? de 22 MWp del seu portfoli solar de generaci?","isPartOf":{"@id":"https:\/\/www.audaxrenovables.es\/ca\/#website"},"primaryImageOfPage":{"@id":"https:\/\/www.audaxrenovables.es\/en\/audax-renewables-begins-the-construction-of-22-mwp-of-its-solar-generation-portfolio\/#primaryimage"},"image":{"@id":"https:\/\/www.audaxrenovables.es\/en\/audax-renewables-begins-the-construction-of-22-mwp-of-its-solar-generation-portfolio\/#primaryimage"},"thumbnailUrl":"https:\/\/www.audaxrenovables.es\/wp-content\/uploads\/2023\/06\/Foto-NP-4Caminos.jpg.jpg","datePublished":"2022-12-28T07:55:04+00:00","dateModified":"2023-06-20T11:37:56+00:00","description":"Audax Renovables inicia la construcci? de 22 MWp del seu portfoli solar de generaci?","breadcrumb":{"@id":"https:\/\/www.audaxrenovables.es\/en\/audax-renewables-begins-the-construction-of-22-mwp-of-its-solar-generation-portfolio\/#breadcrumb"},"inLanguage":"ca","potentialAction":[{"@type":"ReadAction","target":["https:\/\/www.audaxrenovables.es\/en\/audax-renewables-begins-the-construction-of-22-mwp-of-its-solar-generation-portfolio\/"]}]},{"@type":"ImageObject","inLanguage":"ca","@id":"https:\/\/www.audaxrenovables.es\/en\/audax-renewables-begins-the-construction-of-22-mwp-of-its-solar-generation-portfolio\/#primaryimage","url":"https:\/\/www.audaxrenovables.es\/wp-content\/uploads\/2023\/06\/Foto-NP-4Caminos.jpg.jpg","contentUrl":"https:\/\/www.audaxrenovables.es\/wp-content\/uploads\/2023\/06\/Foto-NP-4Caminos.jpg.jpg","width":713,"height":403},{"@type":"BreadcrumbList","@id":"https:\/\/www.audaxrenovables.es\/en\/audax-renewables-begins-the-construction-of-22-mwp-of-its-solar-generation-portfolio\/#breadcrumb","itemListElement":[{"@type":"ListItem","position":1,"name":"Portada","item":"https:\/\/www.audaxrenovables.es\/es\/"},{"@type":"ListItem","position":2,"name":"Audax Renovables inicia la construcci\u00f3n de 22 MWp de su portfolio solar de generaci\u00f3n"}]},{"@type":"WebSite","@id":"https:\/\/www.audaxrenovables.es\/ca\/#website","url":"https:\/\/www.audaxrenovables.es\/ca\/","name":"Audax Renovables","description":"Companyia independent dedicada a la producci\u00f3 denergia el\u00e8ctrica a partir de fonts denergia 100% renovables","publisher":{"@id":"https:\/\/www.audaxrenovables.es\/ca\/#organization"},"potentialAction":[{"@type":"SearchAction","target":{"@type":"EntryPoint","urlTemplate":"https:\/\/www.audaxrenovables.es\/ca\/?s={search_term_string}"},"query-input":{"@type":"PropertyValueSpecification","valueRequired":true,"valueName":"search_term_string"}}],"inLanguage":"ca"},{"@type":"Organization","@id":"https:\/\/www.audaxrenovables.es\/ca\/#organization","name":"Audax Renovables","alternateName":"Audax Energ\u00eda","url":"https:\/\/www.audaxrenovables.es\/ca\/","logo":{"@type":"ImageObject","inLanguage":"ca","@id":"https:\/\/www.audaxrenovables.es\/ca\/#\/schema\/logo\/image\/","url":"https:\/\/www.audaxrenovables.es\/wp-content\/uploads\/2023\/04\/logo.png","contentUrl":"https:\/\/www.audaxrenovables.es\/wp-content\/uploads\/2023\/04\/logo.png","width":197,"height":125,"caption":"Audax Renovables"},"image":{"@id":"https:\/\/www.audaxrenovables.es\/ca\/#\/schema\/logo\/image\/"},"sameAs":["https:\/\/www.instagram.com\/audaxrenovables\/","https:\/\/x.com\/AudaxRenovables","https:\/\/www.youtube.com\/user\/AudaxEnergia","https:\/\/www.tiktok.com\/@audaxrenovables","https:\/\/www.linkedin.com\/company\/203502\/admin\/"]},{"@type":"Person","@id":"https:\/\/www.audaxrenovables.es\/ca\/#\/schema\/person\/39323131dc9a121279e4e63ed89ffbea","name":"adminadx","image":{"@type":"ImageObject","inLanguage":"ca","@id":"https:\/\/www.audaxrenovables.es\/ca\/#\/schema\/person\/image\/","url":"https:\/\/secure.gravatar.com\/avatar\/60b4d621160a422b02f2d19db7066f73c964c792ce03f3da9d36f40a41bdd2e6?s=96&d=mm&r=g","contentUrl":"https:\/\/secure.gravatar.com\/avatar\/60b4d621160a422b02f2d19db7066f73c964c792ce03f3da9d36f40a41bdd2e6?s=96&d=mm&r=g","caption":"adminadx"},"sameAs":["https:\/\/audaxrenovables.es"]}]}},"_links":{"self":[{"href":"https:\/\/www.audaxrenovables.es\/ca\/wp-json\/wp\/v2\/posts\/2449","targetHints":{"allow":["GET"]}}],"collection":[{"href":"https:\/\/www.audaxrenovables.es\/ca\/wp-json\/wp\/v2\/posts"}],"about":[{"href":"https:\/\/www.audaxrenovables.es\/ca\/wp-json\/wp\/v2\/types\/post"}],"author":[{"embeddable":true,"href":"https:\/\/www.audaxrenovables.es\/ca\/wp-json\/wp\/v2\/users\/1"}],"replies":[{"embeddable":true,"href":"https:\/\/www.audaxrenovables.es\/ca\/wp-json\/wp\/v2\/comments?post=2449"}],"version-history":[{"count":1,"href":"https:\/\/www.audaxrenovables.es\/ca\/wp-json\/wp\/v2\/posts\/2449\/revisions"}],"predecessor-version":[{"id":2775,"href":"https:\/\/www.audaxrenovables.es\/ca\/wp-json\/wp\/v2\/posts\/2449\/revisions\/2775"}],"wp:featuredmedia":[{"embeddable":true,"href":"https:\/\/www.audaxrenovables.es\/ca\/wp-json\/wp\/v2\/media\/2448"}],"wp:attachment":[{"href":"https:\/\/www.audaxrenovables.es\/ca\/wp-json\/wp\/v2\/media?parent=2449"}],"wp:term":[{"taxonomy":"category","embeddable":true,"href":"https:\/\/www.audaxrenovables.es\/ca\/wp-json\/wp\/v2\/categories?post=2449"},{"taxonomy":"post_tag","embeddable":true,"href":"https:\/\/www.audaxrenovables.es\/ca\/wp-json\/wp\/v2\/tags?post=2449"}],"curies":[{"name":"wp","href":"https:\/\/api.w.org\/{rel}","templated":true}]}}