{"id":2457,"date":"2022-09-27T07:18:58","date_gmt":"2022-09-27T07:18:58","guid":{"rendered":"https:\/\/audaxrenovables.es\/audax-y-emovili-impulsan-las-instalaciones-de-puntos-de-recarga\/"},"modified":"2023-06-20T11:38:18","modified_gmt":"2023-06-20T11:38:18","slug":"audax-y-emovili-impulsan-las-instalaciones-de-puntos-de-recarga","status":"publish","type":"post","link":"https:\/\/www.audaxrenovables.es\/ca\/audax-i-emovili-impulsen-les-instal\u00b7lacions-de-punts-de-recarrega\/","title":{"rendered":"Audax Renovables i emovili impulsen les instal\u00b7lacions de punts de rec\u00e0rrega de vehicles el\u00e8ctrics"},"content":{"rendered":"<p><img decoding=\"async\" class=\"adx_img_post\" src=\"https:\/\/www.audaxrenovables.es\/uploads\/2022\/09\/27\/a04ed44f33094a7ae105d62b8deecee3.jpg\"><\/p>\n<h1 class=\"adx_tit_post\">Audax Renovables i emovili impulsen les instal\u00b7lacions de punts de rec\u00e0rrega de vehicles el\u00e8ctrics<\/h1>\n<blockquote><p>L&#039;acord entre les dues companyies promou la mobilitat el\u00e8ctrica a trav\u00e9s de serveis d&#039;instal\u00b7laci\u00f3, manteniment i suport de punts de rec\u00e0rrega per a vehicles el\u00e8ctrics<\/p>\n<p>Espanya es posiciona quarta al Top10 mundial en regulaci\u00f3 del cotxe el\u00e8ctric gr\u00e0cies a les ajudes del Pla Moves III.<\/p><\/blockquote>\n<p>Audax Renovables, grup energ\u00e8tic espanyol integrat verticalment que genera i subministra electricitat 100% d&#039;origen renovable i gas, i emovili, empresa espanyola l\u00edder en mobilitat el\u00e8ctrica i energia solar fotovoltaica, s&#039;han unit per oferir als clients d&#039;Audax Renovables una soluci\u00f3 de millora energ\u00e8tica basada en plaques solars i punts de rec\u00e0rrega de l?empresa espanyola Wallbox, prove\u00efdor l\u00edder de solucions de c\u00e0rrega i gesti\u00f3 de l?energia.<\/p>\n<p>Mitjan\u00e7ant aquest acord, emovili prestar\u00e0 serveis d&#039;instal\u00b7laci\u00f3, manteniment i suport de punts de rec\u00e0rrega de vehicles el\u00e8ctrics i h\u00edbrids a tots els clients d&#039;Audax Renovables: particulars, empreses o administracions p\u00fabliques. Aquesta alian\u00e7a estrat\u00e8gica, inicialment d&#039;un any de durada i amb abast nacional, permetr\u00e0 a Audax Renovables comptar en els seus projectes d&#039;efici\u00e8ncia amb l&#039;experi\u00e8ncia d&#039;emovili al sector, aix\u00ed com amb l&#039;alt grau d&#039;especialitzaci\u00f3 del vostre equip t\u00e8cnic i hum\u00e0 a la instal\u00b7laci\u00f3 de punts de rec\u00e0rrega.<\/p>\n<p>L\u201fobjectiu d\u201faquest acord \u00e9s aportar solucions eficients i de qualitat en mat\u00e8ria de carregadors, fomentant l\u201f\u00fas del vehicle el\u00e8ctric entre la societat gr\u00e0cies a la millora de la infraestructura de c\u00e0rrega i ajudant a la reducci\u00f3 dels gasos contaminants que afavoreixen l\u201fefecte hivernacle.&nbsp;<\/p>\n<p>La mobilitat el\u00e8ctrica, en auge a Espanya<\/p>\n<p>Segons l&#039;\u00faltim estudi de matriculaci\u00f3 de vehicles el\u00e8ctrics d&#039;emovili i AEDIVE (Associaci\u00f3 Empresarial per al Desenvolupament i Impuls de la Mobilitat El\u00e8ctrica), els sis primers mesos del 2022 es van matricular un total de 38.467 vehicles el\u00e8ctrics i h\u00edbrids endollables al nostre pa\u00eds. Una tend\u00e8ncia que es mant\u00e9 a l&#039;al\u00e7a: segons dades d&#039;AEDIVE, a l&#039;agost, les matriculacions d&#039;aquest tipus de vehicles van augmentar gaireb\u00e9 un 15% i, des de comen\u00e7ament d&#039;any, acumulen un total de 62.601 unitats, fet que suposa gaireb\u00e9 un 31% m\u00e9s .<\/p>\n<p>David Busquets, Director Comercial d&#039;Audax Renovables, assenyala que \u201cen els propers anys viurem una expansi\u00f3 del vehicle el\u00e8ctric i Audax Renovables ja est\u00e0 preparada per oferir solucions \u00e0gils, adaptades a les necessitats de cada client i amb un servei d&#039;atenci\u00f3 al client de qualitat que aporta valor afegit a cada projecte\u201d.&nbsp;<\/p>\n<p>Una de les causes que podria portar la poblaci\u00f3 a decantar-se pels vehicles electrificats \u00e9s augmentar el preu del combustible. Segons les \u00faltimes dades d&#039;emovili, rec\u00f3rrer 100 quil\u00f2metres amb un cotxe de benzina costa actualment uns 13 euros, mentre que \u00fanicament ens gastar\u00edem 1,95 euros si ho f\u00e9ssim amb un vehicle el\u00e8ctric.<\/p>\n<p>Francisco Casas, CEO d&#039;emovili, explica que ens trobem a la cua d&#039;Europa en punts de rec\u00e0rrega de vehicles per cada mili\u00f3 d&#039;habitants, fet que suposa una gran barrera d&#039;entrada per als que busquen una transici\u00f3 cap a una mobilitat m\u00e9s sostenible. El nostre objectiu \u00e9s aconseguir que la mobilitat sostenible sigui molt m\u00e9s accessible per a tothom. Parlem d&#039;un nou model de mobilitat on, a m\u00e9s, apostem per la innovaci\u00f3 i garantim el m\u00e0xim estalvi per part del client\u201d.<\/p>\n<p>Tot i aix\u00f2, el nostre pa\u00eds es posiciona nov\u00e8 en el r\u00e0nquing mundial dels 10 pa\u00efsos m\u00e9s preparats per al vehicle el\u00e8ctric, segons un recent estudi de la consultora EY, que t\u00e9 en compte la capacitat de subministrament, la demanda i la regulaci\u00f3 de mobilitat el\u00e8ctrica. A m\u00e9s, si atenem espec\u00edficament l&#039;apartat regulaci\u00f3, Espanya es posiciona en quart lloc, gr\u00e0cies als ajuts del Pla Moves III i els incentius per utilitzar-los, entre d&#039;altres.<br \/>\n&nbsp;<\/p>","protected":false},"excerpt":{"rendered":"<p>Audax Renovables y emovili impulsan las instalaciones de puntos de recarga de veh\u00edculos el\u00e9ctricos El acuerdo entre ambas compa\u00f1\u00edas promueve la movilidad el\u00e9ctrica a trav\u00e9s de servicios de instalaci\u00f3n, mantenimiento y soporte de puntos de recarga para veh\u00edculos el\u00e9ctricos Espa\u00f1a se posiciona cuarta en el Top10 mundial en regulaci\u00f3n del coche el\u00e9ctrico gracias a las [&hellip;]<\/p>\n","protected":false},"author":1,"featured_media":2456,"comment_status":"closed","ping_status":"open","sticky":false,"template":"","format":"standard","meta":{"content-type":"","footnotes":""},"categories":[1],"tags":[],"class_list":["post-2457","post","type-post","status-publish","format-standard","has-post-thumbnail","hentry","category-sin-categoria"],"yoast_head":"<!-- This site is optimized with the Yoast SEO plugin v23.5 - https:\/\/yoast.com\/wordpress\/plugins\/seo\/ -->\n<title>Audax Renovables y emovili impulsan las instalaciones de puntos de recarga de veh?culos el?ctricos<\/title>\n<meta name=\"description\" content=\"Audax y emovili impulsan las instalaciones de puntos de recarga\" \/>\n<meta name=\"robots\" content=\"index, follow, max-snippet:-1, max-image-preview:large, max-video-preview:-1\" \/>\n<link rel=\"canonical\" href=\"https:\/\/www.audaxrenovables.es\/ca\/audax-i-emovili-impulsen-les-instal\u00b7lacions-de-punts-de-recarrega\/\" \/>\n<meta property=\"og:locale\" content=\"ca_ES\" \/>\n<meta property=\"og:type\" content=\"article\" \/>\n<meta property=\"og:title\" content=\"Audax Renovables y emovili impulsan las instalaciones de puntos de recarga de veh?culos el?ctricos\" \/>\n<meta property=\"og:description\" content=\"Audax y emovili impulsan las instalaciones de puntos de recarga\" \/>\n<meta property=\"og:url\" content=\"https:\/\/www.audaxrenovables.es\/ca\/audax-i-emovili-impulsen-les-instal\u00b7lacions-de-punts-de-recarrega\/\" \/>\n<meta property=\"og:site_name\" content=\"Audax Renovables\" \/>\n<meta property=\"article:published_time\" content=\"2022-09-27T07:18:58+00:00\" \/>\n<meta property=\"article:modified_time\" content=\"2023-06-20T11:38:18+00:00\" \/>\n<meta property=\"og:image\" content=\"https:\/\/www.audaxrenovables.es\/wp-content\/uploads\/2023\/06\/27092022.jpg.jpg\" \/>\n\t<meta property=\"og:image:width\" content=\"713\" \/>\n\t<meta property=\"og:image:height\" content=\"403\" \/>\n\t<meta property=\"og:image:type\" content=\"image\/jpeg\" \/>\n<meta name=\"author\" content=\"adminadx\" \/>\n<meta name=\"twitter:card\" content=\"summary_large_image\" \/>\n<meta name=\"twitter:label1\" content=\"Escrit per\" \/>\n\t<meta name=\"twitter:data1\" content=\"adminadx\" \/>\n\t<meta name=\"twitter:label2\" content=\"Temps estimat de lectura\" \/>\n\t<meta name=\"twitter:data2\" content=\"4 minuts\" \/>\n<!-- \/ Yoast SEO plugin. -->","yoast_head_json":{"title":"Audax Renovables i emovili impulsen les instal\u00b7lacions de punts de rec\u00e0rrega de vehicles el\u00e8ctrics","description":"Audax i emovili impulsen les instal\u00b7lacions de punts de rec\u00e0rrega","robots":{"index":"index","follow":"follow","max-snippet":"max-snippet:-1","max-image-preview":"max-image-preview:large","max-video-preview":"max-video-preview:-1"},"canonical":"https:\/\/www.audaxrenovables.es\/ca\/audax-i-emovili-impulsen-les-instal\u00b7lacions-de-punts-de-recarrega\/","og_locale":"ca_ES","og_type":"article","og_title":"Audax Renovables y emovili impulsan las instalaciones de puntos de recarga de veh?culos el?ctricos","og_description":"Audax y emovili impulsan las instalaciones de puntos de recarga","og_url":"https:\/\/www.audaxrenovables.es\/ca\/audax-i-emovili-impulsen-les-instal\u00b7lacions-de-punts-de-recarrega\/","og_site_name":"Audax Renovables","article_published_time":"2022-09-27T07:18:58+00:00","article_modified_time":"2023-06-20T11:38:18+00:00","og_image":[{"width":713,"height":403,"url":"https:\/\/www.audaxrenovables.es\/wp-content\/uploads\/2023\/06\/27092022.jpg.jpg","type":"image\/jpeg"}],"author":"adminadx","twitter_card":"summary_large_image","twitter_misc":{"Escrit per":"adminadx","Temps estimat de lectura":"4 minuts"},"schema":{"@context":"https:\/\/schema.org","@graph":[{"@type":"Article","@id":"https:\/\/www.audaxrenovables.es\/ca\/audax-i-emovili-impulsen-les-instal\u00b7lacions-de-punts-de-recarrega\/#article","isPartOf":{"@id":"https:\/\/www.audaxrenovables.es\/ca\/audax-i-emovili-impulsen-les-instal\u00b7lacions-de-punts-de-recarrega\/"},"author":{"name":"adminadx","@id":"https:\/\/www.audaxrenovables.es\/ca\/#\/schema\/person\/39323131dc9a121279e4e63ed89ffbea"},"headline":"Audax Renovables y emovili impulsan las instalaciones de puntos de recarga de veh\u00edculos el\u00e9ctricos","datePublished":"2022-09-27T07:18:58+00:00","dateModified":"2023-06-20T11:38:18+00:00","mainEntityOfPage":{"@id":"https:\/\/www.audaxrenovables.es\/ca\/audax-i-emovili-impulsen-les-instal\u00b7lacions-de-punts-de-recarrega\/"},"wordCount":726,"publisher":{"@id":"https:\/\/www.audaxrenovables.es\/ca\/#organization"},"image":{"@id":"https:\/\/www.audaxrenovables.es\/ca\/audax-i-emovili-impulsen-les-instal\u00b7lacions-de-punts-de-recarrega\/#primaryimage"},"thumbnailUrl":"https:\/\/www.audaxrenovables.es\/wp-content\/uploads\/2023\/06\/27092022.jpg.jpg","articleSection":["Sin categor\u00eda"],"inLanguage":"ca"},{"@type":["WebPage","ItemPage"],"@id":"https:\/\/www.audaxrenovables.es\/ca\/audax-i-emovili-impulsen-les-instal\u00b7lacions-de-punts-de-recarrega\/","url":"https:\/\/www.audaxrenovables.es\/ca\/audax-i-emovili-impulsen-les-instal\u00b7lacions-de-punts-de-recarrega\/","name":"Audax Renovables i emovili impulsen les instal\u00b7lacions de punts de rec\u00e0rrega de vehicles el\u00e8ctrics","isPartOf":{"@id":"https:\/\/www.audaxrenovables.es\/ca\/#website"},"primaryImageOfPage":{"@id":"https:\/\/www.audaxrenovables.es\/ca\/audax-i-emovili-impulsen-les-instal\u00b7lacions-de-punts-de-recarrega\/#primaryimage"},"image":{"@id":"https:\/\/www.audaxrenovables.es\/ca\/audax-i-emovili-impulsen-les-instal\u00b7lacions-de-punts-de-recarrega\/#primaryimage"},"thumbnailUrl":"https:\/\/www.audaxrenovables.es\/wp-content\/uploads\/2023\/06\/27092022.jpg.jpg","datePublished":"2022-09-27T07:18:58+00:00","dateModified":"2023-06-20T11:38:18+00:00","description":"Audax i emovili impulsen les instal\u00b7lacions de punts de rec\u00e0rrega","breadcrumb":{"@id":"https:\/\/www.audaxrenovables.es\/ca\/audax-i-emovili-impulsen-les-instal\u00b7lacions-de-punts-de-recarrega\/#breadcrumb"},"inLanguage":"ca","potentialAction":[{"@type":"ReadAction","target":["https:\/\/www.audaxrenovables.es\/ca\/audax-i-emovili-impulsen-les-instal\u00b7lacions-de-punts-de-recarrega\/"]}]},{"@type":"ImageObject","inLanguage":"ca","@id":"https:\/\/www.audaxrenovables.es\/ca\/audax-i-emovili-impulsen-les-instal\u00b7lacions-de-punts-de-recarrega\/#primaryimage","url":"https:\/\/www.audaxrenovables.es\/wp-content\/uploads\/2023\/06\/27092022.jpg.jpg","contentUrl":"https:\/\/www.audaxrenovables.es\/wp-content\/uploads\/2023\/06\/27092022.jpg.jpg","width":713,"height":403},{"@type":"BreadcrumbList","@id":"https:\/\/www.audaxrenovables.es\/ca\/audax-i-emovili-impulsen-les-instal\u00b7lacions-de-punts-de-recarrega\/#breadcrumb","itemListElement":[{"@type":"ListItem","position":1,"name":"Portada","item":"https:\/\/www.audaxrenovables.es\/es\/"},{"@type":"ListItem","position":2,"name":"Audax Renovables y emovili impulsan las instalaciones de puntos de recarga de veh\u00edculos el\u00e9ctricos"}]},{"@type":"WebSite","@id":"https:\/\/www.audaxrenovables.es\/ca\/#website","url":"https:\/\/www.audaxrenovables.es\/ca\/","name":"Audax Renovables","description":"Companyia independent dedicada a la producci\u00f3 denergia el\u00e8ctrica a partir de fonts denergia 100% renovables","publisher":{"@id":"https:\/\/www.audaxrenovables.es\/ca\/#organization"},"potentialAction":[{"@type":"SearchAction","target":{"@type":"EntryPoint","urlTemplate":"https:\/\/www.audaxrenovables.es\/ca\/?s={search_term_string}"},"query-input":{"@type":"PropertyValueSpecification","valueRequired":true,"valueName":"search_term_string"}}],"inLanguage":"ca"},{"@type":"Organization","@id":"https:\/\/www.audaxrenovables.es\/ca\/#organization","name":"Audax Renovables","alternateName":"Audax Energ\u00eda","url":"https:\/\/www.audaxrenovables.es\/ca\/","logo":{"@type":"ImageObject","inLanguage":"ca","@id":"https:\/\/www.audaxrenovables.es\/ca\/#\/schema\/logo\/image\/","url":"https:\/\/www.audaxrenovables.es\/wp-content\/uploads\/2023\/04\/logo.png","contentUrl":"https:\/\/www.audaxrenovables.es\/wp-content\/uploads\/2023\/04\/logo.png","width":197,"height":125,"caption":"Audax Renovables"},"image":{"@id":"https:\/\/www.audaxrenovables.es\/ca\/#\/schema\/logo\/image\/"},"sameAs":["https:\/\/www.instagram.com\/audaxrenovables\/","https:\/\/x.com\/AudaxRenovables","https:\/\/www.youtube.com\/user\/AudaxEnergia","https:\/\/www.tiktok.com\/@audaxrenovables","https:\/\/www.linkedin.com\/company\/203502\/admin\/"]},{"@type":"Person","@id":"https:\/\/www.audaxrenovables.es\/ca\/#\/schema\/person\/39323131dc9a121279e4e63ed89ffbea","name":"adminadx","image":{"@type":"ImageObject","inLanguage":"ca","@id":"https:\/\/www.audaxrenovables.es\/ca\/#\/schema\/person\/image\/","url":"https:\/\/secure.gravatar.com\/avatar\/60b4d621160a422b02f2d19db7066f73c964c792ce03f3da9d36f40a41bdd2e6?s=96&d=mm&r=g","contentUrl":"https:\/\/secure.gravatar.com\/avatar\/60b4d621160a422b02f2d19db7066f73c964c792ce03f3da9d36f40a41bdd2e6?s=96&d=mm&r=g","caption":"adminadx"},"sameAs":["https:\/\/audaxrenovables.es"]}]}},"_links":{"self":[{"href":"https:\/\/www.audaxrenovables.es\/ca\/wp-json\/wp\/v2\/posts\/2457","targetHints":{"allow":["GET"]}}],"collection":[{"href":"https:\/\/www.audaxrenovables.es\/ca\/wp-json\/wp\/v2\/posts"}],"about":[{"href":"https:\/\/www.audaxrenovables.es\/ca\/wp-json\/wp\/v2\/types\/post"}],"author":[{"embeddable":true,"href":"https:\/\/www.audaxrenovables.es\/ca\/wp-json\/wp\/v2\/users\/1"}],"replies":[{"embeddable":true,"href":"https:\/\/www.audaxrenovables.es\/ca\/wp-json\/wp\/v2\/comments?post=2457"}],"version-history":[{"count":1,"href":"https:\/\/www.audaxrenovables.es\/ca\/wp-json\/wp\/v2\/posts\/2457\/revisions"}],"predecessor-version":[{"id":2779,"href":"https:\/\/www.audaxrenovables.es\/ca\/wp-json\/wp\/v2\/posts\/2457\/revisions\/2779"}],"wp:featuredmedia":[{"embeddable":true,"href":"https:\/\/www.audaxrenovables.es\/ca\/wp-json\/wp\/v2\/media\/2456"}],"wp:attachment":[{"href":"https:\/\/www.audaxrenovables.es\/ca\/wp-json\/wp\/v2\/media?parent=2457"}],"wp:term":[{"taxonomy":"category","embeddable":true,"href":"https:\/\/www.audaxrenovables.es\/ca\/wp-json\/wp\/v2\/categories?post=2457"},{"taxonomy":"post_tag","embeddable":true,"href":"https:\/\/www.audaxrenovables.es\/ca\/wp-json\/wp\/v2\/tags?post=2457"}],"curies":[{"name":"wp","href":"https:\/\/api.w.org\/{rel}","templated":true}]}}