{"id":2459,"date":"2022-06-21T07:07:49","date_gmt":"2022-06-21T07:07:49","guid":{"rendered":"https:\/\/audaxrenovables.es\/audax-renovables-y-econeq-se-unen-para-fomentar-cargadores\/"},"modified":"2023-06-20T11:38:24","modified_gmt":"2023-06-20T11:38:24","slug":"audax-renovables-y-econeq-se-unen-para-fomentar-cargadores","status":"publish","type":"post","link":"https:\/\/www.audaxrenovables.es\/ca\/audax-renovables-i-econeq-suneixen-per-fomentar-carregadors\/","title":{"rendered":"Audax Renovables i eCONEQ s&#039;uneixen per fomentar i instal\u00b7lar carregadors per a vehicles el\u00e8ctrics a tot el territori nacional"},"content":{"rendered":"<p><img decoding=\"async\" class=\"adx_img_post\" src=\"https:\/\/www.audaxrenovables.es\/uploads\/2022\/06\/21\/da0078ad22ea96ca4392b666723c7986.jpg\"><\/p>\n<h1 class=\"adx_tit_post\">Audax Renovables i eCONEQ s&#039;uneixen per fomentar i instal\u00b7lar carregadors per a vehicles el\u00e8ctrics a tot el territori nacional<\/h1>\n<blockquote><p>Audax Renovables, grup energ\u00e8tic espanyol integrat verticalment que genera i subministra electricitat 100% d&#039;origen renovable i gas a clients de 7 pa\u00efsos, i eCONEQ, especialistes en solucions i infraestructures de rec\u00e0rrega per a vehicle el\u00e8ctric, han signat un acord per fomentar els punts de rec\u00e0rrega de vehicles el\u00e8ctrics per tot el territori nacional a tot tipus de clients: particulars, empreses i administracions p\u00fabliques.&nbsp;<\/p><\/blockquote>\n<p>La infraestructura de rec\u00e0rrega \u00e9s essencial per a la consolidaci\u00f3 del vehicle el\u00e8ctric a Espanya. Conscients d&#039;aix\u00f2, eCONEQ i Audax Renovables han establert una alian\u00e7a estrat\u00e8gica per impulsar el desplegament d&#039;una vasta xarxa de punts de rec\u00e0rrega per a vehicle el\u00e8ctric entre els clients de la companyia energ\u00e8tica, ja siguin particulars, empreses o Administraci\u00f3 P\u00fablica.<\/p>\n<p>L?objectiu d?aquest acord \u00e9s acostar la mobilitat el\u00e8ctrica per tot el panorama nacional. El continu increment del nombre de vehicles el\u00e8ctrics circulant per les carreteres espanyoles, l&#039;augment del quilometratge recorregut i les noves normatives governamentals al voltant de l&#039;electromobilitat han perm\u00e8s que un col\u00f3s de la ind\u00fastria energ\u00e8tica renovable europea com Audax Renovables confi\u00ef a eCONEQ per a la instal\u00b7laci\u00f3 de punts de rec\u00e0rrega entre els clients.&nbsp;<\/p>\n<p>A trav\u00e9s d&#039;aquest acord eCONEQ es compromet a oferir els seus serveis de solucions i infraestructures de rec\u00e0rrega, aix\u00ed com l&#039;assessorament, la instal\u00b7laci\u00f3 i l&#039;assist\u00e8ncia a tots aquells clients d&#039;Audax Renovables que ho requereixin.<\/p>\n<p>Sobre Audax Renovables<\/p>\n<p>Fundat a l&#039;any 2000, Audax Renovables \u00e9s un grup energ\u00e8tic espanyol integrat verticalment que genera i subministra electricitat 100% d&#039;origen renovable i gas a clients de set pa\u00efsos europeus. Actualment, compta amb una cartera de parcs e\u00f2lics i fotovoltaics a Espanya, Portugal, It\u00e0lia, Fran\u00e7a, Pol\u00f2nia i Panam\u00e0 en operaci\u00f3, en construcci\u00f3 i en diferents fases de desenvolupament que puja a 2.536 MW. En la seva activitat de comercialitzaci\u00f3, el grup presidit per Jos\u00e9 El\u00edas Navarro proveeix d&#039;energia renovable i gas m\u00e9s de 518 mil clients a Espanya, Portugal, It\u00e0lia, Alemanya, Pol\u00f2nia, Holanda i Hongria, i lidera el segment pime a Espanya. Audax va comen\u00e7ar a cotitzar al mercat secundari espanyol el 2003, i el 2007 va fer el salt al mercat continu, en qu\u00e8 va passar a formar part de l&#039;\u00edndex IBEX SMALL CAP \u00ae el mar\u00e7 del 2020. El 2021 la seva facturaci\u00f3 va arribar als 1.690 milions d&#039;euros , i compta amb un equip de m\u00e9s de 800 professionals.<br \/>\nPer a m\u00e9s informaci\u00f3, visiteu www.audaxrenovables.com \/ www.audaxrenovables.es.<\/p>\n<p>Sobre eCONEQ<br \/>\nTota instal\u00b7laci\u00f3 d&#039;un punt de rec\u00e0rrega per a vehicle el\u00e8ctric ja sigui un particular, empresa o administraci\u00f3 p\u00fablica, est\u00e0 subjecta a la normativa vigent per avalar la seguretat de funcionament de la pr\u00f2pia instal\u00b7laci\u00f3.<\/p>\n<p>A eCONEQ, com a especialistes en solucions i infraestructures de rec\u00e0rrega que som, oferim als nostres clients les millors solucions del mercat, amb un servei personalitzat que ens permet avaluar les necessitats de l&#039;usuari final per oferir-li -amb totes les garanties i complint totes les normatives vigents - la millor soluci\u00f3 de rec\u00e0rrega que s&#039;adapti millor a l&#039;usuari final.<\/p>\n<p>eCONEQ \u00e9s un referent nacional en soluci\u00f3 i instal\u00b7laci\u00f3 de punts de rec\u00e0rrega per a vehicle el\u00e8ctric i, des que comencem a apostar per la mobilitat el\u00e8ctrica, ens hem involucrat per ampliar la xarxa p\u00fablica i privada de punts de rec\u00e0rrega del panorama nacional.<\/p>\n<p>Des d&#039;eCONEQ instal\u00b7lem punts de rec\u00e0rrega intel\u00b7ligents per a garatges particulars o comunitaris, empreses, Administraci\u00f3 P\u00fablica\u2026 I \u00e9s que tots els nostres carregadors s\u00f3n compatibles amb les principals marques de vehicles, ja siguin cotxe el\u00e8ctric, moto el\u00e8ctrica, cotxe h\u00edbrid endollable, furgoneta el\u00e8ctrica, cami\u00f3 el\u00e8ctric \u2026<\/p>","protected":false},"excerpt":{"rendered":"<p>Audax Renovables y eCONEQ se unen para fomentar e instalar cargadores para veh\u00edculos el\u00e9ctricos en todo el territorio nacional Audax Renovables, grupo energ\u00e9tico espa\u00f1ol integrado verticalmente que genera y suministra electricidad 100% de origen renovable y gas a clientes de 7 pa\u00edses, y eCONEQ, especialistas en soluciones e infraestructuras de recarga para veh\u00edculo el\u00e9ctrico, han [&hellip;]<\/p>\n","protected":false},"author":1,"featured_media":2458,"comment_status":"closed","ping_status":"open","sticky":false,"template":"","format":"standard","meta":{"content-type":"","footnotes":""},"categories":[1],"tags":[],"class_list":["post-2459","post","type-post","status-publish","format-standard","has-post-thumbnail","hentry","category-sin-categoria"],"yoast_head":"<!-- This site is optimized with the Yoast SEO plugin v23.5 - https:\/\/yoast.com\/wordpress\/plugins\/seo\/ -->\n<title>Audax Renovables y eCONEQ se unen para fomentar e instalar cargadores para veh?culos el?ctricos en todo el territorio nacional<\/title>\n<meta name=\"description\" content=\"Audax Renovables y eCONEQ se unen para fomentar cargadores\" \/>\n<meta name=\"robots\" content=\"index, follow, max-snippet:-1, max-image-preview:large, max-video-preview:-1\" \/>\n<link rel=\"canonical\" href=\"https:\/\/www.audaxrenovables.es\/ca\/audax-renovables-i-econeq-suneixen-per-fomentar-carregadors\/\" \/>\n<meta property=\"og:locale\" content=\"ca_ES\" \/>\n<meta property=\"og:type\" content=\"article\" \/>\n<meta property=\"og:title\" content=\"Audax Renovables y eCONEQ se unen para fomentar e instalar cargadores para veh?culos el?ctricos en todo el territorio nacional\" \/>\n<meta property=\"og:description\" content=\"Audax Renovables y eCONEQ se unen para fomentar cargadores\" \/>\n<meta property=\"og:url\" content=\"https:\/\/www.audaxrenovables.es\/ca\/audax-renovables-i-econeq-suneixen-per-fomentar-carregadors\/\" \/>\n<meta property=\"og:site_name\" content=\"Audax Renovables\" \/>\n<meta property=\"article:published_time\" content=\"2022-06-21T07:07:49+00:00\" \/>\n<meta property=\"article:modified_time\" content=\"2023-06-20T11:38:24+00:00\" \/>\n<meta property=\"og:image\" content=\"https:\/\/www.audaxrenovables.es\/wp-content\/uploads\/2023\/06\/vehi.jpg.jpg\" \/>\n\t<meta property=\"og:image:width\" content=\"713\" \/>\n\t<meta property=\"og:image:height\" content=\"403\" \/>\n\t<meta property=\"og:image:type\" content=\"image\/jpeg\" \/>\n<meta name=\"author\" content=\"adminadx\" \/>\n<meta name=\"twitter:card\" content=\"summary_large_image\" \/>\n<meta name=\"twitter:label1\" content=\"Escrit per\" \/>\n\t<meta name=\"twitter:data1\" content=\"adminadx\" \/>\n\t<meta name=\"twitter:label2\" content=\"Temps estimat de lectura\" \/>\n\t<meta name=\"twitter:data2\" content=\"3 minuts\" \/>\n<!-- \/ Yoast SEO plugin. -->","yoast_head_json":{"title":"Audax Renovables i eCONEQ s&#039;uneixen per fomentar i instal\u00b7lar carregadors per a vehicles el\u00e8ctrics a tot el territori nacional","description":"Audax Renovables i eCONEQ s&#039;uneixen per fomentar carregadors","robots":{"index":"index","follow":"follow","max-snippet":"max-snippet:-1","max-image-preview":"max-image-preview:large","max-video-preview":"max-video-preview:-1"},"canonical":"https:\/\/www.audaxrenovables.es\/ca\/audax-renovables-i-econeq-suneixen-per-fomentar-carregadors\/","og_locale":"ca_ES","og_type":"article","og_title":"Audax Renovables y eCONEQ se unen para fomentar e instalar cargadores para veh?culos el?ctricos en todo el territorio nacional","og_description":"Audax Renovables y eCONEQ se unen para fomentar cargadores","og_url":"https:\/\/www.audaxrenovables.es\/ca\/audax-renovables-i-econeq-suneixen-per-fomentar-carregadors\/","og_site_name":"Audax Renovables","article_published_time":"2022-06-21T07:07:49+00:00","article_modified_time":"2023-06-20T11:38:24+00:00","og_image":[{"width":713,"height":403,"url":"https:\/\/www.audaxrenovables.es\/wp-content\/uploads\/2023\/06\/vehi.jpg.jpg","type":"image\/jpeg"}],"author":"adminadx","twitter_card":"summary_large_image","twitter_misc":{"Escrit per":"adminadx","Temps estimat de lectura":"3 minuts"},"schema":{"@context":"https:\/\/schema.org","@graph":[{"@type":"Article","@id":"https:\/\/www.audaxrenovables.es\/es\/audax-renovables-y-econeq-se-unen-para-fomentar-cargadores\/#article","isPartOf":{"@id":"https:\/\/www.audaxrenovables.es\/es\/audax-renovables-y-econeq-se-unen-para-fomentar-cargadores\/"},"author":{"name":"adminadx","@id":"https:\/\/www.audaxrenovables.es\/ca\/#\/schema\/person\/39323131dc9a121279e4e63ed89ffbea"},"headline":"Audax Renovables y eCONEQ se unen para fomentar e instalar cargadores para veh\u00edculos el\u00e9ctricos en todo el territorio nacional","datePublished":"2022-06-21T07:07:49+00:00","dateModified":"2023-06-20T11:38:24+00:00","mainEntityOfPage":{"@id":"https:\/\/www.audaxrenovables.es\/es\/audax-renovables-y-econeq-se-unen-para-fomentar-cargadores\/"},"wordCount":683,"publisher":{"@id":"https:\/\/www.audaxrenovables.es\/ca\/#organization"},"image":{"@id":"https:\/\/www.audaxrenovables.es\/es\/audax-renovables-y-econeq-se-unen-para-fomentar-cargadores\/#primaryimage"},"thumbnailUrl":"https:\/\/www.audaxrenovables.es\/wp-content\/uploads\/2023\/06\/vehi.jpg.jpg","articleSection":["Sin categor\u00eda"],"inLanguage":"ca"},{"@type":["WebPage","ItemPage"],"@id":"https:\/\/www.audaxrenovables.es\/es\/audax-renovables-y-econeq-se-unen-para-fomentar-cargadores\/","url":"https:\/\/www.audaxrenovables.es\/es\/audax-renovables-y-econeq-se-unen-para-fomentar-cargadores\/","name":"Audax Renovables i eCONEQ s&#039;uneixen per fomentar i instal\u00b7lar carregadors per a vehicles el\u00e8ctrics a tot el territori nacional","isPartOf":{"@id":"https:\/\/www.audaxrenovables.es\/ca\/#website"},"primaryImageOfPage":{"@id":"https:\/\/www.audaxrenovables.es\/es\/audax-renovables-y-econeq-se-unen-para-fomentar-cargadores\/#primaryimage"},"image":{"@id":"https:\/\/www.audaxrenovables.es\/es\/audax-renovables-y-econeq-se-unen-para-fomentar-cargadores\/#primaryimage"},"thumbnailUrl":"https:\/\/www.audaxrenovables.es\/wp-content\/uploads\/2023\/06\/vehi.jpg.jpg","datePublished":"2022-06-21T07:07:49+00:00","dateModified":"2023-06-20T11:38:24+00:00","description":"Audax Renovables i eCONEQ s&#039;uneixen per fomentar carregadors","breadcrumb":{"@id":"https:\/\/www.audaxrenovables.es\/es\/audax-renovables-y-econeq-se-unen-para-fomentar-cargadores\/#breadcrumb"},"inLanguage":"ca","potentialAction":[{"@type":"ReadAction","target":["https:\/\/www.audaxrenovables.es\/es\/audax-renovables-y-econeq-se-unen-para-fomentar-cargadores\/"]}]},{"@type":"ImageObject","inLanguage":"ca","@id":"https:\/\/www.audaxrenovables.es\/es\/audax-renovables-y-econeq-se-unen-para-fomentar-cargadores\/#primaryimage","url":"https:\/\/www.audaxrenovables.es\/wp-content\/uploads\/2023\/06\/vehi.jpg.jpg","contentUrl":"https:\/\/www.audaxrenovables.es\/wp-content\/uploads\/2023\/06\/vehi.jpg.jpg","width":713,"height":403},{"@type":"BreadcrumbList","@id":"https:\/\/www.audaxrenovables.es\/es\/audax-renovables-y-econeq-se-unen-para-fomentar-cargadores\/#breadcrumb","itemListElement":[{"@type":"ListItem","position":1,"name":"Portada","item":"https:\/\/www.audaxrenovables.es\/es\/"},{"@type":"ListItem","position":2,"name":"Audax Renovables y eCONEQ se unen para fomentar e instalar cargadores para veh\u00edculos el\u00e9ctricos en todo el territorio nacional"}]},{"@type":"WebSite","@id":"https:\/\/www.audaxrenovables.es\/ca\/#website","url":"https:\/\/www.audaxrenovables.es\/ca\/","name":"Audax Renovables","description":"Companyia independent dedicada a la producci\u00f3 denergia el\u00e8ctrica a partir de fonts denergia 100% renovables","publisher":{"@id":"https:\/\/www.audaxrenovables.es\/ca\/#organization"},"potentialAction":[{"@type":"SearchAction","target":{"@type":"EntryPoint","urlTemplate":"https:\/\/www.audaxrenovables.es\/ca\/?s={search_term_string}"},"query-input":{"@type":"PropertyValueSpecification","valueRequired":true,"valueName":"search_term_string"}}],"inLanguage":"ca"},{"@type":"Organization","@id":"https:\/\/www.audaxrenovables.es\/ca\/#organization","name":"Audax Renovables","alternateName":"Audax Energ\u00eda","url":"https:\/\/www.audaxrenovables.es\/ca\/","logo":{"@type":"ImageObject","inLanguage":"ca","@id":"https:\/\/www.audaxrenovables.es\/ca\/#\/schema\/logo\/image\/","url":"https:\/\/www.audaxrenovables.es\/wp-content\/uploads\/2023\/04\/logo.png","contentUrl":"https:\/\/www.audaxrenovables.es\/wp-content\/uploads\/2023\/04\/logo.png","width":197,"height":125,"caption":"Audax Renovables"},"image":{"@id":"https:\/\/www.audaxrenovables.es\/ca\/#\/schema\/logo\/image\/"},"sameAs":["https:\/\/www.instagram.com\/audaxrenovables\/","https:\/\/x.com\/AudaxRenovables","https:\/\/www.youtube.com\/user\/AudaxEnergia","https:\/\/www.tiktok.com\/@audaxrenovables","https:\/\/www.linkedin.com\/company\/203502\/admin\/"]},{"@type":"Person","@id":"https:\/\/www.audaxrenovables.es\/ca\/#\/schema\/person\/39323131dc9a121279e4e63ed89ffbea","name":"adminadx","image":{"@type":"ImageObject","inLanguage":"ca","@id":"https:\/\/www.audaxrenovables.es\/ca\/#\/schema\/person\/image\/","url":"https:\/\/secure.gravatar.com\/avatar\/60b4d621160a422b02f2d19db7066f73c964c792ce03f3da9d36f40a41bdd2e6?s=96&d=mm&r=g","contentUrl":"https:\/\/secure.gravatar.com\/avatar\/60b4d621160a422b02f2d19db7066f73c964c792ce03f3da9d36f40a41bdd2e6?s=96&d=mm&r=g","caption":"adminadx"},"sameAs":["https:\/\/audaxrenovables.es"]}]}},"_links":{"self":[{"href":"https:\/\/www.audaxrenovables.es\/ca\/wp-json\/wp\/v2\/posts\/2459","targetHints":{"allow":["GET"]}}],"collection":[{"href":"https:\/\/www.audaxrenovables.es\/ca\/wp-json\/wp\/v2\/posts"}],"about":[{"href":"https:\/\/www.audaxrenovables.es\/ca\/wp-json\/wp\/v2\/types\/post"}],"author":[{"embeddable":true,"href":"https:\/\/www.audaxrenovables.es\/ca\/wp-json\/wp\/v2\/users\/1"}],"replies":[{"embeddable":true,"href":"https:\/\/www.audaxrenovables.es\/ca\/wp-json\/wp\/v2\/comments?post=2459"}],"version-history":[{"count":1,"href":"https:\/\/www.audaxrenovables.es\/ca\/wp-json\/wp\/v2\/posts\/2459\/revisions"}],"predecessor-version":[{"id":2780,"href":"https:\/\/www.audaxrenovables.es\/ca\/wp-json\/wp\/v2\/posts\/2459\/revisions\/2780"}],"wp:featuredmedia":[{"embeddable":true,"href":"https:\/\/www.audaxrenovables.es\/ca\/wp-json\/wp\/v2\/media\/2458"}],"wp:attachment":[{"href":"https:\/\/www.audaxrenovables.es\/ca\/wp-json\/wp\/v2\/media?parent=2459"}],"wp:term":[{"taxonomy":"category","embeddable":true,"href":"https:\/\/www.audaxrenovables.es\/ca\/wp-json\/wp\/v2\/categories?post=2459"},{"taxonomy":"post_tag","embeddable":true,"href":"https:\/\/www.audaxrenovables.es\/ca\/wp-json\/wp\/v2\/tags?post=2459"}],"curies":[{"name":"wp","href":"https:\/\/api.w.org\/{rel}","templated":true}]}}