{"id":2461,"date":"2022-06-16T06:37:24","date_gmt":"2022-06-16T06:37:24","guid":{"rendered":"https:\/\/audaxrenovables.es\/audax-cierra-acuerdo-de-40-millones-en-proyectos-fotovoltaicos\/"},"modified":"2023-06-20T11:38:59","modified_gmt":"2023-06-20T11:38:59","slug":"audax-cierra-acuerdo-de-40-millones-en-proyectos-fotovoltaicos","status":"publish","type":"post","link":"https:\/\/www.audaxrenovables.es\/ca\/audax-tanca-acord-de-40-milions-en-projectes-fotovoltaics\/","title":{"rendered":"Audax tanca amb el fons IKAV un primer acord de 40 milions en projectes fotovoltaics"},"content":{"rendered":"<p><img decoding=\"async\" class=\"adx_img_post\" src=\"https:\/\/www.audaxrenovables.es\/uploads\/2022\/06\/16\/d0cf1dfdf4c268d4073eb5e9a4706fc3.jpg\"><\/p>\n<h1 class=\"adx_tit_post\">Audax tanca amb el fons IKAV un primer acord de 40 milions en projectes fotovoltaics<\/h1>\n<blockquote><p>IKAV adquireix el 49% de les instal\u00b7lacions solars en operaci\u00f3 69,5 MWp, per un import total de 8,8 milions d&#039;euros, fet que suposar\u00e0 la seva entrada com a soci financer en els projectes, aportant a m\u00e9s un finan\u00e7ament a llarg termini per un total de 29,9 milions d&#039;euros.<\/p>\n<p>Addicionalment, el fons inversor entrar\u00e0 a l&#039;accionariat de les societats vehiculars, aportant el finan\u00e7ament necessari per impulsar aquells projectes de generaci\u00f3 fotovoltaica amb una pot\u00e8ncia total de fins a 160 MWp i que arribin a la fase Ready to Build (RtB) dins de l&#039;exercici 2022\/ 23.<\/p><\/blockquote>\n<p>Audax Renovables (ADX.MC), grup energ\u00e8tic espanyol integrat verticalment que genera i subministra electricitat 100% renovable i gas amb pres\u00e8ncia a 9 pa\u00efsos, ha incorporat al fons internacional IKAV com a soci de la seva cartera de projectes fotovoltaics, donant aix\u00ed visibilitat al valor dels seus actius al mercat i obtenint els recursos necessaris per seguir amb el seu ambici\u00f3s pla estrat\u00e8gic a mitj\u00e0 i llarg termini.<\/p>\n<p>El Grup, que compta amb un dels pipelins amb m\u00e9s qualitat del sector, en situar els seus projectes en aquelles zones amb millor recurs en les tecnologies on \u00e9s present, e\u00f2lica terrestre i fotovoltaica, materialitza i posa en valor la seva cartera d&#039;actius, fet que suposaran un increment en els nivells de facturaci\u00f3 i EBITDA del Grup.<\/p>\n<p>La innovadora operaci\u00f3 inclou diversos acords de diferent \u00edndole. En primer lloc, IKAV adquireix, a trav\u00e9s d&#039;una de les seves societats d&#039;inversi\u00f3, una participaci\u00f3 del 49% al capital dels projectes solars d&#039;Audax Renovables actualment en operaci\u00f3 (69,5 MWp) per un import de 8,8 milions d&#039;euros. El benefici comptable a Audax Renovables, SA, a nivell individual, d&#039;aquesta operaci\u00f3 ha pujat a 2 milions d&#039;euros. Addicionalment, Audax es reserva l&#039;opci\u00f3 de recompra del capital en el futur.<\/p>\n<p>Complement\u00e0riament a l&#039;anterior, IKAV aporta finan\u00e7ament a llarg termini per import de 29,9 milions d&#039;euros a aquestes plantes en operaci\u00f3, recuperant aix\u00ed Audax part del capital invertit, podent aix\u00ed destinar aquests fons per continuar impulsant altres projectes de la cartera.<\/p>\n<p>Addicionalment, ambd\u00f3s grups compten amb un acord que contempla que IKAV entri a l&#039;accionariat de les societats vehiculars i aportant el finan\u00e7ament necessari per a aquells projectes de generaci\u00f3 fotovoltaica per una pot\u00e8ncia total de 160 MWp que arribin a la fase Ready to Build (RtB) dins de lexercici 2022\/23.&nbsp;<\/p>\n<p>Per tant, l&#039;associaci\u00f3 dels dos grups empresarials pot assolir un per\u00edmetre de 230 MWp en qu\u00e8 Audax Renovables continuar\u00e0 consolidant i mantenint el control dels actius, refor\u00e7ant aix\u00ed el seu model de negoci.<\/p>\n<p>Mitjan\u00e7ant aquesta operaci\u00f3, Audax Renovables d\u00f3na un nou impuls a la seva estrat\u00e8gia de rotaci\u00f3 d&#039;actius renovables, mantenint en tot moment la majoria i el control dels mateixos, venent l&#039;energia produ\u00efda a PPA i proveint-se de la manera m\u00e9s eficient possible.<\/p>\n<p>&quot;Estem molt satisfets d\u00b4incorporar IKAV com un soci s\u00f2lid i de prestigi&quot;, ha assegurat Jos\u00e9 El\u00edas, m\u00e0xim accionista i President del Consell d\u00b4Administraci\u00f3 d\u00b4Audax Renovables. &quot;Aquesta transacci\u00f3 demostra una vegada m\u00e9s la qualitat i l&#039;atractiu del nostre portfoli, accelerant la cristal\u00b7litzaci\u00f3 de valor en actius operatius, amb l&#039;objectiu de reinvertir en noves oportunitats que ens ajudin a assolir el nostre Pla Estrat\u00e8gic&quot;, ha afegit.<\/p>\n<p>Per la seva banda, Emilio Camblor, COO del grup IKAV ha assegurat, \u201dEns complau recolzar una companyia tan reconeguda com Audax Renovables en el creixement del seu negoci de generaci\u00f3 renovable a Espanya. IKAV ja compta amb un portfoli d&#039;actius renovables sota gesti\u00f3 molt significatiu a la regi\u00f3 i, per tant, aquesta operaci\u00f3 est\u00e0 perfectament alineada amb la nostra estrat\u00e8gia d&#039;inversi\u00f3 a llarg termini\u201d. &nbsp;<\/p>\n<p>Per a aquesta operaci\u00f3, la companyia presidida per Jos\u00e9 El\u00edas Navarro ha comptat amb l?assessorament d?ING i J&amp;A Garrigues, entre altres assessors.<\/p>","protected":false},"excerpt":{"rendered":"<p>Audax cierra con el fondo IKAV un primer acuerdo de 40 millones en proyectos fotovoltaicos IKAV adquiere el 49% de las instalaciones solares en operaci\u00f3n 69,5 MWp, por un importe total de 8,8 millones de euros, lo que supondr\u00e1 su entrada como socio financiero en los proyectos, aportando adem\u00e1s una financiaci\u00f3n a largo plazo por [&hellip;]<\/p>\n","protected":false},"author":1,"featured_media":2460,"comment_status":"closed","ping_status":"open","sticky":false,"template":"","format":"standard","meta":{"content-type":"","footnotes":""},"categories":[1],"tags":[],"class_list":["post-2461","post","type-post","status-publish","format-standard","has-post-thumbnail","hentry","category-sin-categoria"],"yoast_head":"<!-- This site is optimized with the Yoast SEO plugin v23.5 - https:\/\/yoast.com\/wordpress\/plugins\/seo\/ -->\n<title>Audax cierra con el fondo IKAV un primer acuerdo de 40 millones en proyectos fotovoltaicos<\/title>\n<meta name=\"description\" content=\"Audax cierra acuerdo de 40 millones en proyectos fotovoltaicos\" \/>\n<meta name=\"robots\" content=\"index, follow, max-snippet:-1, max-image-preview:large, max-video-preview:-1\" \/>\n<link rel=\"canonical\" href=\"https:\/\/www.audaxrenovables.es\/ca\/audax-closes-agreement-for-40-million-in-photovoltaic-projects\/\" \/>\n<meta property=\"og:locale\" content=\"ca_ES\" \/>\n<meta property=\"og:type\" content=\"article\" \/>\n<meta property=\"og:title\" content=\"Audax cierra con el fondo IKAV un primer acuerdo de 40 millones en proyectos fotovoltaicos\" \/>\n<meta property=\"og:description\" content=\"Audax cierra acuerdo de 40 millones en proyectos fotovoltaicos\" \/>\n<meta property=\"og:url\" content=\"https:\/\/www.audaxrenovables.es\/ca\/audax-closes-agreement-for-40-million-in-photovoltaic-projects\/\" \/>\n<meta property=\"og:site_name\" content=\"Audax Renovables\" \/>\n<meta property=\"article:published_time\" content=\"2022-06-16T06:37:24+00:00\" \/>\n<meta property=\"article:modified_time\" content=\"2023-06-20T11:38:59+00:00\" \/>\n<meta property=\"og:image\" content=\"https:\/\/www.audaxrenovables.es\/wp-content\/uploads\/2023\/06\/16.jpg.jpg\" \/>\n\t<meta property=\"og:image:width\" content=\"713\" \/>\n\t<meta property=\"og:image:height\" content=\"403\" \/>\n\t<meta property=\"og:image:type\" content=\"image\/jpeg\" \/>\n<meta name=\"author\" content=\"adminadx\" \/>\n<meta name=\"twitter:card\" content=\"summary_large_image\" \/>\n<meta name=\"twitter:label1\" content=\"Escrit per\" \/>\n\t<meta name=\"twitter:data1\" content=\"adminadx\" \/>\n\t<meta name=\"twitter:label2\" content=\"Temps estimat de lectura\" \/>\n\t<meta name=\"twitter:data2\" content=\"4 minuts\" \/>\n<!-- \/ Yoast SEO plugin. -->","yoast_head_json":{"title":"Audax tanca amb el fons IKAV un primer acord de 40 milions en projectes fotovoltaics","description":"Audax tanca acord de 40 milions en projectes fotovoltaics","robots":{"index":"index","follow":"follow","max-snippet":"max-snippet:-1","max-image-preview":"max-image-preview:large","max-video-preview":"max-video-preview:-1"},"canonical":"https:\/\/www.audaxrenovables.es\/ca\/audax-closes-agreement-for-40-million-in-photovoltaic-projects\/","og_locale":"ca_ES","og_type":"article","og_title":"Audax cierra con el fondo IKAV un primer acuerdo de 40 millones en proyectos fotovoltaicos","og_description":"Audax cierra acuerdo de 40 millones en proyectos fotovoltaicos","og_url":"https:\/\/www.audaxrenovables.es\/ca\/audax-closes-agreement-for-40-million-in-photovoltaic-projects\/","og_site_name":"Audax Renovables","article_published_time":"2022-06-16T06:37:24+00:00","article_modified_time":"2023-06-20T11:38:59+00:00","og_image":[{"width":713,"height":403,"url":"https:\/\/www.audaxrenovables.es\/wp-content\/uploads\/2023\/06\/16.jpg.jpg","type":"image\/jpeg"}],"author":"adminadx","twitter_card":"summary_large_image","twitter_misc":{"Escrit per":"adminadx","Temps estimat de lectura":"4 minuts"},"schema":{"@context":"https:\/\/schema.org","@graph":[{"@type":"Article","@id":"https:\/\/www.audaxrenovables.es\/en\/audax-closes-agreement-for-40-million-in-photovoltaic-projects\/#article","isPartOf":{"@id":"https:\/\/www.audaxrenovables.es\/en\/audax-closes-agreement-for-40-million-in-photovoltaic-projects\/"},"author":{"name":"adminadx","@id":"https:\/\/www.audaxrenovables.es\/ca\/#\/schema\/person\/39323131dc9a121279e4e63ed89ffbea"},"headline":"Audax cierra con el fondo IKAV un primer acuerdo de 40 millones en proyectos fotovoltaicos","datePublished":"2022-06-16T06:37:24+00:00","dateModified":"2023-06-20T11:38:59+00:00","mainEntityOfPage":{"@id":"https:\/\/www.audaxrenovables.es\/en\/audax-closes-agreement-for-40-million-in-photovoltaic-projects\/"},"wordCount":700,"publisher":{"@id":"https:\/\/www.audaxrenovables.es\/ca\/#organization"},"image":{"@id":"https:\/\/www.audaxrenovables.es\/en\/audax-closes-agreement-for-40-million-in-photovoltaic-projects\/#primaryimage"},"thumbnailUrl":"https:\/\/www.audaxrenovables.es\/wp-content\/uploads\/2023\/06\/16.jpg.jpg","articleSection":["Sin categor\u00eda"],"inLanguage":"ca"},{"@type":["WebPage","ItemPage"],"@id":"https:\/\/www.audaxrenovables.es\/en\/audax-closes-agreement-for-40-million-in-photovoltaic-projects\/","url":"https:\/\/www.audaxrenovables.es\/en\/audax-closes-agreement-for-40-million-in-photovoltaic-projects\/","name":"Audax tanca amb el fons IKAV un primer acord de 40 milions en projectes fotovoltaics","isPartOf":{"@id":"https:\/\/www.audaxrenovables.es\/ca\/#website"},"primaryImageOfPage":{"@id":"https:\/\/www.audaxrenovables.es\/en\/audax-closes-agreement-for-40-million-in-photovoltaic-projects\/#primaryimage"},"image":{"@id":"https:\/\/www.audaxrenovables.es\/en\/audax-closes-agreement-for-40-million-in-photovoltaic-projects\/#primaryimage"},"thumbnailUrl":"https:\/\/www.audaxrenovables.es\/wp-content\/uploads\/2023\/06\/16.jpg.jpg","datePublished":"2022-06-16T06:37:24+00:00","dateModified":"2023-06-20T11:38:59+00:00","description":"Audax tanca acord de 40 milions en projectes fotovoltaics","breadcrumb":{"@id":"https:\/\/www.audaxrenovables.es\/en\/audax-closes-agreement-for-40-million-in-photovoltaic-projects\/#breadcrumb"},"inLanguage":"ca","potentialAction":[{"@type":"ReadAction","target":["https:\/\/www.audaxrenovables.es\/en\/audax-closes-agreement-for-40-million-in-photovoltaic-projects\/"]}]},{"@type":"ImageObject","inLanguage":"ca","@id":"https:\/\/www.audaxrenovables.es\/en\/audax-closes-agreement-for-40-million-in-photovoltaic-projects\/#primaryimage","url":"https:\/\/www.audaxrenovables.es\/wp-content\/uploads\/2023\/06\/16.jpg.jpg","contentUrl":"https:\/\/www.audaxrenovables.es\/wp-content\/uploads\/2023\/06\/16.jpg.jpg","width":713,"height":403},{"@type":"BreadcrumbList","@id":"https:\/\/www.audaxrenovables.es\/en\/audax-closes-agreement-for-40-million-in-photovoltaic-projects\/#breadcrumb","itemListElement":[{"@type":"ListItem","position":1,"name":"Portada","item":"https:\/\/www.audaxrenovables.es\/es\/"},{"@type":"ListItem","position":2,"name":"Audax cierra con el fondo IKAV un primer acuerdo de 40 millones en proyectos fotovoltaicos"}]},{"@type":"WebSite","@id":"https:\/\/www.audaxrenovables.es\/ca\/#website","url":"https:\/\/www.audaxrenovables.es\/ca\/","name":"Audax Renovables","description":"Companyia independent dedicada a la producci\u00f3 denergia el\u00e8ctrica a partir de fonts denergia 100% renovables","publisher":{"@id":"https:\/\/www.audaxrenovables.es\/ca\/#organization"},"potentialAction":[{"@type":"SearchAction","target":{"@type":"EntryPoint","urlTemplate":"https:\/\/www.audaxrenovables.es\/ca\/?s={search_term_string}"},"query-input":{"@type":"PropertyValueSpecification","valueRequired":true,"valueName":"search_term_string"}}],"inLanguage":"ca"},{"@type":"Organization","@id":"https:\/\/www.audaxrenovables.es\/ca\/#organization","name":"Audax Renovables","alternateName":"Audax Energ\u00eda","url":"https:\/\/www.audaxrenovables.es\/ca\/","logo":{"@type":"ImageObject","inLanguage":"ca","@id":"https:\/\/www.audaxrenovables.es\/ca\/#\/schema\/logo\/image\/","url":"https:\/\/www.audaxrenovables.es\/wp-content\/uploads\/2023\/04\/logo.png","contentUrl":"https:\/\/www.audaxrenovables.es\/wp-content\/uploads\/2023\/04\/logo.png","width":197,"height":125,"caption":"Audax Renovables"},"image":{"@id":"https:\/\/www.audaxrenovables.es\/ca\/#\/schema\/logo\/image\/"},"sameAs":["https:\/\/www.instagram.com\/audaxrenovables\/","https:\/\/x.com\/AudaxRenovables","https:\/\/www.youtube.com\/user\/AudaxEnergia","https:\/\/www.tiktok.com\/@audaxrenovables","https:\/\/www.linkedin.com\/company\/203502\/admin\/"]},{"@type":"Person","@id":"https:\/\/www.audaxrenovables.es\/ca\/#\/schema\/person\/39323131dc9a121279e4e63ed89ffbea","name":"adminadx","image":{"@type":"ImageObject","inLanguage":"ca","@id":"https:\/\/www.audaxrenovables.es\/ca\/#\/schema\/person\/image\/","url":"https:\/\/secure.gravatar.com\/avatar\/60b4d621160a422b02f2d19db7066f73c964c792ce03f3da9d36f40a41bdd2e6?s=96&d=mm&r=g","contentUrl":"https:\/\/secure.gravatar.com\/avatar\/60b4d621160a422b02f2d19db7066f73c964c792ce03f3da9d36f40a41bdd2e6?s=96&d=mm&r=g","caption":"adminadx"},"sameAs":["https:\/\/audaxrenovables.es"]}]}},"_links":{"self":[{"href":"https:\/\/www.audaxrenovables.es\/ca\/wp-json\/wp\/v2\/posts\/2461","targetHints":{"allow":["GET"]}}],"collection":[{"href":"https:\/\/www.audaxrenovables.es\/ca\/wp-json\/wp\/v2\/posts"}],"about":[{"href":"https:\/\/www.audaxrenovables.es\/ca\/wp-json\/wp\/v2\/types\/post"}],"author":[{"embeddable":true,"href":"https:\/\/www.audaxrenovables.es\/ca\/wp-json\/wp\/v2\/users\/1"}],"replies":[{"embeddable":true,"href":"https:\/\/www.audaxrenovables.es\/ca\/wp-json\/wp\/v2\/comments?post=2461"}],"version-history":[{"count":1,"href":"https:\/\/www.audaxrenovables.es\/ca\/wp-json\/wp\/v2\/posts\/2461\/revisions"}],"predecessor-version":[{"id":2781,"href":"https:\/\/www.audaxrenovables.es\/ca\/wp-json\/wp\/v2\/posts\/2461\/revisions\/2781"}],"wp:featuredmedia":[{"embeddable":true,"href":"https:\/\/www.audaxrenovables.es\/ca\/wp-json\/wp\/v2\/media\/2460"}],"wp:attachment":[{"href":"https:\/\/www.audaxrenovables.es\/ca\/wp-json\/wp\/v2\/media?parent=2461"}],"wp:term":[{"taxonomy":"category","embeddable":true,"href":"https:\/\/www.audaxrenovables.es\/ca\/wp-json\/wp\/v2\/categories?post=2461"},{"taxonomy":"post_tag","embeddable":true,"href":"https:\/\/www.audaxrenovables.es\/ca\/wp-json\/wp\/v2\/tags?post=2461"}],"curies":[{"name":"wp","href":"https:\/\/api.w.org\/{rel}","templated":true}]}}