{"id":2467,"date":"2022-05-10T06:30:24","date_gmt":"2022-05-10T06:30:24","guid":{"rendered":"https:\/\/audaxrenovables.es\/audax-renovables-inicia-nuevo-proyecto-fotovoltaico-en-fontanar\/"},"modified":"2023-06-20T11:39:13","modified_gmt":"2023-06-20T11:39:13","slug":"audax-renovables-inicia-nuevo-proyecto-fotovoltaico-en-fontanar","status":"publish","type":"post","link":"https:\/\/www.audaxrenovables.es\/ca\/audax-renovables-inicia-nou-projecte-fotovoltaic-a-fontanar\/","title":{"rendered":"Audax Renovables inverteix 4,3 milions d&#039;euros en la construcci\u00f3 d&#039;un nou projecte fotovoltaic a Fontanar, Guadalajara"},"content":{"rendered":"<p><img decoding=\"async\" class=\"adx_img_post\" src=\"https:\/\/www.audaxrenovables.es\/uploads\/2022\/05\/10\/685efa36dbe05d6c225c1e2964f45335.jpg\"><\/p>\n<h1 class=\"adx_tit_post\">Audax Renovables inverteix 4,3 milions d&#039;euros en la construcci\u00f3 d&#039;un nou projecte fotovoltaic a Fontanar, Guadalajara<\/h1>\n<blockquote><p>La Miranda comptar\u00e0 amb una pot\u00e8ncia total de 6,87 MWp i es connectar\u00e0 a la Subestaci\u00f3 de Fontanar amb una l\u00ednia d&#039;evacuaci\u00f3 pr\u00f2pia de poc m\u00e9s de 700 metres, estimant que el per\u00edode de construcci\u00f3 sigui d&#039;aproximadament 6 mesos.<\/p><\/blockquote>\n<p>Audax Renovables (ADX.MC), grup energ\u00e8tic espanyol integrat verticalment que genera i subministra electricitat 100% renovable i gas amb pres\u00e8ncia a 9 pa\u00efsos, inicia la construcci\u00f3 del seu projecte fotovoltaic, La Miranda, localitzat al municipi de Fontanar, a la prov\u00edncia de Guadalajara, que disposar\u00e0 d&#039;una pot\u00e8ncia total de 6,87 MWp. A l&#039;esmentat municipi, el Grup ja va construir la seva primera planta fotovoltaica, Ca\u00f1amares, l&#039;exercici 2020, la qual es troba a ple funcionament i amb un rendiment per sobre del que s&#039;esperava. &nbsp;<\/p>\n<p>En l\u00ednia amb la seva estrat\u00e8gia de continuar impulsant la seva activitat de generaci\u00f3 a trav\u00e9s dels diferents projectes que formen el seu portfoli, Audax t\u00e9 previst invertir en la construcci\u00f3 del projecte de La Miranda aproximadament de 4,3 milions d&#039;euros.<\/p>\n<p>El projecte comptar\u00e0 amb 12.490 m\u00f2duls de 550 Wp amb seguidor a 1 eix categoria Tier-1, cosa que permetr\u00e0 generar 12,2 GWh\/any, l&#039;equivalent al consum energ\u00e8tic de gaireb\u00e9 3.500 llars i al voltant de 11.000 persones. La seva aposta per l&#039;energia neta evitar\u00e0 l&#039;emissi\u00f3 a l&#039;atmosfera de 2.500 tones de CO2 a l&#039;any.<\/p>\n<p>Aquesta instal\u00b7laci\u00f3 s&#039;ha de connectar a la subestaci\u00f3 de Fontanar amb una l\u00ednia d&#039;evacuaci\u00f3 pr\u00f2pia de poc m\u00e9s de 700 metres, i estimar que el per\u00edode de construcci\u00f3 sigui d&#039;aproximadament 6 mesos. La companyia s?assegura l?acompanyament de les obres amb contractistes de primer nivell que compleixen amb alts est\u00e0ndards de qualitat.<\/p>\n<p>Audax compta actualment amb 226 MW de pot\u00e8ncia ja instal\u00b7lada, un 150% m\u00e9s que el 2020 incloent-se en aquests 226 MW el projecte del parc e\u00f2lic Toabr\u00e9, a Panam\u00e0 que es troba produint en la seva fase final de proves.<\/p>\n<p>Aquests projectes s&#039;emmarquen en la decidida aposta i estrat\u00e8gia del Grup Audax d&#039;augmentar la seva cartera de generaci\u00f3 100% renovable incrementant el seu portfoli de cartera de generaci\u00f3, ja sigui mitjan\u00e7ant creixement org\u00e0nic o mitjan\u00e7ant el tancament d&#039;acords de compra, amb l&#039;objectiu de subministrar-los clients energia d&#039;origen renovable produ\u00efda a les seves pr\u00f2pies plantes.<\/p>\n<p>Sobre Audax Renovables<\/p>\n<p>Fundat l&#039;any 2000, Audax Renovables \u00e9s un grup energ\u00e8tic espanyol integrat verticalment que genera i subministra electricitat 100% renovable i gas a clients de set pa\u00efsos europeus. Actualment, compta amb una cartera de parcs e\u00f2lics i fotovoltaics a Espanya, Portugal, It\u00e0lia, Fran\u00e7a, Pol\u00f2nia i Panam\u00e0 en operaci\u00f3, en construcci\u00f3 i en diferents fases de desenvolupament que puja a 2.536 MW. En la seva activitat de comercialitzaci\u00f3, el grup presidit per Jos\u00e9 El\u00edas Navarro proveeix d&#039;energia renovable i gas m\u00e9s de 518 mil clients a Espanya, Portugal, It\u00e0lia, Alemanya, Pol\u00f2nia, Holanda i Hongria, i lidera el segment pime a Espanya. Audax va comen\u00e7ar a cotitzar al mercat secundari espanyol el 2003, i el 2007 va fer el salt al mercat continu, en qu\u00e8 va passar a formar part de l&#039;\u00edndex IBEX SMALL CAP \u00ae el mar\u00e7 del 2020. El 2021 la seva facturaci\u00f3 va arribar als 1.690 milions d&#039;euros , i compta amb un equip de m\u00e9s de 800 professionals.<\/p>\n<p>Per a m\u00e9s informaci\u00f3, visiteu www.audaxrenovables.com.<\/p>","protected":false},"excerpt":{"rendered":"<p>Audax Renovables invierte 4,3 millones de euros en la construcci\u00f3n de un nuevo proyecto fotovoltaico en Fontanar, Guadalajara La Miranda contar\u00e1 con una potencia total de 6,87 MWp y se conectar\u00e1 a la Subestaci\u00f3n de Fontanar con una l\u00ednea de evacuaci\u00f3n propia de poco m\u00e1s de 700 metros, estimando que el per\u00edodo de construcci\u00f3n sea [&hellip;]<\/p>\n","protected":false},"author":1,"featured_media":2466,"comment_status":"closed","ping_status":"open","sticky":false,"template":"","format":"standard","meta":{"content-type":"","footnotes":""},"categories":[1],"tags":[],"class_list":["post-2467","post","type-post","status-publish","format-standard","has-post-thumbnail","hentry","category-sin-categoria"],"yoast_head":"<!-- This site is optimized with the Yoast SEO plugin v23.5 - https:\/\/yoast.com\/wordpress\/plugins\/seo\/ -->\n<title>Audax Renovables invierte 4,3 millones de euros en la construcci?n de un nuevo proyecto fotovoltaico en Fontanar, Guadalajara<\/title>\n<meta name=\"description\" content=\"Audax Renovables inicia nuevo proyecto fotovoltaico en Fontanar\" \/>\n<meta name=\"robots\" content=\"index, follow, max-snippet:-1, max-image-preview:large, max-video-preview:-1\" \/>\n<link rel=\"canonical\" href=\"https:\/\/www.audaxrenovables.es\/ca\/audax-renovables-inicia-nou-projecte-fotovoltaic-a-fontanar\/\" \/>\n<meta property=\"og:locale\" content=\"ca_ES\" \/>\n<meta property=\"og:type\" content=\"article\" \/>\n<meta property=\"og:title\" content=\"Audax Renovables invierte 4,3 millones de euros en la construcci?n de un nuevo proyecto fotovoltaico en Fontanar, Guadalajara\" \/>\n<meta property=\"og:description\" content=\"Audax Renovables inicia nuevo proyecto fotovoltaico en Fontanar\" \/>\n<meta property=\"og:url\" content=\"https:\/\/www.audaxrenovables.es\/ca\/audax-renovables-inicia-nou-projecte-fotovoltaic-a-fontanar\/\" \/>\n<meta property=\"og:site_name\" content=\"Audax Renovables\" \/>\n<meta property=\"article:published_time\" content=\"2022-05-10T06:30:24+00:00\" \/>\n<meta property=\"article:modified_time\" content=\"2023-06-20T11:39:13+00:00\" \/>\n<meta property=\"og:image\" content=\"https:\/\/www.audaxrenovables.es\/wp-content\/uploads\/2023\/06\/Mir.jpg.jpg\" \/>\n\t<meta property=\"og:image:width\" content=\"713\" \/>\n\t<meta property=\"og:image:height\" content=\"403\" \/>\n\t<meta property=\"og:image:type\" content=\"image\/jpeg\" \/>\n<meta name=\"author\" content=\"adminadx\" \/>\n<meta name=\"twitter:card\" content=\"summary_large_image\" \/>\n<meta name=\"twitter:label1\" content=\"Escrit per\" \/>\n\t<meta name=\"twitter:data1\" content=\"adminadx\" \/>\n\t<meta name=\"twitter:label2\" content=\"Temps estimat de lectura\" \/>\n\t<meta name=\"twitter:data2\" content=\"3 minuts\" \/>\n<!-- \/ Yoast SEO plugin. -->","yoast_head_json":{"title":"Audax Renovables inverteix 4,3 milions d?euros en la construcci? d?un nou projecte fotovoltaic a Fontanar, Guadalajara","description":"Audax Renovables inicia nou projecte fotovoltaic a Fontanar","robots":{"index":"index","follow":"follow","max-snippet":"max-snippet:-1","max-image-preview":"max-image-preview:large","max-video-preview":"max-video-preview:-1"},"canonical":"https:\/\/www.audaxrenovables.es\/ca\/audax-renovables-inicia-nou-projecte-fotovoltaic-a-fontanar\/","og_locale":"ca_ES","og_type":"article","og_title":"Audax Renovables invierte 4,3 millones de euros en la construcci?n de un nuevo proyecto fotovoltaico en Fontanar, Guadalajara","og_description":"Audax Renovables inicia nuevo proyecto fotovoltaico en Fontanar","og_url":"https:\/\/www.audaxrenovables.es\/ca\/audax-renovables-inicia-nou-projecte-fotovoltaic-a-fontanar\/","og_site_name":"Audax Renovables","article_published_time":"2022-05-10T06:30:24+00:00","article_modified_time":"2023-06-20T11:39:13+00:00","og_image":[{"width":713,"height":403,"url":"https:\/\/www.audaxrenovables.es\/wp-content\/uploads\/2023\/06\/Mir.jpg.jpg","type":"image\/jpeg"}],"author":"adminadx","twitter_card":"summary_large_image","twitter_misc":{"Escrit per":"adminadx","Temps estimat de lectura":"3 minuts"},"schema":{"@context":"https:\/\/schema.org","@graph":[{"@type":"Article","@id":"https:\/\/www.audaxrenovables.es\/es\/audax-renovables-inicia-nuevo-proyecto-fotovoltaico-en-fontanar\/#article","isPartOf":{"@id":"https:\/\/www.audaxrenovables.es\/es\/audax-renovables-inicia-nuevo-proyecto-fotovoltaico-en-fontanar\/"},"author":{"name":"adminadx","@id":"https:\/\/www.audaxrenovables.es\/ca\/#\/schema\/person\/39323131dc9a121279e4e63ed89ffbea"},"headline":"Audax Renovables invierte 4,3 millones de euros en la construcci\u00f3n de un nuevo proyecto fotovoltaico en Fontanar, Guadalajara","datePublished":"2022-05-10T06:30:24+00:00","dateModified":"2023-06-20T11:39:13+00:00","mainEntityOfPage":{"@id":"https:\/\/www.audaxrenovables.es\/es\/audax-renovables-inicia-nuevo-proyecto-fotovoltaico-en-fontanar\/"},"wordCount":608,"publisher":{"@id":"https:\/\/www.audaxrenovables.es\/ca\/#organization"},"image":{"@id":"https:\/\/www.audaxrenovables.es\/es\/audax-renovables-inicia-nuevo-proyecto-fotovoltaico-en-fontanar\/#primaryimage"},"thumbnailUrl":"https:\/\/www.audaxrenovables.es\/wp-content\/uploads\/2023\/06\/Mir.jpg.jpg","articleSection":["Sin categor\u00eda"],"inLanguage":"ca"},{"@type":["WebPage","ItemPage"],"@id":"https:\/\/www.audaxrenovables.es\/es\/audax-renovables-inicia-nuevo-proyecto-fotovoltaico-en-fontanar\/","url":"https:\/\/www.audaxrenovables.es\/es\/audax-renovables-inicia-nuevo-proyecto-fotovoltaico-en-fontanar\/","name":"Audax Renovables inverteix 4,3 milions d?euros en la construcci? d?un nou projecte fotovoltaic a Fontanar, Guadalajara","isPartOf":{"@id":"https:\/\/www.audaxrenovables.es\/ca\/#website"},"primaryImageOfPage":{"@id":"https:\/\/www.audaxrenovables.es\/es\/audax-renovables-inicia-nuevo-proyecto-fotovoltaico-en-fontanar\/#primaryimage"},"image":{"@id":"https:\/\/www.audaxrenovables.es\/es\/audax-renovables-inicia-nuevo-proyecto-fotovoltaico-en-fontanar\/#primaryimage"},"thumbnailUrl":"https:\/\/www.audaxrenovables.es\/wp-content\/uploads\/2023\/06\/Mir.jpg.jpg","datePublished":"2022-05-10T06:30:24+00:00","dateModified":"2023-06-20T11:39:13+00:00","description":"Audax Renovables inicia nou projecte fotovoltaic a Fontanar","breadcrumb":{"@id":"https:\/\/www.audaxrenovables.es\/es\/audax-renovables-inicia-nuevo-proyecto-fotovoltaico-en-fontanar\/#breadcrumb"},"inLanguage":"ca","potentialAction":[{"@type":"ReadAction","target":["https:\/\/www.audaxrenovables.es\/es\/audax-renovables-inicia-nuevo-proyecto-fotovoltaico-en-fontanar\/"]}]},{"@type":"ImageObject","inLanguage":"ca","@id":"https:\/\/www.audaxrenovables.es\/es\/audax-renovables-inicia-nuevo-proyecto-fotovoltaico-en-fontanar\/#primaryimage","url":"https:\/\/www.audaxrenovables.es\/wp-content\/uploads\/2023\/06\/Mir.jpg.jpg","contentUrl":"https:\/\/www.audaxrenovables.es\/wp-content\/uploads\/2023\/06\/Mir.jpg.jpg","width":713,"height":403},{"@type":"BreadcrumbList","@id":"https:\/\/www.audaxrenovables.es\/es\/audax-renovables-inicia-nuevo-proyecto-fotovoltaico-en-fontanar\/#breadcrumb","itemListElement":[{"@type":"ListItem","position":1,"name":"Portada","item":"https:\/\/www.audaxrenovables.es\/es\/"},{"@type":"ListItem","position":2,"name":"Audax Renovables invierte 4,3 millones de euros en la construcci\u00f3n de un nuevo proyecto fotovoltaico en Fontanar, Guadalajara"}]},{"@type":"WebSite","@id":"https:\/\/www.audaxrenovables.es\/ca\/#website","url":"https:\/\/www.audaxrenovables.es\/ca\/","name":"Audax Renovables","description":"Companyia independent dedicada a la producci\u00f3 denergia el\u00e8ctrica a partir de fonts denergia 100% renovables","publisher":{"@id":"https:\/\/www.audaxrenovables.es\/ca\/#organization"},"potentialAction":[{"@type":"SearchAction","target":{"@type":"EntryPoint","urlTemplate":"https:\/\/www.audaxrenovables.es\/ca\/?s={search_term_string}"},"query-input":{"@type":"PropertyValueSpecification","valueRequired":true,"valueName":"search_term_string"}}],"inLanguage":"ca"},{"@type":"Organization","@id":"https:\/\/www.audaxrenovables.es\/ca\/#organization","name":"Audax Renovables","alternateName":"Audax Energ\u00eda","url":"https:\/\/www.audaxrenovables.es\/ca\/","logo":{"@type":"ImageObject","inLanguage":"ca","@id":"https:\/\/www.audaxrenovables.es\/ca\/#\/schema\/logo\/image\/","url":"https:\/\/www.audaxrenovables.es\/wp-content\/uploads\/2023\/04\/logo.png","contentUrl":"https:\/\/www.audaxrenovables.es\/wp-content\/uploads\/2023\/04\/logo.png","width":197,"height":125,"caption":"Audax Renovables"},"image":{"@id":"https:\/\/www.audaxrenovables.es\/ca\/#\/schema\/logo\/image\/"},"sameAs":["https:\/\/www.instagram.com\/audaxrenovables\/","https:\/\/x.com\/AudaxRenovables","https:\/\/www.youtube.com\/user\/AudaxEnergia","https:\/\/www.tiktok.com\/@audaxrenovables","https:\/\/www.linkedin.com\/company\/203502\/admin\/"]},{"@type":"Person","@id":"https:\/\/www.audaxrenovables.es\/ca\/#\/schema\/person\/39323131dc9a121279e4e63ed89ffbea","name":"adminadx","image":{"@type":"ImageObject","inLanguage":"ca","@id":"https:\/\/www.audaxrenovables.es\/ca\/#\/schema\/person\/image\/","url":"https:\/\/secure.gravatar.com\/avatar\/60b4d621160a422b02f2d19db7066f73c964c792ce03f3da9d36f40a41bdd2e6?s=96&d=mm&r=g","contentUrl":"https:\/\/secure.gravatar.com\/avatar\/60b4d621160a422b02f2d19db7066f73c964c792ce03f3da9d36f40a41bdd2e6?s=96&d=mm&r=g","caption":"adminadx"},"sameAs":["https:\/\/audaxrenovables.es"]}]}},"_links":{"self":[{"href":"https:\/\/www.audaxrenovables.es\/ca\/wp-json\/wp\/v2\/posts\/2467","targetHints":{"allow":["GET"]}}],"collection":[{"href":"https:\/\/www.audaxrenovables.es\/ca\/wp-json\/wp\/v2\/posts"}],"about":[{"href":"https:\/\/www.audaxrenovables.es\/ca\/wp-json\/wp\/v2\/types\/post"}],"author":[{"embeddable":true,"href":"https:\/\/www.audaxrenovables.es\/ca\/wp-json\/wp\/v2\/users\/1"}],"replies":[{"embeddable":true,"href":"https:\/\/www.audaxrenovables.es\/ca\/wp-json\/wp\/v2\/comments?post=2467"}],"version-history":[{"count":1,"href":"https:\/\/www.audaxrenovables.es\/ca\/wp-json\/wp\/v2\/posts\/2467\/revisions"}],"predecessor-version":[{"id":2784,"href":"https:\/\/www.audaxrenovables.es\/ca\/wp-json\/wp\/v2\/posts\/2467\/revisions\/2784"}],"wp:featuredmedia":[{"embeddable":true,"href":"https:\/\/www.audaxrenovables.es\/ca\/wp-json\/wp\/v2\/media\/2466"}],"wp:attachment":[{"href":"https:\/\/www.audaxrenovables.es\/ca\/wp-json\/wp\/v2\/media?parent=2467"}],"wp:term":[{"taxonomy":"category","embeddable":true,"href":"https:\/\/www.audaxrenovables.es\/ca\/wp-json\/wp\/v2\/categories?post=2467"},{"taxonomy":"post_tag","embeddable":true,"href":"https:\/\/www.audaxrenovables.es\/ca\/wp-json\/wp\/v2\/tags?post=2467"}],"curies":[{"name":"wp","href":"https:\/\/api.w.org\/{rel}","templated":true}]}}