{"id":2481,"date":"2022-03-03T07:50:52","date_gmt":"2022-03-03T07:50:52","guid":{"rendered":"https:\/\/audaxrenovables.es\/audax-inicia-la-construccion-del-proyecto-fotovoltaico-en-cigunuela\/"},"modified":"2023-06-20T11:39:43","modified_gmt":"2023-06-20T11:39:43","slug":"audax-inicia-la-construccion-del-proyecto-fotovoltaico-en-cigunuela","status":"publish","type":"post","link":"https:\/\/www.audaxrenovables.es\/ca\/audax-inicia-la-construccio-del-projecte-fotovoltaic-a-cigunuela\/","title":{"rendered":"Audax Renovables inicia la construcci\u00f3 del seu projecte fotovoltaic a Cigu\u00f1uela, Valladolid"},"content":{"rendered":"<p><img decoding=\"async\" class=\"adx_img_post\" src=\"https:\/\/www.audaxrenovables.es\/uploads\/2022\/03\/03\/c3fc78d888f5fb92e7ae3f47e4f8cf74.jpg\"><\/p>\n<h1 class=\"adx_tit_post\">Audax Renovables inicia la construcci\u00f3 del seu projecte fotovoltaic a Cigu\u00f1uela, Valladolid<\/h1>\n<blockquote><p>Amb una inversi\u00f3 entre 7 i 8 milions d&#039;euros, el projecte Zaratan I i II comptar\u00e0 amb una pot\u00e8ncia total de 12,3 MWp.<\/p>\n<p>La companyia preveu generar al voltant de 70 llocs de treball directes i indirectes al seu entorn m\u00e9s immediat.<\/p><\/blockquote>\n<p>Audax Renovables (ADX.MC), grup energ\u00e8tic espanyol integrat verticalment que genera i subministra electricitat 100% renovable i gas a clients de 7 pa\u00efsos ha anunciat l&#039;inici de la construcci\u00f3 del seu projecte fotovoltaic localitzat al municipi de Cigu\u00f1uela, a la prov\u00edncia de Valladolid , que disposar\u00e0 d&#039;una pot\u00e8ncia total de 12,3 MWp. &nbsp;<\/p>\n<p>En l\u00ednia amb la seva estrat\u00e8gia de continuar impulsant la seva activitat de generaci\u00f3 a trav\u00e9s dels diferents projectes que formen el seu foli, Audax t\u00e9 previst invertir en la seva construcci\u00f3 entre 7 i 8 milions d&#039;euros, amb els quals preveu generar al voltant de 70 llocs de treball directes i indirectes al seu entorn m\u00e9s immediat per donar feina al voltant de 10 professionals un cop la planta estigui en funcionament.<\/p>\n<p>El projecte comptar\u00e0 amb 22.560 m\u00f2duls de 545 Wp amb seguidor a 1 eix, cosa que permetr\u00e0 generar 21,5 GWh\/any, l&#039;equivalent al consum energ\u00e8tic de gaireb\u00e9 5.500 llars i al voltant de 17.000 persones. La seva aposta per l&#039;energia neta evitar\u00e0 l&#039;emissi\u00f3 a l&#039;atmosfera de 3.840 tones de CO2 a l&#039;any.<\/p>\n<p>Aquesta instal\u00b7laci\u00f3 s&#039;ha de connectar a la subestaci\u00f3 de Zaratan amb una l\u00ednia d&#039;evacuaci\u00f3 de 200 metres que forma part d&#039;una infraestructura comuna d&#039;evacuaci\u00f3 amb altres promotors, i s&#039;estima que el per\u00edode de construcci\u00f3 sigui d&#039;uns 7 mesos aproximadament. La companyia assegura l&#039;acompanyament de les obres amb contractistes de primer nivell que compleixen alts est\u00e0ndards de qualitat, sota la modalitat EPC (clau en m\u00e0).<\/p>\n<p>Entre els nous projectes el 2021, destaquen la connexi\u00f3 a la xarxa de 35 MWp de les plantes de Ca\u00f1amares (Conca), Carolines I i II i Zarzuela I, II, III i IV (Toledo), i l&#039;autoritzaci\u00f3 per a l&#039;entrada en funcionament de les plantes d&#039;Alberezas I, II, II i IV (Guadalajara), amb 20 MWp. La companyia tamb\u00e9 ha completat entre el gener i el febrer d&#039;aquest any les obres de les plantes de Cala\u00f1as (Huelva), Los Arenales i El Toconal (Toledo), que sumen 14,5 MWp. A Panam\u00e0, el projecte del parc e\u00f2lic Toabr\u00e9, participat en un 30% per Audax, ha completat l&#039;execuci\u00f3 de les obres i la instal\u00b7laci\u00f3 es troba produint en proves.<\/p>\n<p>Audax compta actualment amb 226 MW de pot\u00e8ncia ja instal\u00b7lada, un 150% m\u00e9s que el 2020 i dels quals gaireb\u00e9 la meitat (112 MW) se situen fora d&#039;Espanya.<\/p>\n<p>Aquests projectes s&#039;emmarquen en la decidida aposta i estrat\u00e8gia del Grup Audax d&#039;augmentar la seva cartera de generaci\u00f3 100% renovable incrementant el seu portfoli de cartera de generaci\u00f3, ja sigui mitjan\u00e7ant creixement org\u00e0nic o mitjan\u00e7ant el tancament d&#039;acords de compra, amb l&#039;objectiu de subministrar-los clients energia d&#039;origen renovable produ\u00efda a les seves pr\u00f2pies plantes.<\/p>\n<p>Sobre Audax Renovables<\/p>\n<p>Fundat l&#039;any 2000, Audax Renovables \u00e9s un grup energ\u00e8tic espanyol integrat verticalment que genera i subministra electricitat 100% renovable i gas a clients de set pa\u00efsos europeus. Actualment, compta amb una cartera de parcs e\u00f2lics i fotovoltaics a Espanya, Portugal, It\u00e0lia, Fran\u00e7a, Pol\u00f2nia i Panam\u00e0 en operaci\u00f3, en construcci\u00f3 i en diferents fases de desenvolupament que puja a 2.536 MW. En la seva activitat de comercialitzaci\u00f3, el grup presidit per Jos\u00e9 El\u00edas Navarro proveeix d&#039;energia renovable i gas m\u00e9s de 518 mil clients a Espanya, Portugal, It\u00e0lia, Alemanya, Pol\u00f2nia, Holanda i Hongria, i lidera el segment pime a Espanya. Audax va comen\u00e7ar a cotitzar al mercat secundari espanyol el 2003, i el 2007 va fer el salt al mercat continu, en qu\u00e8 va passar a formar part de l&#039;\u00edndex IBEX SMALL CAP \u00ae el mar\u00e7 del 2020. El 2021 la seva facturaci\u00f3 va arribar als 1.690 milions d&#039;euros , i compta amb un equip de m\u00e9s de 800 professionals.<\/p>\n<p>Per a m\u00e9s informaci\u00f3, visiteu www.audaxrenovables.com<\/p>","protected":false},"excerpt":{"rendered":"<p>Audax Renovables inicia la construcci\u00f3n de su proyecto fotovoltaico en Cigu\u00f1uela, Valladolid Con una inversi\u00f3n de entre 7 y 8 millones de euros, el proyecto Zarat\u00e1n I y II contar\u00e1 con una potencia total de 12,3 MWp. La compa\u00f1\u00eda prev\u00e9 generar alrededor de 70 empleos directos e indirectos en su entorno m\u00e1s inmediato. Audax Renovables [&hellip;]<\/p>\n","protected":false},"author":1,"featured_media":2480,"comment_status":"closed","ping_status":"open","sticky":false,"template":"","format":"standard","meta":{"content-type":"","footnotes":""},"categories":[1],"tags":[],"class_list":["post-2481","post","type-post","status-publish","format-standard","has-post-thumbnail","hentry","category-sin-categoria"],"yoast_head":"<!-- This site is optimized with the Yoast SEO plugin v23.5 - https:\/\/yoast.com\/wordpress\/plugins\/seo\/ -->\n<title>Audax Renovables inicia la construcci?n de su proyecto fotovoltaico en Cigu?uela, Valladolid<\/title>\n<meta name=\"description\" content=\"Audax inicia la construcci?n del proyecto fotovoltaico en Cigu?uela\" \/>\n<meta name=\"robots\" content=\"index, follow, max-snippet:-1, max-image-preview:large, max-video-preview:-1\" \/>\n<link rel=\"canonical\" href=\"https:\/\/www.audaxrenovables.es\/ca\/audax-inicia-la-construccio-del-projecte-fotovoltaic-a-cigunuela\/\" \/>\n<meta property=\"og:locale\" content=\"ca_ES\" \/>\n<meta property=\"og:type\" content=\"article\" \/>\n<meta property=\"og:title\" content=\"Audax Renovables inicia la construcci?n de su proyecto fotovoltaico en Cigu?uela, Valladolid\" \/>\n<meta property=\"og:description\" content=\"Audax inicia la construcci?n del proyecto fotovoltaico en Cigu?uela\" \/>\n<meta property=\"og:url\" content=\"https:\/\/www.audaxrenovables.es\/ca\/audax-inicia-la-construccio-del-projecte-fotovoltaic-a-cigunuela\/\" \/>\n<meta property=\"og:site_name\" content=\"Audax Renovables\" \/>\n<meta property=\"article:published_time\" content=\"2022-03-03T07:50:52+00:00\" \/>\n<meta property=\"article:modified_time\" content=\"2023-06-20T11:39:43+00:00\" \/>\n<meta property=\"og:image\" content=\"https:\/\/www.audaxrenovables.es\/wp-content\/uploads\/2023\/06\/03032022.jpg.jpg\" \/>\n\t<meta property=\"og:image:width\" content=\"713\" \/>\n\t<meta property=\"og:image:height\" content=\"403\" \/>\n\t<meta property=\"og:image:type\" content=\"image\/jpeg\" \/>\n<meta name=\"author\" content=\"adminadx\" \/>\n<meta name=\"twitter:card\" content=\"summary_large_image\" \/>\n<meta name=\"twitter:label1\" content=\"Escrit per\" \/>\n\t<meta name=\"twitter:data1\" content=\"adminadx\" \/>\n\t<meta name=\"twitter:label2\" content=\"Temps estimat de lectura\" \/>\n\t<meta name=\"twitter:data2\" content=\"4 minuts\" \/>\n<!-- \/ Yoast SEO plugin. -->","yoast_head_json":{"title":"Audax Renovables inicia la construcci? del seu projecte fotovoltaic a Cigu?uela, Valladolid","description":"Audax inicia la construcci? del projecte fotovoltaic a Cigu?uela","robots":{"index":"index","follow":"follow","max-snippet":"max-snippet:-1","max-image-preview":"max-image-preview:large","max-video-preview":"max-video-preview:-1"},"canonical":"https:\/\/www.audaxrenovables.es\/ca\/audax-inicia-la-construccio-del-projecte-fotovoltaic-a-cigunuela\/","og_locale":"ca_ES","og_type":"article","og_title":"Audax Renovables inicia la construcci?n de su proyecto fotovoltaico en Cigu?uela, Valladolid","og_description":"Audax inicia la construcci?n del proyecto fotovoltaico en Cigu?uela","og_url":"https:\/\/www.audaxrenovables.es\/ca\/audax-inicia-la-construccio-del-projecte-fotovoltaic-a-cigunuela\/","og_site_name":"Audax Renovables","article_published_time":"2022-03-03T07:50:52+00:00","article_modified_time":"2023-06-20T11:39:43+00:00","og_image":[{"width":713,"height":403,"url":"https:\/\/www.audaxrenovables.es\/wp-content\/uploads\/2023\/06\/03032022.jpg.jpg","type":"image\/jpeg"}],"author":"adminadx","twitter_card":"summary_large_image","twitter_misc":{"Escrit per":"adminadx","Temps estimat de lectura":"4 minuts"},"schema":{"@context":"https:\/\/schema.org","@graph":[{"@type":"Article","@id":"https:\/\/www.audaxrenovables.es\/ca\/audax-inicia-la-construccio-del-projecte-fotovoltaic-a-cigunuela\/#article","isPartOf":{"@id":"https:\/\/www.audaxrenovables.es\/ca\/audax-inicia-la-construccio-del-projecte-fotovoltaic-a-cigunuela\/"},"author":{"name":"adminadx","@id":"https:\/\/www.audaxrenovables.es\/ca\/#\/schema\/person\/39323131dc9a121279e4e63ed89ffbea"},"headline":"Audax Renovables inicia la construcci\u00f3n de su proyecto fotovoltaico en Cigu\u00f1uela, Valladolid","datePublished":"2022-03-03T07:50:52+00:00","dateModified":"2023-06-20T11:39:43+00:00","mainEntityOfPage":{"@id":"https:\/\/www.audaxrenovables.es\/ca\/audax-inicia-la-construccio-del-projecte-fotovoltaic-a-cigunuela\/"},"wordCount":716,"publisher":{"@id":"https:\/\/www.audaxrenovables.es\/ca\/#organization"},"image":{"@id":"https:\/\/www.audaxrenovables.es\/ca\/audax-inicia-la-construccio-del-projecte-fotovoltaic-a-cigunuela\/#primaryimage"},"thumbnailUrl":"https:\/\/www.audaxrenovables.es\/wp-content\/uploads\/2023\/06\/03032022.jpg.jpg","articleSection":["Sin categor\u00eda"],"inLanguage":"ca"},{"@type":["WebPage","ItemPage"],"@id":"https:\/\/www.audaxrenovables.es\/ca\/audax-inicia-la-construccio-del-projecte-fotovoltaic-a-cigunuela\/","url":"https:\/\/www.audaxrenovables.es\/ca\/audax-inicia-la-construccio-del-projecte-fotovoltaic-a-cigunuela\/","name":"Audax Renovables inicia la construcci? del seu projecte fotovoltaic a Cigu?uela, Valladolid","isPartOf":{"@id":"https:\/\/www.audaxrenovables.es\/ca\/#website"},"primaryImageOfPage":{"@id":"https:\/\/www.audaxrenovables.es\/ca\/audax-inicia-la-construccio-del-projecte-fotovoltaic-a-cigunuela\/#primaryimage"},"image":{"@id":"https:\/\/www.audaxrenovables.es\/ca\/audax-inicia-la-construccio-del-projecte-fotovoltaic-a-cigunuela\/#primaryimage"},"thumbnailUrl":"https:\/\/www.audaxrenovables.es\/wp-content\/uploads\/2023\/06\/03032022.jpg.jpg","datePublished":"2022-03-03T07:50:52+00:00","dateModified":"2023-06-20T11:39:43+00:00","description":"Audax inicia la construcci? del projecte fotovoltaic a Cigu?uela","breadcrumb":{"@id":"https:\/\/www.audaxrenovables.es\/ca\/audax-inicia-la-construccio-del-projecte-fotovoltaic-a-cigunuela\/#breadcrumb"},"inLanguage":"ca","potentialAction":[{"@type":"ReadAction","target":["https:\/\/www.audaxrenovables.es\/ca\/audax-inicia-la-construccio-del-projecte-fotovoltaic-a-cigunuela\/"]}]},{"@type":"ImageObject","inLanguage":"ca","@id":"https:\/\/www.audaxrenovables.es\/ca\/audax-inicia-la-construccio-del-projecte-fotovoltaic-a-cigunuela\/#primaryimage","url":"https:\/\/www.audaxrenovables.es\/wp-content\/uploads\/2023\/06\/03032022.jpg.jpg","contentUrl":"https:\/\/www.audaxrenovables.es\/wp-content\/uploads\/2023\/06\/03032022.jpg.jpg","width":713,"height":403},{"@type":"BreadcrumbList","@id":"https:\/\/www.audaxrenovables.es\/ca\/audax-inicia-la-construccio-del-projecte-fotovoltaic-a-cigunuela\/#breadcrumb","itemListElement":[{"@type":"ListItem","position":1,"name":"Portada","item":"https:\/\/www.audaxrenovables.es\/es\/"},{"@type":"ListItem","position":2,"name":"Audax Renovables inicia la construcci\u00f3n de su proyecto fotovoltaico en Cigu\u00f1uela, Valladolid"}]},{"@type":"WebSite","@id":"https:\/\/www.audaxrenovables.es\/ca\/#website","url":"https:\/\/www.audaxrenovables.es\/ca\/","name":"Audax Renovables","description":"Companyia independent dedicada a la producci\u00f3 denergia el\u00e8ctrica a partir de fonts denergia 100% renovables","publisher":{"@id":"https:\/\/www.audaxrenovables.es\/ca\/#organization"},"potentialAction":[{"@type":"SearchAction","target":{"@type":"EntryPoint","urlTemplate":"https:\/\/www.audaxrenovables.es\/ca\/?s={search_term_string}"},"query-input":{"@type":"PropertyValueSpecification","valueRequired":true,"valueName":"search_term_string"}}],"inLanguage":"ca"},{"@type":"Organization","@id":"https:\/\/www.audaxrenovables.es\/ca\/#organization","name":"Audax Renovables","alternateName":"Audax Energ\u00eda","url":"https:\/\/www.audaxrenovables.es\/ca\/","logo":{"@type":"ImageObject","inLanguage":"ca","@id":"https:\/\/www.audaxrenovables.es\/ca\/#\/schema\/logo\/image\/","url":"https:\/\/www.audaxrenovables.es\/wp-content\/uploads\/2023\/04\/logo.png","contentUrl":"https:\/\/www.audaxrenovables.es\/wp-content\/uploads\/2023\/04\/logo.png","width":197,"height":125,"caption":"Audax Renovables"},"image":{"@id":"https:\/\/www.audaxrenovables.es\/ca\/#\/schema\/logo\/image\/"},"sameAs":["https:\/\/www.instagram.com\/audaxrenovables\/","https:\/\/x.com\/AudaxRenovables","https:\/\/www.youtube.com\/user\/AudaxEnergia","https:\/\/www.tiktok.com\/@audaxrenovables","https:\/\/www.linkedin.com\/company\/203502\/admin\/"]},{"@type":"Person","@id":"https:\/\/www.audaxrenovables.es\/ca\/#\/schema\/person\/39323131dc9a121279e4e63ed89ffbea","name":"adminadx","image":{"@type":"ImageObject","inLanguage":"ca","@id":"https:\/\/www.audaxrenovables.es\/ca\/#\/schema\/person\/image\/","url":"https:\/\/secure.gravatar.com\/avatar\/60b4d621160a422b02f2d19db7066f73c964c792ce03f3da9d36f40a41bdd2e6?s=96&d=mm&r=g","contentUrl":"https:\/\/secure.gravatar.com\/avatar\/60b4d621160a422b02f2d19db7066f73c964c792ce03f3da9d36f40a41bdd2e6?s=96&d=mm&r=g","caption":"adminadx"},"sameAs":["https:\/\/audaxrenovables.es"]}]}},"_links":{"self":[{"href":"https:\/\/www.audaxrenovables.es\/ca\/wp-json\/wp\/v2\/posts\/2481","targetHints":{"allow":["GET"]}}],"collection":[{"href":"https:\/\/www.audaxrenovables.es\/ca\/wp-json\/wp\/v2\/posts"}],"about":[{"href":"https:\/\/www.audaxrenovables.es\/ca\/wp-json\/wp\/v2\/types\/post"}],"author":[{"embeddable":true,"href":"https:\/\/www.audaxrenovables.es\/ca\/wp-json\/wp\/v2\/users\/1"}],"replies":[{"embeddable":true,"href":"https:\/\/www.audaxrenovables.es\/ca\/wp-json\/wp\/v2\/comments?post=2481"}],"version-history":[{"count":1,"href":"https:\/\/www.audaxrenovables.es\/ca\/wp-json\/wp\/v2\/posts\/2481\/revisions"}],"predecessor-version":[{"id":2790,"href":"https:\/\/www.audaxrenovables.es\/ca\/wp-json\/wp\/v2\/posts\/2481\/revisions\/2790"}],"wp:featuredmedia":[{"embeddable":true,"href":"https:\/\/www.audaxrenovables.es\/ca\/wp-json\/wp\/v2\/media\/2480"}],"wp:attachment":[{"href":"https:\/\/www.audaxrenovables.es\/ca\/wp-json\/wp\/v2\/media?parent=2481"}],"wp:term":[{"taxonomy":"category","embeddable":true,"href":"https:\/\/www.audaxrenovables.es\/ca\/wp-json\/wp\/v2\/categories?post=2481"},{"taxonomy":"post_tag","embeddable":true,"href":"https:\/\/www.audaxrenovables.es\/ca\/wp-json\/wp\/v2\/tags?post=2481"}],"curies":[{"name":"wp","href":"https:\/\/api.w.org\/{rel}","templated":true}]}}