{"id":2483,"date":"2022-03-02T10:10:12","date_gmt":"2022-03-02T10:10:12","guid":{"rendered":"https:\/\/audaxrenovables.es\/audax-renovables-suministrara-energia-a-la-comunidad-de-madrid\/"},"modified":"2023-06-20T11:39:48","modified_gmt":"2023-06-20T11:39:48","slug":"audax-renovables-suministrara-energia-a-la-comunidad-de-madrid","status":"publish","type":"post","link":"https:\/\/www.audaxrenovables.es\/ca\/audax-renovables-subministrara-energia-a-la-comunitat-de-madrid\/","title":{"rendered":"Audax Renovables subministrar\u00e0 88 milions de KWh d&#039;energia el\u00e8ctrica d&#039;origen 100% renovable a la Comunitat de Madrid"},"content":{"rendered":"<p><img decoding=\"async\" class=\"adx_img_post\" src=\"https:\/\/www.audaxrenovables.es\/uploads\/2022\/03\/02\/ab23d3be424c1f7408e43ffb59acf562.jpg\"><\/p>\n<h1 class=\"adx_tit_post\">Audax Renovables subministrar\u00e0 88 milions de KWh d&#039;energia el\u00e8ctrica d&#039;origen 100% renovable a la Comunitat de Madrid<\/h1>\n<blockquote><p>La suma dels m\u00e9s de 2.000 punts de subministrament que formen el contracte pujaria als 25 milions d&#039;euros en un sol any.<\/p><\/blockquote>\n<p>Audax Renovables (ADX.MC), grup energ\u00e8tic espanyol integrat verticalment que genera i subministra electricitat 100% renovable i gas a clients de 7 pa\u00efsos europeus s&#039;ha adjudicat el concurs p\u00fablic convocat per la Comunitat de Madrid per subministrar electricitat a quatre dels dotze lots. El concurs t\u00e9 un per\u00edode de durada d&#039;un any amb inici l&#039;1 de mar\u00e7 del 2022 amb la possibilitat de prorrogar-se per 6 mesos addicionals.&nbsp;<\/p>\n<p>Audax Renovables ha estat la companyia energ\u00e8tica que ha presentat la millor proposta per als lots 9, 10, 11 i 12 i s&#039;ha adjudicat en conseq\u00fc\u00e8ncia el contracte a mercat lliure per a la totalitat de l&#039;energia d&#039;aquests lots. \u00c9s un acord per subministrar m\u00e9s de 88 milions de KWh d&#039;electricitat d&#039;origen 100% renovable en un sol any. La suma dels m\u00e9s de 2.000 punts de subministrament que formen el contracte pujaria als 25 milions d&#039;euros durant aquest per\u00edode.<\/p>\n<p>El subministrament denergia el\u00e8ctrica \u00e9s imprescindible perqu\u00e8 la Comunitat de Madrid pugui desenvolupar la seva activitat. Audax Renovables subministrar\u00e0 electricitat d&#039;origen 100% de renovable a la Conselleria d&#039;Educaci\u00f3, a Universitats i Ci\u00e8ncia, a la Conselleria de Sanitat, a la Conselleria de Fam\u00edlia, Joventut i Pol\u00edtica social, aix\u00ed com a altres punts de subministrament pertanyents a diverses conselleries de la Comunitat de Madrid.<\/p>\n<p>El contracte s&#039;ha adjudicat en la modalitat de preu fix, assegurant aix\u00ed la Comunitat de Madrid una estabilitat en el cost energ\u00e8tic per al per\u00edode de lliurament i en la seva possible pr\u00f2rroga en un moment d&#039;alta volatilitat dels mercats energ\u00e8tics.&nbsp;<\/p>\n<p>Audax Renovables, grup que centra la seva activitat en la generaci\u00f3 i comercialitzaci\u00f3 d&#039;energia 100% renovable, fa temps que se situa com un dels operadors energ\u00e8tics m\u00e9s actius d&#039;Espanya, comercialitzat tant a grans consumidors del sector privat, administracions p\u00fabliques, pimes, com a residencials.<\/p>\n<p>Sobre Audax Renovables<\/p>\n<p>Fundat l&#039;any 2000, Audax Renovables \u00e9s un grup energ\u00e8tic espanyol integrat verticalment que genera i subministra electricitat 100% renovable i gas a clients de set pa\u00efsos europeus. Actualment, compta amb una cartera de parcs e\u00f2lics i fotovoltaics a Espanya, Portugal, It\u00e0lia, Fran\u00e7a, Pol\u00f2nia i Panam\u00e0 en operaci\u00f3, en construcci\u00f3 i en diferents fases de desenvolupament que puja a 2.536 MW. En la seva activitat de comercialitzaci\u00f3, el grup presidit per Jos\u00e9 El\u00edas Navarro proveeix d&#039;energia renovable i gas m\u00e9s de 518 mil clients a Espanya, Portugal, It\u00e0lia, Alemanya, Pol\u00f2nia, Holanda i Hongria, i lidera el segment pime a Espanya. Audax va comen\u00e7ar a cotitzar al mercat secundari espanyol el 2003, i el 2007 va fer el salt al mercat continu, en qu\u00e8 va passar a formar part de l&#039;\u00edndex IBEX SMALL CAP \u00ae el mar\u00e7 del 2020. El 2021 la seva facturaci\u00f3 va arribar als 1.690 milions d&#039;euros , i compta amb un equip de m\u00e9s de 800 professionals.<\/p>\n<p>Per a m\u00e9s informaci\u00f3, visiteu www.audaxrenovables.com&nbsp;<br \/>\n&nbsp;<\/p>","protected":false},"excerpt":{"rendered":"<p>Audax Renovables suministrar\u00e1 88 millones de KWh de energ\u00eda el\u00e9ctrica de origen 100% renovable a la Comunidad de Madrid La suma de los m\u00e1s de 2.000 puntos de suministro que forman el contrato ascender\u00eda a los 25 millones de euros en un solo a\u00f1o. Audax Renovables (ADX.MC), grupo energ\u00e9tico espa\u00f1ol integrado verticalmente que genera y [&hellip;]<\/p>\n","protected":false},"author":1,"featured_media":2482,"comment_status":"closed","ping_status":"open","sticky":false,"template":"","format":"standard","meta":{"content-type":"","footnotes":""},"categories":[1],"tags":[],"class_list":["post-2483","post","type-post","status-publish","format-standard","has-post-thumbnail","hentry","category-sin-categoria"],"yoast_head":"<!-- This site is optimized with the Yoast SEO plugin v23.5 - https:\/\/yoast.com\/wordpress\/plugins\/seo\/ -->\n<title>Audax Renovables suministrar? 88 millones de KWh de energ?a el?ctrica de origen 100% renovable a la Comunidad de Madrid<\/title>\n<meta name=\"description\" content=\"Audax Renovables suministrar? energ?a a la Comunidad de Madrid\" \/>\n<meta name=\"robots\" content=\"index, follow, max-snippet:-1, max-image-preview:large, max-video-preview:-1\" \/>\n<link rel=\"canonical\" href=\"https:\/\/www.audaxrenovables.es\/ca\/audax-renovables-subministrara-energia-a-la-comunitat-de-madrid\/\" \/>\n<meta property=\"og:locale\" content=\"ca_ES\" \/>\n<meta property=\"og:type\" content=\"article\" \/>\n<meta property=\"og:title\" content=\"Audax Renovables suministrar? 88 millones de KWh de energ?a el?ctrica de origen 100% renovable a la Comunidad de Madrid\" \/>\n<meta property=\"og:description\" content=\"Audax Renovables suministrar? energ?a a la Comunidad de Madrid\" \/>\n<meta property=\"og:url\" content=\"https:\/\/www.audaxrenovables.es\/ca\/audax-renovables-subministrara-energia-a-la-comunitat-de-madrid\/\" \/>\n<meta property=\"og:site_name\" content=\"Audax Renovables\" \/>\n<meta property=\"article:published_time\" content=\"2022-03-02T10:10:12+00:00\" \/>\n<meta property=\"article:modified_time\" content=\"2023-06-20T11:39:48+00:00\" \/>\n<meta property=\"og:image\" content=\"https:\/\/www.audaxrenovables.es\/wp-content\/uploads\/2023\/06\/MADRID.jpg.jpg\" \/>\n\t<meta property=\"og:image:width\" content=\"713\" \/>\n\t<meta property=\"og:image:height\" content=\"403\" \/>\n\t<meta property=\"og:image:type\" content=\"image\/jpeg\" \/>\n<meta name=\"author\" content=\"adminadx\" \/>\n<meta name=\"twitter:card\" content=\"summary_large_image\" \/>\n<meta name=\"twitter:label1\" content=\"Escrit per\" \/>\n\t<meta name=\"twitter:data1\" content=\"adminadx\" \/>\n\t<meta name=\"twitter:label2\" content=\"Temps estimat de lectura\" \/>\n\t<meta name=\"twitter:data2\" content=\"3 minuts\" \/>\n<!-- \/ Yoast SEO plugin. -->","yoast_head_json":{"title":"Audax Renovables subministrar? 88 milions de KWh d?energia el?ctrica d?origen 100% renovable a la Comunitat de Madrid","description":"Audax Renovables subministrar? energia a la Comunitat de Madrid","robots":{"index":"index","follow":"follow","max-snippet":"max-snippet:-1","max-image-preview":"max-image-preview:large","max-video-preview":"max-video-preview:-1"},"canonical":"https:\/\/www.audaxrenovables.es\/ca\/audax-renovables-subministrara-energia-a-la-comunitat-de-madrid\/","og_locale":"ca_ES","og_type":"article","og_title":"Audax Renovables suministrar? 88 millones de KWh de energ?a el?ctrica de origen 100% renovable a la Comunidad de Madrid","og_description":"Audax Renovables suministrar? energ?a a la Comunidad de Madrid","og_url":"https:\/\/www.audaxrenovables.es\/ca\/audax-renovables-subministrara-energia-a-la-comunitat-de-madrid\/","og_site_name":"Audax Renovables","article_published_time":"2022-03-02T10:10:12+00:00","article_modified_time":"2023-06-20T11:39:48+00:00","og_image":[{"width":713,"height":403,"url":"https:\/\/www.audaxrenovables.es\/wp-content\/uploads\/2023\/06\/MADRID.jpg.jpg","type":"image\/jpeg"}],"author":"adminadx","twitter_card":"summary_large_image","twitter_misc":{"Escrit per":"adminadx","Temps estimat de lectura":"3 minuts"},"schema":{"@context":"https:\/\/schema.org","@graph":[{"@type":"Article","@id":"https:\/\/www.audaxrenovables.es\/ca\/audax-renovables-subministrara-energia-a-la-comunitat-de-madrid\/#article","isPartOf":{"@id":"https:\/\/www.audaxrenovables.es\/ca\/audax-renovables-subministrara-energia-a-la-comunitat-de-madrid\/"},"author":{"name":"adminadx","@id":"https:\/\/www.audaxrenovables.es\/ca\/#\/schema\/person\/39323131dc9a121279e4e63ed89ffbea"},"headline":"Audax Renovables suministrar\u00e1 88 millones de KWh de energ\u00eda el\u00e9ctrica de origen 100% renovable a la Comunidad de Madrid","datePublished":"2022-03-02T10:10:12+00:00","dateModified":"2023-06-20T11:39:48+00:00","mainEntityOfPage":{"@id":"https:\/\/www.audaxrenovables.es\/ca\/audax-renovables-subministrara-energia-a-la-comunitat-de-madrid\/"},"wordCount":574,"publisher":{"@id":"https:\/\/www.audaxrenovables.es\/ca\/#organization"},"image":{"@id":"https:\/\/www.audaxrenovables.es\/ca\/audax-renovables-subministrara-energia-a-la-comunitat-de-madrid\/#primaryimage"},"thumbnailUrl":"https:\/\/www.audaxrenovables.es\/wp-content\/uploads\/2023\/06\/MADRID.jpg.jpg","articleSection":["Sin categor\u00eda"],"inLanguage":"ca"},{"@type":["WebPage","ItemPage"],"@id":"https:\/\/www.audaxrenovables.es\/ca\/audax-renovables-subministrara-energia-a-la-comunitat-de-madrid\/","url":"https:\/\/www.audaxrenovables.es\/ca\/audax-renovables-subministrara-energia-a-la-comunitat-de-madrid\/","name":"Audax Renovables subministrar? 88 milions de KWh d?energia el?ctrica d?origen 100% renovable a la Comunitat de Madrid","isPartOf":{"@id":"https:\/\/www.audaxrenovables.es\/ca\/#website"},"primaryImageOfPage":{"@id":"https:\/\/www.audaxrenovables.es\/ca\/audax-renovables-subministrara-energia-a-la-comunitat-de-madrid\/#primaryimage"},"image":{"@id":"https:\/\/www.audaxrenovables.es\/ca\/audax-renovables-subministrara-energia-a-la-comunitat-de-madrid\/#primaryimage"},"thumbnailUrl":"https:\/\/www.audaxrenovables.es\/wp-content\/uploads\/2023\/06\/MADRID.jpg.jpg","datePublished":"2022-03-02T10:10:12+00:00","dateModified":"2023-06-20T11:39:48+00:00","description":"Audax Renovables subministrar? energia a la Comunitat de Madrid","breadcrumb":{"@id":"https:\/\/www.audaxrenovables.es\/ca\/audax-renovables-subministrara-energia-a-la-comunitat-de-madrid\/#breadcrumb"},"inLanguage":"ca","potentialAction":[{"@type":"ReadAction","target":["https:\/\/www.audaxrenovables.es\/ca\/audax-renovables-subministrara-energia-a-la-comunitat-de-madrid\/"]}]},{"@type":"ImageObject","inLanguage":"ca","@id":"https:\/\/www.audaxrenovables.es\/ca\/audax-renovables-subministrara-energia-a-la-comunitat-de-madrid\/#primaryimage","url":"https:\/\/www.audaxrenovables.es\/wp-content\/uploads\/2023\/06\/MADRID.jpg.jpg","contentUrl":"https:\/\/www.audaxrenovables.es\/wp-content\/uploads\/2023\/06\/MADRID.jpg.jpg","width":713,"height":403},{"@type":"BreadcrumbList","@id":"https:\/\/www.audaxrenovables.es\/ca\/audax-renovables-subministrara-energia-a-la-comunitat-de-madrid\/#breadcrumb","itemListElement":[{"@type":"ListItem","position":1,"name":"Portada","item":"https:\/\/www.audaxrenovables.es\/es\/"},{"@type":"ListItem","position":2,"name":"Audax Renovables suministrar\u00e1 88 millones de KWh de energ\u00eda el\u00e9ctrica de origen 100% renovable a la Comunidad de Madrid"}]},{"@type":"WebSite","@id":"https:\/\/www.audaxrenovables.es\/ca\/#website","url":"https:\/\/www.audaxrenovables.es\/ca\/","name":"Audax Renovables","description":"Companyia independent dedicada a la producci\u00f3 denergia el\u00e8ctrica a partir de fonts denergia 100% renovables","publisher":{"@id":"https:\/\/www.audaxrenovables.es\/ca\/#organization"},"potentialAction":[{"@type":"SearchAction","target":{"@type":"EntryPoint","urlTemplate":"https:\/\/www.audaxrenovables.es\/ca\/?s={search_term_string}"},"query-input":{"@type":"PropertyValueSpecification","valueRequired":true,"valueName":"search_term_string"}}],"inLanguage":"ca"},{"@type":"Organization","@id":"https:\/\/www.audaxrenovables.es\/ca\/#organization","name":"Audax Renovables","alternateName":"Audax Energ\u00eda","url":"https:\/\/www.audaxrenovables.es\/ca\/","logo":{"@type":"ImageObject","inLanguage":"ca","@id":"https:\/\/www.audaxrenovables.es\/ca\/#\/schema\/logo\/image\/","url":"https:\/\/www.audaxrenovables.es\/wp-content\/uploads\/2023\/04\/logo.png","contentUrl":"https:\/\/www.audaxrenovables.es\/wp-content\/uploads\/2023\/04\/logo.png","width":197,"height":125,"caption":"Audax Renovables"},"image":{"@id":"https:\/\/www.audaxrenovables.es\/ca\/#\/schema\/logo\/image\/"},"sameAs":["https:\/\/www.instagram.com\/audaxrenovables\/","https:\/\/x.com\/AudaxRenovables","https:\/\/www.youtube.com\/user\/AudaxEnergia","https:\/\/www.tiktok.com\/@audaxrenovables","https:\/\/www.linkedin.com\/company\/203502\/admin\/"]},{"@type":"Person","@id":"https:\/\/www.audaxrenovables.es\/ca\/#\/schema\/person\/39323131dc9a121279e4e63ed89ffbea","name":"adminadx","image":{"@type":"ImageObject","inLanguage":"ca","@id":"https:\/\/www.audaxrenovables.es\/ca\/#\/schema\/person\/image\/","url":"https:\/\/secure.gravatar.com\/avatar\/60b4d621160a422b02f2d19db7066f73c964c792ce03f3da9d36f40a41bdd2e6?s=96&d=mm&r=g","contentUrl":"https:\/\/secure.gravatar.com\/avatar\/60b4d621160a422b02f2d19db7066f73c964c792ce03f3da9d36f40a41bdd2e6?s=96&d=mm&r=g","caption":"adminadx"},"sameAs":["https:\/\/audaxrenovables.es"]}]}},"_links":{"self":[{"href":"https:\/\/www.audaxrenovables.es\/ca\/wp-json\/wp\/v2\/posts\/2483","targetHints":{"allow":["GET"]}}],"collection":[{"href":"https:\/\/www.audaxrenovables.es\/ca\/wp-json\/wp\/v2\/posts"}],"about":[{"href":"https:\/\/www.audaxrenovables.es\/ca\/wp-json\/wp\/v2\/types\/post"}],"author":[{"embeddable":true,"href":"https:\/\/www.audaxrenovables.es\/ca\/wp-json\/wp\/v2\/users\/1"}],"replies":[{"embeddable":true,"href":"https:\/\/www.audaxrenovables.es\/ca\/wp-json\/wp\/v2\/comments?post=2483"}],"version-history":[{"count":1,"href":"https:\/\/www.audaxrenovables.es\/ca\/wp-json\/wp\/v2\/posts\/2483\/revisions"}],"predecessor-version":[{"id":2791,"href":"https:\/\/www.audaxrenovables.es\/ca\/wp-json\/wp\/v2\/posts\/2483\/revisions\/2791"}],"wp:featuredmedia":[{"embeddable":true,"href":"https:\/\/www.audaxrenovables.es\/ca\/wp-json\/wp\/v2\/media\/2482"}],"wp:attachment":[{"href":"https:\/\/www.audaxrenovables.es\/ca\/wp-json\/wp\/v2\/media?parent=2483"}],"wp:term":[{"taxonomy":"category","embeddable":true,"href":"https:\/\/www.audaxrenovables.es\/ca\/wp-json\/wp\/v2\/categories?post=2483"},{"taxonomy":"post_tag","embeddable":true,"href":"https:\/\/www.audaxrenovables.es\/ca\/wp-json\/wp\/v2\/tags?post=2483"}],"curies":[{"name":"wp","href":"https:\/\/api.w.org\/{rel}","templated":true}]}}