{"id":2489,"date":"2022-02-03T11:59:58","date_gmt":"2022-02-03T11:59:58","guid":{"rendered":"https:\/\/audaxrenovables.es\/audax-renovables-y-ceoe-cepyme-guadalajara-renuevan\/"},"modified":"2023-06-20T11:40:03","modified_gmt":"2023-06-20T11:40:03","slug":"audax-renovables-y-ceoe-cepyme-guadalajara-renuevan","status":"publish","type":"post","link":"https:\/\/www.audaxrenovables.es\/ca\/audax-renovables-i-ceoe-cepyme-guadalajara-renoven\/","title":{"rendered":"Audax Renovables i CEOE-CEPYME Guadalajara renoven el seu conveni de col\u00b7laboraci\u00f3"},"content":{"rendered":"<p><img decoding=\"async\" class=\"adx_img_post\" src=\"https:\/\/www.audaxrenovables.es\/uploads\/2022\/02\/03\/0786b254cbd14921e9259361eb6b3736.jpg\"><\/p>\n<h1 class=\"adx_tit_post\">Audax Renovables i CEOE-CEPYME Guadalajara renoven el seu conveni de col\u00b7laboraci\u00f3<\/h1>\n<blockquote><p>Els socis de la Patronal alcarre\u00f1a podran seguir sol\u00b7licitant un estudi sobre el seu consum per estalviar en els costos energ\u00e8tics<\/p><\/blockquote>\n<p>&nbsp;<\/p>\n<p>Guadalajara, 03 de febrer de 2022, CEOE-CEPYME Guadalajara buscant millorar l&#039;efic\u00e0cia i efici\u00e8ncia de les empreses de la prov\u00edncia de Guadalajara, ha renovat el seu conveni de col\u00b7laboraci\u00f3 amb Audax Renovables, empresa de refer\u00e8ncia al sector energ\u00e8tic, dedicada a la generaci\u00f3 de energia 100% dorigen renovable ia la comercialitzaci\u00f3 delectricitat i gas.&nbsp;<\/p>\n<p>El Grup Audax continua amb la seva aposta per la prov\u00edncia, ja que t\u00e9 set plantes fotovoltaiques a Guadalajara, amb una inversi\u00f3 que supera els 22 milions d&#039;euros. Les plantes fotovoltaiques de Las Alberizas 1, 2, 3 i 4, amb una pot\u00e8ncia instal\u00b7lada de 20 MWp, que estan ubicades al municipi de Torija amb una producci\u00f3 estimada anual del voltant 32,44 GWh, cosa que equival al consum anual de m\u00e9s de 9.400 llars. Al municipi de Fontanar hi ha la planta fotovoltaica de Ca\u00f1amares, amb una pot\u00e8ncia de 5 MWp i una producci\u00f3 anual estimada de prop de 8,1 GWh que equival al consum anual de m\u00e9s de 2.500 llars. A m\u00e9s, les plantes fotovoltaiques Carolines I i II, de 10 MWp en total, es troben al municipi del Casar, amb una producci\u00f3 estimada anual d&#039;uns 16,2 GWh, cosa que equival al consum anual de m\u00e9s de 4.600 llars. Totes formen part de l&#039;aposta d&#039;Audax Renovables per l&#039;energia fotovoltaica.<\/p>\n<p>El conveni ha estat signat per Mar\u00eda Soledad Garc\u00eda, presidenta de CEOE-CEPYME Guadalajara, qui ha estat acompanyada per Javier Arriola, secretari general de la Patronal alcarre\u00f1a i per part d&#039;Audax Renovables per David Busquets, Director Comercial i per Amanda Feria, KAM de la zona centre d&#039;Audax, acompanyats per EnerSpain, empresa col\u00b7laboradora d&#039;Audax Renovables, a la persona d&#039;\u00d3scar Rodr\u00edguez.<\/p>\n<p>Gr\u00e0cies a aquest conveni els socis de la Patronal alcarre\u00f1a podran accedir a un estudi del seu consum energ\u00e8tic, alhora que se&#039;ls assessorar\u00e0 sobre els diferents productes per estalviar-ne els costos energ\u00e8tics. Audax Renovables us oferir\u00e0 tarifes de llum 100% d&#039;origen renovable, gas natural, aix\u00ed com tot un portfoli de serveis i productes d&#039;efici\u00e8ncia energ\u00e8tica com la instal\u00b7laci\u00f3 de plaques fotovoltaiques o els punts de rec\u00e0rrega de vehicles. Aquelles empreses, pimes i aut\u00f2noms socis de CEOE-CEPYME interessats en els beneficis d&#039;aquest nou conveni subscrit per la Patronal alcarre\u00f1a, poden informar-se a www.ceoeguadalajara.es o escrivint a conveniceoe@audaxrenovables.com, aix\u00ed com als tel\u00e8fons 949492989 el 689105306 on des del departament d&#039;atenci\u00f3 al client es realitzar\u00e0 un estudi personalitzat i ajustat a les condicions del conveni esmentat.<\/p>\n<p>Sobre Audax Renovables<\/p>\n<p>Fundat l&#039;any 2000, Audax Renovables \u00e9s un grup energ\u00e8tic espanyol integrat verticalment que genera energia 100% renovable i subministra electricitat i gas a clients de set pa\u00efsos europeus. Actualment, compta amb una cartera de parcs e\u00f2lics i fotovoltaics a Espanya, Portugal, It\u00e0lia, Fran\u00e7a, Pol\u00f2nia i Panam\u00e0 en operaci\u00f3, en construcci\u00f3 i en diferents fases de desenvolupament que puja a 2.524 MW. En la seva activitat de comercialitzaci\u00f3, el grup presidit per Jos\u00e9 El\u00edas Navarro proveeix d&#039;energia renovable i gas m\u00e9s de 544.000 clients a Espanya, Portugal, It\u00e0lia, Alemanya, Pol\u00f2nia, Holanda i Hongria, i lidera el segment pime a Iberia. Audax va comen\u00e7ar a cotitzar al mercat secundari espanyol el 2003, i el 2007 va fer el salt al mercat continu, en qu\u00e8 va passar a formar part de l&#039;\u00edndex IBEX SMALL CAP \u00ae el mar\u00e7 de 2020. Actualment, la seva capitalitzaci\u00f3 bors\u00e0ria supera els 600 milions de euros, i compta amb un equip de m\u00e9s de 800 professionals.<\/p>\n<p>Per a m\u00e9s informaci\u00f3, visiteu www.audaxrenovables.com<br \/>\n&nbsp;<\/p>","protected":false},"excerpt":{"rendered":"<p>Audax Renovables y CEOE-CEPYME Guadalajara renuevan su convenio de colaboraci\u00f3n Los socios de la Patronal alcarre\u00f1a podr\u00e1n seguir solicitando un estudio sobre su consumo para ahorrar en sus costes energ\u00e9ticos &nbsp; Guadalajara, 03 de febrero de 2022, CEOE-CEPYME Guadalajara buscando mejorar la eficacia y eficiencia de las empresas de la provincia de Guadalajara, ha renovado [&hellip;]<\/p>\n","protected":false},"author":1,"featured_media":2488,"comment_status":"closed","ping_status":"open","sticky":false,"template":"","format":"standard","meta":{"content-type":"","footnotes":""},"categories":[1],"tags":[],"class_list":["post-2489","post","type-post","status-publish","format-standard","has-post-thumbnail","hentry","category-sin-categoria"],"yoast_head":"<!-- This site is optimized with the Yoast SEO plugin v23.5 - https:\/\/yoast.com\/wordpress\/plugins\/seo\/ -->\n<title>Audax Renovables y CEOE-CEPYME Guadalajara renuevan su convenio de colaboraci?n<\/title>\n<meta name=\"description\" content=\"Audax Renovables y CEOE-CEPYME Guadalajara renuevan\" \/>\n<meta name=\"robots\" content=\"index, follow, max-snippet:-1, max-image-preview:large, max-video-preview:-1\" \/>\n<link rel=\"canonical\" href=\"https:\/\/www.audaxrenovables.es\/ca\/audax-renewables-and-ceoe-cepyme-guadalajara-renew\/\" \/>\n<meta property=\"og:locale\" content=\"ca_ES\" \/>\n<meta property=\"og:type\" content=\"article\" \/>\n<meta property=\"og:title\" content=\"Audax Renovables y CEOE-CEPYME Guadalajara renuevan su convenio de colaboraci?n\" \/>\n<meta property=\"og:description\" content=\"Audax Renovables y CEOE-CEPYME Guadalajara renuevan\" \/>\n<meta property=\"og:url\" content=\"https:\/\/www.audaxrenovables.es\/ca\/audax-renewables-and-ceoe-cepyme-guadalajara-renew\/\" \/>\n<meta property=\"og:site_name\" content=\"Audax Renovables\" \/>\n<meta property=\"article:published_time\" content=\"2022-02-03T11:59:58+00:00\" \/>\n<meta property=\"article:modified_time\" content=\"2023-06-20T11:40:03+00:00\" \/>\n<meta property=\"og:image\" content=\"https:\/\/www.audaxrenovables.es\/wp-content\/uploads\/2023\/06\/03022022.jpg.jpg\" \/>\n\t<meta property=\"og:image:width\" content=\"713\" \/>\n\t<meta property=\"og:image:height\" content=\"403\" \/>\n\t<meta property=\"og:image:type\" content=\"image\/jpeg\" \/>\n<meta name=\"author\" content=\"adminadx\" \/>\n<meta name=\"twitter:card\" content=\"summary_large_image\" \/>\n<meta name=\"twitter:label1\" content=\"Escrit per\" \/>\n\t<meta name=\"twitter:data1\" content=\"adminadx\" \/>\n\t<meta name=\"twitter:label2\" content=\"Temps estimat de lectura\" \/>\n\t<meta name=\"twitter:data2\" content=\"4 minuts\" \/>\n<!-- \/ Yoast SEO plugin. -->","yoast_head_json":{"title":"Audax Renovables i CEOE-CEPYME Guadalajara renoven el seu conveni de col\u00b7laboraci\u00f3?","description":"Audax Renovables i CEOE-CEPYME Guadalajara renoven","robots":{"index":"index","follow":"follow","max-snippet":"max-snippet:-1","max-image-preview":"max-image-preview:large","max-video-preview":"max-video-preview:-1"},"canonical":"https:\/\/www.audaxrenovables.es\/ca\/audax-renewables-and-ceoe-cepyme-guadalajara-renew\/","og_locale":"ca_ES","og_type":"article","og_title":"Audax Renovables y CEOE-CEPYME Guadalajara renuevan su convenio de colaboraci?n","og_description":"Audax Renovables y CEOE-CEPYME Guadalajara renuevan","og_url":"https:\/\/www.audaxrenovables.es\/ca\/audax-renewables-and-ceoe-cepyme-guadalajara-renew\/","og_site_name":"Audax Renovables","article_published_time":"2022-02-03T11:59:58+00:00","article_modified_time":"2023-06-20T11:40:03+00:00","og_image":[{"width":713,"height":403,"url":"https:\/\/www.audaxrenovables.es\/wp-content\/uploads\/2023\/06\/03022022.jpg.jpg","type":"image\/jpeg"}],"author":"adminadx","twitter_card":"summary_large_image","twitter_misc":{"Escrit per":"adminadx","Temps estimat de lectura":"4 minuts"},"schema":{"@context":"https:\/\/schema.org","@graph":[{"@type":"Article","@id":"https:\/\/www.audaxrenovables.es\/en\/audax-renewables-and-ceoe-cepyme-guadalajara-renew\/#article","isPartOf":{"@id":"https:\/\/www.audaxrenovables.es\/en\/audax-renewables-and-ceoe-cepyme-guadalajara-renew\/"},"author":{"name":"adminadx","@id":"https:\/\/www.audaxrenovables.es\/ca\/#\/schema\/person\/39323131dc9a121279e4e63ed89ffbea"},"headline":"Audax Renovables y CEOE-CEPYME Guadalajara renuevan su convenio de colaboraci\u00f3n","datePublished":"2022-02-03T11:59:58+00:00","dateModified":"2023-06-20T11:40:03+00:00","mainEntityOfPage":{"@id":"https:\/\/www.audaxrenovables.es\/en\/audax-renewables-and-ceoe-cepyme-guadalajara-renew\/"},"wordCount":666,"publisher":{"@id":"https:\/\/www.audaxrenovables.es\/ca\/#organization"},"image":{"@id":"https:\/\/www.audaxrenovables.es\/en\/audax-renewables-and-ceoe-cepyme-guadalajara-renew\/#primaryimage"},"thumbnailUrl":"https:\/\/www.audaxrenovables.es\/wp-content\/uploads\/2023\/06\/03022022.jpg.jpg","articleSection":["Sin categor\u00eda"],"inLanguage":"ca"},{"@type":["WebPage","ItemPage"],"@id":"https:\/\/www.audaxrenovables.es\/en\/audax-renewables-and-ceoe-cepyme-guadalajara-renew\/","url":"https:\/\/www.audaxrenovables.es\/en\/audax-renewables-and-ceoe-cepyme-guadalajara-renew\/","name":"Audax Renovables i CEOE-CEPYME Guadalajara renoven el seu conveni de col\u00b7laboraci\u00f3?","isPartOf":{"@id":"https:\/\/www.audaxrenovables.es\/ca\/#website"},"primaryImageOfPage":{"@id":"https:\/\/www.audaxrenovables.es\/en\/audax-renewables-and-ceoe-cepyme-guadalajara-renew\/#primaryimage"},"image":{"@id":"https:\/\/www.audaxrenovables.es\/en\/audax-renewables-and-ceoe-cepyme-guadalajara-renew\/#primaryimage"},"thumbnailUrl":"https:\/\/www.audaxrenovables.es\/wp-content\/uploads\/2023\/06\/03022022.jpg.jpg","datePublished":"2022-02-03T11:59:58+00:00","dateModified":"2023-06-20T11:40:03+00:00","description":"Audax Renovables i CEOE-CEPYME Guadalajara renoven","breadcrumb":{"@id":"https:\/\/www.audaxrenovables.es\/en\/audax-renewables-and-ceoe-cepyme-guadalajara-renew\/#breadcrumb"},"inLanguage":"ca","potentialAction":[{"@type":"ReadAction","target":["https:\/\/www.audaxrenovables.es\/en\/audax-renewables-and-ceoe-cepyme-guadalajara-renew\/"]}]},{"@type":"ImageObject","inLanguage":"ca","@id":"https:\/\/www.audaxrenovables.es\/en\/audax-renewables-and-ceoe-cepyme-guadalajara-renew\/#primaryimage","url":"https:\/\/www.audaxrenovables.es\/wp-content\/uploads\/2023\/06\/03022022.jpg.jpg","contentUrl":"https:\/\/www.audaxrenovables.es\/wp-content\/uploads\/2023\/06\/03022022.jpg.jpg","width":713,"height":403},{"@type":"BreadcrumbList","@id":"https:\/\/www.audaxrenovables.es\/en\/audax-renewables-and-ceoe-cepyme-guadalajara-renew\/#breadcrumb","itemListElement":[{"@type":"ListItem","position":1,"name":"Portada","item":"https:\/\/www.audaxrenovables.es\/es\/"},{"@type":"ListItem","position":2,"name":"Audax Renovables y CEOE-CEPYME Guadalajara renuevan su convenio de colaboraci\u00f3n"}]},{"@type":"WebSite","@id":"https:\/\/www.audaxrenovables.es\/ca\/#website","url":"https:\/\/www.audaxrenovables.es\/ca\/","name":"Audax Renovables","description":"Companyia independent dedicada a la producci\u00f3 denergia el\u00e8ctrica a partir de fonts denergia 100% renovables","publisher":{"@id":"https:\/\/www.audaxrenovables.es\/ca\/#organization"},"potentialAction":[{"@type":"SearchAction","target":{"@type":"EntryPoint","urlTemplate":"https:\/\/www.audaxrenovables.es\/ca\/?s={search_term_string}"},"query-input":{"@type":"PropertyValueSpecification","valueRequired":true,"valueName":"search_term_string"}}],"inLanguage":"ca"},{"@type":"Organization","@id":"https:\/\/www.audaxrenovables.es\/ca\/#organization","name":"Audax Renovables","alternateName":"Audax Energ\u00eda","url":"https:\/\/www.audaxrenovables.es\/ca\/","logo":{"@type":"ImageObject","inLanguage":"ca","@id":"https:\/\/www.audaxrenovables.es\/ca\/#\/schema\/logo\/image\/","url":"https:\/\/www.audaxrenovables.es\/wp-content\/uploads\/2023\/04\/logo.png","contentUrl":"https:\/\/www.audaxrenovables.es\/wp-content\/uploads\/2023\/04\/logo.png","width":197,"height":125,"caption":"Audax Renovables"},"image":{"@id":"https:\/\/www.audaxrenovables.es\/ca\/#\/schema\/logo\/image\/"},"sameAs":["https:\/\/www.instagram.com\/audaxrenovables\/","https:\/\/x.com\/AudaxRenovables","https:\/\/www.youtube.com\/user\/AudaxEnergia","https:\/\/www.tiktok.com\/@audaxrenovables","https:\/\/www.linkedin.com\/company\/203502\/admin\/"]},{"@type":"Person","@id":"https:\/\/www.audaxrenovables.es\/ca\/#\/schema\/person\/39323131dc9a121279e4e63ed89ffbea","name":"adminadx","image":{"@type":"ImageObject","inLanguage":"ca","@id":"https:\/\/www.audaxrenovables.es\/ca\/#\/schema\/person\/image\/","url":"https:\/\/secure.gravatar.com\/avatar\/60b4d621160a422b02f2d19db7066f73c964c792ce03f3da9d36f40a41bdd2e6?s=96&d=mm&r=g","contentUrl":"https:\/\/secure.gravatar.com\/avatar\/60b4d621160a422b02f2d19db7066f73c964c792ce03f3da9d36f40a41bdd2e6?s=96&d=mm&r=g","caption":"adminadx"},"sameAs":["https:\/\/audaxrenovables.es"]}]}},"_links":{"self":[{"href":"https:\/\/www.audaxrenovables.es\/ca\/wp-json\/wp\/v2\/posts\/2489","targetHints":{"allow":["GET"]}}],"collection":[{"href":"https:\/\/www.audaxrenovables.es\/ca\/wp-json\/wp\/v2\/posts"}],"about":[{"href":"https:\/\/www.audaxrenovables.es\/ca\/wp-json\/wp\/v2\/types\/post"}],"author":[{"embeddable":true,"href":"https:\/\/www.audaxrenovables.es\/ca\/wp-json\/wp\/v2\/users\/1"}],"replies":[{"embeddable":true,"href":"https:\/\/www.audaxrenovables.es\/ca\/wp-json\/wp\/v2\/comments?post=2489"}],"version-history":[{"count":1,"href":"https:\/\/www.audaxrenovables.es\/ca\/wp-json\/wp\/v2\/posts\/2489\/revisions"}],"predecessor-version":[{"id":2794,"href":"https:\/\/www.audaxrenovables.es\/ca\/wp-json\/wp\/v2\/posts\/2489\/revisions\/2794"}],"wp:featuredmedia":[{"embeddable":true,"href":"https:\/\/www.audaxrenovables.es\/ca\/wp-json\/wp\/v2\/media\/2488"}],"wp:attachment":[{"href":"https:\/\/www.audaxrenovables.es\/ca\/wp-json\/wp\/v2\/media?parent=2489"}],"wp:term":[{"taxonomy":"category","embeddable":true,"href":"https:\/\/www.audaxrenovables.es\/ca\/wp-json\/wp\/v2\/categories?post=2489"},{"taxonomy":"post_tag","embeddable":true,"href":"https:\/\/www.audaxrenovables.es\/ca\/wp-json\/wp\/v2\/tags?post=2489"}],"curies":[{"name":"wp","href":"https:\/\/api.w.org\/{rel}","templated":true}]}}