{"id":2493,"date":"2021-12-17T09:33:38","date_gmt":"2021-12-17T09:33:38","guid":{"rendered":"https:\/\/audaxrenovables.es\/audax-adquiere-un-proyecto-fotovoltaico-en-la-provincia-de-valladolid\/"},"modified":"2023-06-20T11:40:11","modified_gmt":"2023-06-20T11:40:11","slug":"audax-adquiere-un-proyecto-fotovoltaico-en-la-provincia-de-valladolid","status":"publish","type":"post","link":"https:\/\/www.audaxrenovables.es\/ca\/audax-adquireix-un-projecte-fotovoltaic-a-la-provincia-de-valladolid\/","title":{"rendered":"Audax adquireix un projecte fotovoltaic a la prov\u00edncia de Valladolid"},"content":{"rendered":"<p><img decoding=\"async\" class=\"adx_img_post\" src=\"https:\/\/www.audaxrenovables.es\/uploads\/2021\/12\/17\/40b7a3facb5ba3b22a560716ce14f846.jpg\"><\/p>\n<h1 class=\"adx_tit_post\">Audax adquireix un projecte fotovoltaic a la prov\u00edncia de Valladolid<\/h1>\n<blockquote><p>Situat al municipi de Cigu\u00f1uela, el projecte de Zarat\u00e1n ser\u00e0 la primera instal\u00b7laci\u00f3 de la companyia a Castella i Lle\u00f3.<\/p>\n<p>Produir\u00e0 12,36 MWp, i, durant el cicle de vida, donar\u00e0 feina a 80 persones de forma directa i indirecta i evitar\u00e0 l&#039;emissi\u00f3 a l&#039;atmosfera de 3.840 tones de CO2 a l&#039;any.<\/p><\/blockquote>\n<p>17 DE DESEMBRE DE 2021.\u2013 Audax Renovables (ADX.MC), grup energ\u00e8tic espanyol integrat verticalment que genera energia 100% renovable i subministra electricitat i gas a clients de 7 pa\u00efsos europeus, anuncia l&#039;adquisici\u00f3 del projecte fotovoltaic Zarat\u00e1n, al municipi de Cigu\u00f1uela (Valladolid), que ja compta amb tots els permisos administratius per iniciar-ne la construcci\u00f3 a principis de 2022.<\/p>\n<p>La planta ocupar\u00e0 una superf\u00edcie total de 25 hect\u00e0rees, tindr\u00e0 una pot\u00e8ncia total de 12,36 MWp i ser\u00e0 la primera instal\u00b7laci\u00f3 d&#039;Audax a Castella i Lle\u00f3. Durant la seva construcci\u00f3, a la qual la companyia preveu destinar entre 7 i 8 milions d&#039;euros, Audax preveu que generi al voltant de 70 llocs de treball directes i indirectes en el seu entorn m\u00e9s immediat, i, una vegada en operaci\u00f3, donar\u00e0 feina al voltant de 10 professionals tamb\u00e9 de manera directa i indirecta.<\/p>\n<p>La instal\u00b7laci\u00f3 d&#039;aquesta planta permetr\u00e0 generar a Valladolid l&#039;equivalent al consum energ\u00e8tic de gaireb\u00e9 5.500 llars i al voltant de 17.000 persones, i l&#039;aposta per l&#039;energia neta evitar\u00e0 l&#039;emissi\u00f3 a l&#039;atmosfera de 3.840 tones de CO2 a l&#039;any.<\/p>\n<p>Jos\u00e9 El\u00edas Navarro, President d&#039;Audax Renovables, ha declarat al fil d&#039;aquest anunci que \u201cel compliment del nostre pla estrat\u00e8gic passa per desenvolupar la nostra cartera actual, per\u00f2 tamb\u00e9 per aprofitar oportunitats com aquesta, que ens permet incorporar un projecte &#039;ready to build&#039; que comen\u00e7arem a construir entre els mesos de gener i febrer del 2022. Seguim atents a oportunitats de compra d&#039;altres projectes o carteres fotovoltaiques que ens permetin accelerar la incorporaci\u00f3 de nova pot\u00e8ncia instal\u00b7lada\u201d.<\/p>\n<p>El 30 de setembre, Audax va produir 140 GW repartits entre instal\u00b7lacions a Espanya, Fran\u00e7a i Pol\u00f2nia, i el nostre pa\u00eds va representar el 67% del total. A principis del 2021, el grup va incorporar a la seva cartera 1.968 MW a Espanya, It\u00e0lia i Portugal que preveu posar en marxa en els propers 5 anys. D&#039;aquests projectes, en aquest exercici han entrat en operaci\u00f3 15 MWp de les plantes de Ca\u00f1amares i Carolines I i II, 40 MWp dels projectes de Sarsuela I, II, II i IV a la prov\u00edncia de Toledo i d&#039;Alberezas I, II , III i IV, a la prov\u00edncia de Guadalajara. I es troben a la fase final de construcci\u00f3 14,5 MWp dels projectes de Los Arenales, El Toconal i Cala\u00f1as, que entraran en operaci\u00f3 en les properes setmanes.<\/p>\n<p>Sobre Audax Renovables<\/p>\n<p>Fundat a l&#039;any 2000, Audax Renovables \u00e9s un grup energ\u00e8tic espanyol integrat verticalment que genera energia 100% d&#039;origen renovable i subministra electricitat i gas a clients de set pa\u00efsos europeus. Actualment, compta amb una cartera de parcs e\u00f2lics i fotovoltaics a Espanya, Portugal, It\u00e0lia, Fran\u00e7a, Pol\u00f2nia i Panam\u00e0 en operaci\u00f3, en construcci\u00f3 i en diferents fases de desenvolupament que puja a 2.524 MW. En la seva activitat de comercialitzaci\u00f3, el grup presidit per Jos\u00e9 El\u00edas Navarro proveeix d&#039;energia renovable i gas m\u00e9s de 544.000 clients a Espanya, Portugal, It\u00e0lia, Alemanya, Pol\u00f2nia, Holanda i Hongria, i lidera el segment pime a Iberia. Audax va comen\u00e7ar a cotitzar al mercat secundari espanyol el 2003, i el 2007 va fer el salt al mercat continu, en qu\u00e8 va passar a formar part de l&#039;\u00edndex IBEX SMALL CAP \u00ae el mar\u00e7 de 2020. Actualment, la seva capitalitzaci\u00f3 bors\u00e0ria supera els 600 milions de euros, i compta amb un equip de m\u00e9s de 800 professionals.<\/p>\n<p>&nbsp;<\/p>","protected":false},"excerpt":{"rendered":"<p>Audax adquiere un proyecto fotovoltaico en la provincia de Valladolid Situado en el municipio de Cigu\u00f1uela, el proyecto de Zarat\u00e1n ser\u00e1 la primera instalaci\u00f3n de la compa\u00f1\u00eda en Castilla y Le\u00f3n. Producir\u00e1 12,36 MWp, y, durante su ciclo de vida, dar\u00e1 trabajo a 80 personas de forma directa e indirecta y evitar\u00e1 la emisi\u00f3n a [&hellip;]<\/p>\n","protected":false},"author":1,"featured_media":2492,"comment_status":"closed","ping_status":"open","sticky":false,"template":"","format":"standard","meta":{"content-type":"","footnotes":""},"categories":[1],"tags":[],"class_list":["post-2493","post","type-post","status-publish","format-standard","has-post-thumbnail","hentry","category-sin-categoria"],"yoast_head":"<!-- This site is optimized with the Yoast SEO plugin v23.5 - https:\/\/yoast.com\/wordpress\/plugins\/seo\/ -->\n<title>Audax adquiere un proyecto fotovoltaico en la provincia de Valladolid<\/title>\n<meta name=\"description\" content=\"Audax adquiere un proyecto fotovoltaico en la provincia de Valladolid\" \/>\n<meta name=\"robots\" content=\"index, follow, max-snippet:-1, max-image-preview:large, max-video-preview:-1\" \/>\n<link rel=\"canonical\" href=\"https:\/\/www.audaxrenovables.es\/ca\/audax-adquireix-un-projecte-fotovoltaic-a-la-provincia-de-valladolid\/\" \/>\n<meta property=\"og:locale\" content=\"ca_ES\" \/>\n<meta property=\"og:type\" content=\"article\" \/>\n<meta property=\"og:title\" content=\"Audax adquiere un proyecto fotovoltaico en la provincia de Valladolid\" \/>\n<meta property=\"og:description\" content=\"Audax adquiere un proyecto fotovoltaico en la provincia de Valladolid\" \/>\n<meta property=\"og:url\" content=\"https:\/\/www.audaxrenovables.es\/ca\/audax-adquireix-un-projecte-fotovoltaic-a-la-provincia-de-valladolid\/\" \/>\n<meta property=\"og:site_name\" content=\"Audax Renovables\" \/>\n<meta property=\"article:published_time\" content=\"2021-12-17T09:33:38+00:00\" \/>\n<meta property=\"article:modified_time\" content=\"2023-06-20T11:40:11+00:00\" \/>\n<meta property=\"og:image\" content=\"https:\/\/www.audaxrenovables.es\/wp-content\/uploads\/2023\/06\/noticia.jpg.jpg\" \/>\n\t<meta property=\"og:image:width\" content=\"713\" \/>\n\t<meta property=\"og:image:height\" content=\"403\" \/>\n\t<meta property=\"og:image:type\" content=\"image\/jpeg\" \/>\n<meta name=\"author\" content=\"adminadx\" \/>\n<meta name=\"twitter:card\" content=\"summary_large_image\" \/>\n<meta name=\"twitter:label1\" content=\"Escrit per\" \/>\n\t<meta name=\"twitter:data1\" content=\"adminadx\" \/>\n\t<meta name=\"twitter:label2\" content=\"Temps estimat de lectura\" \/>\n\t<meta name=\"twitter:data2\" content=\"4 minuts\" \/>\n<!-- \/ Yoast SEO plugin. -->","yoast_head_json":{"title":"Audax adquireix un projecte fotovoltaic a la prov\u00edncia de Valladolid","description":"Audax adquireix un projecte fotovoltaic a la prov\u00edncia de Valladolid","robots":{"index":"index","follow":"follow","max-snippet":"max-snippet:-1","max-image-preview":"max-image-preview:large","max-video-preview":"max-video-preview:-1"},"canonical":"https:\/\/www.audaxrenovables.es\/ca\/audax-adquireix-un-projecte-fotovoltaic-a-la-provincia-de-valladolid\/","og_locale":"ca_ES","og_type":"article","og_title":"Audax adquiere un proyecto fotovoltaico en la provincia de Valladolid","og_description":"Audax adquiere un proyecto fotovoltaico en la provincia de Valladolid","og_url":"https:\/\/www.audaxrenovables.es\/ca\/audax-adquireix-un-projecte-fotovoltaic-a-la-provincia-de-valladolid\/","og_site_name":"Audax Renovables","article_published_time":"2021-12-17T09:33:38+00:00","article_modified_time":"2023-06-20T11:40:11+00:00","og_image":[{"width":713,"height":403,"url":"https:\/\/www.audaxrenovables.es\/wp-content\/uploads\/2023\/06\/noticia.jpg.jpg","type":"image\/jpeg"}],"author":"adminadx","twitter_card":"summary_large_image","twitter_misc":{"Escrit per":"adminadx","Temps estimat de lectura":"4 minuts"},"schema":{"@context":"https:\/\/schema.org","@graph":[{"@type":"Article","@id":"https:\/\/www.audaxrenovables.es\/es\/audax-adquiere-un-proyecto-fotovoltaico-en-la-provincia-de-valladolid\/#article","isPartOf":{"@id":"https:\/\/www.audaxrenovables.es\/es\/audax-adquiere-un-proyecto-fotovoltaico-en-la-provincia-de-valladolid\/"},"author":{"name":"adminadx","@id":"https:\/\/www.audaxrenovables.es\/ca\/#\/schema\/person\/39323131dc9a121279e4e63ed89ffbea"},"headline":"Audax adquiere un proyecto fotovoltaico en la provincia de Valladolid","datePublished":"2021-12-17T09:33:38+00:00","dateModified":"2023-06-20T11:40:11+00:00","mainEntityOfPage":{"@id":"https:\/\/www.audaxrenovables.es\/es\/audax-adquiere-un-proyecto-fotovoltaico-en-la-provincia-de-valladolid\/"},"wordCount":659,"publisher":{"@id":"https:\/\/www.audaxrenovables.es\/ca\/#organization"},"image":{"@id":"https:\/\/www.audaxrenovables.es\/es\/audax-adquiere-un-proyecto-fotovoltaico-en-la-provincia-de-valladolid\/#primaryimage"},"thumbnailUrl":"https:\/\/www.audaxrenovables.es\/wp-content\/uploads\/2023\/06\/noticia.jpg.jpg","articleSection":["Sin categor\u00eda"],"inLanguage":"ca"},{"@type":["WebPage","ItemPage"],"@id":"https:\/\/www.audaxrenovables.es\/es\/audax-adquiere-un-proyecto-fotovoltaico-en-la-provincia-de-valladolid\/","url":"https:\/\/www.audaxrenovables.es\/es\/audax-adquiere-un-proyecto-fotovoltaico-en-la-provincia-de-valladolid\/","name":"Audax adquireix un projecte fotovoltaic a la prov\u00edncia de Valladolid","isPartOf":{"@id":"https:\/\/www.audaxrenovables.es\/ca\/#website"},"primaryImageOfPage":{"@id":"https:\/\/www.audaxrenovables.es\/es\/audax-adquiere-un-proyecto-fotovoltaico-en-la-provincia-de-valladolid\/#primaryimage"},"image":{"@id":"https:\/\/www.audaxrenovables.es\/es\/audax-adquiere-un-proyecto-fotovoltaico-en-la-provincia-de-valladolid\/#primaryimage"},"thumbnailUrl":"https:\/\/www.audaxrenovables.es\/wp-content\/uploads\/2023\/06\/noticia.jpg.jpg","datePublished":"2021-12-17T09:33:38+00:00","dateModified":"2023-06-20T11:40:11+00:00","description":"Audax adquireix un projecte fotovoltaic a la prov\u00edncia de Valladolid","breadcrumb":{"@id":"https:\/\/www.audaxrenovables.es\/es\/audax-adquiere-un-proyecto-fotovoltaico-en-la-provincia-de-valladolid\/#breadcrumb"},"inLanguage":"ca","potentialAction":[{"@type":"ReadAction","target":["https:\/\/www.audaxrenovables.es\/es\/audax-adquiere-un-proyecto-fotovoltaico-en-la-provincia-de-valladolid\/"]}]},{"@type":"ImageObject","inLanguage":"ca","@id":"https:\/\/www.audaxrenovables.es\/es\/audax-adquiere-un-proyecto-fotovoltaico-en-la-provincia-de-valladolid\/#primaryimage","url":"https:\/\/www.audaxrenovables.es\/wp-content\/uploads\/2023\/06\/noticia.jpg.jpg","contentUrl":"https:\/\/www.audaxrenovables.es\/wp-content\/uploads\/2023\/06\/noticia.jpg.jpg","width":713,"height":403},{"@type":"BreadcrumbList","@id":"https:\/\/www.audaxrenovables.es\/es\/audax-adquiere-un-proyecto-fotovoltaico-en-la-provincia-de-valladolid\/#breadcrumb","itemListElement":[{"@type":"ListItem","position":1,"name":"Portada","item":"https:\/\/www.audaxrenovables.es\/es\/"},{"@type":"ListItem","position":2,"name":"Audax adquiere un proyecto fotovoltaico en la provincia de Valladolid"}]},{"@type":"WebSite","@id":"https:\/\/www.audaxrenovables.es\/ca\/#website","url":"https:\/\/www.audaxrenovables.es\/ca\/","name":"Audax Renovables","description":"Companyia independent dedicada a la producci\u00f3 denergia el\u00e8ctrica a partir de fonts denergia 100% renovables","publisher":{"@id":"https:\/\/www.audaxrenovables.es\/ca\/#organization"},"potentialAction":[{"@type":"SearchAction","target":{"@type":"EntryPoint","urlTemplate":"https:\/\/www.audaxrenovables.es\/ca\/?s={search_term_string}"},"query-input":{"@type":"PropertyValueSpecification","valueRequired":true,"valueName":"search_term_string"}}],"inLanguage":"ca"},{"@type":"Organization","@id":"https:\/\/www.audaxrenovables.es\/ca\/#organization","name":"Audax Renovables","alternateName":"Audax Energ\u00eda","url":"https:\/\/www.audaxrenovables.es\/ca\/","logo":{"@type":"ImageObject","inLanguage":"ca","@id":"https:\/\/www.audaxrenovables.es\/ca\/#\/schema\/logo\/image\/","url":"https:\/\/www.audaxrenovables.es\/wp-content\/uploads\/2023\/04\/logo.png","contentUrl":"https:\/\/www.audaxrenovables.es\/wp-content\/uploads\/2023\/04\/logo.png","width":197,"height":125,"caption":"Audax Renovables"},"image":{"@id":"https:\/\/www.audaxrenovables.es\/ca\/#\/schema\/logo\/image\/"},"sameAs":["https:\/\/www.instagram.com\/audaxrenovables\/","https:\/\/x.com\/AudaxRenovables","https:\/\/www.youtube.com\/user\/AudaxEnergia","https:\/\/www.tiktok.com\/@audaxrenovables","https:\/\/www.linkedin.com\/company\/203502\/admin\/"]},{"@type":"Person","@id":"https:\/\/www.audaxrenovables.es\/ca\/#\/schema\/person\/39323131dc9a121279e4e63ed89ffbea","name":"adminadx","image":{"@type":"ImageObject","inLanguage":"ca","@id":"https:\/\/www.audaxrenovables.es\/ca\/#\/schema\/person\/image\/","url":"https:\/\/secure.gravatar.com\/avatar\/60b4d621160a422b02f2d19db7066f73c964c792ce03f3da9d36f40a41bdd2e6?s=96&d=mm&r=g","contentUrl":"https:\/\/secure.gravatar.com\/avatar\/60b4d621160a422b02f2d19db7066f73c964c792ce03f3da9d36f40a41bdd2e6?s=96&d=mm&r=g","caption":"adminadx"},"sameAs":["https:\/\/audaxrenovables.es"]}]}},"_links":{"self":[{"href":"https:\/\/www.audaxrenovables.es\/ca\/wp-json\/wp\/v2\/posts\/2493","targetHints":{"allow":["GET"]}}],"collection":[{"href":"https:\/\/www.audaxrenovables.es\/ca\/wp-json\/wp\/v2\/posts"}],"about":[{"href":"https:\/\/www.audaxrenovables.es\/ca\/wp-json\/wp\/v2\/types\/post"}],"author":[{"embeddable":true,"href":"https:\/\/www.audaxrenovables.es\/ca\/wp-json\/wp\/v2\/users\/1"}],"replies":[{"embeddable":true,"href":"https:\/\/www.audaxrenovables.es\/ca\/wp-json\/wp\/v2\/comments?post=2493"}],"version-history":[{"count":1,"href":"https:\/\/www.audaxrenovables.es\/ca\/wp-json\/wp\/v2\/posts\/2493\/revisions"}],"predecessor-version":[{"id":2796,"href":"https:\/\/www.audaxrenovables.es\/ca\/wp-json\/wp\/v2\/posts\/2493\/revisions\/2796"}],"wp:featuredmedia":[{"embeddable":true,"href":"https:\/\/www.audaxrenovables.es\/ca\/wp-json\/wp\/v2\/media\/2492"}],"wp:attachment":[{"href":"https:\/\/www.audaxrenovables.es\/ca\/wp-json\/wp\/v2\/media?parent=2493"}],"wp:term":[{"taxonomy":"category","embeddable":true,"href":"https:\/\/www.audaxrenovables.es\/ca\/wp-json\/wp\/v2\/categories?post=2493"},{"taxonomy":"post_tag","embeddable":true,"href":"https:\/\/www.audaxrenovables.es\/ca\/wp-json\/wp\/v2\/tags?post=2493"}],"curies":[{"name":"wp","href":"https:\/\/api.w.org\/{rel}","templated":true}]}}