{"id":2497,"date":"2021-11-16T07:18:00","date_gmt":"2021-11-16T07:18:00","guid":{"rendered":"https:\/\/audaxrenovables.es\/audax-aumenta-sus-ventas-en-un-83\/"},"modified":"2023-06-20T11:40:19","modified_gmt":"2023-06-20T11:40:19","slug":"audax-aumenta-sus-ventas-en-un-83","status":"publish","type":"post","link":"https:\/\/www.audaxrenovables.es\/ca\/audax-augmenta-les-vendes-en-un-83\/","title":{"rendered":"Audax augmenta les vendes en un 83% el tercer trimestre, fins a 1.143 milions d&#039;euros"},"content":{"rendered":"<p><img decoding=\"async\" class=\"adx_img_post\" src=\"https:\/\/www.audaxrenovables.es\/uploads\/2021\/11\/16\/969d9bd1972ce1631caf624343aeb335.jpg\"><\/p>\n<h1 class=\"adx_tit_post\">Audax augmenta les vendes en un 83% el tercer trimestre, fins a 1.143 milions d&#039;euros<\/h1>\n<ul>\n<li><big>La companyia registra un marge brut de 86 milions d?euros i un EBITDA de 31,2 milions.<\/big><\/li>\n<li><big>Audax compta amb m\u00e9s de 544.000 punts de subministrament actius: un 10% m\u00e9s que el tercer trimestre del 2020.<\/big><\/li>\n<li><big>En generaci\u00f3, la producci\u00f3 del grup des de comen\u00e7ament del 2021 s&#039;ha situat en 140 GWh, i la seva pot\u00e8ncia instal\u00b7lada a Espanya s&#039;ha doblat (+97%).<\/big><\/li>\n<\/ul>\n<div>\n<p>&nbsp;<\/p>\n<p>Audax Renovables (ADX.MC), grup energ\u00e8tic espanyol integrat verticalment que genera energia 100% renovable i subministra electricitat i gas a clients de 7 pa\u00efsos europeus, ha anunciat els resultats corresponents al tercer trimestre del 2021.<\/p>\n<p>Entre els mesos de juliol i setembre, la companyia va augmentar les vendes en un 83% respecte al mateix per\u00edode del 2020, fins a assolir els 1.143 milions d&#039;euros: un creixement recolzat per l&#039;augment de la xifra de clients en un 10% i per la pujada del preu de l&#039;electricitat als mercats majoristes dels pa\u00efsos en qu\u00e8 opera.<\/p>\n<p>Audax va augmentar aix\u00ed mateix el seu marge brut en un 5% respecte al mateix per\u00edode de l&#039;any anterior, fins a assolir els 86 milions d&#039;euros, i va registrar un EBITDA de 31,2 milions d&#039;euros, un 71% per sobre del registrat entre els mesos de gener i juny del present exercici. Tot i ser el trimestre m\u00e9s dur quant a volatilitat dels preus, gr\u00e0cies a les mesures de gesti\u00f3 implementades, la companyia ha estat capa\u00e7 de revertir la tend\u00e8ncia negativa durant els darrers tres mesos confiant a recuperar les previsions per al tancament de l&#039;exercici.<\/p>\n<p>A m\u00e9s, la companyia afronta aquest context amb una s\u00f2lida posici\u00f3 de caixa, de 403 milions d&#039;euros.<\/p>\n<p>Per a Jos\u00e9 El\u00edas Navarro, President d&#039;Audax Renovables, \u201cl&#039;increment de les nostres vendes en un 83%, fins a superar folgadament els 1.140 milions d&#039;euros, apunta a la consolidaci\u00f3 de la companyia en un entorn d&#039;enorme volatilitat, on una recuperaci\u00f3 econ\u00f2mica m\u00e9s r\u00e0pida i intensa del que s&#039;esperava ha provocat una al\u00e7a en els preus de l&#039;energia que ha tingut un efecte clar en la nostra activitat de comercialitzaci\u00f3. Tot i que la nostra integraci\u00f3 vertical ens permet esmorteir una part d&#039;aquest impacte, hem registrat un resultat net negatiu conjuntural que no ens distreu del desplegament del nostre Pla Estrat\u00e8gic per al per\u00edode 2021-2026, orientat a la millora de la rendibilitat del nostre portfoli de clients, i del desenvolupament, construcci\u00f3 i posada en marxa de noves instal\u00b7lacions\u201d.<\/p>\n<p>Audax arriba als 544.000 clients a Europa i dobla la pot\u00e8ncia instal\u00b7lada a Espanya<\/p>\n<p>Des del punt de vista operatiu, les m\u00e8triques del grup han registrat un comportament uniformement positiu el tercer trimestre de l&#039;any. A m\u00e9s de l&#039;increment en un 10% de la seva xifra de clients, fins a assolir els 544.000, Audax ha doblat pr\u00e0cticament la pot\u00e8ncia instal\u00b7lada a Espanya (+97%) i ha subministrat als seus clients un 82% m\u00e9s d&#039;energia respecte al mateix per\u00edode del 2020.<\/p>\n<p>En concret, entre els mesos de gener i setembre del present exercici, la companyia ha prove\u00eft d&#039;11,4 TWh als seus clients, repartits fonamentalment a Iberia, Hongria, Holanda i It\u00e0lia, i, en menor proporci\u00f3, a Pol\u00f2nia i Alemanya.<\/p>\n<p>La companyia continua impulsant la seva cartera de generaci\u00f3<br \/>\nEn mat\u00e8ria de generaci\u00f3, les instal\u00b7lacions operades per Audax han generat 140 GWh des de comen\u00e7ament d&#039;any: una xifra lleugerament inferior a la del mateix per\u00edode de l&#039;any anterior, per\u00f2 en qu\u00e8 destaca l&#039;augment de la producci\u00f3 a Espanya en un 15% per el recurs e\u00f2lic m\u00e9s gran i per l&#039;aportaci\u00f3 en un 14% sobre la producci\u00f3 peninsular de les noves plantes fotovoltaiques posades en marxa.<br \/>\nDes de comen\u00e7ament d&#039;any, el grup ha incorporat a la seva cartera 1.968 MW a Espanya, It\u00e0lia i Portugal que preveu posar en marxa en els propers 5 anys.<\/p>\n<p>Destaquen en aquest exercici la connexi\u00f3 a xarxa de 15 MWp de les plantes de Ca\u00f1amares i Carolines I i II; la imminent entrada en operaci\u00f3 de 40 MWp dels projectes de Zarzuela I, II, II i IV a la prov\u00edncia de Toledo i d&#039;Alberezas I, II, III i IV, a la prov\u00edncia de Guadalajara; i la fase final de construcci\u00f3 de 14,5 MWp dels projectes dels Arenals, El Toconal i Cala\u00f1as en les properes setmanes.<\/p>\n<p>Nou impuls en mat\u00e8ria ESG&nbsp;<\/p>\n<p>L&#039;activitat d&#039;Audax segueix orientant-se a m\u00e9s a m\u00e9s en una direcci\u00f3 sostenible, i ha evitat l&#039;emissi\u00f3 de 92,7 milions de tones de CO2 durant els nou primers mesos de l&#039;any.<\/p>\n<p>La responsabilitat corporativa de la companyia s&#039;est\u00e9n tamb\u00e9 a les seves dimensions social i de govern corporatiu, i la plantilla integra, per exemple, un 59% de dones. Aquesta diversitat tamb\u00e9 es veu reflectida al consell d&#039;administraci\u00f3, amb un ter\u00e7 d&#039;integrants femenines.<\/p>\n<p>A m\u00e9s, a la darrera reuni\u00f3, el Consell d&#039;Administraci\u00f3 del grup ha acordat la creaci\u00f3 d&#039;un comit\u00e8 espec\u00edfic en mat\u00e8ria de sostenibilitat (ESG). Audax acumula gaireb\u00e9 una d\u00e8cada de comprom\u00eds amb les seves dimensions ESG, des que el 2013 es va adherir a la Xarxa Espanyola del Pacte Mundial de les Nacions Unides per al Desenvolupament Sostenible, i fins ara ja ha presentat tres Estats d&#039;Informaci\u00f3 No Financera (EINF) auditats des de l&#039;any 2019&nbsp;<\/p>\n<p>Pel que fa a la seva dimensi\u00f3 bors\u00e0ria, el grup va tancar el tercer trimestre de l&#039;any amb una capitalitzaci\u00f3 de 662 milions d&#039;euros, i el mes de maig passat es va incorporar a l&#039;\u00edndex MSCI Global Small Cap, que integra empreses cotitzades de petita capitalitzaci\u00f3 bors\u00e0ria de pa\u00efsos desenvolupats de tot el m\u00f3n.<\/p>\n<p>Finalment, ia prop\u00f2sit del debat p\u00fablic al voltant dels Reials decrets llei 17\/2021, 21\/2021 i 23\/2021, amb afectaci\u00f3 en la regulaci\u00f3 energ\u00e8tica a Espanya, aquests no han tingut un impacte significatiu als estats financers d&#039;Audax .&nbsp;<br \/>\n&nbsp;<\/p>\n<p>Fundat l&#039;any 2000, Audax Renovables \u00e9s un grup energ\u00e8tic espanyol integrat verticalment que genera energia 100% renovable i subministra electricitat i gas a clients de set pa\u00efsos europeus. Actualment, compta amb una cartera de parcs e\u00f2lics i fotovoltaics a Espanya, Portugal, It\u00e0lia, Fran\u00e7a, Pol\u00f2nia i Panam\u00e0 en operaci\u00f3, en construcci\u00f3 i en diferents fases de desenvolupament que puja a 2.524 MW. En la seva activitat de comercialitzaci\u00f3, el grup presidit per Jos\u00e9 El\u00edas Navarro proveeix d&#039;energia renovable i gas m\u00e9s de 544.000 clients a Espanya, Portugal, It\u00e0lia, Alemanya, Pol\u00f2nia, Holanda i Hongria, i lidera el segment pime a Iberia. Audax va comen\u00e7ar a cotitzar al mercat secundari espanyol el 2003, i el 2007 va fer el salt al mercat continu, en qu\u00e8 va passar a formar part de l&#039;\u00edndex IBEX SMALL CAP \u00ae el mar\u00e7 de 2020. Actualment, la seva capitalitzaci\u00f3 bors\u00e0ria supera els 600 milions de euros, i compta amb un equip de m\u00e9s de 800 professionals.<\/p>\n<p>Per a m\u00e9s informaci\u00f3, visiteu www.audaxrenovables.com.<br \/>\n&nbsp;<\/p>\n<\/div>","protected":false},"excerpt":{"rendered":"<p>Audax aumenta sus ventas en un 83% en el tercer trimestre, hasta los 1.143 millones de euros La compa\u00f1\u00eda registra un margen bruto de 86 millones de euros y un EBITDA de 31,2 millones. Audax cuenta con m\u00e1s de 544.000 puntos de suministro activos: un 10% m\u00e1s que en el tercer trimestre de 2020. En [&hellip;]<\/p>\n","protected":false},"author":1,"featured_media":2496,"comment_status":"closed","ping_status":"open","sticky":false,"template":"","format":"standard","meta":{"content-type":"","footnotes":""},"categories":[1],"tags":[],"class_list":["post-2497","post","type-post","status-publish","format-standard","has-post-thumbnail","hentry","category-sin-categoria"],"yoast_head":"<!-- This site is optimized with the Yoast SEO plugin v23.5 - https:\/\/yoast.com\/wordpress\/plugins\/seo\/ -->\n<title>Audax aumenta sus ventas en un 83% en el tercer trimestre, hasta los 1.143 millones de euros<\/title>\n<meta name=\"description\" content=\"Audax aumenta sus ventas en un 83%\" \/>\n<meta name=\"robots\" content=\"index, follow, max-snippet:-1, max-image-preview:large, max-video-preview:-1\" \/>\n<link rel=\"canonical\" href=\"https:\/\/www.audaxrenovables.es\/ca\/audax-augmenta-les-vendes-en-un-83\/\" \/>\n<meta property=\"og:locale\" content=\"ca_ES\" \/>\n<meta property=\"og:type\" content=\"article\" \/>\n<meta property=\"og:title\" content=\"Audax aumenta sus ventas en un 83% en el tercer trimestre, hasta los 1.143 millones de euros\" \/>\n<meta property=\"og:description\" content=\"Audax aumenta sus ventas en un 83%\" \/>\n<meta property=\"og:url\" content=\"https:\/\/www.audaxrenovables.es\/ca\/audax-augmenta-les-vendes-en-un-83\/\" \/>\n<meta property=\"og:site_name\" content=\"Audax Renovables\" \/>\n<meta property=\"article:published_time\" content=\"2021-11-16T07:18:00+00:00\" \/>\n<meta property=\"article:modified_time\" content=\"2023-06-20T11:40:19+00:00\" \/>\n<meta property=\"og:image\" content=\"https:\/\/www.audaxrenovables.es\/wp-content\/uploads\/2023\/06\/16112021.jpg.jpg\" \/>\n\t<meta property=\"og:image:width\" content=\"713\" \/>\n\t<meta property=\"og:image:height\" content=\"403\" \/>\n\t<meta property=\"og:image:type\" content=\"image\/jpeg\" \/>\n<meta name=\"author\" content=\"adminadx\" \/>\n<meta name=\"twitter:card\" content=\"summary_large_image\" \/>\n<meta name=\"twitter:label1\" content=\"Escrit per\" \/>\n\t<meta name=\"twitter:data1\" content=\"adminadx\" \/>\n\t<meta name=\"twitter:label2\" content=\"Temps estimat de lectura\" \/>\n\t<meta name=\"twitter:data2\" content=\"6 minuts\" \/>\n<!-- \/ Yoast SEO plugin. -->","yoast_head_json":{"title":"Audax augmenta les vendes en un 83% el tercer trimestre, fins a 1.143 milions d&#039;euros","description":"Audax augmenta les vendes en un 83%","robots":{"index":"index","follow":"follow","max-snippet":"max-snippet:-1","max-image-preview":"max-image-preview:large","max-video-preview":"max-video-preview:-1"},"canonical":"https:\/\/www.audaxrenovables.es\/ca\/audax-augmenta-les-vendes-en-un-83\/","og_locale":"ca_ES","og_type":"article","og_title":"Audax aumenta sus ventas en un 83% en el tercer trimestre, hasta los 1.143 millones de euros","og_description":"Audax aumenta sus ventas en un 83%","og_url":"https:\/\/www.audaxrenovables.es\/ca\/audax-augmenta-les-vendes-en-un-83\/","og_site_name":"Audax Renovables","article_published_time":"2021-11-16T07:18:00+00:00","article_modified_time":"2023-06-20T11:40:19+00:00","og_image":[{"width":713,"height":403,"url":"https:\/\/www.audaxrenovables.es\/wp-content\/uploads\/2023\/06\/16112021.jpg.jpg","type":"image\/jpeg"}],"author":"adminadx","twitter_card":"summary_large_image","twitter_misc":{"Escrit per":"adminadx","Temps estimat de lectura":"6 minuts"},"schema":{"@context":"https:\/\/schema.org","@graph":[{"@type":"Article","@id":"https:\/\/www.audaxrenovables.es\/es\/audax-aumenta-sus-ventas-en-un-83\/#article","isPartOf":{"@id":"https:\/\/www.audaxrenovables.es\/es\/audax-aumenta-sus-ventas-en-un-83\/"},"author":{"name":"adminadx","@id":"https:\/\/www.audaxrenovables.es\/ca\/#\/schema\/person\/39323131dc9a121279e4e63ed89ffbea"},"headline":"Audax aumenta sus ventas en un 83% en el tercer trimestre, hasta los 1.143 millones de euros","datePublished":"2021-11-16T07:18:00+00:00","dateModified":"2023-06-20T11:40:19+00:00","mainEntityOfPage":{"@id":"https:\/\/www.audaxrenovables.es\/es\/audax-aumenta-sus-ventas-en-un-83\/"},"wordCount":1218,"publisher":{"@id":"https:\/\/www.audaxrenovables.es\/ca\/#organization"},"image":{"@id":"https:\/\/www.audaxrenovables.es\/es\/audax-aumenta-sus-ventas-en-un-83\/#primaryimage"},"thumbnailUrl":"https:\/\/www.audaxrenovables.es\/wp-content\/uploads\/2023\/06\/16112021.jpg.jpg","articleSection":["Sin categor\u00eda"],"inLanguage":"ca"},{"@type":["WebPage","ItemPage"],"@id":"https:\/\/www.audaxrenovables.es\/es\/audax-aumenta-sus-ventas-en-un-83\/","url":"https:\/\/www.audaxrenovables.es\/es\/audax-aumenta-sus-ventas-en-un-83\/","name":"Audax augmenta les vendes en un 83% el tercer trimestre, fins a 1.143 milions d&#039;euros","isPartOf":{"@id":"https:\/\/www.audaxrenovables.es\/ca\/#website"},"primaryImageOfPage":{"@id":"https:\/\/www.audaxrenovables.es\/es\/audax-aumenta-sus-ventas-en-un-83\/#primaryimage"},"image":{"@id":"https:\/\/www.audaxrenovables.es\/es\/audax-aumenta-sus-ventas-en-un-83\/#primaryimage"},"thumbnailUrl":"https:\/\/www.audaxrenovables.es\/wp-content\/uploads\/2023\/06\/16112021.jpg.jpg","datePublished":"2021-11-16T07:18:00+00:00","dateModified":"2023-06-20T11:40:19+00:00","description":"Audax augmenta les vendes en un 83%","breadcrumb":{"@id":"https:\/\/www.audaxrenovables.es\/es\/audax-aumenta-sus-ventas-en-un-83\/#breadcrumb"},"inLanguage":"ca","potentialAction":[{"@type":"ReadAction","target":["https:\/\/www.audaxrenovables.es\/es\/audax-aumenta-sus-ventas-en-un-83\/"]}]},{"@type":"ImageObject","inLanguage":"ca","@id":"https:\/\/www.audaxrenovables.es\/es\/audax-aumenta-sus-ventas-en-un-83\/#primaryimage","url":"https:\/\/www.audaxrenovables.es\/wp-content\/uploads\/2023\/06\/16112021.jpg.jpg","contentUrl":"https:\/\/www.audaxrenovables.es\/wp-content\/uploads\/2023\/06\/16112021.jpg.jpg","width":713,"height":403},{"@type":"BreadcrumbList","@id":"https:\/\/www.audaxrenovables.es\/es\/audax-aumenta-sus-ventas-en-un-83\/#breadcrumb","itemListElement":[{"@type":"ListItem","position":1,"name":"Portada","item":"https:\/\/www.audaxrenovables.es\/es\/"},{"@type":"ListItem","position":2,"name":"Audax aumenta sus ventas en un 83% en el tercer trimestre, hasta los 1.143 millones de euros"}]},{"@type":"WebSite","@id":"https:\/\/www.audaxrenovables.es\/ca\/#website","url":"https:\/\/www.audaxrenovables.es\/ca\/","name":"Audax Renovables","description":"Companyia independent dedicada a la producci\u00f3 denergia el\u00e8ctrica a partir de fonts denergia 100% renovables","publisher":{"@id":"https:\/\/www.audaxrenovables.es\/ca\/#organization"},"potentialAction":[{"@type":"SearchAction","target":{"@type":"EntryPoint","urlTemplate":"https:\/\/www.audaxrenovables.es\/ca\/?s={search_term_string}"},"query-input":{"@type":"PropertyValueSpecification","valueRequired":true,"valueName":"search_term_string"}}],"inLanguage":"ca"},{"@type":"Organization","@id":"https:\/\/www.audaxrenovables.es\/ca\/#organization","name":"Audax Renovables","alternateName":"Audax Energ\u00eda","url":"https:\/\/www.audaxrenovables.es\/ca\/","logo":{"@type":"ImageObject","inLanguage":"ca","@id":"https:\/\/www.audaxrenovables.es\/ca\/#\/schema\/logo\/image\/","url":"https:\/\/www.audaxrenovables.es\/wp-content\/uploads\/2023\/04\/logo.png","contentUrl":"https:\/\/www.audaxrenovables.es\/wp-content\/uploads\/2023\/04\/logo.png","width":197,"height":125,"caption":"Audax Renovables"},"image":{"@id":"https:\/\/www.audaxrenovables.es\/ca\/#\/schema\/logo\/image\/"},"sameAs":["https:\/\/www.instagram.com\/audaxrenovables\/","https:\/\/x.com\/AudaxRenovables","https:\/\/www.youtube.com\/user\/AudaxEnergia","https:\/\/www.tiktok.com\/@audaxrenovables","https:\/\/www.linkedin.com\/company\/203502\/admin\/"]},{"@type":"Person","@id":"https:\/\/www.audaxrenovables.es\/ca\/#\/schema\/person\/39323131dc9a121279e4e63ed89ffbea","name":"adminadx","image":{"@type":"ImageObject","inLanguage":"ca","@id":"https:\/\/www.audaxrenovables.es\/ca\/#\/schema\/person\/image\/","url":"https:\/\/secure.gravatar.com\/avatar\/60b4d621160a422b02f2d19db7066f73c964c792ce03f3da9d36f40a41bdd2e6?s=96&d=mm&r=g","contentUrl":"https:\/\/secure.gravatar.com\/avatar\/60b4d621160a422b02f2d19db7066f73c964c792ce03f3da9d36f40a41bdd2e6?s=96&d=mm&r=g","caption":"adminadx"},"sameAs":["https:\/\/audaxrenovables.es"]}]}},"_links":{"self":[{"href":"https:\/\/www.audaxrenovables.es\/ca\/wp-json\/wp\/v2\/posts\/2497","targetHints":{"allow":["GET"]}}],"collection":[{"href":"https:\/\/www.audaxrenovables.es\/ca\/wp-json\/wp\/v2\/posts"}],"about":[{"href":"https:\/\/www.audaxrenovables.es\/ca\/wp-json\/wp\/v2\/types\/post"}],"author":[{"embeddable":true,"href":"https:\/\/www.audaxrenovables.es\/ca\/wp-json\/wp\/v2\/users\/1"}],"replies":[{"embeddable":true,"href":"https:\/\/www.audaxrenovables.es\/ca\/wp-json\/wp\/v2\/comments?post=2497"}],"version-history":[{"count":1,"href":"https:\/\/www.audaxrenovables.es\/ca\/wp-json\/wp\/v2\/posts\/2497\/revisions"}],"predecessor-version":[{"id":2798,"href":"https:\/\/www.audaxrenovables.es\/ca\/wp-json\/wp\/v2\/posts\/2497\/revisions\/2798"}],"wp:featuredmedia":[{"embeddable":true,"href":"https:\/\/www.audaxrenovables.es\/ca\/wp-json\/wp\/v2\/media\/2496"}],"wp:attachment":[{"href":"https:\/\/www.audaxrenovables.es\/ca\/wp-json\/wp\/v2\/media?parent=2497"}],"wp:term":[{"taxonomy":"category","embeddable":true,"href":"https:\/\/www.audaxrenovables.es\/ca\/wp-json\/wp\/v2\/categories?post=2497"},{"taxonomy":"post_tag","embeddable":true,"href":"https:\/\/www.audaxrenovables.es\/ca\/wp-json\/wp\/v2\/tags?post=2497"}],"curies":[{"name":"wp","href":"https:\/\/api.w.org\/{rel}","templated":true}]}}