{"id":2499,"date":"2021-10-21T06:18:17","date_gmt":"2021-10-21T06:18:17","guid":{"rendered":"https:\/\/audaxrenovables.es\/audax-renovables-pone-en-marcha-la-zarzuela\/"},"modified":"2023-06-20T11:40:48","modified_gmt":"2023-06-20T11:40:48","slug":"audax-renovables-pone-en-marcha-la-zarzuela","status":"publish","type":"post","link":"https:\/\/www.audaxrenovables.es\/ca\/audax-renovables-posa-en-marxa-la-sarsuela\/","title":{"rendered":"Audax Renovables posa en marxa les plantes fotovoltaiques de La Zarzuela de 20 MWp a Toledo"},"content":{"rendered":"<p><img decoding=\"async\" class=\"adx_img_post\" src=\"https:\/\/www.audaxrenovables.es\/uploads\/2021\/10\/21\/16565ca067289da71ea00096acadbb49.jpg\"><\/p>\n<h1 class=\"adx_tit_post\">Audax Renovables posa en marxa les plantes fotovoltaiques de La Zarzuela de 20 MWp a Toledo<\/h1>\n<blockquote><p>Seguint amb la seva estrat\u00e8gia de focalitzaci\u00f3 en l&#039;activitat de generaci\u00f3, la companyia iniciar\u00e0, amb l&#039;acta de posada en marxa obtinguda, les operacions de les plantes fotovoltaiques La Zarzuela I, II, III i IV a Castella-la Manxa<\/p><\/blockquote>\n<p>Audax Renovables (ADX.MC), el grup energ\u00e8tic que integra els negocis de generaci\u00f3 i comercialitzaci\u00f3 d&#039;electricitat 100% renovable i gas, ha obtingut per part de la Delegaci\u00f3 Provincial de Desenvolupament Sostenible de Toledo l&#039;autoritzaci\u00f3 d&#039;explotaci\u00f3 per a l&#039;entrada en funcionament de les plantes fotovoltaiques La Zarzuela I, II, III i IV, ubicades a la localitat d&#039;Escalonilla, prov\u00edncia de Toledo (Castella la Manxa), amb una pot\u00e8ncia total de 20 MWp, iniciant a m\u00e9s de forma imminent l&#039;abocament d&#039;energia a la xarxa.<\/p>\n<p>Es d\u00f3na la circumst\u00e0ncia que les obres estaven executades al 100% des de feia setmanes, per\u00f2 alguns dels tr\u00e0mits administratius han patit algun retard davant de les diferents institucions implicades. No obstant aix\u00f2, aquests retards han pogut ser solucionats, esperant la imminent entrada en funcionament de les instal\u00b7lacions esmentades.<\/p>\n<p>En aquest mateix sentit, cal destacar que les plantes fotovoltaiques Les Alberizas I, II, III i IV ubicades al Municipi guadalajare\u00f1o de Torija, amb una pot\u00e8ncia instal\u00b7lada total de 20MWp, es troba en situaci\u00f3 similar que el projecte anteriorment referit, esperant obtenir tamb\u00e9 al llarg dels propers dies la corresponent autoritzaci\u00f3 dexplotaci\u00f3, i aix\u00ed poder comen\u00e7ar les seves operacions properament. Quan obtingui la preceptiva autoritzaci\u00f3 d&#039;explotaci\u00f3, la companyia informar\u00e0 puntualment de tal circumst\u00e0ncia el mercat.<\/p>\n<p>&nbsp;Addicionalment, destacar que el Grup continua amb la construcci\u00f3 i posada en marxa dels seg\u00fcents projectes:&nbsp;<\/p>\n<p>- Cala\u00f1as, projecte situat a la localitat de Huelva del mateix nom, amb una pot\u00e8ncia de 4,48MWp.&nbsp;<br \/>\n- Els Arenals, situat a la localitat de Pol\u00e1n, Toledo, amb una pot\u00e8ncia de 5 MWp.&nbsp;<br \/>\n- El Toconal, situat a la localitat de Navalmorales, Toledo, amb una pot\u00e8ncia de 5 MWp.&nbsp;<\/p>\n<p>La construcci\u00f3 dels projectes anteriorment esmentats transcorre amb plena normalitat, amb una execuci\u00f3 que assoleix de mitjana el 90% i el Grup espera que es finalitzin i entrin en funcionament en aquest exercici.<\/p>\n<p>Tots els projectes esmentats anteriorment no han necessitat finan\u00e7ament de tercers, sin\u00f3 que han estat finan\u00e7ats a trav\u00e9s de les emissions de bons verds aconseguides pel Grup a finals de l&#039;exercici anterior.&nbsp;<\/p>\n<p>Al llarg de les properes setmanes, el Grup continuar\u00e0 informant puntualment el mercat sobre l&#039;evoluci\u00f3 dels aven\u00e7os dels projectes que formen la seva cartera, amb l&#039;objectiu de mantenir permanentment informat el mercat i els seus inversors.<\/p>\n<p>Aquests projectes segueixen emmarcats dins de l&#039;estrat\u00e8gia del Grup Audax Renovables d&#039;augmentar la seva cartera de generaci\u00f3 100% renovable, i per aix\u00f2 est\u00e0 centrat en el tancament d&#039;altres acords de compra amb l&#039;objectiu de subministrar als clients energia d&#039;origen renovable produ\u00efda en les pr\u00f2pies plantes.<\/p>\n<p>Sobre Audax Renovables&nbsp;<br \/>\n&nbsp;<br \/>\nEl Grup \u00e9s el resultat de la fusi\u00f3 per absorci\u00f3 entre Audax Renovables, SA i la seva matriu, Audax Energ\u00eda, SA, que d\u00f3na lloc a un grup energ\u00e8tic integral amb generaci\u00f3 100% renovable.<\/p>\n<p>Audax centra les seves activitats en la generaci\u00f3 denergia 100% renovable, aix\u00ed com en el subministrament delectricitat 100% renovable i gas.<br \/>\n&nbsp;<br \/>\nFundada l&#039;any 2000, l&#039;any 2003 Audax Renovables comen\u00e7a a cotitzar al mercat secundari de la Borsa de Barcelona i l&#039;any 2007 s&#039;inclou la seva cotitzaci\u00f3 al SIBE de la borsa de Madrid. Actualment, cotitza al Mercat Continu espanyol sota la denominaci\u00f3 (ticker) ADX.MC, i s&#039;ha incorporat a l&#039;\u00edndex IBEX SMALL CAP\u00ae el 23 de mar\u00e7 de 2020.<\/p>\n<p>Som el Grup energ\u00e8tic l\u00edder en el segment PIME a Espanya, garantint un subministrament eficient de l&#039;energia comercialitzada a trav\u00e9s d&#039;un proc\u00e9s d&#039;integraci\u00f3 vertical amb l&#039;activitat de generaci\u00f3 renovable, amb una s\u00f2lida posici\u00f3 financera, i preparat per encap\u00e7alar la transici\u00f3 energ\u00e8tica mercat europeu.<br \/>\n&nbsp;<br \/>\nEl Grup gestiona una cartera de projectes de generaci\u00f3 en operaci\u00f3 de 91 MW a parcs e\u00f2lics a Espanya, Fran\u00e7a i Pol\u00f2nia, i 55 MWp fotovoltaics a Espanya. Addicionalment, t\u00e9 en construcci\u00f3 66 MW e\u00f2lics a Panam\u00e0 aix\u00ed com 21 MWp en projectes fotovoltaics, sumant un total de 87 MW en construcci\u00f3, i compta amb un portfoli fotovoltaic de 2.291 MWp en diferents fases de desenvolupament ubicat a Espanya, Portugal i It\u00e0lia.&nbsp;<\/p>\n<p>Audax Renovables, en la seva activitat de comercialitzaci\u00f3 d&#039;electricitat 100% renovable i gas, \u00e9s present a Espanya, Portugal, It\u00e0lia, Alemanya, Pol\u00f2nia, Holanda i Hongria, sumant m\u00e9s de 549 mil clients.<\/p>\n<p>Per a m\u00e9s informaci\u00f3 visiteu www.audaxrenovables.com \/ www.audaxrenovables.es<\/p>\n<p>Contacte per a inversors: investor.relations@audaxrenovables.com<\/p>","protected":false},"excerpt":{"rendered":"<p>Audax Renovables pone en marcha las plantas fotovoltaicas de La Zarzuela de 20 MWp en Toledo Siguiendo con su estrategia de focalizaci\u00f3n en la actividad de generaci\u00f3n, la compa\u00f1\u00eda iniciar\u00e1, con el acta de puesta en marcha obtenida, las operaciones de las plantas fotovoltaicas La Zarzuela I, II, III y IV en Castilla-La Mancha Audax [&hellip;]<\/p>\n","protected":false},"author":1,"featured_media":2498,"comment_status":"closed","ping_status":"open","sticky":false,"template":"","format":"standard","meta":{"content-type":"","footnotes":""},"categories":[1],"tags":[],"class_list":["post-2499","post","type-post","status-publish","format-standard","has-post-thumbnail","hentry","category-sin-categoria"],"yoast_head":"<!-- This site is optimized with the Yoast SEO plugin v23.5 - https:\/\/yoast.com\/wordpress\/plugins\/seo\/ -->\n<title>Audax Renovables pone en marcha las plantas fotovoltaicas de La Zarzuela de 20 MWp en Toledo<\/title>\n<meta name=\"description\" content=\"Audax Renovables pone en marcha La Zarzuela\" \/>\n<meta name=\"robots\" content=\"index, follow, max-snippet:-1, max-image-preview:large, max-video-preview:-1\" \/>\n<link rel=\"canonical\" href=\"https:\/\/www.audaxrenovables.es\/ca\/audax-renewables-launches-the-zarzuela\/\" \/>\n<meta property=\"og:locale\" content=\"ca_ES\" \/>\n<meta property=\"og:type\" content=\"article\" \/>\n<meta property=\"og:title\" content=\"Audax Renovables pone en marcha las plantas fotovoltaicas de La Zarzuela de 20 MWp en Toledo\" \/>\n<meta property=\"og:description\" content=\"Audax Renovables pone en marcha La Zarzuela\" \/>\n<meta property=\"og:url\" content=\"https:\/\/www.audaxrenovables.es\/ca\/audax-renewables-launches-the-zarzuela\/\" \/>\n<meta property=\"og:site_name\" content=\"Audax Renovables\" \/>\n<meta property=\"article:published_time\" content=\"2021-10-21T06:18:17+00:00\" \/>\n<meta property=\"article:modified_time\" content=\"2023-06-20T11:40:48+00:00\" \/>\n<meta property=\"og:image\" content=\"https:\/\/www.audaxrenovables.es\/wp-content\/uploads\/2023\/06\/21102021.jpg.jpg\" \/>\n\t<meta property=\"og:image:width\" content=\"713\" \/>\n\t<meta property=\"og:image:height\" content=\"403\" \/>\n\t<meta property=\"og:image:type\" content=\"image\/jpeg\" \/>\n<meta name=\"author\" content=\"adminadx\" \/>\n<meta name=\"twitter:card\" content=\"summary_large_image\" \/>\n<meta name=\"twitter:label1\" content=\"Escrit per\" \/>\n\t<meta name=\"twitter:data1\" content=\"adminadx\" \/>\n\t<meta name=\"twitter:label2\" content=\"Temps estimat de lectura\" \/>\n\t<meta name=\"twitter:data2\" content=\"4 minuts\" \/>\n<!-- \/ Yoast SEO plugin. -->","yoast_head_json":{"title":"Audax Renovables posa en marxa les plantes fotovoltaiques de La Zarzuela de 20 MWp a Toledo","description":"Audax Renovables posa en marxa La Zarzuela","robots":{"index":"index","follow":"follow","max-snippet":"max-snippet:-1","max-image-preview":"max-image-preview:large","max-video-preview":"max-video-preview:-1"},"canonical":"https:\/\/www.audaxrenovables.es\/ca\/audax-renewables-launches-the-zarzuela\/","og_locale":"ca_ES","og_type":"article","og_title":"Audax Renovables pone en marcha las plantas fotovoltaicas de La Zarzuela de 20 MWp en Toledo","og_description":"Audax Renovables pone en marcha La Zarzuela","og_url":"https:\/\/www.audaxrenovables.es\/ca\/audax-renewables-launches-the-zarzuela\/","og_site_name":"Audax Renovables","article_published_time":"2021-10-21T06:18:17+00:00","article_modified_time":"2023-06-20T11:40:48+00:00","og_image":[{"width":713,"height":403,"url":"https:\/\/www.audaxrenovables.es\/wp-content\/uploads\/2023\/06\/21102021.jpg.jpg","type":"image\/jpeg"}],"author":"adminadx","twitter_card":"summary_large_image","twitter_misc":{"Escrit per":"adminadx","Temps estimat de lectura":"4 minuts"},"schema":{"@context":"https:\/\/schema.org","@graph":[{"@type":"Article","@id":"https:\/\/www.audaxrenovables.es\/en\/audax-renewables-launches-the-zarzuela\/#article","isPartOf":{"@id":"https:\/\/www.audaxrenovables.es\/en\/audax-renewables-launches-the-zarzuela\/"},"author":{"name":"adminadx","@id":"https:\/\/www.audaxrenovables.es\/ca\/#\/schema\/person\/39323131dc9a121279e4e63ed89ffbea"},"headline":"Audax Renovables pone en marcha las plantas fotovoltaicas de La Zarzuela de 20 MWp en Toledo","datePublished":"2021-10-21T06:18:17+00:00","dateModified":"2023-06-20T11:40:48+00:00","mainEntityOfPage":{"@id":"https:\/\/www.audaxrenovables.es\/en\/audax-renewables-launches-the-zarzuela\/"},"wordCount":861,"publisher":{"@id":"https:\/\/www.audaxrenovables.es\/ca\/#organization"},"image":{"@id":"https:\/\/www.audaxrenovables.es\/en\/audax-renewables-launches-the-zarzuela\/#primaryimage"},"thumbnailUrl":"https:\/\/www.audaxrenovables.es\/wp-content\/uploads\/2023\/06\/21102021.jpg.jpg","articleSection":["Sin categor\u00eda"],"inLanguage":"ca"},{"@type":["WebPage","ItemPage"],"@id":"https:\/\/www.audaxrenovables.es\/en\/audax-renewables-launches-the-zarzuela\/","url":"https:\/\/www.audaxrenovables.es\/en\/audax-renewables-launches-the-zarzuela\/","name":"Audax Renovables posa en marxa les plantes fotovoltaiques de La Zarzuela de 20 MWp a Toledo","isPartOf":{"@id":"https:\/\/www.audaxrenovables.es\/ca\/#website"},"primaryImageOfPage":{"@id":"https:\/\/www.audaxrenovables.es\/en\/audax-renewables-launches-the-zarzuela\/#primaryimage"},"image":{"@id":"https:\/\/www.audaxrenovables.es\/en\/audax-renewables-launches-the-zarzuela\/#primaryimage"},"thumbnailUrl":"https:\/\/www.audaxrenovables.es\/wp-content\/uploads\/2023\/06\/21102021.jpg.jpg","datePublished":"2021-10-21T06:18:17+00:00","dateModified":"2023-06-20T11:40:48+00:00","description":"Audax Renovables posa en marxa La Zarzuela","breadcrumb":{"@id":"https:\/\/www.audaxrenovables.es\/en\/audax-renewables-launches-the-zarzuela\/#breadcrumb"},"inLanguage":"ca","potentialAction":[{"@type":"ReadAction","target":["https:\/\/www.audaxrenovables.es\/en\/audax-renewables-launches-the-zarzuela\/"]}]},{"@type":"ImageObject","inLanguage":"ca","@id":"https:\/\/www.audaxrenovables.es\/en\/audax-renewables-launches-the-zarzuela\/#primaryimage","url":"https:\/\/www.audaxrenovables.es\/wp-content\/uploads\/2023\/06\/21102021.jpg.jpg","contentUrl":"https:\/\/www.audaxrenovables.es\/wp-content\/uploads\/2023\/06\/21102021.jpg.jpg","width":713,"height":403},{"@type":"BreadcrumbList","@id":"https:\/\/www.audaxrenovables.es\/en\/audax-renewables-launches-the-zarzuela\/#breadcrumb","itemListElement":[{"@type":"ListItem","position":1,"name":"Portada","item":"https:\/\/www.audaxrenovables.es\/es\/"},{"@type":"ListItem","position":2,"name":"Audax Renovables pone en marcha las plantas fotovoltaicas de La Zarzuela de 20 MWp en Toledo"}]},{"@type":"WebSite","@id":"https:\/\/www.audaxrenovables.es\/ca\/#website","url":"https:\/\/www.audaxrenovables.es\/ca\/","name":"Audax Renovables","description":"Companyia independent dedicada a la producci\u00f3 denergia el\u00e8ctrica a partir de fonts denergia 100% renovables","publisher":{"@id":"https:\/\/www.audaxrenovables.es\/ca\/#organization"},"potentialAction":[{"@type":"SearchAction","target":{"@type":"EntryPoint","urlTemplate":"https:\/\/www.audaxrenovables.es\/ca\/?s={search_term_string}"},"query-input":{"@type":"PropertyValueSpecification","valueRequired":true,"valueName":"search_term_string"}}],"inLanguage":"ca"},{"@type":"Organization","@id":"https:\/\/www.audaxrenovables.es\/ca\/#organization","name":"Audax Renovables","alternateName":"Audax Energ\u00eda","url":"https:\/\/www.audaxrenovables.es\/ca\/","logo":{"@type":"ImageObject","inLanguage":"ca","@id":"https:\/\/www.audaxrenovables.es\/ca\/#\/schema\/logo\/image\/","url":"https:\/\/www.audaxrenovables.es\/wp-content\/uploads\/2023\/04\/logo.png","contentUrl":"https:\/\/www.audaxrenovables.es\/wp-content\/uploads\/2023\/04\/logo.png","width":197,"height":125,"caption":"Audax Renovables"},"image":{"@id":"https:\/\/www.audaxrenovables.es\/ca\/#\/schema\/logo\/image\/"},"sameAs":["https:\/\/www.instagram.com\/audaxrenovables\/","https:\/\/x.com\/AudaxRenovables","https:\/\/www.youtube.com\/user\/AudaxEnergia","https:\/\/www.tiktok.com\/@audaxrenovables","https:\/\/www.linkedin.com\/company\/203502\/admin\/"]},{"@type":"Person","@id":"https:\/\/www.audaxrenovables.es\/ca\/#\/schema\/person\/39323131dc9a121279e4e63ed89ffbea","name":"adminadx","image":{"@type":"ImageObject","inLanguage":"ca","@id":"https:\/\/www.audaxrenovables.es\/ca\/#\/schema\/person\/image\/","url":"https:\/\/secure.gravatar.com\/avatar\/60b4d621160a422b02f2d19db7066f73c964c792ce03f3da9d36f40a41bdd2e6?s=96&d=mm&r=g","contentUrl":"https:\/\/secure.gravatar.com\/avatar\/60b4d621160a422b02f2d19db7066f73c964c792ce03f3da9d36f40a41bdd2e6?s=96&d=mm&r=g","caption":"adminadx"},"sameAs":["https:\/\/audaxrenovables.es"]}]}},"_links":{"self":[{"href":"https:\/\/www.audaxrenovables.es\/ca\/wp-json\/wp\/v2\/posts\/2499","targetHints":{"allow":["GET"]}}],"collection":[{"href":"https:\/\/www.audaxrenovables.es\/ca\/wp-json\/wp\/v2\/posts"}],"about":[{"href":"https:\/\/www.audaxrenovables.es\/ca\/wp-json\/wp\/v2\/types\/post"}],"author":[{"embeddable":true,"href":"https:\/\/www.audaxrenovables.es\/ca\/wp-json\/wp\/v2\/users\/1"}],"replies":[{"embeddable":true,"href":"https:\/\/www.audaxrenovables.es\/ca\/wp-json\/wp\/v2\/comments?post=2499"}],"version-history":[{"count":1,"href":"https:\/\/www.audaxrenovables.es\/ca\/wp-json\/wp\/v2\/posts\/2499\/revisions"}],"predecessor-version":[{"id":2799,"href":"https:\/\/www.audaxrenovables.es\/ca\/wp-json\/wp\/v2\/posts\/2499\/revisions\/2799"}],"wp:featuredmedia":[{"embeddable":true,"href":"https:\/\/www.audaxrenovables.es\/ca\/wp-json\/wp\/v2\/media\/2498"}],"wp:attachment":[{"href":"https:\/\/www.audaxrenovables.es\/ca\/wp-json\/wp\/v2\/media?parent=2499"}],"wp:term":[{"taxonomy":"category","embeddable":true,"href":"https:\/\/www.audaxrenovables.es\/ca\/wp-json\/wp\/v2\/categories?post=2499"},{"taxonomy":"post_tag","embeddable":true,"href":"https:\/\/www.audaxrenovables.es\/ca\/wp-json\/wp\/v2\/tags?post=2499"}],"curies":[{"name":"wp","href":"https:\/\/api.w.org\/{rel}","templated":true}]}}