{"id":2501,"date":"2021-09-30T06:13:58","date_gmt":"2021-09-30T06:13:58","guid":{"rendered":"https:\/\/audaxrenovables.es\/audax-renovables-apuesta-por-ganar-cuota-de-mercado-en-el-primer-semestre-de-2021\/"},"modified":"2023-06-20T11:40:52","modified_gmt":"2023-06-20T11:40:52","slug":"audax-renovables-apuesta-por-ganar-cuota-de-mercado-en-el-primer-semestre-de-2021","status":"publish","type":"post","link":"https:\/\/www.audaxrenovables.es\/ca\/audax-renovables-aposta-per-guanyar-quota-de-mercat-el-primer-semestre-del-2021\/","title":{"rendered":"Audax Renovables aposta per guanyar quota de mercat el primer semestre del 2021"},"content":{"rendered":"<p><img decoding=\"async\" class=\"adx_img_post\" src=\"https:\/\/www.audaxrenovables.es\/uploads\/2021\/09\/30\/4d5c8188883c1223a3ce7c536298eb03.jpg\"><\/p>\n<h1 class=\"adx_tit_post\">Audax Renovables aposta per guanyar quota de mercat el primer semestre del 2021<\/h1>\n<blockquote><p>\u2022 Incrementa de manera notable els seus ingressos fins a vorejar els 700 milions d&#039;euros.<br \/>\n\u2022 El Margen Brut va assolir el primer semestre del 2021 els 54 milions d&#039;euros, mentre que l&#039;EBITDA s&#039;ha situat als 18,2 milions d&#039;euros<br \/>\n\u2022 L&#039;increment excel\u00b7lent de la seva cartera de clients permet al Grup Audax mantenir-se com la primera comercialitzadora independent de llum al segment PIME a Espanya.<\/p><\/blockquote>\n<p>Audax Renovables (ADX.MC), el grup energ\u00e8tic que integra els negocis de generaci\u00f3 i comercialitzaci\u00f3 d&#039;electricitat 100% renovable i gas, ha incrementat, el primer semestre de l&#039;exercici, els seus ingressos en un 71% respecte al mateix per\u00edode d&#039;any anterior, fins situar-los a 692 milions d&#039;euros. En aquest mateix per\u00edode, l&#039;EBITDA del Grup s&#039;ha situat en 18,2 milions d&#039;euros, un 20% inferior, i ha obtingut un resultat negatiu de 3,6 milions d&#039;euros, tot tenint en compte les circumst\u00e0ncies excepcionals actuals dels mercats.<br \/>\n&nbsp;&nbsp;<br \/>\nEn un context encara marcat pels efectes de la pand\u00e8mia de la COVID-19, el primer semestre del 2021 continua englobant una millora gradual del sentiment econ\u00f2mic a nivell mundial, principalment explicat per l&#039;aven\u00e7 continuat de la vacunaci\u00f3. No obstant aix\u00f2, i davant d&#039;un evident augment gradual del consum, les expectatives de recuperaci\u00f3 i creixement mundial han provocat, entre altres factors, un increment molt acusat del preu de les primeres mat\u00e8ries.<\/p>\n<p>Amb l&#039;adversa conjuntura del mercat energ\u00e8tic, vist el fort augment de preus al mercat majorista, aix\u00ed com la seva volatilitat, encara \u00e9s m\u00e9s convenient, des del punt de vista estrat\u00e8gic, la integraci\u00f3 vertical de les activitats de generaci\u00f3 i comercialitzaci\u00f3 d&#039;electricitat d&#039;Audax Renovables, per tal d&#039;evitar aquesta volatilitat del preu del pool i apostar per energies renovables que no necessitin la compra de mat\u00e8ries primeres com ara el CO2 ni el gas natural.<\/p>\n<p>En relaci\u00f3 amb l&#039;activitat de generaci\u00f3, amb un portfoli de 2,5GW, el Grup ha continuat amb les seves operacions en el desenvolupament, la construcci\u00f3 i la posada en marxa dels seus projectes, tot i el lent avan\u00e7 per part d&#039;alguns organismes per a la realitzaci\u00f3 dels tr\u00e0mits de posada en marxa.<\/p>\n<p>Pel que fa a l&#039;activitat de comercialitzaci\u00f3, la companyia incrementa un 43% els clients el primer semestre de l&#039;any, situant-se en 549 mil, en una clara aposta per guanyar quota de mercat a futur, tant en clients com en energia subministrada, amb vista a un millor posicionament de mercat, cosa que, a curt termini, suposa renunciar a una part del marge davant la conjuntura actual de preus ascendents en qu\u00e8 ens trobem. Aquest excel\u00b7lent increment de la seva cartera de clients permet al Grup Audax mantenir-se com la primera comercialitzadora independent de llum al segment PIME a Espanya. Aix\u00ed mateix, derivat del dit increment, el Grup ha pogut augmentar l&#039;energia subministrada en un 80% superior respecte al mateix per\u00edode que l&#039;exercici anterior, situant-se en 7,9 TWh. Tot aix\u00f2 malgrat continuar afrontant un exercici extremadament complicat derivat, no ja dels impactes de la COVID-19, que encara persisteixen, sin\u00f3 del dif\u00edcil context de mercat amb preus ascendents en qu\u00e8 ens trobem.&nbsp;<\/p>\n<p>Tot i la dif\u00edcil situaci\u00f3 descrita, i davant les mesures adoptades pel Grup davant d&#039;aquest complicat context, esperem una normalitzaci\u00f3 de la situaci\u00f3 durant la segona meitat de l&#039;exercici, confiant aix\u00ed a poder complir les magnituds esperades al tancament d&#039;aquest. En paraules de Jos\u00e9 El\u00edas, president i accionista majoritari, \u201cels avantatges de la integraci\u00f3 vertical juntament amb el gir estrat\u00e8gic donat per la companyia el 2020, el finan\u00e7ament obtingut a finals de l&#039;exercici anterior i posterior TAP del bo per import de 100 milions d&#039;euros en aquest exercici, aix\u00ed com el posicionament quant a quota de mercat, permeten al Grup partir d&#039;una posici\u00f3 privilegiada per afrontar amb m\u00e9s \u00e8xit les dif\u00edcils circumst\u00e0ncies de mercat en qu\u00e8 ens trobem actualment, aix\u00ed com emprendre amb garanties les inversions en generaci\u00f3 i els compromisos financers dels propers 5 anys, permetent-nos afrontar amb m\u00e9s tranquil\u00b7litat el nostre futur. Estic conven\u00e7ut que aquesta integraci\u00f3 vertical ser\u00e0 un factor diferencial en relaci\u00f3 amb els nostres competidors\u201d.&nbsp;<\/p>\n<p>&nbsp;<\/p>\n<p>Sobre Audax Renovables&nbsp;<br \/>\n&nbsp;<br \/>\nEl Grup \u00e9s el resultat de la fusi\u00f3 per absorci\u00f3 entre Audax Renovables, SA i la seva matriu, Audax Energ\u00eda, SA, que d\u00f3na lloc a un grup energ\u00e8tic integral amb generaci\u00f3 100% renovable.<\/p>\n<p>Audax centra les seves activitats en la generaci\u00f3 denergia 100% renovable, aix\u00ed com en el subministrament delectricitat 100% renovable i gas.<br \/>\n&nbsp;<br \/>\nFundada l&#039;any 2000, l&#039;any 2003 Audax Renovables comen\u00e7a a cotitzar al mercat secundari de la Borsa de Barcelona i l&#039;any 2007 s&#039;inclou la seva cotitzaci\u00f3 al SIBE de la borsa de Madrid. Actualment, cotitza al Mercat Continu espanyol sota la denominaci\u00f3 (ticker) ADX.MC, i s&#039;ha incorporat a l&#039;\u00edndex IBEX SMALL CAP\u00ae el 23 de mar\u00e7 de 2020.<\/p>\n<p>Som el Grup energ\u00e8tic l\u00edder en el segment PIME a Espanya, garantint un subministrament eficient de l&#039;energia comercialitzada a trav\u00e9s d&#039;un proc\u00e9s d&#039;integraci\u00f3 vertical amb l&#039;activitat de generaci\u00f3 renovable, amb una s\u00f2lida posici\u00f3 financera, i preparat per encap\u00e7alar la transici\u00f3 energ\u00e8tica mercat europeu.<br \/>\n&nbsp;<br \/>\nEl Grup gestiona una cartera de projectes de generaci\u00f3 en operaci\u00f3 de 91 MW a parcs e\u00f2lics a Espanya, Fran\u00e7a i Pol\u00f2nia, i 55 MWp fotovoltaics a Espanya. Addicionalment, t\u00e9 en construcci\u00f3 66 MW e\u00f2lics a Panam\u00e0 aix\u00ed com 21 MWp en projectes fotovoltaics, sumant un total de 87 MW en construcci\u00f3, i compta amb un portfoli fotovoltaic de 2.291 MWp en diferents fases de desenvolupament ubicat a Espanya, Portugal i It\u00e0lia.&nbsp;<\/p>\n<p>Audax Renovables, en la seva activitat de comercialitzaci\u00f3 d&#039;electricitat 100% renovable i gas, \u00e9s present a Espanya, Portugal, It\u00e0lia, Alemanya, Pol\u00f2nia, Holanda i Hongria, sumant m\u00e9s de 549 mil clients.<\/p>\n<p>Per a m\u00e9s informaci\u00f3 visiteu www.audaxrenovables.com \/ www.audaxrenovables.es<\/p>\n<p>Contacte per a inversors: investor.relations@audaxrenovables.com<br \/>\n&nbsp;<\/p>","protected":false},"excerpt":{"rendered":"<p>Audax Renovables apuesta por ganar cuota de mercado en el primer semestre de 2021 \u2022&nbsp;&nbsp; &nbsp;Incrementa de forma notable sus ingresos hasta rozar los 700 millones de euros. \u2022&nbsp;&nbsp; &nbsp;El Margen Bruto alcanz\u00f3 en el primer semestre de 2021 los 54 millones de euros, mientras que el EBITDA se ha situado en los 18,2 millones [&hellip;]<\/p>\n","protected":false},"author":1,"featured_media":2500,"comment_status":"closed","ping_status":"open","sticky":false,"template":"","format":"standard","meta":{"content-type":"","footnotes":""},"categories":[1],"tags":[],"class_list":["post-2501","post","type-post","status-publish","format-standard","has-post-thumbnail","hentry","category-sin-categoria"],"yoast_head":"<!-- This site is optimized with the Yoast SEO plugin v23.5 - https:\/\/yoast.com\/wordpress\/plugins\/seo\/ -->\n<title>Audax Renovables apuesta por ganar cuota de mercado en el primer semestre de 2021<\/title>\n<meta name=\"description\" content=\"Audax Renovables apuesta por ganar cuota de mercado en el primer semestre de 2021\" \/>\n<meta name=\"robots\" content=\"index, follow, max-snippet:-1, max-image-preview:large, max-video-preview:-1\" \/>\n<link rel=\"canonical\" href=\"https:\/\/www.audaxrenovables.es\/ca\/audax-renovables-aposta-per-guanyar-quota-de-mercat-el-primer-semestre-del-2021\/\" \/>\n<meta property=\"og:locale\" content=\"ca_ES\" \/>\n<meta property=\"og:type\" content=\"article\" \/>\n<meta property=\"og:title\" content=\"Audax Renovables apuesta por ganar cuota de mercado en el primer semestre de 2021\" \/>\n<meta property=\"og:description\" content=\"Audax Renovables apuesta por ganar cuota de mercado en el primer semestre de 2021\" \/>\n<meta property=\"og:url\" content=\"https:\/\/www.audaxrenovables.es\/ca\/audax-renovables-aposta-per-guanyar-quota-de-mercat-el-primer-semestre-del-2021\/\" \/>\n<meta property=\"og:site_name\" content=\"Audax Renovables\" \/>\n<meta property=\"article:published_time\" content=\"2021-09-30T06:13:58+00:00\" \/>\n<meta property=\"article:modified_time\" content=\"2023-06-20T11:40:52+00:00\" \/>\n<meta property=\"og:image\" content=\"https:\/\/www.audaxrenovables.es\/wp-content\/uploads\/2023\/06\/30092021.jpg.jpg\" \/>\n\t<meta property=\"og:image:width\" content=\"713\" \/>\n\t<meta property=\"og:image:height\" content=\"403\" \/>\n\t<meta property=\"og:image:type\" content=\"image\/jpeg\" \/>\n<meta name=\"author\" content=\"adminadx\" \/>\n<meta name=\"twitter:card\" content=\"summary_large_image\" \/>\n<meta name=\"twitter:label1\" content=\"Escrit per\" \/>\n\t<meta name=\"twitter:data1\" content=\"adminadx\" \/>\n\t<meta name=\"twitter:label2\" content=\"Temps estimat de lectura\" \/>\n\t<meta name=\"twitter:data2\" content=\"5 minuts\" \/>\n<!-- \/ Yoast SEO plugin. -->","yoast_head_json":{"title":"Audax Renovables aposta per guanyar quota de mercat el primer semestre del 2021","description":"Audax Renovables aposta per guanyar quota de mercat el primer semestre del 2021","robots":{"index":"index","follow":"follow","max-snippet":"max-snippet:-1","max-image-preview":"max-image-preview:large","max-video-preview":"max-video-preview:-1"},"canonical":"https:\/\/www.audaxrenovables.es\/ca\/audax-renovables-aposta-per-guanyar-quota-de-mercat-el-primer-semestre-del-2021\/","og_locale":"ca_ES","og_type":"article","og_title":"Audax Renovables apuesta por ganar cuota de mercado en el primer semestre de 2021","og_description":"Audax Renovables apuesta por ganar cuota de mercado en el primer semestre de 2021","og_url":"https:\/\/www.audaxrenovables.es\/ca\/audax-renovables-aposta-per-guanyar-quota-de-mercat-el-primer-semestre-del-2021\/","og_site_name":"Audax Renovables","article_published_time":"2021-09-30T06:13:58+00:00","article_modified_time":"2023-06-20T11:40:52+00:00","og_image":[{"width":713,"height":403,"url":"https:\/\/www.audaxrenovables.es\/wp-content\/uploads\/2023\/06\/30092021.jpg.jpg","type":"image\/jpeg"}],"author":"adminadx","twitter_card":"summary_large_image","twitter_misc":{"Escrit per":"adminadx","Temps estimat de lectura":"5 minuts"},"schema":{"@context":"https:\/\/schema.org","@graph":[{"@type":"Article","@id":"https:\/\/www.audaxrenovables.es\/es\/audax-renovables-apuesta-por-ganar-cuota-de-mercado-en-el-primer-semestre-de-2021\/#article","isPartOf":{"@id":"https:\/\/www.audaxrenovables.es\/es\/audax-renovables-apuesta-por-ganar-cuota-de-mercado-en-el-primer-semestre-de-2021\/"},"author":{"name":"adminadx","@id":"https:\/\/www.audaxrenovables.es\/ca\/#\/schema\/person\/39323131dc9a121279e4e63ed89ffbea"},"headline":"Audax Renovables apuesta por ganar cuota de mercado en el primer semestre de 2021","datePublished":"2021-09-30T06:13:58+00:00","dateModified":"2023-06-20T11:40:52+00:00","mainEntityOfPage":{"@id":"https:\/\/www.audaxrenovables.es\/es\/audax-renovables-apuesta-por-ganar-cuota-de-mercado-en-el-primer-semestre-de-2021\/"},"wordCount":1087,"publisher":{"@id":"https:\/\/www.audaxrenovables.es\/ca\/#organization"},"image":{"@id":"https:\/\/www.audaxrenovables.es\/es\/audax-renovables-apuesta-por-ganar-cuota-de-mercado-en-el-primer-semestre-de-2021\/#primaryimage"},"thumbnailUrl":"https:\/\/www.audaxrenovables.es\/wp-content\/uploads\/2023\/06\/30092021.jpg.jpg","articleSection":["Sin categor\u00eda"],"inLanguage":"ca"},{"@type":["WebPage","ItemPage"],"@id":"https:\/\/www.audaxrenovables.es\/es\/audax-renovables-apuesta-por-ganar-cuota-de-mercado-en-el-primer-semestre-de-2021\/","url":"https:\/\/www.audaxrenovables.es\/es\/audax-renovables-apuesta-por-ganar-cuota-de-mercado-en-el-primer-semestre-de-2021\/","name":"Audax Renovables aposta per guanyar quota de mercat el primer semestre del 2021","isPartOf":{"@id":"https:\/\/www.audaxrenovables.es\/ca\/#website"},"primaryImageOfPage":{"@id":"https:\/\/www.audaxrenovables.es\/es\/audax-renovables-apuesta-por-ganar-cuota-de-mercado-en-el-primer-semestre-de-2021\/#primaryimage"},"image":{"@id":"https:\/\/www.audaxrenovables.es\/es\/audax-renovables-apuesta-por-ganar-cuota-de-mercado-en-el-primer-semestre-de-2021\/#primaryimage"},"thumbnailUrl":"https:\/\/www.audaxrenovables.es\/wp-content\/uploads\/2023\/06\/30092021.jpg.jpg","datePublished":"2021-09-30T06:13:58+00:00","dateModified":"2023-06-20T11:40:52+00:00","description":"Audax Renovables aposta per guanyar quota de mercat el primer semestre del 2021","breadcrumb":{"@id":"https:\/\/www.audaxrenovables.es\/es\/audax-renovables-apuesta-por-ganar-cuota-de-mercado-en-el-primer-semestre-de-2021\/#breadcrumb"},"inLanguage":"ca","potentialAction":[{"@type":"ReadAction","target":["https:\/\/www.audaxrenovables.es\/es\/audax-renovables-apuesta-por-ganar-cuota-de-mercado-en-el-primer-semestre-de-2021\/"]}]},{"@type":"ImageObject","inLanguage":"ca","@id":"https:\/\/www.audaxrenovables.es\/es\/audax-renovables-apuesta-por-ganar-cuota-de-mercado-en-el-primer-semestre-de-2021\/#primaryimage","url":"https:\/\/www.audaxrenovables.es\/wp-content\/uploads\/2023\/06\/30092021.jpg.jpg","contentUrl":"https:\/\/www.audaxrenovables.es\/wp-content\/uploads\/2023\/06\/30092021.jpg.jpg","width":713,"height":403},{"@type":"BreadcrumbList","@id":"https:\/\/www.audaxrenovables.es\/es\/audax-renovables-apuesta-por-ganar-cuota-de-mercado-en-el-primer-semestre-de-2021\/#breadcrumb","itemListElement":[{"@type":"ListItem","position":1,"name":"Portada","item":"https:\/\/www.audaxrenovables.es\/es\/"},{"@type":"ListItem","position":2,"name":"Audax Renovables apuesta por ganar cuota de mercado en el primer semestre de 2021"}]},{"@type":"WebSite","@id":"https:\/\/www.audaxrenovables.es\/ca\/#website","url":"https:\/\/www.audaxrenovables.es\/ca\/","name":"Audax Renovables","description":"Companyia independent dedicada a la producci\u00f3 denergia el\u00e8ctrica a partir de fonts denergia 100% renovables","publisher":{"@id":"https:\/\/www.audaxrenovables.es\/ca\/#organization"},"potentialAction":[{"@type":"SearchAction","target":{"@type":"EntryPoint","urlTemplate":"https:\/\/www.audaxrenovables.es\/ca\/?s={search_term_string}"},"query-input":{"@type":"PropertyValueSpecification","valueRequired":true,"valueName":"search_term_string"}}],"inLanguage":"ca"},{"@type":"Organization","@id":"https:\/\/www.audaxrenovables.es\/ca\/#organization","name":"Audax Renovables","alternateName":"Audax Energ\u00eda","url":"https:\/\/www.audaxrenovables.es\/ca\/","logo":{"@type":"ImageObject","inLanguage":"ca","@id":"https:\/\/www.audaxrenovables.es\/ca\/#\/schema\/logo\/image\/","url":"https:\/\/www.audaxrenovables.es\/wp-content\/uploads\/2023\/04\/logo.png","contentUrl":"https:\/\/www.audaxrenovables.es\/wp-content\/uploads\/2023\/04\/logo.png","width":197,"height":125,"caption":"Audax Renovables"},"image":{"@id":"https:\/\/www.audaxrenovables.es\/ca\/#\/schema\/logo\/image\/"},"sameAs":["https:\/\/www.instagram.com\/audaxrenovables\/","https:\/\/x.com\/AudaxRenovables","https:\/\/www.youtube.com\/user\/AudaxEnergia","https:\/\/www.tiktok.com\/@audaxrenovables","https:\/\/www.linkedin.com\/company\/203502\/admin\/"]},{"@type":"Person","@id":"https:\/\/www.audaxrenovables.es\/ca\/#\/schema\/person\/39323131dc9a121279e4e63ed89ffbea","name":"adminadx","image":{"@type":"ImageObject","inLanguage":"ca","@id":"https:\/\/www.audaxrenovables.es\/ca\/#\/schema\/person\/image\/","url":"https:\/\/secure.gravatar.com\/avatar\/60b4d621160a422b02f2d19db7066f73c964c792ce03f3da9d36f40a41bdd2e6?s=96&d=mm&r=g","contentUrl":"https:\/\/secure.gravatar.com\/avatar\/60b4d621160a422b02f2d19db7066f73c964c792ce03f3da9d36f40a41bdd2e6?s=96&d=mm&r=g","caption":"adminadx"},"sameAs":["https:\/\/audaxrenovables.es"]}]}},"_links":{"self":[{"href":"https:\/\/www.audaxrenovables.es\/ca\/wp-json\/wp\/v2\/posts\/2501","targetHints":{"allow":["GET"]}}],"collection":[{"href":"https:\/\/www.audaxrenovables.es\/ca\/wp-json\/wp\/v2\/posts"}],"about":[{"href":"https:\/\/www.audaxrenovables.es\/ca\/wp-json\/wp\/v2\/types\/post"}],"author":[{"embeddable":true,"href":"https:\/\/www.audaxrenovables.es\/ca\/wp-json\/wp\/v2\/users\/1"}],"replies":[{"embeddable":true,"href":"https:\/\/www.audaxrenovables.es\/ca\/wp-json\/wp\/v2\/comments?post=2501"}],"version-history":[{"count":1,"href":"https:\/\/www.audaxrenovables.es\/ca\/wp-json\/wp\/v2\/posts\/2501\/revisions"}],"predecessor-version":[{"id":2800,"href":"https:\/\/www.audaxrenovables.es\/ca\/wp-json\/wp\/v2\/posts\/2501\/revisions\/2800"}],"wp:featuredmedia":[{"embeddable":true,"href":"https:\/\/www.audaxrenovables.es\/ca\/wp-json\/wp\/v2\/media\/2500"}],"wp:attachment":[{"href":"https:\/\/www.audaxrenovables.es\/ca\/wp-json\/wp\/v2\/media?parent=2501"}],"wp:term":[{"taxonomy":"category","embeddable":true,"href":"https:\/\/www.audaxrenovables.es\/ca\/wp-json\/wp\/v2\/categories?post=2501"},{"taxonomy":"post_tag","embeddable":true,"href":"https:\/\/www.audaxrenovables.es\/ca\/wp-json\/wp\/v2\/tags?post=2501"}],"curies":[{"name":"wp","href":"https:\/\/api.w.org\/{rel}","templated":true}]}}