{"id":2503,"date":"2021-07-15T06:24:32","date_gmt":"2021-07-15T06:24:32","guid":{"rendered":"https:\/\/audaxrenovables.es\/audax-renovables-y-horeca-cadiz-firman-un-convenio-de-colaboracion\/"},"modified":"2023-06-20T11:40:56","modified_gmt":"2023-06-20T11:40:56","slug":"audax-renovables-y-horeca-cadiz-firman-un-convenio-de-colaboracion","status":"publish","type":"post","link":"https:\/\/www.audaxrenovables.es\/ca\/audax-renovables-i-horeca-cadiz-signen-un-conveni-de-col\u00b7laboracio\/","title":{"rendered":"Audax Renovables i HORECA Cadis signen un conveni de col\u00b7laboraci\u00f3"},"content":{"rendered":"<p><img decoding=\"async\" class=\"adx_img_post\" src=\"https:\/\/www.audaxrenovables.es\/uploads\/2021\/07\/15\/b597ecfdb5fe053a6022005190ad2851.jpg\"><\/p>\n<h1 class=\"adx_tit_post\">Audax Renovables i HORECA Cadis signen un conveni de col\u00b7laboraci\u00f3<\/h1>\n<blockquote><p>Les empreses d&#039;hostaleria afiliades a la Federaci\u00f3 HORECA CADIS disposaran de diversos serveis d&#039;assessoria energ\u00e8tica per estalviar en els costos energ\u00e8tics amb energia 100% renovable<\/p><\/blockquote>\n<p>La Federaci\u00f3 provincial d&#039;empresaris d&#039;hostaleria HORECA Cadis, conscients de la import\u00e0ncia que t\u00e9 l&#039;energia el\u00e8ctrica al sector de l&#039;hostaleria, ha signat un conveni de col\u00b7laboraci\u00f3 amb Audax Renovables, el grup energ\u00e8tic integral amb generaci\u00f3 100% renovable, amb l&#039;objectiu de millorar l&#039;efic\u00e0cia en el consum energ\u00e8tic de les seves empreses afiliades, oferint energia 100% verda, neta i respectuosa amb el medi ambient.&nbsp;<\/p>\n<p>Audax Renovables \u00e9s una de les principals companyies del sector energ\u00e8tic nacional, l\u00edder al segment PIME a Espanya. Les seves activitats principals se centren en generaci\u00f3 i comercialitzaci\u00f3 delectricitat 100% renovable i gas. Una companyia en creixement que \u00e9s present a 9 pa\u00efsos (Espanya, Portugal, It\u00e0lia, Alemanya, Pol\u00f2nia, Holanda, Hongria, Fran\u00e7a i Panam\u00e0), amb m\u00e9s de 575 mil clients i 15 TWh subministrats el 2020.<\/p>\n<p>El conveni ha estat acordat per Antonio de Mar\u00eda (President de la Federaci\u00f3), Jos\u00e9 Morales (Assessor energ\u00e8tic de la Federaci\u00f3), Jorge P\u00e9rez (Key Account Manager d&#039;Audax Renovables) i David Busquets (Director Comercial d&#039;Audax Renovables).<\/p>\n<p>Gr\u00e0cies a aquest conveni els socis de la Federaci\u00f3 HORECA CADIS podran contractar energia 100% renovable, realitzar la revisi\u00f3 de les seves tarifes energ\u00e8tiques i modalitat de contractaci\u00f3 del subministrament actual, disposar de telemesura i control de consum el\u00e8ctric, optimitzar les pot\u00e8ncies contractades i la compensaci\u00f3 autom\u00e0tica d&#039;energies reactives i reduccions de consums. Tamb\u00e9 podran realitzar canvis de titular i pot\u00e8ncia sense cost (llevat dels regulats o establerts per la Distribu\u00efdora), disposar de facilitats per a la instal\u00b7laci\u00f3 de punts de rec\u00e0rrega de vehicles el\u00e8ctrics a les seves instal\u00b7lacions i accedir a la instal\u00b7laci\u00f3 d&#039;autoconsum fotovoltaic amb qu\u00e8 podran generar la seva pr\u00f2pia energia 100% verd i estalviar a la factura el\u00e8ctrica.&nbsp;<\/p>\n<p>Aquelles empreses, pimes i aut\u00f2noms socis d&#039;HORECA CADIS interessats en els beneficis d&#039;aquest nou conveni poden sol\u00b7licitar informaci\u00f3 a www.canalhorecacadiz.es o escrivint a energia@canalhorecacadiz.es.<\/p>\n<p>Sobre Audax Renovables&nbsp;<br \/>\n&nbsp;<br \/>\nEl Grup \u00e9s el resultat de la fusi\u00f3 per absorci\u00f3 entre Audax Renovables, SA i la seva matriu, Audax Energ\u00eda, SA, que d\u00f3na lloc a un grup energ\u00e8tic integral amb generaci\u00f3 100% renovable.<\/p>\n<p>Audax centra les seves activitats en la generaci\u00f3 denergia 100% renovable, aix\u00ed com en el subministrament delectricitat 100% renovable i gas.<br \/>\n&nbsp;<br \/>\nFundada l&#039;any 2000, l&#039;any 2003 Audax Renovables comen\u00e7a a cotitzar al mercat secundari de la Borsa de Barcelona i l&#039;any 2007 s&#039;inclou la seva cotitzaci\u00f3 al SIBE de la borsa de Madrid. Actualment, cotitza al Mercat Continu espanyol sota la denominaci\u00f3 (ticker) ADX.MC, i s&#039;ha incorporat a l&#039;\u00edndex IBEX SMALL CAP\u00ae el 23 de mar\u00e7 de 2020.<\/p>\n<p>Som el Grup energ\u00e8tic l\u00edder en el segment PIME a Espanya, garantint un subministrament eficient de l&#039;energia comercialitzada a trav\u00e9s d&#039;un proc\u00e9s d&#039;integraci\u00f3 vertical amb l&#039;activitat de generaci\u00f3 renovable, amb una s\u00f2lida posici\u00f3 financera, i preparat per encap\u00e7alar la transici\u00f3 energ\u00e8tica mercat europeu.<br \/>\n&nbsp;<br \/>\nEl Grup gestiona una cartera de projectes de generaci\u00f3 en operaci\u00f3 de 91 MW a parcs e\u00f2lics a Espanya, Fran\u00e7a i Pol\u00f2nia, i 15 MWp fotovoltaics a Espanya. Addicionalment, t\u00e9 en construcci\u00f3 66 MW e\u00f2lics a Panam\u00e0 aix\u00ed com 55 MWp en projectes fotovoltaics, sumant un total de 121 MW en construcci\u00f3, i compta amb un portfoli fotovoltaic de 2.271 MWp en diferents fases de desenvolupament ubicat a Espanya, Portugal i It\u00e0lia.&nbsp;<\/p>\n<p>Audax Renovables, en la seva activitat de comercialitzaci\u00f3 d&#039;electricitat 100% renovable i gas, \u00e9s present a Espanya, Portugal, It\u00e0lia, Alemanya, Pol\u00f2nia, Holanda i Hongria, sumant m\u00e9s de 540 mil clients.<\/p>\n<p>Per a m\u00e9s informaci\u00f3 visiteu www.audaxrenovables.com \/ www.audaxrenovables.es<br \/>\n&nbsp;<\/p>","protected":false},"excerpt":{"rendered":"<p>Audax Renovables y HORECA C\u00e1diz firman un convenio de colaboraci\u00f3n Las empresas de hosteler\u00eda afiliadas a la Federaci\u00f3n HORECA C\u00c1DIZ dispondr\u00e1n de diversos servicios de asesor\u00eda energ\u00e9tica para ahorrar en sus costes energ\u00e9ticos con energ\u00eda 100% renovable La Federaci\u00f3n provincial de empresarios de hosteler\u00eda HORECA C\u00e1diz, conscientes de la importancia que tiene la energ\u00eda el\u00e9ctrica [&hellip;]<\/p>\n","protected":false},"author":1,"featured_media":2502,"comment_status":"closed","ping_status":"open","sticky":false,"template":"","format":"standard","meta":{"content-type":"","footnotes":""},"categories":[1],"tags":[],"class_list":["post-2503","post","type-post","status-publish","format-standard","has-post-thumbnail","hentry","category-sin-categoria"],"yoast_head":"<!-- This site is optimized with the Yoast SEO plugin v23.5 - https:\/\/yoast.com\/wordpress\/plugins\/seo\/ -->\n<title>Audax Renovables y HORECA C?diz firman un convenio de colaboraci?n<\/title>\n<meta name=\"description\" content=\"Audax Renovables y HORECA C?diz firman un convenio de colaboraci?n\" \/>\n<meta name=\"robots\" content=\"index, follow, max-snippet:-1, max-image-preview:large, max-video-preview:-1\" \/>\n<link rel=\"canonical\" href=\"https:\/\/www.audaxrenovables.es\/ca\/audax-renovables-i-horeca-cadiz-signen-un-conveni-de-col\u00b7laboracio\/\" \/>\n<meta property=\"og:locale\" content=\"ca_ES\" \/>\n<meta property=\"og:type\" content=\"article\" \/>\n<meta property=\"og:title\" content=\"Audax Renovables y HORECA C?diz firman un convenio de colaboraci?n\" \/>\n<meta property=\"og:description\" content=\"Audax Renovables y HORECA C?diz firman un convenio de colaboraci?n\" \/>\n<meta property=\"og:url\" content=\"https:\/\/www.audaxrenovables.es\/ca\/audax-renovables-i-horeca-cadiz-signen-un-conveni-de-col\u00b7laboracio\/\" \/>\n<meta property=\"og:site_name\" content=\"Audax Renovables\" \/>\n<meta property=\"article:published_time\" content=\"2021-07-15T06:24:32+00:00\" \/>\n<meta property=\"article:modified_time\" content=\"2023-06-20T11:40:56+00:00\" \/>\n<meta property=\"og:image\" content=\"https:\/\/www.audaxrenovables.es\/wp-content\/uploads\/2023\/06\/15072021.jpg.jpg\" \/>\n\t<meta property=\"og:image:width\" content=\"713\" \/>\n\t<meta property=\"og:image:height\" content=\"403\" \/>\n\t<meta property=\"og:image:type\" content=\"image\/jpeg\" \/>\n<meta name=\"author\" content=\"adminadx\" \/>\n<meta name=\"twitter:card\" content=\"summary_large_image\" \/>\n<meta name=\"twitter:label1\" content=\"Escrit per\" \/>\n\t<meta name=\"twitter:data1\" content=\"adminadx\" \/>\n\t<meta name=\"twitter:label2\" content=\"Temps estimat de lectura\" \/>\n\t<meta name=\"twitter:data2\" content=\"4 minuts\" \/>\n<!-- \/ Yoast SEO plugin. -->","yoast_head_json":{"title":"Audax Renovables i HORECA C?diz signen un conveni de col\u00b7laboraci?","description":"Audax Renovables i HORECA C?diz signen un conveni de col\u00b7laboraci?","robots":{"index":"index","follow":"follow","max-snippet":"max-snippet:-1","max-image-preview":"max-image-preview:large","max-video-preview":"max-video-preview:-1"},"canonical":"https:\/\/www.audaxrenovables.es\/ca\/audax-renovables-i-horeca-cadiz-signen-un-conveni-de-col\u00b7laboracio\/","og_locale":"ca_ES","og_type":"article","og_title":"Audax Renovables y HORECA C?diz firman un convenio de colaboraci?n","og_description":"Audax Renovables y HORECA C?diz firman un convenio de colaboraci?n","og_url":"https:\/\/www.audaxrenovables.es\/ca\/audax-renovables-i-horeca-cadiz-signen-un-conveni-de-col\u00b7laboracio\/","og_site_name":"Audax Renovables","article_published_time":"2021-07-15T06:24:32+00:00","article_modified_time":"2023-06-20T11:40:56+00:00","og_image":[{"width":713,"height":403,"url":"https:\/\/www.audaxrenovables.es\/wp-content\/uploads\/2023\/06\/15072021.jpg.jpg","type":"image\/jpeg"}],"author":"adminadx","twitter_card":"summary_large_image","twitter_misc":{"Escrit per":"adminadx","Temps estimat de lectura":"4 minuts"},"schema":{"@context":"https:\/\/schema.org","@graph":[{"@type":"Article","@id":"https:\/\/www.audaxrenovables.es\/ca\/audax-renovables-i-horeca-cadiz-signen-un-conveni-de-col\u00b7laboracio\/#article","isPartOf":{"@id":"https:\/\/www.audaxrenovables.es\/ca\/audax-renovables-i-horeca-cadiz-signen-un-conveni-de-col\u00b7laboracio\/"},"author":{"name":"adminadx","@id":"https:\/\/www.audaxrenovables.es\/ca\/#\/schema\/person\/39323131dc9a121279e4e63ed89ffbea"},"headline":"Audax Renovables y HORECA C\u00e1diz firman un convenio de colaboraci\u00f3n","datePublished":"2021-07-15T06:24:32+00:00","dateModified":"2023-06-20T11:40:56+00:00","mainEntityOfPage":{"@id":"https:\/\/www.audaxrenovables.es\/ca\/audax-renovables-i-horeca-cadiz-signen-un-conveni-de-col\u00b7laboracio\/"},"wordCount":729,"publisher":{"@id":"https:\/\/www.audaxrenovables.es\/ca\/#organization"},"image":{"@id":"https:\/\/www.audaxrenovables.es\/ca\/audax-renovables-i-horeca-cadiz-signen-un-conveni-de-col\u00b7laboracio\/#primaryimage"},"thumbnailUrl":"https:\/\/www.audaxrenovables.es\/wp-content\/uploads\/2023\/06\/15072021.jpg.jpg","articleSection":["Sin categor\u00eda"],"inLanguage":"ca"},{"@type":["WebPage","ItemPage"],"@id":"https:\/\/www.audaxrenovables.es\/ca\/audax-renovables-i-horeca-cadiz-signen-un-conveni-de-col\u00b7laboracio\/","url":"https:\/\/www.audaxrenovables.es\/ca\/audax-renovables-i-horeca-cadiz-signen-un-conveni-de-col\u00b7laboracio\/","name":"Audax Renovables i HORECA C?diz signen un conveni de col\u00b7laboraci?","isPartOf":{"@id":"https:\/\/www.audaxrenovables.es\/ca\/#website"},"primaryImageOfPage":{"@id":"https:\/\/www.audaxrenovables.es\/ca\/audax-renovables-i-horeca-cadiz-signen-un-conveni-de-col\u00b7laboracio\/#primaryimage"},"image":{"@id":"https:\/\/www.audaxrenovables.es\/ca\/audax-renovables-i-horeca-cadiz-signen-un-conveni-de-col\u00b7laboracio\/#primaryimage"},"thumbnailUrl":"https:\/\/www.audaxrenovables.es\/wp-content\/uploads\/2023\/06\/15072021.jpg.jpg","datePublished":"2021-07-15T06:24:32+00:00","dateModified":"2023-06-20T11:40:56+00:00","description":"Audax Renovables i HORECA C?diz signen un conveni de col\u00b7laboraci?","breadcrumb":{"@id":"https:\/\/www.audaxrenovables.es\/ca\/audax-renovables-i-horeca-cadiz-signen-un-conveni-de-col\u00b7laboracio\/#breadcrumb"},"inLanguage":"ca","potentialAction":[{"@type":"ReadAction","target":["https:\/\/www.audaxrenovables.es\/ca\/audax-renovables-i-horeca-cadiz-signen-un-conveni-de-col\u00b7laboracio\/"]}]},{"@type":"ImageObject","inLanguage":"ca","@id":"https:\/\/www.audaxrenovables.es\/ca\/audax-renovables-i-horeca-cadiz-signen-un-conveni-de-col\u00b7laboracio\/#primaryimage","url":"https:\/\/www.audaxrenovables.es\/wp-content\/uploads\/2023\/06\/15072021.jpg.jpg","contentUrl":"https:\/\/www.audaxrenovables.es\/wp-content\/uploads\/2023\/06\/15072021.jpg.jpg","width":713,"height":403},{"@type":"BreadcrumbList","@id":"https:\/\/www.audaxrenovables.es\/ca\/audax-renovables-i-horeca-cadiz-signen-un-conveni-de-col\u00b7laboracio\/#breadcrumb","itemListElement":[{"@type":"ListItem","position":1,"name":"Portada","item":"https:\/\/www.audaxrenovables.es\/es\/"},{"@type":"ListItem","position":2,"name":"Audax Renovables y HORECA C\u00e1diz firman un convenio de colaboraci\u00f3n"}]},{"@type":"WebSite","@id":"https:\/\/www.audaxrenovables.es\/ca\/#website","url":"https:\/\/www.audaxrenovables.es\/ca\/","name":"Audax Renovables","description":"Companyia independent dedicada a la producci\u00f3 denergia el\u00e8ctrica a partir de fonts denergia 100% renovables","publisher":{"@id":"https:\/\/www.audaxrenovables.es\/ca\/#organization"},"potentialAction":[{"@type":"SearchAction","target":{"@type":"EntryPoint","urlTemplate":"https:\/\/www.audaxrenovables.es\/ca\/?s={search_term_string}"},"query-input":{"@type":"PropertyValueSpecification","valueRequired":true,"valueName":"search_term_string"}}],"inLanguage":"ca"},{"@type":"Organization","@id":"https:\/\/www.audaxrenovables.es\/ca\/#organization","name":"Audax Renovables","alternateName":"Audax Energ\u00eda","url":"https:\/\/www.audaxrenovables.es\/ca\/","logo":{"@type":"ImageObject","inLanguage":"ca","@id":"https:\/\/www.audaxrenovables.es\/ca\/#\/schema\/logo\/image\/","url":"https:\/\/www.audaxrenovables.es\/wp-content\/uploads\/2023\/04\/logo.png","contentUrl":"https:\/\/www.audaxrenovables.es\/wp-content\/uploads\/2023\/04\/logo.png","width":197,"height":125,"caption":"Audax Renovables"},"image":{"@id":"https:\/\/www.audaxrenovables.es\/ca\/#\/schema\/logo\/image\/"},"sameAs":["https:\/\/www.instagram.com\/audaxrenovables\/","https:\/\/x.com\/AudaxRenovables","https:\/\/www.youtube.com\/user\/AudaxEnergia","https:\/\/www.tiktok.com\/@audaxrenovables","https:\/\/www.linkedin.com\/company\/203502\/admin\/"]},{"@type":"Person","@id":"https:\/\/www.audaxrenovables.es\/ca\/#\/schema\/person\/39323131dc9a121279e4e63ed89ffbea","name":"adminadx","image":{"@type":"ImageObject","inLanguage":"ca","@id":"https:\/\/www.audaxrenovables.es\/ca\/#\/schema\/person\/image\/","url":"https:\/\/secure.gravatar.com\/avatar\/60b4d621160a422b02f2d19db7066f73c964c792ce03f3da9d36f40a41bdd2e6?s=96&d=mm&r=g","contentUrl":"https:\/\/secure.gravatar.com\/avatar\/60b4d621160a422b02f2d19db7066f73c964c792ce03f3da9d36f40a41bdd2e6?s=96&d=mm&r=g","caption":"adminadx"},"sameAs":["https:\/\/audaxrenovables.es"]}]}},"_links":{"self":[{"href":"https:\/\/www.audaxrenovables.es\/ca\/wp-json\/wp\/v2\/posts\/2503","targetHints":{"allow":["GET"]}}],"collection":[{"href":"https:\/\/www.audaxrenovables.es\/ca\/wp-json\/wp\/v2\/posts"}],"about":[{"href":"https:\/\/www.audaxrenovables.es\/ca\/wp-json\/wp\/v2\/types\/post"}],"author":[{"embeddable":true,"href":"https:\/\/www.audaxrenovables.es\/ca\/wp-json\/wp\/v2\/users\/1"}],"replies":[{"embeddable":true,"href":"https:\/\/www.audaxrenovables.es\/ca\/wp-json\/wp\/v2\/comments?post=2503"}],"version-history":[{"count":1,"href":"https:\/\/www.audaxrenovables.es\/ca\/wp-json\/wp\/v2\/posts\/2503\/revisions"}],"predecessor-version":[{"id":2801,"href":"https:\/\/www.audaxrenovables.es\/ca\/wp-json\/wp\/v2\/posts\/2503\/revisions\/2801"}],"wp:featuredmedia":[{"embeddable":true,"href":"https:\/\/www.audaxrenovables.es\/ca\/wp-json\/wp\/v2\/media\/2502"}],"wp:attachment":[{"href":"https:\/\/www.audaxrenovables.es\/ca\/wp-json\/wp\/v2\/media?parent=2503"}],"wp:term":[{"taxonomy":"category","embeddable":true,"href":"https:\/\/www.audaxrenovables.es\/ca\/wp-json\/wp\/v2\/categories?post=2503"},{"taxonomy":"post_tag","embeddable":true,"href":"https:\/\/www.audaxrenovables.es\/ca\/wp-json\/wp\/v2\/tags?post=2503"}],"curies":[{"name":"wp","href":"https:\/\/api.w.org\/{rel}","templated":true}]}}