{"id":2507,"date":"2021-06-09T06:56:44","date_gmt":"2021-06-09T06:56:44","guid":{"rendered":"https:\/\/audaxrenovables.es\/audax-renovables-inicia-las-obras-de-su-proyecto-el-toconal\/"},"modified":"2023-06-20T11:41:05","modified_gmt":"2023-06-20T11:41:05","slug":"audax-renovables-inicia-las-obras-de-su-proyecto-el-toconal","status":"publish","type":"post","link":"https:\/\/www.audaxrenovables.es\/ca\/audax-renovables-inicia-les-obres-del-seu-projecte-el-toconal\/","title":{"rendered":"Audax Renovables inicia les obres del seu projecte El Toconal"},"content":{"rendered":"<p><img decoding=\"async\" class=\"adx_img_post\" src=\"https:\/\/www.audaxrenovables.es\/uploads\/2021\/06\/09\/f892e1e7bdb6f984dbe6f16178066bbd.jpg\"><\/p>\n<h1 class=\"adx_tit_post\">Audax Renovables inicia les obres del seu projecte El Toconal<\/h1>\n<blockquote><p>La societat obt\u00e9 l&#039;autoritzaci\u00f3 administrativa i de construcci\u00f3 del Toconal, cosa que permet iniciar la construcci\u00f3 immediatament.<\/p><\/blockquote>\n<p>Audax Renovables (ADX.MC), el grup energ\u00e8tic integral amb generaci\u00f3 100% renovable, segueix impulsant la seva activitat de generaci\u00f3 a trav\u00e9s dels diferents projectes de generaci\u00f3 que formen el seu portfoli.&nbsp;<\/p>\n<p>Seguint amb el comprom\u00eds de mantenir informat el mercat permanentment sobre els aven\u00e7os de l&#039;estat dels projectes incorporats en un exercici de transpar\u00e8ncia continuat, i en relaci\u00f3 amb el projecte El Toconal, situat a la localitat de Los Navalmorales (prov\u00edncia de Toledo) amb una pot\u00e8ncia de 5 MWp, la Societat es congratula a comunicar lobtenci\u00f3 de lautoritzaci\u00f3 administrativa pr\u00e8via i de construcci\u00f3 per part de les autoritats competents.<\/p>\n<p>Un cop ja obtinguda la llic\u00e8ncia d&#039;obres, la Societat t\u00e9 previst iniciar la construcci\u00f3 la setmana que ve, assegurant-ne l&#039;acompanyament amb contractistes de primer nivell que compleixen amb alts est\u00e0ndards de qualitat, sota la modalitat EPC (clau en m\u00e0).<\/p>\n<p>Amb aquesta autoritzaci\u00f3 per a la construcci\u00f3 del referit projecte, Audax Renovables t\u00e9 actualment en construcci\u00f3 55 MWp en projectes fotovoltaics m\u00e9s els 66 MW e\u00f2lics a Panam\u00e0 en qu\u00e8 participa en un 30% i en qu\u00e8 ja s&#039;han hissat 5 de les 20 turbines que ho conformen.<\/p>\n<p>Com \u00e9s habitual, i al llarg de les properes setmanes, el Grup continuar\u00e0 informant puntualment el mercat sobre l&#039;evoluci\u00f3 en els aven\u00e7os dels projectes que formen la seva cartera, per tal de mantenir permanentment informat el mercat i els seus inversors.<\/p>\n<p>Aquests projectes segueixen emmarcats dins de la decidida aposta i estrat\u00e8gia del Grup Audax Renovables d&#039;augmentar la seva cartera de generaci\u00f3 100% renovable, estant centrat a incrementar el portfoli de cartera de generaci\u00f3 ja sigui mitjan\u00e7ant creixement org\u00e0nic o mitjan\u00e7ant el tancament d&#039;acords de compra, amb el objectiu de subministrar als seus clients energia d&#039;origen renovable produ\u00efda a les seves pr\u00f2pies plantes.<\/p>\n<p>Sobre Audax Renovables&nbsp;<br \/>\n&nbsp;<br \/>\nEl Grup \u00e9s el resultat de la fusi\u00f3 per absorci\u00f3 entre Audax Renovables, SA i la seva matriu, Audax Energ\u00eda, SA, que d\u00f3na lloc a un grup energ\u00e8tic integral amb generaci\u00f3 100% renovable.<\/p>\n<p>Audax centra les seves activitats en la generaci\u00f3 denergia 100% renovable, aix\u00ed com en el subministrament delectricitat 100% renovable i gas.<br \/>\n&nbsp;<br \/>\nFundada l&#039;any 2000, l&#039;any 2003 Audax Renovables comen\u00e7a a cotitzar al mercat secundari de la Borsa de Barcelona i l&#039;any 2007 s&#039;inclou la seva cotitzaci\u00f3 al SIBE de la borsa de Madrid. Actualment, cotitza al Mercat Continu espanyol sota la denominaci\u00f3 (ticker) ADX.MC, i s&#039;ha incorporat a l&#039;\u00edndex IBEX SMALL CAP\u00ae el 23 de mar\u00e7 de 2020.<\/p>\n<p>Som el Grup energ\u00e8tic l\u00edder en el segment PIME a Espanya, garantint un subministrament eficient de l&#039;energia comercialitzada a trav\u00e9s d&#039;un proc\u00e9s d&#039;integraci\u00f3 vertical amb l&#039;activitat de generaci\u00f3 renovable, amb una s\u00f2lida posici\u00f3 financera, i preparat per encap\u00e7alar la transici\u00f3 energ\u00e8tica mercat europeu.<br \/>\n&nbsp;<br \/>\nEl Grup gestiona una cartera de projectes de generaci\u00f3 en operaci\u00f3 de 91 MW a parcs e\u00f2lics a Espanya, Fran\u00e7a i Pol\u00f2nia, i 15 MWp fotovoltaics a Espanya. Addicionalment, t\u00e9 en construcci\u00f3 66 MW e\u00f2lics a Panam\u00e0 aix\u00ed com 55 MWp en projectes fotovoltaics, sumant un total de 121 MW en construcci\u00f3, i compta amb un portfoli fotovoltaic de 2.271 MWp en diferents fases de desenvolupament ubicat a Espanya, Portugal i It\u00e0lia.&nbsp;<\/p>\n<p>Audax Renovables, en la seva activitat de comercialitzaci\u00f3 d&#039;electricitat 100% renovable i gas, \u00e9s present a Espanya, Portugal, It\u00e0lia, Alemanya, Pol\u00f2nia, Holanda i Hongria, sumant m\u00e9s de 540 mil clients.<\/p>\n<p>Per a m\u00e9s informaci\u00f3 visiteu www.audaxrenovables.com \/ www.audaxrenovables.es<br \/>\n&nbsp;<\/p>","protected":false},"excerpt":{"rendered":"<p>Audax Renovables inicia las obras de su proyecto El Toconal La sociedad obtiene la autorizaci\u00f3n administrativa y de construcci\u00f3n de El Toconal, lo que le permite iniciar la construcci\u00f3n de inmediato. Audax Renovables (ADX.MC), el grupo energ\u00e9tico integral con generaci\u00f3n 100% renovable, sigue impulsando su actividad de generaci\u00f3n a trav\u00e9s de los distintos proyectos de [&hellip;]<\/p>\n","protected":false},"author":1,"featured_media":2506,"comment_status":"closed","ping_status":"open","sticky":false,"template":"","format":"standard","meta":{"content-type":"","footnotes":""},"categories":[1],"tags":[],"class_list":["post-2507","post","type-post","status-publish","format-standard","has-post-thumbnail","hentry","category-sin-categoria"],"yoast_head":"<!-- This site is optimized with the Yoast SEO plugin v23.5 - https:\/\/yoast.com\/wordpress\/plugins\/seo\/ -->\n<title>Audax Renovables inicia las obras de su proyecto El Toconal<\/title>\n<meta name=\"description\" content=\"Audax Renovables inicia las obras de su proyecto El Toconal\" \/>\n<meta name=\"robots\" content=\"index, follow, max-snippet:-1, max-image-preview:large, max-video-preview:-1\" \/>\n<link rel=\"canonical\" href=\"https:\/\/www.audaxrenovables.es\/ca\/audax-renovables-inicia-les-obres-del-seu-projecte-el-toconal\/\" \/>\n<meta property=\"og:locale\" content=\"ca_ES\" \/>\n<meta property=\"og:type\" content=\"article\" \/>\n<meta property=\"og:title\" content=\"Audax Renovables inicia las obras de su proyecto El Toconal\" \/>\n<meta property=\"og:description\" content=\"Audax Renovables inicia las obras de su proyecto El Toconal\" \/>\n<meta property=\"og:url\" content=\"https:\/\/www.audaxrenovables.es\/ca\/audax-renovables-inicia-les-obres-del-seu-projecte-el-toconal\/\" \/>\n<meta property=\"og:site_name\" content=\"Audax Renovables\" \/>\n<meta property=\"article:published_time\" content=\"2021-06-09T06:56:44+00:00\" \/>\n<meta property=\"article:modified_time\" content=\"2023-06-20T11:41:05+00:00\" \/>\n<meta property=\"og:image\" content=\"https:\/\/www.audaxrenovables.es\/wp-content\/uploads\/2023\/06\/09062021_.jpg.jpg\" \/>\n\t<meta property=\"og:image:width\" content=\"713\" \/>\n\t<meta property=\"og:image:height\" content=\"403\" \/>\n\t<meta property=\"og:image:type\" content=\"image\/jpeg\" \/>\n<meta name=\"author\" content=\"adminadx\" \/>\n<meta name=\"twitter:card\" content=\"summary_large_image\" \/>\n<meta name=\"twitter:label1\" content=\"Escrit per\" \/>\n\t<meta name=\"twitter:data1\" content=\"adminadx\" \/>\n\t<meta name=\"twitter:label2\" content=\"Temps estimat de lectura\" \/>\n\t<meta name=\"twitter:data2\" content=\"3 minuts\" \/>\n<!-- \/ Yoast SEO plugin. -->","yoast_head_json":{"title":"Audax Renovables inicia les obres del seu projecte El Toconal","description":"Audax Renovables inicia les obres del seu projecte El Toconal","robots":{"index":"index","follow":"follow","max-snippet":"max-snippet:-1","max-image-preview":"max-image-preview:large","max-video-preview":"max-video-preview:-1"},"canonical":"https:\/\/www.audaxrenovables.es\/ca\/audax-renovables-inicia-les-obres-del-seu-projecte-el-toconal\/","og_locale":"ca_ES","og_type":"article","og_title":"Audax Renovables inicia las obras de su proyecto El Toconal","og_description":"Audax Renovables inicia las obras de su proyecto El Toconal","og_url":"https:\/\/www.audaxrenovables.es\/ca\/audax-renovables-inicia-les-obres-del-seu-projecte-el-toconal\/","og_site_name":"Audax Renovables","article_published_time":"2021-06-09T06:56:44+00:00","article_modified_time":"2023-06-20T11:41:05+00:00","og_image":[{"width":713,"height":403,"url":"https:\/\/www.audaxrenovables.es\/wp-content\/uploads\/2023\/06\/09062021_.jpg.jpg","type":"image\/jpeg"}],"author":"adminadx","twitter_card":"summary_large_image","twitter_misc":{"Escrit per":"adminadx","Temps estimat de lectura":"3 minuts"},"schema":{"@context":"https:\/\/schema.org","@graph":[{"@type":"Article","@id":"https:\/\/www.audaxrenovables.es\/ca\/audax-renovables-inicia-les-obres-del-seu-projecte-el-toconal\/#article","isPartOf":{"@id":"https:\/\/www.audaxrenovables.es\/ca\/audax-renovables-inicia-les-obres-del-seu-projecte-el-toconal\/"},"author":{"name":"adminadx","@id":"https:\/\/www.audaxrenovables.es\/ca\/#\/schema\/person\/39323131dc9a121279e4e63ed89ffbea"},"headline":"Audax Renovables inicia las obras de su proyecto El Toconal","datePublished":"2021-06-09T06:56:44+00:00","dateModified":"2023-06-20T11:41:05+00:00","mainEntityOfPage":{"@id":"https:\/\/www.audaxrenovables.es\/ca\/audax-renovables-inicia-les-obres-del-seu-projecte-el-toconal\/"},"wordCount":672,"publisher":{"@id":"https:\/\/www.audaxrenovables.es\/ca\/#organization"},"image":{"@id":"https:\/\/www.audaxrenovables.es\/ca\/audax-renovables-inicia-les-obres-del-seu-projecte-el-toconal\/#primaryimage"},"thumbnailUrl":"https:\/\/www.audaxrenovables.es\/wp-content\/uploads\/2023\/06\/09062021_.jpg.jpg","articleSection":["Sin categor\u00eda"],"inLanguage":"ca"},{"@type":["WebPage","ItemPage"],"@id":"https:\/\/www.audaxrenovables.es\/ca\/audax-renovables-inicia-les-obres-del-seu-projecte-el-toconal\/","url":"https:\/\/www.audaxrenovables.es\/ca\/audax-renovables-inicia-les-obres-del-seu-projecte-el-toconal\/","name":"Audax Renovables inicia les obres del seu projecte El Toconal","isPartOf":{"@id":"https:\/\/www.audaxrenovables.es\/ca\/#website"},"primaryImageOfPage":{"@id":"https:\/\/www.audaxrenovables.es\/ca\/audax-renovables-inicia-les-obres-del-seu-projecte-el-toconal\/#primaryimage"},"image":{"@id":"https:\/\/www.audaxrenovables.es\/ca\/audax-renovables-inicia-les-obres-del-seu-projecte-el-toconal\/#primaryimage"},"thumbnailUrl":"https:\/\/www.audaxrenovables.es\/wp-content\/uploads\/2023\/06\/09062021_.jpg.jpg","datePublished":"2021-06-09T06:56:44+00:00","dateModified":"2023-06-20T11:41:05+00:00","description":"Audax Renovables inicia les obres del seu projecte El Toconal","breadcrumb":{"@id":"https:\/\/www.audaxrenovables.es\/ca\/audax-renovables-inicia-les-obres-del-seu-projecte-el-toconal\/#breadcrumb"},"inLanguage":"ca","potentialAction":[{"@type":"ReadAction","target":["https:\/\/www.audaxrenovables.es\/ca\/audax-renovables-inicia-les-obres-del-seu-projecte-el-toconal\/"]}]},{"@type":"ImageObject","inLanguage":"ca","@id":"https:\/\/www.audaxrenovables.es\/ca\/audax-renovables-inicia-les-obres-del-seu-projecte-el-toconal\/#primaryimage","url":"https:\/\/www.audaxrenovables.es\/wp-content\/uploads\/2023\/06\/09062021_.jpg.jpg","contentUrl":"https:\/\/www.audaxrenovables.es\/wp-content\/uploads\/2023\/06\/09062021_.jpg.jpg","width":713,"height":403},{"@type":"BreadcrumbList","@id":"https:\/\/www.audaxrenovables.es\/ca\/audax-renovables-inicia-les-obres-del-seu-projecte-el-toconal\/#breadcrumb","itemListElement":[{"@type":"ListItem","position":1,"name":"Portada","item":"https:\/\/www.audaxrenovables.es\/es\/"},{"@type":"ListItem","position":2,"name":"Audax Renovables inicia las obras de su proyecto El Toconal"}]},{"@type":"WebSite","@id":"https:\/\/www.audaxrenovables.es\/ca\/#website","url":"https:\/\/www.audaxrenovables.es\/ca\/","name":"Audax Renovables","description":"Companyia independent dedicada a la producci\u00f3 denergia el\u00e8ctrica a partir de fonts denergia 100% renovables","publisher":{"@id":"https:\/\/www.audaxrenovables.es\/ca\/#organization"},"potentialAction":[{"@type":"SearchAction","target":{"@type":"EntryPoint","urlTemplate":"https:\/\/www.audaxrenovables.es\/ca\/?s={search_term_string}"},"query-input":{"@type":"PropertyValueSpecification","valueRequired":true,"valueName":"search_term_string"}}],"inLanguage":"ca"},{"@type":"Organization","@id":"https:\/\/www.audaxrenovables.es\/ca\/#organization","name":"Audax Renovables","alternateName":"Audax Energ\u00eda","url":"https:\/\/www.audaxrenovables.es\/ca\/","logo":{"@type":"ImageObject","inLanguage":"ca","@id":"https:\/\/www.audaxrenovables.es\/ca\/#\/schema\/logo\/image\/","url":"https:\/\/www.audaxrenovables.es\/wp-content\/uploads\/2023\/04\/logo.png","contentUrl":"https:\/\/www.audaxrenovables.es\/wp-content\/uploads\/2023\/04\/logo.png","width":197,"height":125,"caption":"Audax Renovables"},"image":{"@id":"https:\/\/www.audaxrenovables.es\/ca\/#\/schema\/logo\/image\/"},"sameAs":["https:\/\/www.instagram.com\/audaxrenovables\/","https:\/\/x.com\/AudaxRenovables","https:\/\/www.youtube.com\/user\/AudaxEnergia","https:\/\/www.tiktok.com\/@audaxrenovables","https:\/\/www.linkedin.com\/company\/203502\/admin\/"]},{"@type":"Person","@id":"https:\/\/www.audaxrenovables.es\/ca\/#\/schema\/person\/39323131dc9a121279e4e63ed89ffbea","name":"adminadx","image":{"@type":"ImageObject","inLanguage":"ca","@id":"https:\/\/www.audaxrenovables.es\/ca\/#\/schema\/person\/image\/","url":"https:\/\/secure.gravatar.com\/avatar\/60b4d621160a422b02f2d19db7066f73c964c792ce03f3da9d36f40a41bdd2e6?s=96&d=mm&r=g","contentUrl":"https:\/\/secure.gravatar.com\/avatar\/60b4d621160a422b02f2d19db7066f73c964c792ce03f3da9d36f40a41bdd2e6?s=96&d=mm&r=g","caption":"adminadx"},"sameAs":["https:\/\/audaxrenovables.es"]}]}},"_links":{"self":[{"href":"https:\/\/www.audaxrenovables.es\/ca\/wp-json\/wp\/v2\/posts\/2507","targetHints":{"allow":["GET"]}}],"collection":[{"href":"https:\/\/www.audaxrenovables.es\/ca\/wp-json\/wp\/v2\/posts"}],"about":[{"href":"https:\/\/www.audaxrenovables.es\/ca\/wp-json\/wp\/v2\/types\/post"}],"author":[{"embeddable":true,"href":"https:\/\/www.audaxrenovables.es\/ca\/wp-json\/wp\/v2\/users\/1"}],"replies":[{"embeddable":true,"href":"https:\/\/www.audaxrenovables.es\/ca\/wp-json\/wp\/v2\/comments?post=2507"}],"version-history":[{"count":1,"href":"https:\/\/www.audaxrenovables.es\/ca\/wp-json\/wp\/v2\/posts\/2507\/revisions"}],"predecessor-version":[{"id":2803,"href":"https:\/\/www.audaxrenovables.es\/ca\/wp-json\/wp\/v2\/posts\/2507\/revisions\/2803"}],"wp:featuredmedia":[{"embeddable":true,"href":"https:\/\/www.audaxrenovables.es\/ca\/wp-json\/wp\/v2\/media\/2506"}],"wp:attachment":[{"href":"https:\/\/www.audaxrenovables.es\/ca\/wp-json\/wp\/v2\/media?parent=2507"}],"wp:term":[{"taxonomy":"category","embeddable":true,"href":"https:\/\/www.audaxrenovables.es\/ca\/wp-json\/wp\/v2\/categories?post=2507"},{"taxonomy":"post_tag","embeddable":true,"href":"https:\/\/www.audaxrenovables.es\/ca\/wp-json\/wp\/v2\/tags?post=2507"}],"curies":[{"name":"wp","href":"https:\/\/api.w.org\/{rel}","templated":true}]}}