{"id":2517,"date":"2021-05-13T06:40:28","date_gmt":"2021-05-13T06:40:28","guid":{"rendered":"https:\/\/audaxrenovables.es\/audax-renovables-cierra-el-primer-trimestre-2021-incrementando-su-resultado-un-6\/"},"modified":"2023-06-20T11:44:03","modified_gmt":"2023-06-20T11:44:03","slug":"audax-renovables-cierra-el-primer-trimestre-2021-incrementando-su-resultado-un-6","status":"publish","type":"post","link":"https:\/\/www.audaxrenovables.es\/ca\/audax-renovables-tanca-el-primer-trimestre-2021-incrementant-el-resultat-un-6\/","title":{"rendered":"Audax Renovables tanca el primer trimestre incrementant el resultat un 6%"},"content":{"rendered":"<p><img decoding=\"async\" class=\"adx_img_post\" src=\"https:\/\/www.audaxrenovables.es\/uploads\/2021\/05\/13\/ede06dc80d9bff5d9be276b415b337bb.jpg\"><\/p>\n<h1 class=\"adx_tit_post\">Audax Renovables tanca el primer trimestre incrementant el resultat un 6%<\/h1>\n<blockquote><p>El Grup energ\u00e8tic integral amb generaci\u00f3 100% renovable va assolir una facturaci\u00f3 de 340 milions d&#039;euros i l&#039;EBITDA s&#039;ha situat a 12,8 milions d&#039;euros&nbsp;<\/p><\/blockquote>\n<p>Audax Renovables (ADX.MC), el grup energ\u00e8tic integral amb generaci\u00f3 100% renovable, ha incrementat el benefici el primer trimestre de l&#039;exercici 2021 i ha assolit la xifra d&#039;1,5 milions d&#039;euros, un 6% superior respecte al mateix trimestre de l&#039;exercici precedent. , malgrat continuar en la situaci\u00f3 de pand\u00e8mia en qu\u00e8 ens trobem.&nbsp;<\/p>\n<p>Els avantatges de la integraci\u00f3 vertical, sumat al gir estrat\u00e8gic donat per la companyia el 2020 aix\u00ed com la incorporaci\u00f3 de la seva filial a Hongria, li han perm\u00e8s incrementar la facturaci\u00f3 el primer trimestre del present exercici fins als 340 milions d&#039;euros, un 45% superior que el mateix per\u00edode de l&#039;any anterior, situant el seu EBITDA als 12,8 milions d&#039;euros.<\/p>\n<p>Pel que fa a l&#039;anunci em\u00e8s per la Societat a inicis del present exercici, en relaci\u00f3 amb la incorporaci\u00f3 al seu portfoli d&#039;una cartera de 1.942 MWp en projectes de generaci\u00f3 que es troben en diferents estats de tramitaci\u00f3, el Grup t\u00e9 plena confian\u00e7a que aquests suposen un canvi de dimensi\u00f3 molt rellevant en la futura estructura d&#039;ingressos, aix\u00ed com pel que fa a comprom\u00eds amb la sostenibilitat i el medi ambient, situant la cartera total del Grup en 2,5 GW. Cal destacar que malgrat la dif\u00edcil conjuntura, el Grup va ser capa\u00e7 d&#039;iniciar els treballs de construcci\u00f3 en plena pand\u00e8mia de 60 MWp a les prov\u00edncies de Guadalajara, Toledo i Huelva.<\/p>\n<p>En relaci\u00f3 amb l&#039;activitat de comercialitzaci\u00f3, el nombre de clients ha crescut un 48% respecte al mateix trimestre de l&#039;any anterior, situant-se en 540 mil punts de subministrament actius, cosa que permet al Grup Audax mantenir-se com la primera comercialitzadora independent de llum al segment PIME a Espanya. Aquest increment en el nombre de clients ha perm\u00e8s al Grup incrementar l&#039;energia subministrada en un 63% superior respecte del mateix per\u00edode de l&#039;exercici anterior, situant-se en 4,4 TWh. Tot aix\u00f2 tot i continuar afrontant un exercici extremadament complicat derivat dels impactes generats per la COVID-19, el Grup ha aconseguit incrementar els seus ingressos un 45% superior al mateix per\u00edode del 2020, degut principalment a un increment en els preus mitjans del trimestre dels mercats aix\u00ed com a un volum m\u00e9s gran de l&#039;energia subministrada.<\/p>\n<p>Tot i l&#039;actual conjuntura provocada per la COVID-19, el Grup no ha patit cap impacte sobre les seves estrat\u00e8gies d&#039;inversi\u00f3 i finan\u00e7ament. Audax Renovables compta amb una posici\u00f3 financera s\u00f2lida i c\u00f2moda que us permetr\u00e0 seguir amb el seu full de ruta quant al desenvolupament i construcci\u00f3 de la seva cartera de projectes fotovoltaics en els propers mesos.<\/p>\n<p>Aquests resultats, tenint en compte les circumst\u00e0ncies tan inusuals que s&#039;han hagut d&#039;afrontar per la societat en general, i que encara s&#039;estan afrontant, suposen una millora en totes les variables i situen la companyia energ\u00e8tica en una posici\u00f3 \u00f2ptima per seguir amb la seva pla estrat\u00e8gic.<\/p>\n<p>Sobre Audax Renovables&nbsp;<br \/>\n&nbsp;<br \/>\nEl Grup \u00e9s el resultat de la fusi\u00f3 per absorci\u00f3 entre Audax Renovables, SA i la seva matriu, Audax Energ\u00eda, SA, que d\u00f3na lloc a un grup energ\u00e8tic integral amb generaci\u00f3 100% renovable.<\/p>\n<p>Audax centra les seves activitats en la generaci\u00f3 denergia 100% renovable, aix\u00ed com en el subministrament delectricitat 100% renovable i gas.<br \/>\n&nbsp;<br \/>\nFundada l&#039;any 2000, l&#039;any 2003 Audax Renovables comen\u00e7a a cotitzar al mercat secundari de la Borsa de Barcelona i l&#039;any 2007 s&#039;inclou la seva cotitzaci\u00f3 al SIBE de la borsa de Madrid. Actualment, cotitza al Mercat Continu espanyol sota la denominaci\u00f3 (ticker) ADX.MC, i s&#039;ha incorporat a l&#039;\u00edndex IBEX SMALL CAP\u00ae el 23 de mar\u00e7 de 2020.<\/p>\n<p>Som el Grup energ\u00e8tic l\u00edder en el segment PIME a Espanya, garantint un subministrament eficient de l&#039;energia comercialitzada a trav\u00e9s d&#039;un proc\u00e9s d&#039;integraci\u00f3 vertical amb l&#039;activitat de generaci\u00f3 renovable, amb una s\u00f2lida posici\u00f3 financera, i preparat per encap\u00e7alar la transici\u00f3 energ\u00e8tica mercat europeu.<br \/>\n&nbsp;<br \/>\nEl Grup gestiona una cartera de projectes de generaci\u00f3 en operaci\u00f3 de 91 MW a parcs e\u00f2lics a Espanya, Fran\u00e7a i Pol\u00f2nia, i 15 MWp fotovoltaics a Espanya. Addicionalment, t\u00e9 66 MW e\u00f2lics en construcci\u00f3 a Panam\u00e0. Aix\u00ed mateix, compta amb una cartera de projectes fotovoltaics en construcci\u00f3 de 115 MWp i compta amb un portfoli fotovoltaic de 2.277 MW en diferents fases de desenvolupament ubicat a Espanya, Portugal i It\u00e0lia.&nbsp;<\/p>\n<p>Audax Renovables, en la seva activitat de comercialitzaci\u00f3 d&#039;electricitat 100% renovable i gas, \u00e9s present a Espanya, Portugal, It\u00e0lia, Alemanya, Pol\u00f2nia, Holanda i Hongria, sumant m\u00e9s de 540 mil clients.<\/p>\n<p>Per a m\u00e9s informaci\u00f3 visiteu www.audaxrenovables.com \/ www.audaxrenovables.es<br \/>\n&nbsp;<\/p>","protected":false},"excerpt":{"rendered":"<p>Audax Renovables cierra el primer trimestre incrementando su resultado un 6% El Grupo energ\u00e9tico integral con generaci\u00f3n 100% renovable alcanz\u00f3 una facturaci\u00f3n de 340 millones de euros y el EBITDA se ha situado en los 12,8 millones de euros&nbsp; Audax Renovables (ADX.MC), el grupo energ\u00e9tico integral con generaci\u00f3n 100% renovable, ha incrementado su beneficio en [&hellip;]<\/p>\n","protected":false},"author":1,"featured_media":2516,"comment_status":"closed","ping_status":"open","sticky":false,"template":"","format":"standard","meta":{"content-type":"","footnotes":""},"categories":[1],"tags":[],"class_list":["post-2517","post","type-post","status-publish","format-standard","has-post-thumbnail","hentry","category-sin-categoria"],"yoast_head":"<!-- This site is optimized with the Yoast SEO plugin v23.5 - https:\/\/yoast.com\/wordpress\/plugins\/seo\/ -->\n<title>Audax Renovables cierra el primer trimestre incrementando su resultado un 6%<\/title>\n<meta name=\"description\" content=\"Audax Renovables cierra el primer trimestre 2021 incrementando su resultado un 6%\" \/>\n<meta name=\"robots\" content=\"index, follow, max-snippet:-1, max-image-preview:large, max-video-preview:-1\" \/>\n<link rel=\"canonical\" href=\"https:\/\/www.audaxrenovables.es\/ca\/audax-renovables-tanca-el-primer-trimestre-2021-incrementant-el-resultat-un-6\/\" \/>\n<meta property=\"og:locale\" content=\"ca_ES\" \/>\n<meta property=\"og:type\" content=\"article\" \/>\n<meta property=\"og:title\" content=\"Audax Renovables cierra el primer trimestre incrementando su resultado un 6%\" \/>\n<meta property=\"og:description\" content=\"Audax Renovables cierra el primer trimestre 2021 incrementando su resultado un 6%\" \/>\n<meta property=\"og:url\" content=\"https:\/\/www.audaxrenovables.es\/ca\/audax-renovables-tanca-el-primer-trimestre-2021-incrementant-el-resultat-un-6\/\" \/>\n<meta property=\"og:site_name\" content=\"Audax Renovables\" \/>\n<meta property=\"article:published_time\" content=\"2021-05-13T06:40:28+00:00\" \/>\n<meta property=\"article:modified_time\" content=\"2023-06-20T11:44:03+00:00\" \/>\n<meta property=\"og:image\" content=\"https:\/\/www.audaxrenovables.es\/wp-content\/uploads\/2023\/06\/13052021.jpg.jpg\" \/>\n\t<meta property=\"og:image:width\" content=\"713\" \/>\n\t<meta property=\"og:image:height\" content=\"403\" \/>\n\t<meta property=\"og:image:type\" content=\"image\/jpeg\" \/>\n<meta name=\"author\" content=\"adminadx\" \/>\n<meta name=\"twitter:card\" content=\"summary_large_image\" \/>\n<meta name=\"twitter:label1\" content=\"Escrit per\" \/>\n\t<meta name=\"twitter:data1\" content=\"adminadx\" \/>\n\t<meta name=\"twitter:label2\" content=\"Temps estimat de lectura\" \/>\n\t<meta name=\"twitter:data2\" content=\"4 minuts\" \/>\n<!-- \/ Yoast SEO plugin. -->","yoast_head_json":{"title":"Audax Renovables tanca el primer trimestre incrementant el resultat un 6%","description":"Audax Renovables tanca el primer trimestre 2021 incrementant el resultat un 6%","robots":{"index":"index","follow":"follow","max-snippet":"max-snippet:-1","max-image-preview":"max-image-preview:large","max-video-preview":"max-video-preview:-1"},"canonical":"https:\/\/www.audaxrenovables.es\/ca\/audax-renovables-tanca-el-primer-trimestre-2021-incrementant-el-resultat-un-6\/","og_locale":"ca_ES","og_type":"article","og_title":"Audax Renovables cierra el primer trimestre incrementando su resultado un 6%","og_description":"Audax Renovables cierra el primer trimestre 2021 incrementando su resultado un 6%","og_url":"https:\/\/www.audaxrenovables.es\/ca\/audax-renovables-tanca-el-primer-trimestre-2021-incrementant-el-resultat-un-6\/","og_site_name":"Audax Renovables","article_published_time":"2021-05-13T06:40:28+00:00","article_modified_time":"2023-06-20T11:44:03+00:00","og_image":[{"width":713,"height":403,"url":"https:\/\/www.audaxrenovables.es\/wp-content\/uploads\/2023\/06\/13052021.jpg.jpg","type":"image\/jpeg"}],"author":"adminadx","twitter_card":"summary_large_image","twitter_misc":{"Escrit per":"adminadx","Temps estimat de lectura":"4 minuts"},"schema":{"@context":"https:\/\/schema.org","@graph":[{"@type":"Article","@id":"https:\/\/www.audaxrenovables.es\/es\/audax-renovables-cierra-el-primer-trimestre-2021-incrementando-su-resultado-un-6\/#article","isPartOf":{"@id":"https:\/\/www.audaxrenovables.es\/es\/audax-renovables-cierra-el-primer-trimestre-2021-incrementando-su-resultado-un-6\/"},"author":{"name":"adminadx","@id":"https:\/\/www.audaxrenovables.es\/ca\/#\/schema\/person\/39323131dc9a121279e4e63ed89ffbea"},"headline":"Audax Renovables cierra el primer trimestre incrementando su resultado un 6%","datePublished":"2021-05-13T06:40:28+00:00","dateModified":"2023-06-20T11:44:03+00:00","mainEntityOfPage":{"@id":"https:\/\/www.audaxrenovables.es\/es\/audax-renovables-cierra-el-primer-trimestre-2021-incrementando-su-resultado-un-6\/"},"wordCount":868,"publisher":{"@id":"https:\/\/www.audaxrenovables.es\/ca\/#organization"},"image":{"@id":"https:\/\/www.audaxrenovables.es\/es\/audax-renovables-cierra-el-primer-trimestre-2021-incrementando-su-resultado-un-6\/#primaryimage"},"thumbnailUrl":"https:\/\/www.audaxrenovables.es\/wp-content\/uploads\/2023\/06\/13052021.jpg.jpg","articleSection":["Sin categor\u00eda"],"inLanguage":"ca"},{"@type":["WebPage","ItemPage"],"@id":"https:\/\/www.audaxrenovables.es\/es\/audax-renovables-cierra-el-primer-trimestre-2021-incrementando-su-resultado-un-6\/","url":"https:\/\/www.audaxrenovables.es\/es\/audax-renovables-cierra-el-primer-trimestre-2021-incrementando-su-resultado-un-6\/","name":"Audax Renovables tanca el primer trimestre incrementant el resultat un 6%","isPartOf":{"@id":"https:\/\/www.audaxrenovables.es\/ca\/#website"},"primaryImageOfPage":{"@id":"https:\/\/www.audaxrenovables.es\/es\/audax-renovables-cierra-el-primer-trimestre-2021-incrementando-su-resultado-un-6\/#primaryimage"},"image":{"@id":"https:\/\/www.audaxrenovables.es\/es\/audax-renovables-cierra-el-primer-trimestre-2021-incrementando-su-resultado-un-6\/#primaryimage"},"thumbnailUrl":"https:\/\/www.audaxrenovables.es\/wp-content\/uploads\/2023\/06\/13052021.jpg.jpg","datePublished":"2021-05-13T06:40:28+00:00","dateModified":"2023-06-20T11:44:03+00:00","description":"Audax Renovables tanca el primer trimestre 2021 incrementant el resultat un 6%","breadcrumb":{"@id":"https:\/\/www.audaxrenovables.es\/es\/audax-renovables-cierra-el-primer-trimestre-2021-incrementando-su-resultado-un-6\/#breadcrumb"},"inLanguage":"ca","potentialAction":[{"@type":"ReadAction","target":["https:\/\/www.audaxrenovables.es\/es\/audax-renovables-cierra-el-primer-trimestre-2021-incrementando-su-resultado-un-6\/"]}]},{"@type":"ImageObject","inLanguage":"ca","@id":"https:\/\/www.audaxrenovables.es\/es\/audax-renovables-cierra-el-primer-trimestre-2021-incrementando-su-resultado-un-6\/#primaryimage","url":"https:\/\/www.audaxrenovables.es\/wp-content\/uploads\/2023\/06\/13052021.jpg.jpg","contentUrl":"https:\/\/www.audaxrenovables.es\/wp-content\/uploads\/2023\/06\/13052021.jpg.jpg","width":713,"height":403},{"@type":"BreadcrumbList","@id":"https:\/\/www.audaxrenovables.es\/es\/audax-renovables-cierra-el-primer-trimestre-2021-incrementando-su-resultado-un-6\/#breadcrumb","itemListElement":[{"@type":"ListItem","position":1,"name":"Portada","item":"https:\/\/www.audaxrenovables.es\/es\/"},{"@type":"ListItem","position":2,"name":"Audax Renovables cierra el primer trimestre incrementando su resultado un 6%"}]},{"@type":"WebSite","@id":"https:\/\/www.audaxrenovables.es\/ca\/#website","url":"https:\/\/www.audaxrenovables.es\/ca\/","name":"Audax Renovables","description":"Companyia independent dedicada a la producci\u00f3 denergia el\u00e8ctrica a partir de fonts denergia 100% renovables","publisher":{"@id":"https:\/\/www.audaxrenovables.es\/ca\/#organization"},"potentialAction":[{"@type":"SearchAction","target":{"@type":"EntryPoint","urlTemplate":"https:\/\/www.audaxrenovables.es\/ca\/?s={search_term_string}"},"query-input":{"@type":"PropertyValueSpecification","valueRequired":true,"valueName":"search_term_string"}}],"inLanguage":"ca"},{"@type":"Organization","@id":"https:\/\/www.audaxrenovables.es\/ca\/#organization","name":"Audax Renovables","alternateName":"Audax Energ\u00eda","url":"https:\/\/www.audaxrenovables.es\/ca\/","logo":{"@type":"ImageObject","inLanguage":"ca","@id":"https:\/\/www.audaxrenovables.es\/ca\/#\/schema\/logo\/image\/","url":"https:\/\/www.audaxrenovables.es\/wp-content\/uploads\/2023\/04\/logo.png","contentUrl":"https:\/\/www.audaxrenovables.es\/wp-content\/uploads\/2023\/04\/logo.png","width":197,"height":125,"caption":"Audax Renovables"},"image":{"@id":"https:\/\/www.audaxrenovables.es\/ca\/#\/schema\/logo\/image\/"},"sameAs":["https:\/\/www.instagram.com\/audaxrenovables\/","https:\/\/x.com\/AudaxRenovables","https:\/\/www.youtube.com\/user\/AudaxEnergia","https:\/\/www.tiktok.com\/@audaxrenovables","https:\/\/www.linkedin.com\/company\/203502\/admin\/"]},{"@type":"Person","@id":"https:\/\/www.audaxrenovables.es\/ca\/#\/schema\/person\/39323131dc9a121279e4e63ed89ffbea","name":"adminadx","image":{"@type":"ImageObject","inLanguage":"ca","@id":"https:\/\/www.audaxrenovables.es\/ca\/#\/schema\/person\/image\/","url":"https:\/\/secure.gravatar.com\/avatar\/60b4d621160a422b02f2d19db7066f73c964c792ce03f3da9d36f40a41bdd2e6?s=96&d=mm&r=g","contentUrl":"https:\/\/secure.gravatar.com\/avatar\/60b4d621160a422b02f2d19db7066f73c964c792ce03f3da9d36f40a41bdd2e6?s=96&d=mm&r=g","caption":"adminadx"},"sameAs":["https:\/\/audaxrenovables.es"]}]}},"_links":{"self":[{"href":"https:\/\/www.audaxrenovables.es\/ca\/wp-json\/wp\/v2\/posts\/2517","targetHints":{"allow":["GET"]}}],"collection":[{"href":"https:\/\/www.audaxrenovables.es\/ca\/wp-json\/wp\/v2\/posts"}],"about":[{"href":"https:\/\/www.audaxrenovables.es\/ca\/wp-json\/wp\/v2\/types\/post"}],"author":[{"embeddable":true,"href":"https:\/\/www.audaxrenovables.es\/ca\/wp-json\/wp\/v2\/users\/1"}],"replies":[{"embeddable":true,"href":"https:\/\/www.audaxrenovables.es\/ca\/wp-json\/wp\/v2\/comments?post=2517"}],"version-history":[{"count":1,"href":"https:\/\/www.audaxrenovables.es\/ca\/wp-json\/wp\/v2\/posts\/2517\/revisions"}],"predecessor-version":[{"id":2808,"href":"https:\/\/www.audaxrenovables.es\/ca\/wp-json\/wp\/v2\/posts\/2517\/revisions\/2808"}],"wp:featuredmedia":[{"embeddable":true,"href":"https:\/\/www.audaxrenovables.es\/ca\/wp-json\/wp\/v2\/media\/2516"}],"wp:attachment":[{"href":"https:\/\/www.audaxrenovables.es\/ca\/wp-json\/wp\/v2\/media?parent=2517"}],"wp:term":[{"taxonomy":"category","embeddable":true,"href":"https:\/\/www.audaxrenovables.es\/ca\/wp-json\/wp\/v2\/categories?post=2517"},{"taxonomy":"post_tag","embeddable":true,"href":"https:\/\/www.audaxrenovables.es\/ca\/wp-json\/wp\/v2\/tags?post=2517"}],"curies":[{"name":"wp","href":"https:\/\/api.w.org\/{rel}","templated":true}]}}