{"id":2523,"date":"2021-04-09T06:32:36","date_gmt":"2021-04-09T06:32:36","guid":{"rendered":"https:\/\/audaxrenovables.es\/audax-renovables-ratifica-su-rating-de-investment-grade-bbb-otorgado-por-axesor\/"},"modified":"2023-06-20T11:44:18","modified_gmt":"2023-06-20T11:44:18","slug":"audax-renovables-ratifica-su-rating-de-investment-grade-bbb-otorgado-por-axesor","status":"publish","type":"post","link":"https:\/\/www.audaxrenovables.es\/ca\/audax-renovables-ratifica-la-seva-valoracio-dinvestment-grade-bbb-atorgat-per-assessor\/","title":{"rendered":"Audax Renovables ratifica la seva valoraci\u00f3 d&#039;Investiment Grade (BBB-) atorgada per Axesor"},"content":{"rendered":"<p><img decoding=\"async\" class=\"adx_img_post\" src=\"https:\/\/www.audaxrenovables.es\/uploads\/2021\/04\/09\/909a9b10547071b3e742b293208ab02b.jpg\"><\/p>\n<h1 class=\"adx_tit_post\">Audax Renovables ratifica la seva valoraci\u00f3 d&#039;Investiment Grade (BBB-) atorgada per Axesor<\/h1>\n<blockquote><p>La companyia mant\u00e9 la qualificaci\u00f3 credit\u00edcia de BBB- amb tend\u00e8ncia estable, malgrat la dif\u00edcil conjuntura que continuem vivint derivada de la COVID-19<\/p><\/blockquote>\n<p>Audax Renovables (ADX.MC), el grup energ\u00e8tic que integra els negocis de generaci\u00f3 i comercialitzaci\u00f3 d&#039;electricitat 100% renovable i gas, mant\u00e9 la valoraci\u00f3 d&#039;Investiment Grade (BBB-). Axesor ha valorat favorablement el gir estrat\u00e8gic del Grup, en entendre que aquest compta amb unes bases de negoci i fonaments financers apropiats per posicionar-se com un player de refer\u00e8ncia al sector de les energies renovables. No obstant aix\u00f2, es considera que aquesta millora potencial es veur\u00e0 materialitzada a mitj\u00e0 i llarg termini, per la qual cosa s&#039;ent\u00e9n la tend\u00e8ncia de la qualificaci\u00f3 com a estable.<\/p>\n<p>Addicionalment, aquesta ratificaci\u00f3 de la qualificaci\u00f3 s&#039;ha basat en una an\u00e0lisi de les principals magnituds financeres i una avaluaci\u00f3 de les dades de negoci d&#039;Audax Renovables, destacant el seu posicionament al mercat energ\u00e8tic, on se situa com la 9a companyia al mercat lliure i primera independent al segment pime a Espanya. A aix\u00f2 cal afegir els efectes positius derivats de la diversificaci\u00f3 geogr\u00e0fica, amb un ampli grau d&#039;internacionalitzaci\u00f3, que limita el risc de concentraci\u00f3 del negoci, estant present als negocis de comercialitzaci\u00f3 i\/o generaci\u00f3 a Espanya, Portugal, Fran\u00e7a, It\u00e0lia, Alemanya, Holanda, Pol\u00f2nia i Hongria.<\/p>\n<p>Axesor ha valorat aix\u00ed mateix que Audax Renovables mant\u00e9 una estructura de propietat compromesa amb el negoci, aix\u00ed com una llarga experi\u00e8ncia al mercat i una adequada capacitat financera. Tot i la lleu reducci\u00f3 de la xifra de negoci en l&#039;exercici 2020, provocada per la situaci\u00f3 de pand\u00e8mia actual, l&#039;estructura de costos flexible i les optimitzades rendibilitats generades pel grup derivat del seu mix de tarifes, continuen recolzant uns marges que es situen per sobre de la mitjana sectorial, donant com a resultat unes rendibilitats operatives positives.<\/p>\n<p>Des d&#039;un punt de vista de l&#039;estructura de finan\u00e7ament del Grup, l&#039;assessor ha destacat que, si b\u00e9 a l&#039;exercici 2020 la companyia ha incrementat el seu endeutament a trav\u00e9s de les diferents emissions de deute escomeses durant aquest exercici, destinades a finan\u00e7ar el seu ambici\u00f3s pla de creixement al mercat de generaci\u00f3, Audax Renovables presenta una adequada capacitat per atendre els seus compromisos financers. Tot aix\u00f2, acompanyat d&#039;una posici\u00f3 de liquiditat folgada que atresora el Grup, es fonamenta com una de les principals fortaleses competitives i el situa en una c\u00f2moda posici\u00f3 per atendre les seves exig\u00e8ncies futures de deute i per emprendre un Business Plan que requerir\u00e0 importants inversions.<\/p>\n<p>El Grup Audax, que es defineix com una energ\u00e8tica integral amb generaci\u00f3 100% renovable, continua treballant i preparant un nou pla estrat\u00e8gic que espera poder anunciar-ho ben aviat al mercat, per aix\u00ed poder convertir-se, encara m\u00e9s, en un valor de refer\u00e8ncia per a inversors.&nbsp;<\/p>\n<p>Sobre Audax Renovables&nbsp;<br \/>\n&nbsp;<br \/>\nEl Grup \u00e9s el resultat de la fusi\u00f3 per absorci\u00f3 entre Audax Renovables, SA i la seva matriu, Audax Energ\u00eda, SA, donant lloc a un grup energ\u00e8tic les activitats del qual se centren en la producci\u00f3 d&#039;energia 100% renovable, aix\u00ed com en el subministrament d&#039;electricitat 100% renovable i gas.<br \/>\n&nbsp;<br \/>\nFundada l&#039;any 2000, l&#039;any 2003 Audax Renovables comen\u00e7a a cotitzar al mercat secundari de la Borsa de Barcelona i l&#039;any 2007 s&#039;inclou la seva cotitzaci\u00f3 al SIBE de la borsa de Madrid. Actualment, cotitza al Mercat Continu espanyol sota la denominaci\u00f3 (ticker) ADX.MC, i s&#039;ha incorporat a l&#039;\u00edndex IBEX SMALL CAP\u00ae el 23 de mar\u00e7 de 2020.<\/p>\n<p>Som el Grup energ\u00e8tic l\u00edder en el segment PIME a Espanya, garantint un subministrament eficient de l&#039;energia comercialitzada a trav\u00e9s d&#039;un proc\u00e9s d&#039;integraci\u00f3 vertical amb l&#039;activitat de generaci\u00f3 renovable, amb una s\u00f2lida posici\u00f3 financera, i preparat per encap\u00e7alar la transici\u00f3 energ\u00e8tica mercat europeu.<br \/>\n&nbsp;<br \/>\nEl Grup gestiona una cartera de projectes de generaci\u00f3 en operaci\u00f3 de 91 MW a parcs e\u00f2lics a Espanya, Fran\u00e7a i Pol\u00f2nia, i 15 MWp fotovoltaics a Espanya. Addicionalment, t\u00e9 66 MW e\u00f2lics en construcci\u00f3 a Panam\u00e0. Aix\u00ed mateix, compta amb una cartera de projectes fotovoltaics en construcci\u00f3 de 44 MWp i compta amb un portfoli fotovoltaic de 2.282 MWp en diferents fases de desenvolupament ubicat a Espanya, Portugal i It\u00e0lia.&nbsp;<\/p>\n<p>Audax Renovables, en la seva activitat de comercialitzaci\u00f3 d&#039;electricitat 100% renovable i gas, \u00e9s present a Espanya, Portugal, It\u00e0lia, Alemanya, Pol\u00f2nia, Holanda i Hongria, sumant m\u00e9s de 515 mil clients i 10,5 TWh subministrats el 2020.<\/p>\n<p>Per a m\u00e9s informaci\u00f3 visiteu www.audaxrenovables.com \/ www.audaxrenovables.es<br \/>\n&nbsp;<\/p>","protected":false},"excerpt":{"rendered":"<p>Audax Renovables ratifica su rating de Investment Grade (BBB-) otorgado por Axesor La compa\u00f1\u00eda mantiene la calificaci\u00f3n crediticia de BBB- con tendencia estable, a pesar de la dif\u00edcil coyuntura que continuamos viviendo derivada de la COVID-19 Audax Renovables (ADX.MC), el grupo energ\u00e9tico que integra los negocios de generaci\u00f3n y comercializaci\u00f3n de electricidad 100% renovable y [&hellip;]<\/p>\n","protected":false},"author":1,"featured_media":2522,"comment_status":"closed","ping_status":"open","sticky":false,"template":"","format":"standard","meta":{"content-type":"","footnotes":""},"categories":[1],"tags":[],"class_list":["post-2523","post","type-post","status-publish","format-standard","has-post-thumbnail","hentry","category-sin-categoria"],"yoast_head":"<!-- This site is optimized with the Yoast SEO plugin v23.5 - https:\/\/yoast.com\/wordpress\/plugins\/seo\/ -->\n<title>Audax Renovables ratifica su rating de Investment Grade (BBB-) otorgado por Axesor<\/title>\n<meta name=\"description\" content=\"Audax Renovables ratifica su rating de Investment Grade (BBB-) otorgado por Axesor\" \/>\n<meta name=\"robots\" content=\"index, follow, max-snippet:-1, max-image-preview:large, max-video-preview:-1\" \/>\n<link rel=\"canonical\" href=\"https:\/\/www.audaxrenovables.es\/ca\/audax-renovables-ratifica-la-seva-valoracio-dinvestment-grade-bbb-atorgat-per-assessor\/\" \/>\n<meta property=\"og:locale\" content=\"ca_ES\" \/>\n<meta property=\"og:type\" content=\"article\" \/>\n<meta property=\"og:title\" content=\"Audax Renovables ratifica su rating de Investment Grade (BBB-) otorgado por Axesor\" \/>\n<meta property=\"og:description\" content=\"Audax Renovables ratifica su rating de Investment Grade (BBB-) otorgado por Axesor\" \/>\n<meta property=\"og:url\" content=\"https:\/\/www.audaxrenovables.es\/ca\/audax-renovables-ratifica-la-seva-valoracio-dinvestment-grade-bbb-atorgat-per-assessor\/\" \/>\n<meta property=\"og:site_name\" content=\"Audax Renovables\" \/>\n<meta property=\"article:published_time\" content=\"2021-04-09T06:32:36+00:00\" \/>\n<meta property=\"article:modified_time\" content=\"2023-06-20T11:44:18+00:00\" \/>\n<meta property=\"og:image\" content=\"https:\/\/www.audaxrenovables.es\/wp-content\/uploads\/2023\/06\/09042021.jpg.jpg\" \/>\n\t<meta property=\"og:image:width\" content=\"713\" \/>\n\t<meta property=\"og:image:height\" content=\"403\" \/>\n\t<meta property=\"og:image:type\" content=\"image\/jpeg\" \/>\n<meta name=\"author\" content=\"adminadx\" \/>\n<meta name=\"twitter:card\" content=\"summary_large_image\" \/>\n<meta name=\"twitter:label1\" content=\"Escrit per\" \/>\n\t<meta name=\"twitter:data1\" content=\"adminadx\" \/>\n\t<meta name=\"twitter:label2\" content=\"Temps estimat de lectura\" \/>\n\t<meta name=\"twitter:data2\" content=\"4 minuts\" \/>\n<!-- \/ Yoast SEO plugin. -->","yoast_head_json":{"title":"Audax Renovables ratifica la seva valoraci\u00f3 d&#039;Investiment Grade (BBB-) atorgada per Axesor","description":"Audax Renovables ratifica la seva valoraci\u00f3 d&#039;Investiment Grade (BBB-) atorgada per Axesor","robots":{"index":"index","follow":"follow","max-snippet":"max-snippet:-1","max-image-preview":"max-image-preview:large","max-video-preview":"max-video-preview:-1"},"canonical":"https:\/\/www.audaxrenovables.es\/ca\/audax-renovables-ratifica-la-seva-valoracio-dinvestment-grade-bbb-atorgat-per-assessor\/","og_locale":"ca_ES","og_type":"article","og_title":"Audax Renovables ratifica su rating de Investment Grade (BBB-) otorgado por Axesor","og_description":"Audax Renovables ratifica su rating de Investment Grade (BBB-) otorgado por Axesor","og_url":"https:\/\/www.audaxrenovables.es\/ca\/audax-renovables-ratifica-la-seva-valoracio-dinvestment-grade-bbb-atorgat-per-assessor\/","og_site_name":"Audax Renovables","article_published_time":"2021-04-09T06:32:36+00:00","article_modified_time":"2023-06-20T11:44:18+00:00","og_image":[{"width":713,"height":403,"url":"https:\/\/www.audaxrenovables.es\/wp-content\/uploads\/2023\/06\/09042021.jpg.jpg","type":"image\/jpeg"}],"author":"adminadx","twitter_card":"summary_large_image","twitter_misc":{"Escrit per":"adminadx","Temps estimat de lectura":"4 minuts"},"schema":{"@context":"https:\/\/schema.org","@graph":[{"@type":"Article","@id":"https:\/\/www.audaxrenovables.es\/ca\/audax-renovables-ratifica-la-seva-valoracio-dinvestment-grade-bbb-atorgat-per-assessor\/#article","isPartOf":{"@id":"https:\/\/www.audaxrenovables.es\/ca\/audax-renovables-ratifica-la-seva-valoracio-dinvestment-grade-bbb-atorgat-per-assessor\/"},"author":{"name":"adminadx","@id":"https:\/\/www.audaxrenovables.es\/ca\/#\/schema\/person\/39323131dc9a121279e4e63ed89ffbea"},"headline":"Audax Renovables ratifica su rating de Investment Grade (BBB-) otorgado por Axesor","datePublished":"2021-04-09T06:32:36+00:00","dateModified":"2023-06-20T11:44:18+00:00","mainEntityOfPage":{"@id":"https:\/\/www.audaxrenovables.es\/ca\/audax-renovables-ratifica-la-seva-valoracio-dinvestment-grade-bbb-atorgat-per-assessor\/"},"wordCount":844,"publisher":{"@id":"https:\/\/www.audaxrenovables.es\/ca\/#organization"},"image":{"@id":"https:\/\/www.audaxrenovables.es\/ca\/audax-renovables-ratifica-la-seva-valoracio-dinvestment-grade-bbb-atorgat-per-assessor\/#primaryimage"},"thumbnailUrl":"https:\/\/www.audaxrenovables.es\/wp-content\/uploads\/2023\/06\/09042021.jpg.jpg","articleSection":["Sin categor\u00eda"],"inLanguage":"ca"},{"@type":["WebPage","ItemPage"],"@id":"https:\/\/www.audaxrenovables.es\/ca\/audax-renovables-ratifica-la-seva-valoracio-dinvestment-grade-bbb-atorgat-per-assessor\/","url":"https:\/\/www.audaxrenovables.es\/ca\/audax-renovables-ratifica-la-seva-valoracio-dinvestment-grade-bbb-atorgat-per-assessor\/","name":"Audax Renovables ratifica la seva valoraci\u00f3 d&#039;Investiment Grade (BBB-) atorgada per Axesor","isPartOf":{"@id":"https:\/\/www.audaxrenovables.es\/ca\/#website"},"primaryImageOfPage":{"@id":"https:\/\/www.audaxrenovables.es\/ca\/audax-renovables-ratifica-la-seva-valoracio-dinvestment-grade-bbb-atorgat-per-assessor\/#primaryimage"},"image":{"@id":"https:\/\/www.audaxrenovables.es\/ca\/audax-renovables-ratifica-la-seva-valoracio-dinvestment-grade-bbb-atorgat-per-assessor\/#primaryimage"},"thumbnailUrl":"https:\/\/www.audaxrenovables.es\/wp-content\/uploads\/2023\/06\/09042021.jpg.jpg","datePublished":"2021-04-09T06:32:36+00:00","dateModified":"2023-06-20T11:44:18+00:00","description":"Audax Renovables ratifica la seva valoraci\u00f3 d&#039;Investiment Grade (BBB-) atorgada per Axesor","breadcrumb":{"@id":"https:\/\/www.audaxrenovables.es\/ca\/audax-renovables-ratifica-la-seva-valoracio-dinvestment-grade-bbb-atorgat-per-assessor\/#breadcrumb"},"inLanguage":"ca","potentialAction":[{"@type":"ReadAction","target":["https:\/\/www.audaxrenovables.es\/ca\/audax-renovables-ratifica-la-seva-valoracio-dinvestment-grade-bbb-atorgat-per-assessor\/"]}]},{"@type":"ImageObject","inLanguage":"ca","@id":"https:\/\/www.audaxrenovables.es\/ca\/audax-renovables-ratifica-la-seva-valoracio-dinvestment-grade-bbb-atorgat-per-assessor\/#primaryimage","url":"https:\/\/www.audaxrenovables.es\/wp-content\/uploads\/2023\/06\/09042021.jpg.jpg","contentUrl":"https:\/\/www.audaxrenovables.es\/wp-content\/uploads\/2023\/06\/09042021.jpg.jpg","width":713,"height":403},{"@type":"BreadcrumbList","@id":"https:\/\/www.audaxrenovables.es\/ca\/audax-renovables-ratifica-la-seva-valoracio-dinvestment-grade-bbb-atorgat-per-assessor\/#breadcrumb","itemListElement":[{"@type":"ListItem","position":1,"name":"Portada","item":"https:\/\/www.audaxrenovables.es\/es\/"},{"@type":"ListItem","position":2,"name":"Audax Renovables ratifica su rating de Investment Grade (BBB-) otorgado por Axesor"}]},{"@type":"WebSite","@id":"https:\/\/www.audaxrenovables.es\/ca\/#website","url":"https:\/\/www.audaxrenovables.es\/ca\/","name":"Audax Renovables","description":"Companyia independent dedicada a la producci\u00f3 denergia el\u00e8ctrica a partir de fonts denergia 100% renovables","publisher":{"@id":"https:\/\/www.audaxrenovables.es\/ca\/#organization"},"potentialAction":[{"@type":"SearchAction","target":{"@type":"EntryPoint","urlTemplate":"https:\/\/www.audaxrenovables.es\/ca\/?s={search_term_string}"},"query-input":{"@type":"PropertyValueSpecification","valueRequired":true,"valueName":"search_term_string"}}],"inLanguage":"ca"},{"@type":"Organization","@id":"https:\/\/www.audaxrenovables.es\/ca\/#organization","name":"Audax Renovables","alternateName":"Audax Energ\u00eda","url":"https:\/\/www.audaxrenovables.es\/ca\/","logo":{"@type":"ImageObject","inLanguage":"ca","@id":"https:\/\/www.audaxrenovables.es\/ca\/#\/schema\/logo\/image\/","url":"https:\/\/www.audaxrenovables.es\/wp-content\/uploads\/2023\/04\/logo.png","contentUrl":"https:\/\/www.audaxrenovables.es\/wp-content\/uploads\/2023\/04\/logo.png","width":197,"height":125,"caption":"Audax Renovables"},"image":{"@id":"https:\/\/www.audaxrenovables.es\/ca\/#\/schema\/logo\/image\/"},"sameAs":["https:\/\/www.instagram.com\/audaxrenovables\/","https:\/\/x.com\/AudaxRenovables","https:\/\/www.youtube.com\/user\/AudaxEnergia","https:\/\/www.tiktok.com\/@audaxrenovables","https:\/\/www.linkedin.com\/company\/203502\/admin\/"]},{"@type":"Person","@id":"https:\/\/www.audaxrenovables.es\/ca\/#\/schema\/person\/39323131dc9a121279e4e63ed89ffbea","name":"adminadx","image":{"@type":"ImageObject","inLanguage":"ca","@id":"https:\/\/www.audaxrenovables.es\/ca\/#\/schema\/person\/image\/","url":"https:\/\/secure.gravatar.com\/avatar\/60b4d621160a422b02f2d19db7066f73c964c792ce03f3da9d36f40a41bdd2e6?s=96&d=mm&r=g","contentUrl":"https:\/\/secure.gravatar.com\/avatar\/60b4d621160a422b02f2d19db7066f73c964c792ce03f3da9d36f40a41bdd2e6?s=96&d=mm&r=g","caption":"adminadx"},"sameAs":["https:\/\/audaxrenovables.es"]}]}},"_links":{"self":[{"href":"https:\/\/www.audaxrenovables.es\/ca\/wp-json\/wp\/v2\/posts\/2523","targetHints":{"allow":["GET"]}}],"collection":[{"href":"https:\/\/www.audaxrenovables.es\/ca\/wp-json\/wp\/v2\/posts"}],"about":[{"href":"https:\/\/www.audaxrenovables.es\/ca\/wp-json\/wp\/v2\/types\/post"}],"author":[{"embeddable":true,"href":"https:\/\/www.audaxrenovables.es\/ca\/wp-json\/wp\/v2\/users\/1"}],"replies":[{"embeddable":true,"href":"https:\/\/www.audaxrenovables.es\/ca\/wp-json\/wp\/v2\/comments?post=2523"}],"version-history":[{"count":1,"href":"https:\/\/www.audaxrenovables.es\/ca\/wp-json\/wp\/v2\/posts\/2523\/revisions"}],"predecessor-version":[{"id":2811,"href":"https:\/\/www.audaxrenovables.es\/ca\/wp-json\/wp\/v2\/posts\/2523\/revisions\/2811"}],"wp:featuredmedia":[{"embeddable":true,"href":"https:\/\/www.audaxrenovables.es\/ca\/wp-json\/wp\/v2\/media\/2522"}],"wp:attachment":[{"href":"https:\/\/www.audaxrenovables.es\/ca\/wp-json\/wp\/v2\/media?parent=2523"}],"wp:term":[{"taxonomy":"category","embeddable":true,"href":"https:\/\/www.audaxrenovables.es\/ca\/wp-json\/wp\/v2\/categories?post=2523"},{"taxonomy":"post_tag","embeddable":true,"href":"https:\/\/www.audaxrenovables.es\/ca\/wp-json\/wp\/v2\/tags?post=2523"}],"curies":[{"name":"wp","href":"https:\/\/api.w.org\/{rel}","templated":true}]}}