{"id":2531,"date":"2021-02-04T06:51:02","date_gmt":"2021-02-04T06:51:02","guid":{"rendered":"https:\/\/audaxrenovables.es\/audax-consigue-la-autorizacion-de-construccion-de-su-proyecto-los-arenales\/"},"modified":"2024-06-21T11:26:58","modified_gmt":"2024-06-21T11:26:58","slug":"audax-consigue-la-autorizacion-de-construccion-de-su-proyecto-los-arenales","status":"publish","type":"post","link":"https:\/\/www.audaxrenovables.es\/ca\/audax-aconsegueix-lautoritzacio-de-construccio-del-seu-projecte-els-sorrals\/","title":{"rendered":"Audax Renovables aconsegueix l&#039;autoritzaci\u00f3 de construcci\u00f3 del seu projecte Los Arenales"},"content":{"rendered":"<h1 class=\"adx_tit_post\">Audax Renovables aconsegueix l&#039;autoritzaci\u00f3 de construcci\u00f3 del seu projecte Los Arenales<\/h1>\n<blockquote><p>La societat obt\u00e9 l&#039;autoritzaci\u00f3 administrativa i de construcci\u00f3 de Los Arenales el que li permet iniciar la construcci\u00f3 les properes setmanes.<\/p><\/blockquote>\n<p>Audax Renovables (ADX.MC), el grup energ\u00e8tic que integra els negocis de generaci\u00f3 i comercialitzaci\u00f3 d&#039;electricitat 100% renovable i gas, continua impulsant la seva activitat de generaci\u00f3 a trav\u00e9s dels diferents projectes de generaci\u00f3 que formen el seu portfoli.<\/p>\n<p>Seguint amb el comprom\u00eds de mantenir informat al mercat permanentment sobre els aven\u00e7os de l&#039;estat dels projectes incorporats en un exercici de transpar\u00e8ncia continuat, i en relaci\u00f3 amb el projecte Los Arenales del qual va informar el Grup de la seva adquisici\u00f3 el passat 14 de gener, situat a la localitat de Pol\u00e1n (prov\u00edncia de Toledo) amb una pot\u00e8ncia de 5 MWp, la Societat es congratula a comunicar l&#039;obtenci\u00f3 de l&#039;autoritzaci\u00f3 administrativa pr\u00e8via i de construcci\u00f3 per part de les autoritats competents.<\/p>\n<p>Un cop ja obtinguda la llic\u00e8ncia de construcci\u00f3, la Societat iniciar\u00e0 immediatament els tr\u00e0mits per procedir a l&#039;inici de la construcci\u00f3, assegurant-ne l&#039;acompanyament amb contractistes de primer nivell que compleixen amb alts est\u00e0ndards de qualitat, tenint en avan\u00e7at proc\u00e9s de tancament els contractes de subministrament i construcci\u00f3 sota la modalitat EPC (clau en m\u00e0) amb la societat Sequoia Renewables.<\/p>\n<p>Al llarg de les properes setmanes, el Grup continuar\u00e0 informant puntualment el mercat sobre l&#039;evoluci\u00f3 en els aven\u00e7os dels projectes que formen la seva cartera, per tal de mantenir permanentment informat el mercat i els seus inversors.<\/p>\n<p>Aquests projectes segueixen emmarcats dins de l&#039;estrat\u00e8gia del Grup Audax Renovables d&#039;augmentar la seva cartera de generaci\u00f3 100% renovable, i per aix\u00f2 est\u00e0 centrat en el tancament d&#039;altres acords de compra amb l&#039;objectiu de subministrar als clients energia d&#039;origen renovable produ\u00efda en les pr\u00f2pies plantes.<\/p>\n<p>Sobre Audax Renovables<\/p>\n<p>El Grup \u00e9s el resultat de la fusi\u00f3 per absorci\u00f3 entre Audax Renovables, SA i la seva matriu, Audax Energ\u00eda, SA, donant lloc a un grup energ\u00e8tic les activitats del qual se centren en la producci\u00f3 d&#039;energia 100% renovable, aix\u00ed com en el subministrament d&#039;electricitat 100% renovable i gas.<br \/>\nFundada l&#039;any 2000, l&#039;any 2003 Audax Renovables comen\u00e7a a cotitzar al mercat secundari de la Borsa de Barcelona i l&#039;any 2007 s&#039;inclou la seva cotitzaci\u00f3 al SIBE de la borsa de Madrid. Actualment, cotitza al Mercat Continu espanyol sota la denominaci\u00f3 (ticker) ADX.MC, havent-se incorporat a l&#039;\u00edndex IBEX SMALL CAP\u00ae el 23 de mar\u00e7 de 2020. Som el Grup energ\u00e8tic l\u00edder en el segment PIME a Espanya, garantint un subministrament eficient de l&#039;energia comercialitzada a trav\u00e9s d&#039;un proc\u00e9s d&#039;integraci\u00f3 vertical amb l&#039;activitat de generaci\u00f3 renovable, amb una posici\u00f3 financera s\u00f2lida, i preparat per encap\u00e7alar la transici\u00f3 energ\u00e8tica al mercat europeu.<br \/>\nEl Grup gestiona una cartera de projectes de generaci\u00f3 en operaci\u00f3 de 91 MW a parcs e\u00f2lics a Espanya, Fran\u00e7a i Pol\u00f2nia. Addicionalment, t\u00e9 66 MW e\u00f2lics en construcci\u00f3 a Panam\u00e0. Aix\u00ed mateix, compta amb una cartera de projectes fotovoltaics en construcci\u00f3 de 60 MWp i compta amb un portfoli fotovoltaic de 2.281 MWp en diferents fases de desenvolupament ubicat a Espanya, Portugal i It\u00e0lia.<\/p>\n<p>Audax Renovables, en la seva activitat de comercialitzaci\u00f3 d&#039;electricitat 100% renovable i gas, \u00e9s present a Espanya, Portugal, It\u00e0lia, Alemanya, Pol\u00f2nia, Holanda i Hongria, sumant m\u00e9s de 515 mil clients i 15 TWh subministrats el 2020.<\/p>\n<p>Per a m\u00e9s informaci\u00f3, visiteu www.audaxrenovables.com<\/p>","protected":false},"excerpt":{"rendered":"<p>Audax Renovables consigue la autorizaci\u00f3n de construcci\u00f3n de su proyecto Los Arenales La sociedad obtiene la autorizaci\u00f3n administrativa y de construcci\u00f3n de Los Arenales lo que le permite iniciar la construcci\u00f3n en las pr\u00f3ximas semanas. Audax Renovables (ADX.MC), el grupo energ\u00e9tico que integra los negocios de generaci\u00f3n y comercializaci\u00f3n de electricidad 100% renovable y gas, [&hellip;]<\/p>\n","protected":false},"author":1,"featured_media":2530,"comment_status":"closed","ping_status":"open","sticky":false,"template":"","format":"standard","meta":{"content-type":"","footnotes":""},"categories":[1],"tags":[],"class_list":["post-2531","post","type-post","status-publish","format-standard","has-post-thumbnail","hentry","category-sin-categoria"],"yoast_head":"<!-- This site is optimized with the Yoast SEO plugin v23.5 - https:\/\/yoast.com\/wordpress\/plugins\/seo\/ -->\n<title>Audax Renovables consigue la autorizaci?n de construcci?n de su proyecto Los Arenales<\/title>\n<meta name=\"description\" content=\"Audax consigue la autorizaci?n de construcci?n de su proyecto Los Arenales\" \/>\n<meta name=\"robots\" content=\"index, follow, max-snippet:-1, max-image-preview:large, max-video-preview:-1\" \/>\n<link rel=\"canonical\" href=\"https:\/\/www.audaxrenovables.es\/ca\/audax-aconsegueix-lautoritzacio-de-construccio-del-seu-projecte-els-sorrals\/\" \/>\n<meta property=\"og:locale\" content=\"ca_ES\" \/>\n<meta property=\"og:type\" content=\"article\" \/>\n<meta property=\"og:title\" content=\"Audax Renovables consigue la autorizaci?n de construcci?n de su proyecto Los Arenales\" \/>\n<meta property=\"og:description\" content=\"Audax consigue la autorizaci?n de construcci?n de su proyecto Los Arenales\" \/>\n<meta property=\"og:url\" content=\"https:\/\/www.audaxrenovables.es\/ca\/audax-aconsegueix-lautoritzacio-de-construccio-del-seu-projecte-els-sorrals\/\" \/>\n<meta property=\"og:site_name\" content=\"Audax Renovables\" \/>\n<meta property=\"article:published_time\" content=\"2021-02-04T06:51:02+00:00\" \/>\n<meta property=\"article:modified_time\" content=\"2024-06-21T11:26:58+00:00\" \/>\n<meta property=\"og:image\" content=\"https:\/\/www.audaxrenovables.es\/wp-content\/uploads\/2023\/06\/04022021.jpg.jpg\" \/>\n\t<meta property=\"og:image:width\" content=\"713\" \/>\n\t<meta property=\"og:image:height\" content=\"403\" \/>\n\t<meta property=\"og:image:type\" content=\"image\/jpeg\" \/>\n<meta name=\"author\" content=\"adminadx\" \/>\n<meta name=\"twitter:card\" content=\"summary_large_image\" \/>\n<meta name=\"twitter:label1\" content=\"Escrit per\" \/>\n\t<meta name=\"twitter:data1\" content=\"adminadx\" \/>\n\t<meta name=\"twitter:label2\" content=\"Temps estimat de lectura\" \/>\n\t<meta name=\"twitter:data2\" content=\"3 minuts\" \/>\n<!-- \/ Yoast SEO plugin. -->","yoast_head_json":{"title":"Audax Renovables aconsegueix l?autoritzaci? de construcci? del seu projecte Los Arenales","description":"Audax aconsegueix l?autoritzaci? de construcci? del seu projecte Los Arenales","robots":{"index":"index","follow":"follow","max-snippet":"max-snippet:-1","max-image-preview":"max-image-preview:large","max-video-preview":"max-video-preview:-1"},"canonical":"https:\/\/www.audaxrenovables.es\/ca\/audax-aconsegueix-lautoritzacio-de-construccio-del-seu-projecte-els-sorrals\/","og_locale":"ca_ES","og_type":"article","og_title":"Audax Renovables consigue la autorizaci?n de construcci?n de su proyecto Los Arenales","og_description":"Audax consigue la autorizaci?n de construcci?n de su proyecto Los Arenales","og_url":"https:\/\/www.audaxrenovables.es\/ca\/audax-aconsegueix-lautoritzacio-de-construccio-del-seu-projecte-els-sorrals\/","og_site_name":"Audax Renovables","article_published_time":"2021-02-04T06:51:02+00:00","article_modified_time":"2024-06-21T11:26:58+00:00","og_image":[{"width":713,"height":403,"url":"https:\/\/www.audaxrenovables.es\/wp-content\/uploads\/2023\/06\/04022021.jpg.jpg","type":"image\/jpeg"}],"author":"adminadx","twitter_card":"summary_large_image","twitter_misc":{"Escrit per":"adminadx","Temps estimat de lectura":"3 minuts"},"schema":{"@context":"https:\/\/schema.org","@graph":[{"@type":"Article","@id":"https:\/\/www.audaxrenovables.es\/ca\/audax-aconsegueix-lautoritzacio-de-construccio-del-seu-projecte-els-sorrals\/#article","isPartOf":{"@id":"https:\/\/www.audaxrenovables.es\/ca\/audax-aconsegueix-lautoritzacio-de-construccio-del-seu-projecte-els-sorrals\/"},"author":{"name":"adminadx","@id":"https:\/\/www.audaxrenovables.es\/ca\/#\/schema\/person\/39323131dc9a121279e4e63ed89ffbea"},"headline":"Audax Renovables consigue la autorizaci\u00f3n de construcci\u00f3n de su proyecto Los Arenales","datePublished":"2021-02-04T06:51:02+00:00","dateModified":"2024-06-21T11:26:58+00:00","mainEntityOfPage":{"@id":"https:\/\/www.audaxrenovables.es\/ca\/audax-aconsegueix-lautoritzacio-de-construccio-del-seu-projecte-els-sorrals\/"},"wordCount":643,"publisher":{"@id":"https:\/\/www.audaxrenovables.es\/ca\/#organization"},"image":{"@id":"https:\/\/www.audaxrenovables.es\/ca\/audax-aconsegueix-lautoritzacio-de-construccio-del-seu-projecte-els-sorrals\/#primaryimage"},"thumbnailUrl":"https:\/\/www.audaxrenovables.es\/wp-content\/uploads\/2023\/06\/04022021.jpg.jpg","articleSection":["Sin categor\u00eda"],"inLanguage":"ca"},{"@type":["WebPage","ItemPage"],"@id":"https:\/\/www.audaxrenovables.es\/ca\/audax-aconsegueix-lautoritzacio-de-construccio-del-seu-projecte-els-sorrals\/","url":"https:\/\/www.audaxrenovables.es\/ca\/audax-aconsegueix-lautoritzacio-de-construccio-del-seu-projecte-els-sorrals\/","name":"Audax Renovables aconsegueix l?autoritzaci? de construcci? del seu projecte Los Arenales","isPartOf":{"@id":"https:\/\/www.audaxrenovables.es\/ca\/#website"},"primaryImageOfPage":{"@id":"https:\/\/www.audaxrenovables.es\/ca\/audax-aconsegueix-lautoritzacio-de-construccio-del-seu-projecte-els-sorrals\/#primaryimage"},"image":{"@id":"https:\/\/www.audaxrenovables.es\/ca\/audax-aconsegueix-lautoritzacio-de-construccio-del-seu-projecte-els-sorrals\/#primaryimage"},"thumbnailUrl":"https:\/\/www.audaxrenovables.es\/wp-content\/uploads\/2023\/06\/04022021.jpg.jpg","datePublished":"2021-02-04T06:51:02+00:00","dateModified":"2024-06-21T11:26:58+00:00","description":"Audax aconsegueix l?autoritzaci? de construcci? del seu projecte Los Arenales","breadcrumb":{"@id":"https:\/\/www.audaxrenovables.es\/ca\/audax-aconsegueix-lautoritzacio-de-construccio-del-seu-projecte-els-sorrals\/#breadcrumb"},"inLanguage":"ca","potentialAction":[{"@type":"ReadAction","target":["https:\/\/www.audaxrenovables.es\/ca\/audax-aconsegueix-lautoritzacio-de-construccio-del-seu-projecte-els-sorrals\/"]}]},{"@type":"ImageObject","inLanguage":"ca","@id":"https:\/\/www.audaxrenovables.es\/ca\/audax-aconsegueix-lautoritzacio-de-construccio-del-seu-projecte-els-sorrals\/#primaryimage","url":"https:\/\/www.audaxrenovables.es\/wp-content\/uploads\/2023\/06\/04022021.jpg.jpg","contentUrl":"https:\/\/www.audaxrenovables.es\/wp-content\/uploads\/2023\/06\/04022021.jpg.jpg","width":713,"height":403},{"@type":"BreadcrumbList","@id":"https:\/\/www.audaxrenovables.es\/ca\/audax-aconsegueix-lautoritzacio-de-construccio-del-seu-projecte-els-sorrals\/#breadcrumb","itemListElement":[{"@type":"ListItem","position":1,"name":"Portada","item":"https:\/\/www.audaxrenovables.es\/es\/"},{"@type":"ListItem","position":2,"name":"Audax Renovables consigue la autorizaci\u00f3n de construcci\u00f3n de su proyecto Los Arenales"}]},{"@type":"WebSite","@id":"https:\/\/www.audaxrenovables.es\/ca\/#website","url":"https:\/\/www.audaxrenovables.es\/ca\/","name":"Audax Renovables","description":"Companyia independent dedicada a la producci\u00f3 denergia el\u00e8ctrica a partir de fonts denergia 100% renovables","publisher":{"@id":"https:\/\/www.audaxrenovables.es\/ca\/#organization"},"potentialAction":[{"@type":"SearchAction","target":{"@type":"EntryPoint","urlTemplate":"https:\/\/www.audaxrenovables.es\/ca\/?s={search_term_string}"},"query-input":{"@type":"PropertyValueSpecification","valueRequired":true,"valueName":"search_term_string"}}],"inLanguage":"ca"},{"@type":"Organization","@id":"https:\/\/www.audaxrenovables.es\/ca\/#organization","name":"Audax Renovables","alternateName":"Audax Energ\u00eda","url":"https:\/\/www.audaxrenovables.es\/ca\/","logo":{"@type":"ImageObject","inLanguage":"ca","@id":"https:\/\/www.audaxrenovables.es\/ca\/#\/schema\/logo\/image\/","url":"https:\/\/www.audaxrenovables.es\/wp-content\/uploads\/2023\/04\/logo.png","contentUrl":"https:\/\/www.audaxrenovables.es\/wp-content\/uploads\/2023\/04\/logo.png","width":197,"height":125,"caption":"Audax Renovables"},"image":{"@id":"https:\/\/www.audaxrenovables.es\/ca\/#\/schema\/logo\/image\/"},"sameAs":["https:\/\/www.instagram.com\/audaxrenovables\/","https:\/\/x.com\/AudaxRenovables","https:\/\/www.youtube.com\/user\/AudaxEnergia","https:\/\/www.tiktok.com\/@audaxrenovables","https:\/\/www.linkedin.com\/company\/203502\/admin\/"]},{"@type":"Person","@id":"https:\/\/www.audaxrenovables.es\/ca\/#\/schema\/person\/39323131dc9a121279e4e63ed89ffbea","name":"adminadx","image":{"@type":"ImageObject","inLanguage":"ca","@id":"https:\/\/www.audaxrenovables.es\/ca\/#\/schema\/person\/image\/","url":"https:\/\/secure.gravatar.com\/avatar\/60b4d621160a422b02f2d19db7066f73c964c792ce03f3da9d36f40a41bdd2e6?s=96&d=mm&r=g","contentUrl":"https:\/\/secure.gravatar.com\/avatar\/60b4d621160a422b02f2d19db7066f73c964c792ce03f3da9d36f40a41bdd2e6?s=96&d=mm&r=g","caption":"adminadx"},"sameAs":["https:\/\/audaxrenovables.es"]}]}},"_links":{"self":[{"href":"https:\/\/www.audaxrenovables.es\/ca\/wp-json\/wp\/v2\/posts\/2531","targetHints":{"allow":["GET"]}}],"collection":[{"href":"https:\/\/www.audaxrenovables.es\/ca\/wp-json\/wp\/v2\/posts"}],"about":[{"href":"https:\/\/www.audaxrenovables.es\/ca\/wp-json\/wp\/v2\/types\/post"}],"author":[{"embeddable":true,"href":"https:\/\/www.audaxrenovables.es\/ca\/wp-json\/wp\/v2\/users\/1"}],"replies":[{"embeddable":true,"href":"https:\/\/www.audaxrenovables.es\/ca\/wp-json\/wp\/v2\/comments?post=2531"}],"version-history":[{"count":2,"href":"https:\/\/www.audaxrenovables.es\/ca\/wp-json\/wp\/v2\/posts\/2531\/revisions"}],"predecessor-version":[{"id":3922,"href":"https:\/\/www.audaxrenovables.es\/ca\/wp-json\/wp\/v2\/posts\/2531\/revisions\/3922"}],"wp:featuredmedia":[{"embeddable":true,"href":"https:\/\/www.audaxrenovables.es\/ca\/wp-json\/wp\/v2\/media\/2530"}],"wp:attachment":[{"href":"https:\/\/www.audaxrenovables.es\/ca\/wp-json\/wp\/v2\/media?parent=2531"}],"wp:term":[{"taxonomy":"category","embeddable":true,"href":"https:\/\/www.audaxrenovables.es\/ca\/wp-json\/wp\/v2\/categories?post=2531"},{"taxonomy":"post_tag","embeddable":true,"href":"https:\/\/www.audaxrenovables.es\/ca\/wp-json\/wp\/v2\/tags?post=2531"}],"curies":[{"name":"wp","href":"https:\/\/api.w.org\/{rel}","templated":true}]}}