{"id":2533,"date":"2021-01-25T06:53:12","date_gmt":"2021-01-25T06:53:12","guid":{"rendered":"https:\/\/audaxrenovables.es\/audax-renovables-cambia-de-dimension-e-incorpora-cerca-de-2000-mw-fotovoltaicos\/"},"modified":"2023-06-20T11:44:41","modified_gmt":"2023-06-20T11:44:41","slug":"audax-renovables-cambia-de-dimension-e-incorpora-cerca-de-2000-mw-fotovoltaicos","status":"publish","type":"post","link":"https:\/\/www.audaxrenovables.es\/ca\/audax-renovables-canvia-de-dimensions-i-incorpora-prop-de-2000-mw-fotovoltaics\/","title":{"rendered":"Audax Renovables canvia de dimensi\u00f3 i incorpora prop de 2.000 MW fotovoltaics"},"content":{"rendered":"<p><img decoding=\"async\" class=\"adx_img_post\" src=\"https:\/\/www.audaxrenovables.es\/uploads\/2021\/01\/25\/f15e5d4303e9e0a6673b6f9cdfb2a7a9.jpg\"><\/p>\n<h1 class=\"adx_tit_post\">Audax Renovables canvia de dimensi\u00f3 i incorpora prop de 2.000 MW fotovoltaics<\/h1>\n<blockquote><p>El Grup avan\u00e7a en el full de ruta per convertir-se en referent en la generaci\u00f3 d&#039;energies renovables i impulsa la cartera total de projectes fins a situar-la en 2.498 MW<\/p><\/blockquote>\n<p>Audax Renovables (ADX.MC), el grup energ\u00e8tic que integra els negocis de generaci\u00f3 i comercialitzaci\u00f3 d&#039;electricitat 100% renovable i gas, suma una fita hist\u00f2rica a la seva estrat\u00e8gia, enfocant tots els seus esfor\u00e7os i recursos en l&#039;activitat de generaci\u00f3, a la qual incorpora 1.942 MWp fotovoltaics a la cartera de generaci\u00f3 d&#039;energia renovable.&nbsp;<\/p>\n<p>El Grup ha aconseguit un acord de compra per incorporar al seu portfoli de generaci\u00f3 un conjunt de projectes que sumen fins a 1.942 MWp, que s&#039;aniran desenvolupant i engegant al llarg dels propers mesos. Cal destacar que la titularitat dels projectes s&#039;anir\u00e0 incorporant al per\u00edmetre d&#039;Audax Renovables en les properes setmanes, tenint aquests megawatts compromesos en exclusiva.&nbsp;<\/p>\n<p>Amb aquest acord, el Grup fa un gir de 360 graus a la seva estrat\u00e8gia, suposant un canvi de dimensi\u00f3 molt rellevant en la seva futura estructura, quant a ingressos i comprom\u00eds amb la sostenibilitat i el medi ambient, fent un pas de gegant i centrant els seus esfor\u00e7os m\u00e9s que mai en lactivitat de generaci\u00f3 denergia 100% renovable.<\/p>\n<p>L&#039;acord de compra en exclusiva dels 1.942 MWp esmentats s&#039;ha aconseguit amb el Grup Excelsior Times, titularitat de Jos\u00e9 El\u00edas. Com a operaci\u00f3 vinculada, ha comptat amb les preceptives aprovacions de tots els \u00f2rgans de govern d&#039;Audax Renovables, que s&#039;han recolzat en una fairnes opinion i valoraci\u00f3 dels projectes, realitzada per Ernst &amp; Young Espanya com a expert independent, i que, en funci\u00f3 del grau d&#039;aven\u00e7 de cadascun dels projectes esmentats, la valora en conjunt en 102 milions d&#039;euros. La forma de pagament d&#039;aquesta transacci\u00f3 s&#039;ha establert en efectiu o b\u00e9 per compensaci\u00f3 de cr\u00e8dits que Audax Renovables t\u00e9 a favor seu amb el Grup Excelsior.<\/p>\n<p>Amb aquesta operaci\u00f3, Audax Renovables compta amb un dels pipelins amb m\u00e9s qualitat del sector, en situar els seus projectes en aquelles zones amb millor recurs en les tecnologies en qu\u00e8 \u00e9s present, e\u00f2lica terrestre i fotovoltaica. Aquest fet \u00e9s de gran rellev\u00e0ncia, at\u00e8s que ambdues tecnologies i les seves localitzacions suposaran un increment dels nivells de facturaci\u00f3 i EBITDA del Grup.&nbsp;<\/p>\n<p>La distribuci\u00f3 geogr\u00e0fica dels projectes adquirits situa la seva ubicaci\u00f3 a Espanya, It\u00e0lia i Portugal, mercats estrat\u00e8gics del Grup on ja es troba l&#039;activitat de comercialitzaci\u00f3 de diferents societats, que compta amb \u00e0mplia experi\u00e8ncia en els seus mercats respectius i que servir\u00e0 per a seguir proveint denergia verda a tots els seus clients. La totalitat dels projectes incorporats es troben ubicats en immillorables localitzacions amb alta radiaci\u00f3 solar.&nbsp;<\/p>\n<p>Concretament, s&#039;incorporen a la cartera (veure annex):<br \/>\n- 1.140 MWp a Espanya, amb projectes que ja disposen de punts de connexi\u00f3 a la xarxa i disponibilitat de terrenys, a m\u00e9s de l&#039;admissi\u00f3 a tr\u00e0mit de l&#039;autoritzaci\u00f3 administrativa pr\u00e8via d&#039;acord amb el RD 23\/2020;&nbsp;<br \/>\n- 601 MWp a Portugal, part dels quals, en concret 204 MWp, procedeixen de projectes amb connexi\u00f3 a la xarxa segons la subhasta celebrada el mes d&#039;agost passat; i,&nbsp;<br \/>\n- 201 MWp a It\u00e0lia, amb disponibilitat de terrenys i connexi\u00f3 pr\u00e0cticament \u00edntegrament.&nbsp;<\/p>\n<p>L&#039;energia que produeixin en un futur aquests projectes fotovoltaics ser\u00e0 objecte de contractes de compra d&#039;energia (Power Purchase Agreement o PPA) a la divisi\u00f3 de comercialitzaci\u00f3 de la pr\u00f2pia Audax Renovables. D&#039;aquesta manera, els projectes tenen assegurada la seva retribuci\u00f3 per la venda d&#039;energia, cosa que far\u00e0 que Audax Renovables no participi en les properes subhastes convocades a Espanya aquest mateix mes de gener per a la consecuci\u00f3 d&#039;aquesta retribuci\u00f3.<\/p>\n<p>Tal com va declarar recentment Jos\u00e9 El\u00edas, president del Consell d&#039;Administraci\u00f3, \u201cel Grup est\u00e0 enfocant tots els seus esfor\u00e7os en el canvi d&#039;estrat\u00e8gia que estem seguint els darrers mesos, a convertir-nos en una companyia totalment integrada el core business de la qual \u00e9s l&#039;activitat de generaci\u00f3 d&#039;energia 100% renovable, que ens permetr\u00e0 comercialitzar aquesta energia verda als nostres clients\u201d.<\/p>\n<p>En la recent emissi\u00f3 de Bons Verds informada al mercat, la Companyia es comprometia a instal\u00b7lar 750 MWp a l&#039;any durant els propers 5 anys, fet que sumaria 3.750 MWp en aquest per\u00edode, refor\u00e7ant aix\u00ed l&#039;expansi\u00f3 corporativa del Grup en la producci\u00f3 d&#039;energia renovable. Amb aquest acord, Audax s&#039;acosta a passos de gegant cap a aquest objectiu, ja que els MW&#039;s continuaran incrementant-se gradualment al llarg del present exercici i seg\u00fcents, d&#039;acord amb l&#039;estrat\u00e8gia del Grup.<\/p>\n<p>Audax Renovables t\u00e9, dins d&#039;aquesta nova estrat\u00e8gia d&#039;impuls de l&#039;activitat de generaci\u00f3, el comprom\u00eds fidel de mantenir informat el mercat permanentment sobre els aven\u00e7os de l&#039;estat dels projectes incorporats en un exercici de transpar\u00e8ncia continuat. En aquest sentit, el Grup ha actualitzat els continguts de la seva p\u00e0gina web incorporant-hi els detalls dels projectes esmentats a partir d&#039;ara (www.audaxrenovables.com).<\/p>\n<p>Fruit d&#039;aquest exercici i d&#039;aquesta nova estrat\u00e8gia, i com a reconeixement a aquesta tasca, s&#039;ha sumat recentment un nou accionista rellevant, Global Portfolio Investments, SL, que donar\u00e0 estabilitat a l&#039;accionariat, mentre que el president i accionista majoritari consolida el seu comprom\u00eds de diluci\u00f3 de la seva participaci\u00f3 a Audax, conservant el control del voltant del 70% de l&#039;accionariat. L\u00b4entrada d\u00b4un nou soci s\u00b4ha produ\u00eft en un moment especialment rellevant per a la companyia, amb una aposta seriosa i forta en noves \u00e0rees de futur entre les quals destaca l\u00b4aposta per la fotovoltaica, que es projecta com un dels recursos d\u00b4energia renovable de m\u00e9s futur a nivell mundial, especialment despr\u00e9s de la crisi del COVID-19, on l&#039;accent de la recuperaci\u00f3 econ\u00f2mica europea est\u00e0 posat a les energies renovables.<\/p>\n<p>Sobre Audax Renovables&nbsp;<br \/>\n&nbsp;<br \/>\nEl Grup \u00e9s el resultat de la fusi\u00f3 per absorci\u00f3 entre Audax Renovables, SA i la seva matriu, Audax Energ\u00eda, SA, donant lloc a un grup energ\u00e8tic les activitats del qual se centren en la producci\u00f3 d&#039;energia 100% renovable, aix\u00ed com en el subministrament d&#039;electricitat 100% renovable i gas.<br \/>\n&nbsp;<br \/>\nFundada l&#039;any 2000, l&#039;any 2003 Audax Renovables comen\u00e7a a cotitzar al mercat secundari de la Borsa de Barcelona i l&#039;any 2007 s&#039;inclou la seva cotitzaci\u00f3 al SIBE de la borsa de Madrid. Actualment, cotitza al Mercat Continu espanyol sota la denominaci\u00f3 (ticker) ADX.MC, i s&#039;ha incorporat a l&#039;\u00edndex IBEX SMALL CAP\u00ae el 23 de mar\u00e7 de 2020.<\/p>\n<p>Som el Grup energ\u00e8tic l\u00edder en el segment PIME a Espanya, garantint un subministrament eficient de l&#039;energia comercialitzada a trav\u00e9s d&#039;un proc\u00e9s d&#039;integraci\u00f3 vertical amb l&#039;activitat de generaci\u00f3 renovable, amb una s\u00f2lida posici\u00f3 financera, i preparat per encap\u00e7alar la transici\u00f3 energ\u00e8tica mercat europeu.<br \/>\n&nbsp;<br \/>\nEl Grup gestiona una cartera de projectes de generaci\u00f3 en operaci\u00f3 de 91 MW a parcs e\u00f2lics a Espanya, Fran\u00e7a i Pol\u00f2nia. Addicionalment, t\u00e9 66 MW e\u00f2lics en construcci\u00f3 a Panam\u00e0. Aix\u00ed mateix, compta amb una cartera de projectes fotovoltaics en construcci\u00f3 de 60 MWp i compta amb un portfoli fotovoltaic de 2.281 MWp en diferents fases de desenvolupament ubicat a Espanya, Portugal i It\u00e0lia.&nbsp;<\/p>\n<p>Audax Renovables, en la seva activitat de comercialitzaci\u00f3 d&#039;electricitat 100% renovable i gas, \u00e9s present a Espanya, Portugal, It\u00e0lia, Alemanya, Pol\u00f2nia, Holanda i Hongria, sumant m\u00e9s de 515 mil clients i 15 TWh subministrats el 2020.<\/p>\n<p>Per a m\u00e9s informaci\u00f3 visiteu www.audaxrenovables.com \/ www.audaxrenovables.es<br \/>\n&nbsp;<\/p>","protected":false},"excerpt":{"rendered":"<p>Audax Renovables cambia de dimensi\u00f3n e incorpora cerca de 2.000 MW fotovoltaicos El Grupo avanza en su hoja de ruta para convertirse en referente en la generaci\u00f3n de energ\u00edas renovables e impulsa su cartera total de proyectos hasta situarla en 2.498 MW Audax Renovables (ADX.MC), el grupo energ\u00e9tico que integra los negocios de generaci\u00f3n y [&hellip;]<\/p>\n","protected":false},"author":1,"featured_media":2532,"comment_status":"closed","ping_status":"open","sticky":false,"template":"","format":"standard","meta":{"content-type":"","footnotes":""},"categories":[1],"tags":[],"class_list":["post-2533","post","type-post","status-publish","format-standard","has-post-thumbnail","hentry","category-sin-categoria"],"yoast_head":"<!-- This site is optimized with the Yoast SEO plugin v23.5 - https:\/\/yoast.com\/wordpress\/plugins\/seo\/ -->\n<title>Audax Renovables cambia de dimensi?n e incorpora cerca de 2.000 MW fotovoltaicos<\/title>\n<meta name=\"description\" content=\"Audax Renovables cambia de dimensi?n e incorpora cerca de 2.000 MW fotovoltaicos\" \/>\n<meta name=\"robots\" content=\"index, follow, max-snippet:-1, max-image-preview:large, max-video-preview:-1\" \/>\n<link rel=\"canonical\" href=\"https:\/\/www.audaxrenovables.es\/ca\/audax-renewables-changes-size-and-incorporates-nearly-2000-mw-photovoltaics\/\" \/>\n<meta property=\"og:locale\" content=\"ca_ES\" \/>\n<meta property=\"og:type\" content=\"article\" \/>\n<meta property=\"og:title\" content=\"Audax Renovables cambia de dimensi?n e incorpora cerca de 2.000 MW fotovoltaicos\" \/>\n<meta property=\"og:description\" content=\"Audax Renovables cambia de dimensi?n e incorpora cerca de 2.000 MW fotovoltaicos\" \/>\n<meta property=\"og:url\" content=\"https:\/\/www.audaxrenovables.es\/ca\/audax-renewables-changes-size-and-incorporates-nearly-2000-mw-photovoltaics\/\" \/>\n<meta property=\"og:site_name\" content=\"Audax Renovables\" \/>\n<meta property=\"article:published_time\" content=\"2021-01-25T06:53:12+00:00\" \/>\n<meta property=\"article:modified_time\" content=\"2023-06-20T11:44:41+00:00\" \/>\n<meta property=\"og:image\" content=\"https:\/\/www.audaxrenovables.es\/wp-content\/uploads\/2023\/06\/25012021.jpg.jpg\" \/>\n\t<meta property=\"og:image:width\" content=\"713\" \/>\n\t<meta property=\"og:image:height\" content=\"403\" \/>\n\t<meta property=\"og:image:type\" content=\"image\/jpeg\" \/>\n<meta name=\"author\" content=\"adminadx\" \/>\n<meta name=\"twitter:card\" content=\"summary_large_image\" \/>\n<meta name=\"twitter:label1\" content=\"Escrit per\" \/>\n\t<meta name=\"twitter:data1\" content=\"adminadx\" \/>\n\t<meta name=\"twitter:label2\" content=\"Temps estimat de lectura\" \/>\n\t<meta name=\"twitter:data2\" content=\"6 minuts\" \/>\n<!-- \/ Yoast SEO plugin. -->","yoast_head_json":{"title":"Audax Renovables canvia de dimensi?ne incorpora prop de 2.000 MW fotovoltaics","description":"Audax Renovables canvia de dimensi?ne incorpora prop de 2.000 MW fotovoltaics","robots":{"index":"index","follow":"follow","max-snippet":"max-snippet:-1","max-image-preview":"max-image-preview:large","max-video-preview":"max-video-preview:-1"},"canonical":"https:\/\/www.audaxrenovables.es\/ca\/audax-renewables-changes-size-and-incorporates-nearly-2000-mw-photovoltaics\/","og_locale":"ca_ES","og_type":"article","og_title":"Audax Renovables cambia de dimensi?n e incorpora cerca de 2.000 MW fotovoltaicos","og_description":"Audax Renovables cambia de dimensi?n e incorpora cerca de 2.000 MW fotovoltaicos","og_url":"https:\/\/www.audaxrenovables.es\/ca\/audax-renewables-changes-size-and-incorporates-nearly-2000-mw-photovoltaics\/","og_site_name":"Audax Renovables","article_published_time":"2021-01-25T06:53:12+00:00","article_modified_time":"2023-06-20T11:44:41+00:00","og_image":[{"width":713,"height":403,"url":"https:\/\/www.audaxrenovables.es\/wp-content\/uploads\/2023\/06\/25012021.jpg.jpg","type":"image\/jpeg"}],"author":"adminadx","twitter_card":"summary_large_image","twitter_misc":{"Escrit per":"adminadx","Temps estimat de lectura":"6 minuts"},"schema":{"@context":"https:\/\/schema.org","@graph":[{"@type":"Article","@id":"https:\/\/www.audaxrenovables.es\/en\/audax-renewables-changes-size-and-incorporates-nearly-2000-mw-photovoltaics\/#article","isPartOf":{"@id":"https:\/\/www.audaxrenovables.es\/en\/audax-renewables-changes-size-and-incorporates-nearly-2000-mw-photovoltaics\/"},"author":{"name":"adminadx","@id":"https:\/\/www.audaxrenovables.es\/ca\/#\/schema\/person\/39323131dc9a121279e4e63ed89ffbea"},"headline":"Audax Renovables cambia de dimensi\u00f3n e incorpora cerca de 2.000 MW fotovoltaicos","datePublished":"2021-01-25T06:53:12+00:00","dateModified":"2023-06-20T11:44:41+00:00","mainEntityOfPage":{"@id":"https:\/\/www.audaxrenovables.es\/en\/audax-renewables-changes-size-and-incorporates-nearly-2000-mw-photovoltaics\/"},"wordCount":1383,"publisher":{"@id":"https:\/\/www.audaxrenovables.es\/ca\/#organization"},"image":{"@id":"https:\/\/www.audaxrenovables.es\/en\/audax-renewables-changes-size-and-incorporates-nearly-2000-mw-photovoltaics\/#primaryimage"},"thumbnailUrl":"https:\/\/www.audaxrenovables.es\/wp-content\/uploads\/2023\/06\/25012021.jpg.jpg","articleSection":["Sin categor\u00eda"],"inLanguage":"ca"},{"@type":["WebPage","ItemPage"],"@id":"https:\/\/www.audaxrenovables.es\/en\/audax-renewables-changes-size-and-incorporates-nearly-2000-mw-photovoltaics\/","url":"https:\/\/www.audaxrenovables.es\/en\/audax-renewables-changes-size-and-incorporates-nearly-2000-mw-photovoltaics\/","name":"Audax Renovables canvia de dimensi?ne incorpora prop de 2.000 MW fotovoltaics","isPartOf":{"@id":"https:\/\/www.audaxrenovables.es\/ca\/#website"},"primaryImageOfPage":{"@id":"https:\/\/www.audaxrenovables.es\/en\/audax-renewables-changes-size-and-incorporates-nearly-2000-mw-photovoltaics\/#primaryimage"},"image":{"@id":"https:\/\/www.audaxrenovables.es\/en\/audax-renewables-changes-size-and-incorporates-nearly-2000-mw-photovoltaics\/#primaryimage"},"thumbnailUrl":"https:\/\/www.audaxrenovables.es\/wp-content\/uploads\/2023\/06\/25012021.jpg.jpg","datePublished":"2021-01-25T06:53:12+00:00","dateModified":"2023-06-20T11:44:41+00:00","description":"Audax Renovables canvia de dimensi?ne incorpora prop de 2.000 MW fotovoltaics","breadcrumb":{"@id":"https:\/\/www.audaxrenovables.es\/en\/audax-renewables-changes-size-and-incorporates-nearly-2000-mw-photovoltaics\/#breadcrumb"},"inLanguage":"ca","potentialAction":[{"@type":"ReadAction","target":["https:\/\/www.audaxrenovables.es\/en\/audax-renewables-changes-size-and-incorporates-nearly-2000-mw-photovoltaics\/"]}]},{"@type":"ImageObject","inLanguage":"ca","@id":"https:\/\/www.audaxrenovables.es\/en\/audax-renewables-changes-size-and-incorporates-nearly-2000-mw-photovoltaics\/#primaryimage","url":"https:\/\/www.audaxrenovables.es\/wp-content\/uploads\/2023\/06\/25012021.jpg.jpg","contentUrl":"https:\/\/www.audaxrenovables.es\/wp-content\/uploads\/2023\/06\/25012021.jpg.jpg","width":713,"height":403},{"@type":"BreadcrumbList","@id":"https:\/\/www.audaxrenovables.es\/en\/audax-renewables-changes-size-and-incorporates-nearly-2000-mw-photovoltaics\/#breadcrumb","itemListElement":[{"@type":"ListItem","position":1,"name":"Portada","item":"https:\/\/www.audaxrenovables.es\/es\/"},{"@type":"ListItem","position":2,"name":"Audax Renovables cambia de dimensi\u00f3n e incorpora cerca de 2.000 MW fotovoltaicos"}]},{"@type":"WebSite","@id":"https:\/\/www.audaxrenovables.es\/ca\/#website","url":"https:\/\/www.audaxrenovables.es\/ca\/","name":"Audax Renovables","description":"Companyia independent dedicada a la producci\u00f3 denergia el\u00e8ctrica a partir de fonts denergia 100% renovables","publisher":{"@id":"https:\/\/www.audaxrenovables.es\/ca\/#organization"},"potentialAction":[{"@type":"SearchAction","target":{"@type":"EntryPoint","urlTemplate":"https:\/\/www.audaxrenovables.es\/ca\/?s={search_term_string}"},"query-input":{"@type":"PropertyValueSpecification","valueRequired":true,"valueName":"search_term_string"}}],"inLanguage":"ca"},{"@type":"Organization","@id":"https:\/\/www.audaxrenovables.es\/ca\/#organization","name":"Audax Renovables","alternateName":"Audax Energ\u00eda","url":"https:\/\/www.audaxrenovables.es\/ca\/","logo":{"@type":"ImageObject","inLanguage":"ca","@id":"https:\/\/www.audaxrenovables.es\/ca\/#\/schema\/logo\/image\/","url":"https:\/\/www.audaxrenovables.es\/wp-content\/uploads\/2023\/04\/logo.png","contentUrl":"https:\/\/www.audaxrenovables.es\/wp-content\/uploads\/2023\/04\/logo.png","width":197,"height":125,"caption":"Audax Renovables"},"image":{"@id":"https:\/\/www.audaxrenovables.es\/ca\/#\/schema\/logo\/image\/"},"sameAs":["https:\/\/www.instagram.com\/audaxrenovables\/","https:\/\/x.com\/AudaxRenovables","https:\/\/www.youtube.com\/user\/AudaxEnergia","https:\/\/www.tiktok.com\/@audaxrenovables","https:\/\/www.linkedin.com\/company\/203502\/admin\/"]},{"@type":"Person","@id":"https:\/\/www.audaxrenovables.es\/ca\/#\/schema\/person\/39323131dc9a121279e4e63ed89ffbea","name":"adminadx","image":{"@type":"ImageObject","inLanguage":"ca","@id":"https:\/\/www.audaxrenovables.es\/ca\/#\/schema\/person\/image\/","url":"https:\/\/secure.gravatar.com\/avatar\/60b4d621160a422b02f2d19db7066f73c964c792ce03f3da9d36f40a41bdd2e6?s=96&d=mm&r=g","contentUrl":"https:\/\/secure.gravatar.com\/avatar\/60b4d621160a422b02f2d19db7066f73c964c792ce03f3da9d36f40a41bdd2e6?s=96&d=mm&r=g","caption":"adminadx"},"sameAs":["https:\/\/audaxrenovables.es"]}]}},"_links":{"self":[{"href":"https:\/\/www.audaxrenovables.es\/ca\/wp-json\/wp\/v2\/posts\/2533","targetHints":{"allow":["GET"]}}],"collection":[{"href":"https:\/\/www.audaxrenovables.es\/ca\/wp-json\/wp\/v2\/posts"}],"about":[{"href":"https:\/\/www.audaxrenovables.es\/ca\/wp-json\/wp\/v2\/types\/post"}],"author":[{"embeddable":true,"href":"https:\/\/www.audaxrenovables.es\/ca\/wp-json\/wp\/v2\/users\/1"}],"replies":[{"embeddable":true,"href":"https:\/\/www.audaxrenovables.es\/ca\/wp-json\/wp\/v2\/comments?post=2533"}],"version-history":[{"count":1,"href":"https:\/\/www.audaxrenovables.es\/ca\/wp-json\/wp\/v2\/posts\/2533\/revisions"}],"predecessor-version":[{"id":2816,"href":"https:\/\/www.audaxrenovables.es\/ca\/wp-json\/wp\/v2\/posts\/2533\/revisions\/2816"}],"wp:featuredmedia":[{"embeddable":true,"href":"https:\/\/www.audaxrenovables.es\/ca\/wp-json\/wp\/v2\/media\/2532"}],"wp:attachment":[{"href":"https:\/\/www.audaxrenovables.es\/ca\/wp-json\/wp\/v2\/media?parent=2533"}],"wp:term":[{"taxonomy":"category","embeddable":true,"href":"https:\/\/www.audaxrenovables.es\/ca\/wp-json\/wp\/v2\/categories?post=2533"},{"taxonomy":"post_tag","embeddable":true,"href":"https:\/\/www.audaxrenovables.es\/ca\/wp-json\/wp\/v2\/tags?post=2533"}],"curies":[{"name":"wp","href":"https:\/\/api.w.org\/{rel}","templated":true}]}}