{"id":2539,"date":"2021-01-11T14:02:39","date_gmt":"2021-01-11T14:02:39","guid":{"rendered":"https:\/\/audaxrenovables.es\/los-duenos-de-mayoral-apuestan-por-audax-renovables\/"},"modified":"2024-06-21T12:09:53","modified_gmt":"2024-06-21T12:09:53","slug":"los-duenos-de-mayoral-apuestan-por-audax-renovables","status":"publish","type":"post","link":"https:\/\/www.audaxrenovables.es\/ca\/els-propietaris-de-majoral-aposten-per-audax-renovables\/","title":{"rendered":"Els propietaris de Mayoral aposten per Audax Renovables"},"content":{"rendered":"<h1 class=\"adx_tit_post\">Els propietaris de Mayoral aposten per Audax Renovables<\/h1>\n<blockquote><p>La inversi\u00f3 supera els 56 milions d\u02bbeuros i suposa la presa d\u02bbuna participaci\u00f3 del 5,8%<\/p><\/blockquote>\n<p>Els propietaris de la firma de moda infantil Majoral, a trav\u00e9s del h\u00f2lding empresarial de la fam\u00edlia, han adquirit el 5,8% d&#039;Audax Renovables per un import que supera els 56 milions d&#039;euros a 2,20 \u20ac\/acci\u00f3.<\/p>\n<p>L&#039;operaci\u00f3 duta a terme a trav\u00e9s de Global Portfolio Investments, SL, filial d&#039;Indumenta Pueri, SL, cap\u00e7alera del h\u00f2lding empresarial de la fam\u00edlia, s&#039;emmarca dins de les inversions que est\u00e0 duent a terme el grup Majoral, despr\u00e9s de la sortida de M\u00e1sM\u00f3vil i Duro Felguera, els \u00faltims mesos.<\/p>\n<p>La compra d&#039;accions s&#039;ha produ\u00eft mitjan\u00e7ant la venda per part d&#039;El\u00e9ctrica Nuriel, SLU, societat controlada per Jos\u00e9 El\u00edas, President i principal accionista d&#039;Audax Renovables. D&#039;aquesta manera, Jos\u00e9 El\u00edas consolida el seu comprom\u00eds de diluci\u00f3 de la seva participaci\u00f3 a Audax, conservant el control al voltant del 70% de l&#039;accionariat.<\/p>\n<p>Mayoral amb diverses inversions al seu grup, aposta ara per altres sectors com el de les energies renovables, un sector a l&#039;al\u00e7a i amb fortes expectatives i llarg recorregut en borsa tant a curt, mitj\u00e0 com a llarg termini i que no \u00e9s nou per a Mayoral, qui aposta des d&#039;anys per les energies renovables i la cura del medi ambient tal com s&#039;explica als reportis anuals.<\/p>\n<p>D&#039;altra banda, Mayoral, en aquesta operaci\u00f3, assumeix el comprom\u00eds existent de lock-up que mant\u00e9 Jos\u00e9 El\u00edas a trav\u00e9s d&#039;El\u00e9ctrica Nuriel, com a conseq\u00fc\u00e8ncia de la recent operaci\u00f3 d&#039;emissi\u00f3 de bons eventualment convertibles en accions per import de 125 milions d&#039;euros que Audax va dur a terme a finals del mes de novembre passat. Aquesta reeixida operaci\u00f3 va ser col\u00b7locada al 100% amb inversors internacionals i amb una sobredemanda que va superar 2,4 vegades l&#039;oferta.<\/p>\n<p>Audax Renovables, que en els darrers mesos est\u00e0 apostant fortament per la generaci\u00f3 d&#039;energia renovable, en particular fotovoltaica, a Espanya, Portugal i It\u00e0lia, juntament amb la seva actual cartera de projectes, amplia novament amb aquesta operaci\u00f3 duta a terme pel grup Mayoral base d&#039;inversors de prestigi, tractant a m\u00e9s de millorar la liquiditat del t\u00edtol i fent un pas molt significatiu per consolidar la seva posici\u00f3 al mercat com el grup energ\u00e8tic independent l\u00edder en el segment pime amb capacitat per encap\u00e7alar la transici\u00f3 energ\u00e8tica a Europa.<\/p>\n<p>Sobre Audax Renovables<\/p>\n<p>El Grup \u00e9s el resultat de la fusi\u00f3 per absorci\u00f3 entre Audax Renovables, SA i la seva matriu, Audax Energ\u00eda, SA, donant lloc a un grup energ\u00e8tic les activitats del qual se centren en la producci\u00f3 d&#039;energia 100% renovable, aix\u00ed com en el subministrament d&#039;electricitat 100% renovable i gas.<\/p>\n<p>Fundada l&#039;any 2000, l&#039;any 2003 Audax Renovables comen\u00e7a a cotitzar al mercat secundari de la Borsa de Barcelona i l&#039;any 2007 s&#039;inclou la seva cotitzaci\u00f3 al SIBE de la borsa de Madrid. Actualment, cotitza al Mercat Continu espanyol sota la denominaci\u00f3 (ticker) ADX.MC, i s&#039;ha incorporat a l&#039;\u00edndex IBEX SMALL CAP\u00ae el 23 de mar\u00e7 de 2020.<\/p>\n<p>Som el Grup energ\u00e8tic l\u00edder en el segment PIME a Espanya, garantint un subministrament eficient de l&#039;energia comercialitzada a trav\u00e9s d&#039;un proc\u00e9s d&#039;integraci\u00f3 vertical amb l&#039;activitat de generaci\u00f3 renovable, amb una s\u00f2lida posici\u00f3 financera, i preparat per encap\u00e7alar la transici\u00f3 energ\u00e8tica mercat europeu.<\/p>\n<p>El Grup gestiona una cartera de projectes de generaci\u00f3 en explotaci\u00f3 de 91 MW a Espanya, Fran\u00e7a i Pol\u00f2nia a parcs e\u00f2lics. A m\u00e9s, compta amb una cartera de projectes fotovoltaics de 320 MW a Espanya, 15 MW dels quals entraran en operaci\u00f3 les properes setmanes, mentre que 40 MW m\u00e9s estan actualment en construcci\u00f3. Aix\u00ed mateix, el Grup compta tamb\u00e9 amb un projecte e\u00f2lic en construcci\u00f3 a Panam\u00e0 de 66 MW.<\/p>\n<p>Audax Renovables, en la seva activitat de comercialitzaci\u00f3 d&#039;electricitat 100% renovable i gas, \u00e9s present a Espanya, Portugal, It\u00e0lia, Alemanya, Pol\u00f2nia, Holanda i Hongria, sumant m\u00e9s de 515 mil clients i 15 TWh subministrats el 2020.<\/p>\n<p>Per a m\u00e9s informaci\u00f3, visiteu www.audaxrenovables.com<\/p>","protected":false},"excerpt":{"rendered":"<p>Los due\u00f1os de Mayoral apuestan por Audax Renovables La inversi\u00f3n supera los 56 millones de euros y supone la toma de una participaci\u00f3n del 5,8% Los due\u00f1os de la firma de moda infantil Mayoral, a trav\u00e9s del holding empresarial de la familia, han adquirido el 5,8% de Audax Renovables por un importe que supera los [&hellip;]<\/p>\n","protected":false},"author":1,"featured_media":2538,"comment_status":"closed","ping_status":"open","sticky":false,"template":"","format":"standard","meta":{"content-type":"","footnotes":""},"categories":[1],"tags":[],"class_list":["post-2539","post","type-post","status-publish","format-standard","has-post-thumbnail","hentry","category-sin-categoria"],"yoast_head":"<!-- This site is optimized with the Yoast SEO plugin v23.5 - https:\/\/yoast.com\/wordpress\/plugins\/seo\/ -->\n<title>Los due?os de Mayoral apuestan por Audax Renovables<\/title>\n<meta name=\"description\" content=\"Los due?os de Mayoral apuestan por Audax Renovables\" \/>\n<meta name=\"robots\" content=\"index, follow, max-snippet:-1, max-image-preview:large, max-video-preview:-1\" \/>\n<link rel=\"canonical\" href=\"https:\/\/www.audaxrenovables.es\/ca\/els-propietaris-de-majoral-aposten-per-audax-renovables\/\" \/>\n<meta property=\"og:locale\" content=\"ca_ES\" \/>\n<meta property=\"og:type\" content=\"article\" \/>\n<meta property=\"og:title\" content=\"Los due?os de Mayoral apuestan por Audax Renovables\" \/>\n<meta property=\"og:description\" content=\"Los due?os de Mayoral apuestan por Audax Renovables\" \/>\n<meta property=\"og:url\" content=\"https:\/\/www.audaxrenovables.es\/ca\/els-propietaris-de-majoral-aposten-per-audax-renovables\/\" \/>\n<meta property=\"og:site_name\" content=\"Audax Renovables\" \/>\n<meta property=\"article:published_time\" content=\"2021-01-11T14:02:39+00:00\" \/>\n<meta property=\"article:modified_time\" content=\"2024-06-21T12:09:53+00:00\" \/>\n<meta property=\"og:image\" content=\"https:\/\/www.audaxrenovables.es\/wp-content\/uploads\/2023\/06\/11012021.jpg.jpg\" \/>\n\t<meta property=\"og:image:width\" content=\"713\" \/>\n\t<meta property=\"og:image:height\" content=\"403\" \/>\n\t<meta property=\"og:image:type\" content=\"image\/jpeg\" \/>\n<meta name=\"author\" content=\"adminadx\" \/>\n<meta name=\"twitter:card\" content=\"summary_large_image\" \/>\n<meta name=\"twitter:label1\" content=\"Escrit per\" \/>\n\t<meta name=\"twitter:data1\" content=\"adminadx\" \/>\n\t<meta name=\"twitter:label2\" content=\"Temps estimat de lectura\" \/>\n\t<meta name=\"twitter:data2\" content=\"4 minuts\" \/>\n<!-- \/ Yoast SEO plugin. -->","yoast_head_json":{"title":"Els amos de Mayoral aposten per Audax Renovables","description":"Els amos de Mayoral aposten per Audax Renovables","robots":{"index":"index","follow":"follow","max-snippet":"max-snippet:-1","max-image-preview":"max-image-preview:large","max-video-preview":"max-video-preview:-1"},"canonical":"https:\/\/www.audaxrenovables.es\/ca\/els-propietaris-de-majoral-aposten-per-audax-renovables\/","og_locale":"ca_ES","og_type":"article","og_title":"Los due?os de Mayoral apuestan por Audax Renovables","og_description":"Los due?os de Mayoral apuestan por Audax Renovables","og_url":"https:\/\/www.audaxrenovables.es\/ca\/els-propietaris-de-majoral-aposten-per-audax-renovables\/","og_site_name":"Audax Renovables","article_published_time":"2021-01-11T14:02:39+00:00","article_modified_time":"2024-06-21T12:09:53+00:00","og_image":[{"width":713,"height":403,"url":"https:\/\/www.audaxrenovables.es\/wp-content\/uploads\/2023\/06\/11012021.jpg.jpg","type":"image\/jpeg"}],"author":"adminadx","twitter_card":"summary_large_image","twitter_misc":{"Escrit per":"adminadx","Temps estimat de lectura":"4 minuts"},"schema":{"@context":"https:\/\/schema.org","@graph":[{"@type":"Article","@id":"https:\/\/www.audaxrenovables.es\/es\/los-duenos-de-mayoral-apuestan-por-audax-renovables\/#article","isPartOf":{"@id":"https:\/\/www.audaxrenovables.es\/es\/los-duenos-de-mayoral-apuestan-por-audax-renovables\/"},"author":{"name":"adminadx","@id":"https:\/\/www.audaxrenovables.es\/ca\/#\/schema\/person\/39323131dc9a121279e4e63ed89ffbea"},"headline":"Los due\u00f1os de Mayoral apuestan por Audax Renovables","datePublished":"2021-01-11T14:02:39+00:00","dateModified":"2024-06-21T12:09:53+00:00","mainEntityOfPage":{"@id":"https:\/\/www.audaxrenovables.es\/es\/los-duenos-de-mayoral-apuestan-por-audax-renovables\/"},"wordCount":746,"publisher":{"@id":"https:\/\/www.audaxrenovables.es\/ca\/#organization"},"image":{"@id":"https:\/\/www.audaxrenovables.es\/es\/los-duenos-de-mayoral-apuestan-por-audax-renovables\/#primaryimage"},"thumbnailUrl":"https:\/\/www.audaxrenovables.es\/wp-content\/uploads\/2023\/06\/11012021.jpg.jpg","articleSection":["Sin categor\u00eda"],"inLanguage":"ca"},{"@type":["WebPage","ItemPage"],"@id":"https:\/\/www.audaxrenovables.es\/es\/los-duenos-de-mayoral-apuestan-por-audax-renovables\/","url":"https:\/\/www.audaxrenovables.es\/es\/los-duenos-de-mayoral-apuestan-por-audax-renovables\/","name":"Els amos de Mayoral aposten per Audax Renovables","isPartOf":{"@id":"https:\/\/www.audaxrenovables.es\/ca\/#website"},"primaryImageOfPage":{"@id":"https:\/\/www.audaxrenovables.es\/es\/los-duenos-de-mayoral-apuestan-por-audax-renovables\/#primaryimage"},"image":{"@id":"https:\/\/www.audaxrenovables.es\/es\/los-duenos-de-mayoral-apuestan-por-audax-renovables\/#primaryimage"},"thumbnailUrl":"https:\/\/www.audaxrenovables.es\/wp-content\/uploads\/2023\/06\/11012021.jpg.jpg","datePublished":"2021-01-11T14:02:39+00:00","dateModified":"2024-06-21T12:09:53+00:00","description":"Els amos de Mayoral aposten per Audax Renovables","breadcrumb":{"@id":"https:\/\/www.audaxrenovables.es\/es\/los-duenos-de-mayoral-apuestan-por-audax-renovables\/#breadcrumb"},"inLanguage":"ca","potentialAction":[{"@type":"ReadAction","target":["https:\/\/www.audaxrenovables.es\/es\/los-duenos-de-mayoral-apuestan-por-audax-renovables\/"]}]},{"@type":"ImageObject","inLanguage":"ca","@id":"https:\/\/www.audaxrenovables.es\/es\/los-duenos-de-mayoral-apuestan-por-audax-renovables\/#primaryimage","url":"https:\/\/www.audaxrenovables.es\/wp-content\/uploads\/2023\/06\/11012021.jpg.jpg","contentUrl":"https:\/\/www.audaxrenovables.es\/wp-content\/uploads\/2023\/06\/11012021.jpg.jpg","width":713,"height":403},{"@type":"BreadcrumbList","@id":"https:\/\/www.audaxrenovables.es\/es\/los-duenos-de-mayoral-apuestan-por-audax-renovables\/#breadcrumb","itemListElement":[{"@type":"ListItem","position":1,"name":"Portada","item":"https:\/\/www.audaxrenovables.es\/es\/"},{"@type":"ListItem","position":2,"name":"Los due\u00f1os de Mayoral apuestan por Audax Renovables"}]},{"@type":"WebSite","@id":"https:\/\/www.audaxrenovables.es\/ca\/#website","url":"https:\/\/www.audaxrenovables.es\/ca\/","name":"Audax Renovables","description":"Companyia independent dedicada a la producci\u00f3 denergia el\u00e8ctrica a partir de fonts denergia 100% renovables","publisher":{"@id":"https:\/\/www.audaxrenovables.es\/ca\/#organization"},"potentialAction":[{"@type":"SearchAction","target":{"@type":"EntryPoint","urlTemplate":"https:\/\/www.audaxrenovables.es\/ca\/?s={search_term_string}"},"query-input":{"@type":"PropertyValueSpecification","valueRequired":true,"valueName":"search_term_string"}}],"inLanguage":"ca"},{"@type":"Organization","@id":"https:\/\/www.audaxrenovables.es\/ca\/#organization","name":"Audax Renovables","alternateName":"Audax Energ\u00eda","url":"https:\/\/www.audaxrenovables.es\/ca\/","logo":{"@type":"ImageObject","inLanguage":"ca","@id":"https:\/\/www.audaxrenovables.es\/ca\/#\/schema\/logo\/image\/","url":"https:\/\/www.audaxrenovables.es\/wp-content\/uploads\/2023\/04\/logo.png","contentUrl":"https:\/\/www.audaxrenovables.es\/wp-content\/uploads\/2023\/04\/logo.png","width":197,"height":125,"caption":"Audax Renovables"},"image":{"@id":"https:\/\/www.audaxrenovables.es\/ca\/#\/schema\/logo\/image\/"},"sameAs":["https:\/\/www.instagram.com\/audaxrenovables\/","https:\/\/x.com\/AudaxRenovables","https:\/\/www.youtube.com\/user\/AudaxEnergia","https:\/\/www.tiktok.com\/@audaxrenovables","https:\/\/www.linkedin.com\/company\/203502\/admin\/"]},{"@type":"Person","@id":"https:\/\/www.audaxrenovables.es\/ca\/#\/schema\/person\/39323131dc9a121279e4e63ed89ffbea","name":"adminadx","image":{"@type":"ImageObject","inLanguage":"ca","@id":"https:\/\/www.audaxrenovables.es\/ca\/#\/schema\/person\/image\/","url":"https:\/\/secure.gravatar.com\/avatar\/60b4d621160a422b02f2d19db7066f73c964c792ce03f3da9d36f40a41bdd2e6?s=96&d=mm&r=g","contentUrl":"https:\/\/secure.gravatar.com\/avatar\/60b4d621160a422b02f2d19db7066f73c964c792ce03f3da9d36f40a41bdd2e6?s=96&d=mm&r=g","caption":"adminadx"},"sameAs":["https:\/\/audaxrenovables.es"]}]}},"_links":{"self":[{"href":"https:\/\/www.audaxrenovables.es\/ca\/wp-json\/wp\/v2\/posts\/2539","targetHints":{"allow":["GET"]}}],"collection":[{"href":"https:\/\/www.audaxrenovables.es\/ca\/wp-json\/wp\/v2\/posts"}],"about":[{"href":"https:\/\/www.audaxrenovables.es\/ca\/wp-json\/wp\/v2\/types\/post"}],"author":[{"embeddable":true,"href":"https:\/\/www.audaxrenovables.es\/ca\/wp-json\/wp\/v2\/users\/1"}],"replies":[{"embeddable":true,"href":"https:\/\/www.audaxrenovables.es\/ca\/wp-json\/wp\/v2\/comments?post=2539"}],"version-history":[{"count":3,"href":"https:\/\/www.audaxrenovables.es\/ca\/wp-json\/wp\/v2\/posts\/2539\/revisions"}],"predecessor-version":[{"id":3928,"href":"https:\/\/www.audaxrenovables.es\/ca\/wp-json\/wp\/v2\/posts\/2539\/revisions\/3928"}],"wp:featuredmedia":[{"embeddable":true,"href":"https:\/\/www.audaxrenovables.es\/ca\/wp-json\/wp\/v2\/media\/2538"}],"wp:attachment":[{"href":"https:\/\/www.audaxrenovables.es\/ca\/wp-json\/wp\/v2\/media?parent=2539"}],"wp:term":[{"taxonomy":"category","embeddable":true,"href":"https:\/\/www.audaxrenovables.es\/ca\/wp-json\/wp\/v2\/categories?post=2539"},{"taxonomy":"post_tag","embeddable":true,"href":"https:\/\/www.audaxrenovables.es\/ca\/wp-json\/wp\/v2\/tags?post=2539"}],"curies":[{"name":"wp","href":"https:\/\/api.w.org\/{rel}","templated":true}]}}