{"id":2545,"date":"2020-12-17T10:03:43","date_gmt":"2020-12-17T10:03:43","guid":{"rendered":"https:\/\/audaxrenovables.es\/audax-atrae-al-mercado-en-su-nueva-emision-de-bonos-verdes\/"},"modified":"2024-06-21T10:41:17","modified_gmt":"2024-06-21T10:41:17","slug":"audax-atrae-al-mercado-en-su-nueva-emision-de-bonos-verdes","status":"publish","type":"post","link":"https:\/\/www.audaxrenovables.es\/ca\/audax-atrau-el-mercat-en-la-seva-nova-emissio-de-bons-verds\/","title":{"rendered":"Audax Renovables atrau el mercat en la seva nova emissi\u00f3 de bons verds"},"content":{"rendered":"<h1 class=\"adx_tit_post\">Audax Renovables atrau el mercat en la seva nova emissi\u00f3 de bons verds<\/h1>\n<blockquote><p>El grup energ\u00e8tic ha completat amb \u00e8xit una emissi\u00f3 de bons verds al MARF per import de 200 milions d&#039;euros<\/p><\/blockquote>\n<p>Audax Renovables (ADX.MC), el grup energ\u00e8tic que integra els negocis de generaci\u00f3 i comercialitzaci\u00f3 d&#039;electricitat 100% renovable i gas, ha completat amb \u00e8xit una emissi\u00f3 de bons verds per import de 200 milions d&#039;euros.<\/p>\n<p>Aquesta emissi\u00f3 s&#039;emmarca dins del programa de bons denominat \u201cEUR 400,000,000 Senior Unsecured Notes Programme Audax Renovables, SA 2020\u201d, registrat amb data 3 de juliol al MARF, i dins de l&#039;operaci\u00f3 de canvi anunciada per la companyia el 30 de novembre passat dels bons emesos a l&#039;empara de les emissions efectuades els anys 2017, 2018 i 2019 per import nominal total de 65, 35 i ampliaci\u00f3 d&#039;aquesta \u00faltima per 35 milions d&#039;euros m\u00e9s, respectivament.<\/p>\n<p>Aquesta emissi\u00f3 es produeix amb l&#039;objectiu de reestructuraci\u00f3 dels venciments del deute del Grup, aconseguint aix\u00ed allargar-los fins al desembre del 2027 i reduint el cost financer del deute esmentat. La destinaci\u00f3 dels fons obtinguts, a m\u00e9s, ser\u00e0 finan\u00e7ar o refinan\u00e7ar projectes verds, segons es defineixen al Marc Normatiu de Refer\u00e8ncia per a Finan\u00e7ament Verd, aprovat al mar\u00e7 pel Grup, impulsant la seva aposta per la generaci\u00f3 d&#039;energia renovable.<\/p>\n<p>El Grup va plantejar aquesta emissi\u00f3 per un import proper als 150 milions d&#039;euros, per\u00f2 l&#039;exitosa acceptaci\u00f3 i la demanda important del col\u00b7lectiu inversor, tant nacional com internacional, ha perm\u00e8s completar l&#039;emissi\u00f3 en 200 milions d&#039;euros. Amb aix\u00f2, s&#039;ha pogut aconseguir que la proced\u00e8ncia del capital inversor no sigui nom\u00e9s d&#039;\u00e0mbit nacional sin\u00f3 que, a m\u00e9s, s&#039;han sumat importants inversors internacionals. A nivell nacional, s&#039;ha reafirmat l&#039;aposta de l&#039;Institut de Cr\u00e8dit Oficial (ICO) pel Grup Audax, que s&#039;ha tornat a unir en aquesta emissi\u00f3 acompanyant altres inversors institucionals i ha tornat a demostrar el seu suport a les empreses nacionals.<\/p>\n<p>En aquesta operaci\u00f3, sense precedents al MARF a nivell corporatiu, han actuat com a Coordinadors Globals Conjunts (Joint Global Coordinators) Beka Finance SV, SA, Goldman Sachs International i Haitong Bank, SA, Sucursal a Espanya i com a Co-Leads Ever Capital, SV, SA i PKF Attest Capital Markets AV, SA A m\u00e9s, s&#039;ha comptat amb l&#039;assessorament legal de Garrigues i l&#039;assessorament financer d&#039;EY.<\/p>\n<p>Cal recordar que el Grup, fa poques setmanes, va tancar la col\u00b7locaci\u00f3 de 125 milions d&#039;euros en bons verds convertibles en accions ordin\u00e0ries al mercat internacional amb una sobredemanda de 2,4 vegades.<\/p>\n<p>Ambdues operacions permetran complir i ampliar al Grup Audax Renovables els objectius marcats, a m\u00e9s de diversificar la seva base d&#039;inversors, nacionals i internacionals, fent un pas molt significatiu per consolidar la seva posici\u00f3 al mercat com el grup energ\u00e8tic independent l\u00edder en el segment pime amb capacitat per encap\u00e7alar la transici\u00f3 energ\u00e8tica a Europa.<\/p>","protected":false},"excerpt":{"rendered":"<p>Audax Renovables atrae al mercado en su nueva emisi\u00f3n de bonos verdes El grupo energ\u00e9tico ha completado con \u00e9xito una emisi\u00f3n de bonos verdes en el MARF por importe de 200 millones de euros Audax Renovables (ADX.MC), el grupo energ\u00e9tico que integra los negocios de generaci\u00f3n y comercializaci\u00f3n de electricidad 100% renovable y gas, ha [&hellip;]<\/p>\n","protected":false},"author":1,"featured_media":2544,"comment_status":"closed","ping_status":"open","sticky":false,"template":"","format":"standard","meta":{"content-type":"","footnotes":""},"categories":[1],"tags":[],"class_list":["post-2545","post","type-post","status-publish","format-standard","has-post-thumbnail","hentry","category-sin-categoria"],"yoast_head":"<!-- This site is optimized with the Yoast SEO plugin v23.5 - https:\/\/yoast.com\/wordpress\/plugins\/seo\/ -->\n<title>Audax Renovables atrae al mercado en su nueva emisi?n de bonos verdes<\/title>\n<meta name=\"description\" content=\"Audax atrae al mercado en su nueva emisi?n de bonos verdes\" \/>\n<meta name=\"robots\" content=\"index, follow, max-snippet:-1, max-image-preview:large, max-video-preview:-1\" \/>\n<link rel=\"canonical\" href=\"https:\/\/www.audaxrenovables.es\/ca\/audax-atrau-el-mercat-en-la-seva-nova-emissio-de-bons-verds\/\" \/>\n<meta property=\"og:locale\" content=\"ca_ES\" \/>\n<meta property=\"og:type\" content=\"article\" \/>\n<meta property=\"og:title\" content=\"Audax Renovables atrae al mercado en su nueva emisi?n de bonos verdes\" \/>\n<meta property=\"og:description\" content=\"Audax atrae al mercado en su nueva emisi?n de bonos verdes\" \/>\n<meta property=\"og:url\" content=\"https:\/\/www.audaxrenovables.es\/ca\/audax-atrau-el-mercat-en-la-seva-nova-emissio-de-bons-verds\/\" \/>\n<meta property=\"og:site_name\" content=\"Audax Renovables\" \/>\n<meta property=\"article:published_time\" content=\"2020-12-17T10:03:43+00:00\" \/>\n<meta property=\"article:modified_time\" content=\"2024-06-21T10:41:17+00:00\" \/>\n<meta property=\"og:image\" content=\"https:\/\/www.audaxrenovables.es\/wp-content\/uploads\/2023\/06\/17122020.jpg.jpg\" \/>\n\t<meta property=\"og:image:width\" content=\"713\" \/>\n\t<meta property=\"og:image:height\" content=\"403\" \/>\n\t<meta property=\"og:image:type\" content=\"image\/jpeg\" \/>\n<meta name=\"author\" content=\"adminadx\" \/>\n<meta name=\"twitter:card\" content=\"summary_large_image\" \/>\n<meta name=\"twitter:label1\" content=\"Escrit per\" \/>\n\t<meta name=\"twitter:data1\" content=\"adminadx\" \/>\n\t<meta name=\"twitter:label2\" content=\"Temps estimat de lectura\" \/>\n\t<meta name=\"twitter:data2\" content=\"3 minuts\" \/>\n<!-- \/ Yoast SEO plugin. -->","yoast_head_json":{"title":"Audax Renovables atrau el mercat en la seva nova emissi? de bons verds","description":"Audax atrau el mercat en la seva nova emissi? de bons verds","robots":{"index":"index","follow":"follow","max-snippet":"max-snippet:-1","max-image-preview":"max-image-preview:large","max-video-preview":"max-video-preview:-1"},"canonical":"https:\/\/www.audaxrenovables.es\/ca\/audax-atrau-el-mercat-en-la-seva-nova-emissio-de-bons-verds\/","og_locale":"ca_ES","og_type":"article","og_title":"Audax Renovables atrae al mercado en su nueva emisi?n de bonos verdes","og_description":"Audax atrae al mercado en su nueva emisi?n de bonos verdes","og_url":"https:\/\/www.audaxrenovables.es\/ca\/audax-atrau-el-mercat-en-la-seva-nova-emissio-de-bons-verds\/","og_site_name":"Audax Renovables","article_published_time":"2020-12-17T10:03:43+00:00","article_modified_time":"2024-06-21T10:41:17+00:00","og_image":[{"width":713,"height":403,"url":"https:\/\/www.audaxrenovables.es\/wp-content\/uploads\/2023\/06\/17122020.jpg.jpg","type":"image\/jpeg"}],"author":"adminadx","twitter_card":"summary_large_image","twitter_misc":{"Escrit per":"adminadx","Temps estimat de lectura":"3 minuts"},"schema":{"@context":"https:\/\/schema.org","@graph":[{"@type":"Article","@id":"https:\/\/www.audaxrenovables.es\/ca\/audax-atrau-el-mercat-en-la-seva-nova-emissio-de-bons-verds\/#article","isPartOf":{"@id":"https:\/\/www.audaxrenovables.es\/ca\/audax-atrau-el-mercat-en-la-seva-nova-emissio-de-bons-verds\/"},"author":{"name":"adminadx","@id":"https:\/\/www.audaxrenovables.es\/ca\/#\/schema\/person\/39323131dc9a121279e4e63ed89ffbea"},"headline":"Audax Renovables atrae al mercado en su nueva emisi\u00f3n de bonos verdes","datePublished":"2020-12-17T10:03:43+00:00","dateModified":"2024-06-21T10:41:17+00:00","mainEntityOfPage":{"@id":"https:\/\/www.audaxrenovables.es\/ca\/audax-atrau-el-mercat-en-la-seva-nova-emissio-de-bons-verds\/"},"wordCount":524,"publisher":{"@id":"https:\/\/www.audaxrenovables.es\/ca\/#organization"},"image":{"@id":"https:\/\/www.audaxrenovables.es\/ca\/audax-atrau-el-mercat-en-la-seva-nova-emissio-de-bons-verds\/#primaryimage"},"thumbnailUrl":"https:\/\/www.audaxrenovables.es\/wp-content\/uploads\/2023\/06\/17122020.jpg.jpg","articleSection":["Sin categor\u00eda"],"inLanguage":"ca"},{"@type":["WebPage","ItemPage"],"@id":"https:\/\/www.audaxrenovables.es\/ca\/audax-atrau-el-mercat-en-la-seva-nova-emissio-de-bons-verds\/","url":"https:\/\/www.audaxrenovables.es\/ca\/audax-atrau-el-mercat-en-la-seva-nova-emissio-de-bons-verds\/","name":"Audax Renovables atrau el mercat en la seva nova emissi? de bons verds","isPartOf":{"@id":"https:\/\/www.audaxrenovables.es\/ca\/#website"},"primaryImageOfPage":{"@id":"https:\/\/www.audaxrenovables.es\/ca\/audax-atrau-el-mercat-en-la-seva-nova-emissio-de-bons-verds\/#primaryimage"},"image":{"@id":"https:\/\/www.audaxrenovables.es\/ca\/audax-atrau-el-mercat-en-la-seva-nova-emissio-de-bons-verds\/#primaryimage"},"thumbnailUrl":"https:\/\/www.audaxrenovables.es\/wp-content\/uploads\/2023\/06\/17122020.jpg.jpg","datePublished":"2020-12-17T10:03:43+00:00","dateModified":"2024-06-21T10:41:17+00:00","description":"Audax atrau el mercat en la seva nova emissi? de bons verds","breadcrumb":{"@id":"https:\/\/www.audaxrenovables.es\/ca\/audax-atrau-el-mercat-en-la-seva-nova-emissio-de-bons-verds\/#breadcrumb"},"inLanguage":"ca","potentialAction":[{"@type":"ReadAction","target":["https:\/\/www.audaxrenovables.es\/ca\/audax-atrau-el-mercat-en-la-seva-nova-emissio-de-bons-verds\/"]}]},{"@type":"ImageObject","inLanguage":"ca","@id":"https:\/\/www.audaxrenovables.es\/ca\/audax-atrau-el-mercat-en-la-seva-nova-emissio-de-bons-verds\/#primaryimage","url":"https:\/\/www.audaxrenovables.es\/wp-content\/uploads\/2023\/06\/17122020.jpg.jpg","contentUrl":"https:\/\/www.audaxrenovables.es\/wp-content\/uploads\/2023\/06\/17122020.jpg.jpg","width":713,"height":403},{"@type":"BreadcrumbList","@id":"https:\/\/www.audaxrenovables.es\/ca\/audax-atrau-el-mercat-en-la-seva-nova-emissio-de-bons-verds\/#breadcrumb","itemListElement":[{"@type":"ListItem","position":1,"name":"Portada","item":"https:\/\/www.audaxrenovables.es\/es\/"},{"@type":"ListItem","position":2,"name":"Audax Renovables atrae al mercado en su nueva emisi\u00f3n de bonos verdes"}]},{"@type":"WebSite","@id":"https:\/\/www.audaxrenovables.es\/ca\/#website","url":"https:\/\/www.audaxrenovables.es\/ca\/","name":"Audax Renovables","description":"Companyia independent dedicada a la producci\u00f3 denergia el\u00e8ctrica a partir de fonts denergia 100% renovables","publisher":{"@id":"https:\/\/www.audaxrenovables.es\/ca\/#organization"},"potentialAction":[{"@type":"SearchAction","target":{"@type":"EntryPoint","urlTemplate":"https:\/\/www.audaxrenovables.es\/ca\/?s={search_term_string}"},"query-input":{"@type":"PropertyValueSpecification","valueRequired":true,"valueName":"search_term_string"}}],"inLanguage":"ca"},{"@type":"Organization","@id":"https:\/\/www.audaxrenovables.es\/ca\/#organization","name":"Audax Renovables","alternateName":"Audax Energ\u00eda","url":"https:\/\/www.audaxrenovables.es\/ca\/","logo":{"@type":"ImageObject","inLanguage":"ca","@id":"https:\/\/www.audaxrenovables.es\/ca\/#\/schema\/logo\/image\/","url":"https:\/\/www.audaxrenovables.es\/wp-content\/uploads\/2023\/04\/logo.png","contentUrl":"https:\/\/www.audaxrenovables.es\/wp-content\/uploads\/2023\/04\/logo.png","width":197,"height":125,"caption":"Audax Renovables"},"image":{"@id":"https:\/\/www.audaxrenovables.es\/ca\/#\/schema\/logo\/image\/"},"sameAs":["https:\/\/www.instagram.com\/audaxrenovables\/","https:\/\/x.com\/AudaxRenovables","https:\/\/www.youtube.com\/user\/AudaxEnergia","https:\/\/www.tiktok.com\/@audaxrenovables","https:\/\/www.linkedin.com\/company\/203502\/admin\/"]},{"@type":"Person","@id":"https:\/\/www.audaxrenovables.es\/ca\/#\/schema\/person\/39323131dc9a121279e4e63ed89ffbea","name":"adminadx","image":{"@type":"ImageObject","inLanguage":"ca","@id":"https:\/\/www.audaxrenovables.es\/ca\/#\/schema\/person\/image\/","url":"https:\/\/secure.gravatar.com\/avatar\/60b4d621160a422b02f2d19db7066f73c964c792ce03f3da9d36f40a41bdd2e6?s=96&d=mm&r=g","contentUrl":"https:\/\/secure.gravatar.com\/avatar\/60b4d621160a422b02f2d19db7066f73c964c792ce03f3da9d36f40a41bdd2e6?s=96&d=mm&r=g","caption":"adminadx"},"sameAs":["https:\/\/audaxrenovables.es"]}]}},"_links":{"self":[{"href":"https:\/\/www.audaxrenovables.es\/ca\/wp-json\/wp\/v2\/posts\/2545","targetHints":{"allow":["GET"]}}],"collection":[{"href":"https:\/\/www.audaxrenovables.es\/ca\/wp-json\/wp\/v2\/posts"}],"about":[{"href":"https:\/\/www.audaxrenovables.es\/ca\/wp-json\/wp\/v2\/types\/post"}],"author":[{"embeddable":true,"href":"https:\/\/www.audaxrenovables.es\/ca\/wp-json\/wp\/v2\/users\/1"}],"replies":[{"embeddable":true,"href":"https:\/\/www.audaxrenovables.es\/ca\/wp-json\/wp\/v2\/comments?post=2545"}],"version-history":[{"count":2,"href":"https:\/\/www.audaxrenovables.es\/ca\/wp-json\/wp\/v2\/posts\/2545\/revisions"}],"predecessor-version":[{"id":3917,"href":"https:\/\/www.audaxrenovables.es\/ca\/wp-json\/wp\/v2\/posts\/2545\/revisions\/3917"}],"wp:featuredmedia":[{"embeddable":true,"href":"https:\/\/www.audaxrenovables.es\/ca\/wp-json\/wp\/v2\/media\/2544"}],"wp:attachment":[{"href":"https:\/\/www.audaxrenovables.es\/ca\/wp-json\/wp\/v2\/media?parent=2545"}],"wp:term":[{"taxonomy":"category","embeddable":true,"href":"https:\/\/www.audaxrenovables.es\/ca\/wp-json\/wp\/v2\/categories?post=2545"},{"taxonomy":"post_tag","embeddable":true,"href":"https:\/\/www.audaxrenovables.es\/ca\/wp-json\/wp\/v2\/tags?post=2545"}],"curies":[{"name":"wp","href":"https:\/\/api.w.org\/{rel}","templated":true}]}}