{"id":2553,"date":"2020-10-26T10:48:50","date_gmt":"2020-10-26T10:48:50","guid":{"rendered":"https:\/\/audaxrenovables.es\/grup-la-pau-se-une-al-autoconsumo\/"},"modified":"2023-06-20T11:45:23","modified_gmt":"2023-06-20T11:45:23","slug":"grup-la-pau-se-une-al-autoconsumo","status":"publish","type":"post","link":"https:\/\/www.audaxrenovables.es\/ca\/grup-la-pau-suneix-a-lautoconsum\/","title":{"rendered":"\u00a1Grup La Pau s&#039;uneix a l&#039;autoconsum!"},"content":{"rendered":"<p><img decoding=\"async\" class=\"adx_img_post\" src=\"https:\/\/www.audaxrenovables.es\/uploads\/2020\/10\/26\/95a44b3b197f90c89aea8cf457003018.jpg\"><\/p>\n<h1 class=\"adx_tit_post\">\u00a1Grup La Pau s&#039;uneix a l&#039;autoconsum!<\/h1>\n<blockquote><p>Nous clients que produeixen la seva pr\u00f2pia energia verda 100%!<\/p><\/blockquote>\n<p>Avui us mostrem un projecte d\u00b4autoconsum situat a Badalona (Barcelona). Es tracta d\u00b4un projecte d\u00b4autoconsum promogut per Grup La Pau. el comprom\u00eds amb el medi ambient i l&#039;energia verda s&#039;ha vist tradu\u00eft en la instal\u00b7laci\u00f3 de 56 panells solars a la coberta de les seves instal\u00b7lacions la pot\u00e8ncia total de les quals ascendeix a 25kWp. Gr\u00e0cies a aquesta instal\u00b7laci\u00f3 Grup La Pau t\u00e9 com a objectiu reduir un 35% el consum energ\u00e8tic!<\/p>\n<p>Gr\u00e0cies per confiar en Audax, \u00e9s un plaer treballar amb clients que aposten per generar energia neta, que s\u00f3n respectuosos amb el medi ambient i compromesos amb el futur del planeta reduint les emissions de CO2 a l&#039;atmosfera.<br \/>\nSi tu tamb\u00e9 vols apostar per la sostenibilitat i per reduir la teva petjada de carboni, produint la teva pr\u00f2pia energia 100% verda, contacta&#039;ns i t&#039;oferirem la millor soluci\u00f3 en autoconsum.<br \/>\n#greenenergy #audaxrenovables #instal\u00b7lacionsolarfotovoltaica #autoconsumFV #autoconsum #panellssolars #fotovoltaic #autoconsumofv #solar #fotovolta energia<\/p>","protected":false},"excerpt":{"rendered":"<p>\u00a1Grup La Pau se une al autoconsumo! \u00a1Nuevos clientes que producen su propia energ\u00eda 100% verde! Hoy os mostramos un proyecto de autoconsumo situado en Badalona (Barcelona). Se trata de un proyecto de autoconsumo promovido por Grup La Pau. cuyo compromiso con el medio ambiente y la energ\u00eda verde se ha visto traducido en la [&hellip;]<\/p>\n","protected":false},"author":1,"featured_media":2552,"comment_status":"closed","ping_status":"open","sticky":false,"template":"","format":"standard","meta":{"content-type":"","footnotes":""},"categories":[1],"tags":[],"class_list":["post-2553","post","type-post","status-publish","format-standard","has-post-thumbnail","hentry","category-sin-categoria"],"yoast_head":"<!-- This site is optimized with the Yoast SEO plugin v23.5 - https:\/\/yoast.com\/wordpress\/plugins\/seo\/ -->\n<title>?Grup La Pau se une al autoconsumo!<\/title>\n<meta name=\"description\" content=\"Grup La Pau se une al autoconsumo\" \/>\n<meta name=\"robots\" content=\"index, follow, max-snippet:-1, max-image-preview:large, max-video-preview:-1\" \/>\n<link rel=\"canonical\" href=\"https:\/\/www.audaxrenovables.es\/ca\/grup-la-pau-suneix-a-lautoconsum\/\" \/>\n<meta property=\"og:locale\" content=\"ca_ES\" \/>\n<meta property=\"og:type\" content=\"article\" \/>\n<meta property=\"og:title\" content=\"?Grup La Pau se une al autoconsumo!\" \/>\n<meta property=\"og:description\" content=\"Grup La Pau se une al autoconsumo\" \/>\n<meta property=\"og:url\" content=\"https:\/\/www.audaxrenovables.es\/ca\/grup-la-pau-suneix-a-lautoconsum\/\" \/>\n<meta property=\"og:site_name\" content=\"Audax Renovables\" \/>\n<meta property=\"article:published_time\" content=\"2020-10-26T10:48:50+00:00\" \/>\n<meta property=\"article:modified_time\" content=\"2023-06-20T11:45:23+00:00\" \/>\n<meta property=\"og:image\" content=\"https:\/\/www.audaxrenovables.es\/wp-content\/uploads\/2023\/06\/26102020.jpg.jpg\" \/>\n\t<meta property=\"og:image:width\" content=\"713\" \/>\n\t<meta property=\"og:image:height\" content=\"403\" \/>\n\t<meta property=\"og:image:type\" content=\"image\/jpeg\" \/>\n<meta name=\"author\" content=\"adminadx\" \/>\n<meta name=\"twitter:card\" content=\"summary_large_image\" \/>\n<meta name=\"twitter:label1\" content=\"Escrit per\" \/>\n\t<meta name=\"twitter:data1\" content=\"adminadx\" \/>\n\t<meta name=\"twitter:label2\" content=\"Temps estimat de lectura\" \/>\n\t<meta name=\"twitter:data2\" content=\"1 minut\" \/>\n<!-- \/ Yoast SEO plugin. -->","yoast_head_json":{"title":"?Grup La Pau s?uneix al?autoconsum!","description":"Grup La Pau s&#039;uneix a l&#039;autoconsum","robots":{"index":"index","follow":"follow","max-snippet":"max-snippet:-1","max-image-preview":"max-image-preview:large","max-video-preview":"max-video-preview:-1"},"canonical":"https:\/\/www.audaxrenovables.es\/ca\/grup-la-pau-suneix-a-lautoconsum\/","og_locale":"ca_ES","og_type":"article","og_title":"?Grup La Pau se une al autoconsumo!","og_description":"Grup La Pau se une al autoconsumo","og_url":"https:\/\/www.audaxrenovables.es\/ca\/grup-la-pau-suneix-a-lautoconsum\/","og_site_name":"Audax Renovables","article_published_time":"2020-10-26T10:48:50+00:00","article_modified_time":"2023-06-20T11:45:23+00:00","og_image":[{"width":713,"height":403,"url":"https:\/\/www.audaxrenovables.es\/wp-content\/uploads\/2023\/06\/26102020.jpg.jpg","type":"image\/jpeg"}],"author":"adminadx","twitter_card":"summary_large_image","twitter_misc":{"Escrit per":"adminadx","Temps estimat de lectura":"1 minut"},"schema":{"@context":"https:\/\/schema.org","@graph":[{"@type":"Article","@id":"https:\/\/www.audaxrenovables.es\/ca\/grup-la-pau-suneix-a-lautoconsum\/#article","isPartOf":{"@id":"https:\/\/www.audaxrenovables.es\/ca\/grup-la-pau-suneix-a-lautoconsum\/"},"author":{"name":"adminadx","@id":"https:\/\/www.audaxrenovables.es\/ca\/#\/schema\/person\/39323131dc9a121279e4e63ed89ffbea"},"headline":"\u00a1Grup La Pau se une al autoconsumo!","datePublished":"2020-10-26T10:48:50+00:00","dateModified":"2023-06-20T11:45:23+00:00","mainEntityOfPage":{"@id":"https:\/\/www.audaxrenovables.es\/ca\/grup-la-pau-suneix-a-lautoconsum\/"},"wordCount":185,"publisher":{"@id":"https:\/\/www.audaxrenovables.es\/ca\/#organization"},"image":{"@id":"https:\/\/www.audaxrenovables.es\/ca\/grup-la-pau-suneix-a-lautoconsum\/#primaryimage"},"thumbnailUrl":"https:\/\/www.audaxrenovables.es\/wp-content\/uploads\/2023\/06\/26102020.jpg.jpg","articleSection":["Sin categor\u00eda"],"inLanguage":"ca"},{"@type":["WebPage","ItemPage"],"@id":"https:\/\/www.audaxrenovables.es\/ca\/grup-la-pau-suneix-a-lautoconsum\/","url":"https:\/\/www.audaxrenovables.es\/ca\/grup-la-pau-suneix-a-lautoconsum\/","name":"?Grup La Pau s?uneix al?autoconsum!","isPartOf":{"@id":"https:\/\/www.audaxrenovables.es\/ca\/#website"},"primaryImageOfPage":{"@id":"https:\/\/www.audaxrenovables.es\/ca\/grup-la-pau-suneix-a-lautoconsum\/#primaryimage"},"image":{"@id":"https:\/\/www.audaxrenovables.es\/ca\/grup-la-pau-suneix-a-lautoconsum\/#primaryimage"},"thumbnailUrl":"https:\/\/www.audaxrenovables.es\/wp-content\/uploads\/2023\/06\/26102020.jpg.jpg","datePublished":"2020-10-26T10:48:50+00:00","dateModified":"2023-06-20T11:45:23+00:00","description":"Grup La Pau s&#039;uneix a l&#039;autoconsum","breadcrumb":{"@id":"https:\/\/www.audaxrenovables.es\/ca\/grup-la-pau-suneix-a-lautoconsum\/#breadcrumb"},"inLanguage":"ca","potentialAction":[{"@type":"ReadAction","target":["https:\/\/www.audaxrenovables.es\/ca\/grup-la-pau-suneix-a-lautoconsum\/"]}]},{"@type":"ImageObject","inLanguage":"ca","@id":"https:\/\/www.audaxrenovables.es\/ca\/grup-la-pau-suneix-a-lautoconsum\/#primaryimage","url":"https:\/\/www.audaxrenovables.es\/wp-content\/uploads\/2023\/06\/26102020.jpg.jpg","contentUrl":"https:\/\/www.audaxrenovables.es\/wp-content\/uploads\/2023\/06\/26102020.jpg.jpg","width":713,"height":403},{"@type":"BreadcrumbList","@id":"https:\/\/www.audaxrenovables.es\/ca\/grup-la-pau-suneix-a-lautoconsum\/#breadcrumb","itemListElement":[{"@type":"ListItem","position":1,"name":"Portada","item":"https:\/\/www.audaxrenovables.es\/es\/"},{"@type":"ListItem","position":2,"name":"\u00a1Grup La Pau se une al autoconsumo!"}]},{"@type":"WebSite","@id":"https:\/\/www.audaxrenovables.es\/ca\/#website","url":"https:\/\/www.audaxrenovables.es\/ca\/","name":"Audax Renovables","description":"Companyia independent dedicada a la producci\u00f3 denergia el\u00e8ctrica a partir de fonts denergia 100% renovables","publisher":{"@id":"https:\/\/www.audaxrenovables.es\/ca\/#organization"},"potentialAction":[{"@type":"SearchAction","target":{"@type":"EntryPoint","urlTemplate":"https:\/\/www.audaxrenovables.es\/ca\/?s={search_term_string}"},"query-input":{"@type":"PropertyValueSpecification","valueRequired":true,"valueName":"search_term_string"}}],"inLanguage":"ca"},{"@type":"Organization","@id":"https:\/\/www.audaxrenovables.es\/ca\/#organization","name":"Audax Renovables","alternateName":"Audax Energ\u00eda","url":"https:\/\/www.audaxrenovables.es\/ca\/","logo":{"@type":"ImageObject","inLanguage":"ca","@id":"https:\/\/www.audaxrenovables.es\/ca\/#\/schema\/logo\/image\/","url":"https:\/\/www.audaxrenovables.es\/wp-content\/uploads\/2023\/04\/logo.png","contentUrl":"https:\/\/www.audaxrenovables.es\/wp-content\/uploads\/2023\/04\/logo.png","width":197,"height":125,"caption":"Audax Renovables"},"image":{"@id":"https:\/\/www.audaxrenovables.es\/ca\/#\/schema\/logo\/image\/"},"sameAs":["https:\/\/www.instagram.com\/audaxrenovables\/","https:\/\/x.com\/AudaxRenovables","https:\/\/www.youtube.com\/user\/AudaxEnergia","https:\/\/www.tiktok.com\/@audaxrenovables","https:\/\/www.linkedin.com\/company\/203502\/admin\/"]},{"@type":"Person","@id":"https:\/\/www.audaxrenovables.es\/ca\/#\/schema\/person\/39323131dc9a121279e4e63ed89ffbea","name":"adminadx","image":{"@type":"ImageObject","inLanguage":"ca","@id":"https:\/\/www.audaxrenovables.es\/ca\/#\/schema\/person\/image\/","url":"https:\/\/secure.gravatar.com\/avatar\/60b4d621160a422b02f2d19db7066f73c964c792ce03f3da9d36f40a41bdd2e6?s=96&d=mm&r=g","contentUrl":"https:\/\/secure.gravatar.com\/avatar\/60b4d621160a422b02f2d19db7066f73c964c792ce03f3da9d36f40a41bdd2e6?s=96&d=mm&r=g","caption":"adminadx"},"sameAs":["https:\/\/audaxrenovables.es"]}]}},"_links":{"self":[{"href":"https:\/\/www.audaxrenovables.es\/ca\/wp-json\/wp\/v2\/posts\/2553","targetHints":{"allow":["GET"]}}],"collection":[{"href":"https:\/\/www.audaxrenovables.es\/ca\/wp-json\/wp\/v2\/posts"}],"about":[{"href":"https:\/\/www.audaxrenovables.es\/ca\/wp-json\/wp\/v2\/types\/post"}],"author":[{"embeddable":true,"href":"https:\/\/www.audaxrenovables.es\/ca\/wp-json\/wp\/v2\/users\/1"}],"replies":[{"embeddable":true,"href":"https:\/\/www.audaxrenovables.es\/ca\/wp-json\/wp\/v2\/comments?post=2553"}],"version-history":[{"count":1,"href":"https:\/\/www.audaxrenovables.es\/ca\/wp-json\/wp\/v2\/posts\/2553\/revisions"}],"predecessor-version":[{"id":2826,"href":"https:\/\/www.audaxrenovables.es\/ca\/wp-json\/wp\/v2\/posts\/2553\/revisions\/2826"}],"wp:featuredmedia":[{"embeddable":true,"href":"https:\/\/www.audaxrenovables.es\/ca\/wp-json\/wp\/v2\/media\/2552"}],"wp:attachment":[{"href":"https:\/\/www.audaxrenovables.es\/ca\/wp-json\/wp\/v2\/media?parent=2553"}],"wp:term":[{"taxonomy":"category","embeddable":true,"href":"https:\/\/www.audaxrenovables.es\/ca\/wp-json\/wp\/v2\/categories?post=2553"},{"taxonomy":"post_tag","embeddable":true,"href":"https:\/\/www.audaxrenovables.es\/ca\/wp-json\/wp\/v2\/tags?post=2553"}],"curies":[{"name":"wp","href":"https:\/\/api.w.org\/{rel}","templated":true}]}}