{"id":2555,"date":"2020-10-22T14:51:23","date_gmt":"2020-10-22T14:51:23","guid":{"rendered":"https:\/\/audaxrenovables.es\/audax-inicia-la-construccion-de-20-mw-mas-en-guadalajara\/"},"modified":"2020-10-22T14:51:23","modified_gmt":"2020-10-22T14:51:23","slug":"audax-inicia-la-construccion-de-20-mw-mas-en-guadalajara","status":"publish","type":"post","link":"https:\/\/www.audaxrenovables.es\/ca\/audax-inicia-la-construccio-de-20-mw-mes-a-guadalajara\/","title":{"rendered":"Audax Renovables segueix apostant per la generaci\u00f3 d&#039;energia renovable i inicia la construcci\u00f3 de 20 MW m\u00e9s a Guadalajara"},"content":{"rendered":"<p><img decoding=\"async\" class=\"adx_img_post\" src=\"https:\/\/www.audaxrenovables.es\/uploads\/2020\/10\/22\/49bcc8958a84045fb4119d059b8d637e.jpg\" \/><\/p>\n<p><h1 class=\"adx_tit_post\">Audax Renovables segueix apostant per la generaci\u00f3 d&#039;energia renovable i inicia la construcci\u00f3 de 20 MW m\u00e9s a Guadalajara<\/h1>\n<\/p>\n<blockquote>\n<p>La instal\u00b7laci\u00f3 de Torija, prov\u00edncia de Guadalajara, produir\u00e0 32,4GWh a l&#039;any, cosa que equival al consum de 9.400 llars<\/p>\n<\/blockquote>\n<p>\nAudax Renovables (ADX.MC), el grup energ\u00e8tic que integra els negocis de generaci\u00f3 i comercialitzaci\u00f3 d&#039;electricitat 100% renovable torna a impulsar els seus projectes de generaci\u00f3 iniciant les obres de 20 MWp a la prov\u00edncia de Guadalajara.&nbsp;<\/p>\n<p>Amb data d&#039;avui, Audax Renovables ha iniciat la construcci\u00f3 de 20 MW nous a les plantes fotovoltaiques de Les Alberizas I, II, III i IV ubicades al Municipi guadalajare\u00f1o de Torija, i que comptaran amb la instal\u00b7laci\u00f3 de 59.760 panells solars, produiran 32 ,44 GWh a l&#039;any d&#039;energia que equival al consum anual de m\u00e9s de 9.400 llars.<\/p>\n<p>L&#039;aposta del Grup Audax per les instal\u00b7lacions de generaci\u00f3 d&#039;energia renovable continua sent clara, i aquestes plantes s\u00f3n les setenes que el grup construeix a Castella-la Manxa amb una inversi\u00f3 que supera els 9 milions d&#039;euros.<\/p>\n<p>Audax impulsa des de fa anys en el desenvolupament de les energies renovables per aconseguir una transici\u00f3 energ\u00e8tica sostenible, en concordan\u00e7a amb el gir que impulsa la Uni\u00f3 Europea, i per continuar generant ocupaci\u00f3 i creixement de qualitat. Un exemple clar \u00e9s que, recentment, Audax Renovables va estar visitant la finalitzaci\u00f3 les obres de tres instal\u00b7lacions fotovoltaiques m\u00e9s ubicades als municipis de Fontanar i El Casar, tamb\u00e9 ubicats a la prov\u00edncia de Guadalajara, amb una pot\u00e8ncia nominal instal\u00b7lada conjunta de 15 MW .<\/p>\n<p>Per construir-les, Audax Renovables s&#039;assegura el seu acompanyament amb contractistes de primer nivell, que compleixen amb alts est\u00e0ndards de qualitat, havent signat el contracte sota la modalitat EPC (clau en m\u00e0) amb Risen Energy Spain, SL (pertanyent al grup Risen Energy Co Ltd) i, per altra banda, ImMODO Fotovoltaica, els qui van desenvolupar la planta i exerciran la supervisi\u00f3 de tota l&#039;obra. &nbsp;<\/p>\n<p>La construcci\u00f3 de la instal\u00b7laci\u00f3 referida ser\u00e0 executada, en part, gr\u00e0cies a la primera emissi\u00f3 de bons verds que va fer Audax Renovables el mes de setembre passat i que puja a un import de 20 milions d&#039;euros. La resta es finan\u00e7ar\u00e0 amb recursos propis.<\/p>\n<p>Aquest projecte s&#039;emmarca dins de l&#039;estrat\u00e8gia del Grup Audax d&#039;augmentar la seva cartera de generaci\u00f3 amb l&#039;objectiu de subministrar als clients energia d&#039;origen renovable produ\u00efda a les plantes.&nbsp;<br \/>\n&nbsp;<\/p>","protected":false},"excerpt":{"rendered":"<p>Audax Renovables sigue apostando por la generaci\u00f3n de energ\u00eda renovable e inicia la construcci\u00f3n de 20 MW m\u00e1s en Guadalajara La instalaci&oacute;n de Torija, provincia de Guadalajara, producir&aacute; 32,4GWh al a&ntilde;o, lo que equivale al consumo de 9.400 hogares Audax Renovables (ADX.MC), el grupo energ&eacute;tico que integra los negocios de generaci&oacute;n y comercializaci&oacute;n de electricidad [&hellip;]<\/p>\n","protected":false},"author":1,"featured_media":2554,"comment_status":"","ping_status":"open","sticky":false,"template":"","format":"standard","meta":{"content-type":"","footnotes":""},"categories":[1],"tags":[],"class_list":["post-2555","post","type-post","status-publish","format-standard","has-post-thumbnail","hentry","category-sin-categoria"],"yoast_head":"<!-- This site is optimized with the Yoast SEO plugin v23.5 - https:\/\/yoast.com\/wordpress\/plugins\/seo\/ -->\n<title>Audax Renovables sigue apostando por la generaci?n de energ?a renovable e inicia la construcci?n de 20 MW m?s en Guadalajara<\/title>\n<meta name=\"description\" content=\"Audax inicia la construcci?n de 20 MW m?s en Guadalajara\" \/>\n<meta name=\"robots\" content=\"index, follow, max-snippet:-1, max-image-preview:large, max-video-preview:-1\" \/>\n<link rel=\"canonical\" href=\"https:\/\/www.audaxrenovables.es\/ca\/audax-inicia-la-construccio-de-20-mw-mes-a-guadalajara\/\" \/>\n<meta property=\"og:locale\" content=\"ca_ES\" \/>\n<meta property=\"og:type\" content=\"article\" \/>\n<meta property=\"og:title\" content=\"Audax Renovables sigue apostando por la generaci?n de energ?a renovable e inicia la construcci?n de 20 MW m?s en Guadalajara\" \/>\n<meta property=\"og:description\" content=\"Audax inicia la construcci?n de 20 MW m?s en Guadalajara\" \/>\n<meta property=\"og:url\" content=\"https:\/\/www.audaxrenovables.es\/ca\/audax-inicia-la-construccio-de-20-mw-mes-a-guadalajara\/\" \/>\n<meta property=\"og:site_name\" content=\"Audax Renovables\" \/>\n<meta property=\"article:published_time\" content=\"2020-10-22T14:51:23+00:00\" \/>\n<meta property=\"og:image\" content=\"https:\/\/www.audaxrenovables.es\/wp-content\/uploads\/2023\/06\/22102020.jpg.jpg\" \/>\n\t<meta property=\"og:image:width\" content=\"713\" \/>\n\t<meta property=\"og:image:height\" content=\"403\" \/>\n\t<meta property=\"og:image:type\" content=\"image\/jpeg\" \/>\n<meta name=\"author\" content=\"adminadx\" \/>\n<meta name=\"twitter:card\" content=\"summary_large_image\" \/>\n<meta name=\"twitter:label1\" content=\"Escrit per\" \/>\n\t<meta name=\"twitter:data1\" content=\"adminadx\" \/>\n\t<meta name=\"twitter:label2\" content=\"Temps estimat de lectura\" \/>\n\t<meta name=\"twitter:data2\" content=\"2 minuts\" \/>\n<!-- \/ Yoast SEO plugin. -->","yoast_head_json":{"title":"Audax Renovables segueix apostant per la generaci? d?energia renovable i inicia la construcci? de 20 MW m?s a Guadalajara","description":"Audax inicia la construcci? de 20 MW m?s a Guadalajara","robots":{"index":"index","follow":"follow","max-snippet":"max-snippet:-1","max-image-preview":"max-image-preview:large","max-video-preview":"max-video-preview:-1"},"canonical":"https:\/\/www.audaxrenovables.es\/ca\/audax-inicia-la-construccio-de-20-mw-mes-a-guadalajara\/","og_locale":"ca_ES","og_type":"article","og_title":"Audax Renovables sigue apostando por la generaci?n de energ?a renovable e inicia la construcci?n de 20 MW m?s en Guadalajara","og_description":"Audax inicia la construcci?n de 20 MW m?s en Guadalajara","og_url":"https:\/\/www.audaxrenovables.es\/ca\/audax-inicia-la-construccio-de-20-mw-mes-a-guadalajara\/","og_site_name":"Audax Renovables","article_published_time":"2020-10-22T14:51:23+00:00","og_image":[{"width":713,"height":403,"url":"https:\/\/www.audaxrenovables.es\/wp-content\/uploads\/2023\/06\/22102020.jpg.jpg","type":"image\/jpeg"}],"author":"adminadx","twitter_card":"summary_large_image","twitter_misc":{"Escrit per":"adminadx","Temps estimat de lectura":"2 minuts"},"schema":{"@context":"https:\/\/schema.org","@graph":[{"@type":"Article","@id":"https:\/\/www.audaxrenovables.es\/ca\/audax-inicia-la-construccio-de-20-mw-mes-a-guadalajara\/#article","isPartOf":{"@id":"https:\/\/www.audaxrenovables.es\/ca\/audax-inicia-la-construccio-de-20-mw-mes-a-guadalajara\/"},"author":{"name":"adminadx","@id":"https:\/\/www.audaxrenovables.es\/ca\/#\/schema\/person\/39323131dc9a121279e4e63ed89ffbea"},"headline":"Audax Renovables sigue apostando por la generaci\u00f3n de energ\u00eda renovable e inicia la construcci\u00f3n de 20 MW m\u00e1s en Guadalajara","datePublished":"2020-10-22T14:51:23+00:00","dateModified":"2020-10-22T14:51:23+00:00","mainEntityOfPage":{"@id":"https:\/\/www.audaxrenovables.es\/ca\/audax-inicia-la-construccio-de-20-mw-mes-a-guadalajara\/"},"wordCount":498,"publisher":{"@id":"https:\/\/www.audaxrenovables.es\/ca\/#organization"},"image":{"@id":"https:\/\/www.audaxrenovables.es\/ca\/audax-inicia-la-construccio-de-20-mw-mes-a-guadalajara\/#primaryimage"},"thumbnailUrl":"https:\/\/www.audaxrenovables.es\/wp-content\/uploads\/2023\/06\/22102020.jpg.jpg","articleSection":["Sin categor\u00eda"],"inLanguage":"ca"},{"@type":["WebPage","ItemPage"],"@id":"https:\/\/www.audaxrenovables.es\/ca\/audax-inicia-la-construccio-de-20-mw-mes-a-guadalajara\/","url":"https:\/\/www.audaxrenovables.es\/ca\/audax-inicia-la-construccio-de-20-mw-mes-a-guadalajara\/","name":"Audax Renovables segueix apostant per la generaci? d?energia renovable i inicia la construcci? de 20 MW m?s a Guadalajara","isPartOf":{"@id":"https:\/\/www.audaxrenovables.es\/ca\/#website"},"primaryImageOfPage":{"@id":"https:\/\/www.audaxrenovables.es\/ca\/audax-inicia-la-construccio-de-20-mw-mes-a-guadalajara\/#primaryimage"},"image":{"@id":"https:\/\/www.audaxrenovables.es\/ca\/audax-inicia-la-construccio-de-20-mw-mes-a-guadalajara\/#primaryimage"},"thumbnailUrl":"https:\/\/www.audaxrenovables.es\/wp-content\/uploads\/2023\/06\/22102020.jpg.jpg","datePublished":"2020-10-22T14:51:23+00:00","dateModified":"2020-10-22T14:51:23+00:00","description":"Audax inicia la construcci? de 20 MW m?s a Guadalajara","breadcrumb":{"@id":"https:\/\/www.audaxrenovables.es\/ca\/audax-inicia-la-construccio-de-20-mw-mes-a-guadalajara\/#breadcrumb"},"inLanguage":"ca","potentialAction":[{"@type":"ReadAction","target":["https:\/\/www.audaxrenovables.es\/ca\/audax-inicia-la-construccio-de-20-mw-mes-a-guadalajara\/"]}]},{"@type":"ImageObject","inLanguage":"ca","@id":"https:\/\/www.audaxrenovables.es\/ca\/audax-inicia-la-construccio-de-20-mw-mes-a-guadalajara\/#primaryimage","url":"https:\/\/www.audaxrenovables.es\/wp-content\/uploads\/2023\/06\/22102020.jpg.jpg","contentUrl":"https:\/\/www.audaxrenovables.es\/wp-content\/uploads\/2023\/06\/22102020.jpg.jpg","width":713,"height":403},{"@type":"BreadcrumbList","@id":"https:\/\/www.audaxrenovables.es\/ca\/audax-inicia-la-construccio-de-20-mw-mes-a-guadalajara\/#breadcrumb","itemListElement":[{"@type":"ListItem","position":1,"name":"Portada","item":"https:\/\/www.audaxrenovables.es\/es\/"},{"@type":"ListItem","position":2,"name":"Audax Renovables sigue apostando por la generaci\u00f3n de energ\u00eda renovable e inicia la construcci\u00f3n de 20 MW m\u00e1s en Guadalajara"}]},{"@type":"WebSite","@id":"https:\/\/www.audaxrenovables.es\/ca\/#website","url":"https:\/\/www.audaxrenovables.es\/ca\/","name":"Audax Renovables","description":"Companyia independent dedicada a la producci\u00f3 denergia el\u00e8ctrica a partir de fonts denergia 100% renovables","publisher":{"@id":"https:\/\/www.audaxrenovables.es\/ca\/#organization"},"potentialAction":[{"@type":"SearchAction","target":{"@type":"EntryPoint","urlTemplate":"https:\/\/www.audaxrenovables.es\/ca\/?s={search_term_string}"},"query-input":{"@type":"PropertyValueSpecification","valueRequired":true,"valueName":"search_term_string"}}],"inLanguage":"ca"},{"@type":"Organization","@id":"https:\/\/www.audaxrenovables.es\/ca\/#organization","name":"Audax Renovables","alternateName":"Audax Energ\u00eda","url":"https:\/\/www.audaxrenovables.es\/ca\/","logo":{"@type":"ImageObject","inLanguage":"ca","@id":"https:\/\/www.audaxrenovables.es\/ca\/#\/schema\/logo\/image\/","url":"https:\/\/www.audaxrenovables.es\/wp-content\/uploads\/2023\/04\/logo.png","contentUrl":"https:\/\/www.audaxrenovables.es\/wp-content\/uploads\/2023\/04\/logo.png","width":197,"height":125,"caption":"Audax Renovables"},"image":{"@id":"https:\/\/www.audaxrenovables.es\/ca\/#\/schema\/logo\/image\/"},"sameAs":["https:\/\/www.instagram.com\/audaxrenovables\/","https:\/\/x.com\/AudaxRenovables","https:\/\/www.youtube.com\/user\/AudaxEnergia","https:\/\/www.tiktok.com\/@audaxrenovables","https:\/\/www.linkedin.com\/company\/203502\/admin\/"]},{"@type":"Person","@id":"https:\/\/www.audaxrenovables.es\/ca\/#\/schema\/person\/39323131dc9a121279e4e63ed89ffbea","name":"adminadx","image":{"@type":"ImageObject","inLanguage":"ca","@id":"https:\/\/www.audaxrenovables.es\/ca\/#\/schema\/person\/image\/","url":"https:\/\/secure.gravatar.com\/avatar\/60b4d621160a422b02f2d19db7066f73c964c792ce03f3da9d36f40a41bdd2e6?s=96&d=mm&r=g","contentUrl":"https:\/\/secure.gravatar.com\/avatar\/60b4d621160a422b02f2d19db7066f73c964c792ce03f3da9d36f40a41bdd2e6?s=96&d=mm&r=g","caption":"adminadx"},"sameAs":["https:\/\/audaxrenovables.es"]}]}},"_links":{"self":[{"href":"https:\/\/www.audaxrenovables.es\/ca\/wp-json\/wp\/v2\/posts\/2555","targetHints":{"allow":["GET"]}}],"collection":[{"href":"https:\/\/www.audaxrenovables.es\/ca\/wp-json\/wp\/v2\/posts"}],"about":[{"href":"https:\/\/www.audaxrenovables.es\/ca\/wp-json\/wp\/v2\/types\/post"}],"author":[{"embeddable":true,"href":"https:\/\/www.audaxrenovables.es\/ca\/wp-json\/wp\/v2\/users\/1"}],"replies":[{"embeddable":true,"href":"https:\/\/www.audaxrenovables.es\/ca\/wp-json\/wp\/v2\/comments?post=2555"}],"version-history":[{"count":0,"href":"https:\/\/www.audaxrenovables.es\/ca\/wp-json\/wp\/v2\/posts\/2555\/revisions"}],"wp:featuredmedia":[{"embeddable":true,"href":"https:\/\/www.audaxrenovables.es\/ca\/wp-json\/wp\/v2\/media\/2554"}],"wp:attachment":[{"href":"https:\/\/www.audaxrenovables.es\/ca\/wp-json\/wp\/v2\/media?parent=2555"}],"wp:term":[{"taxonomy":"category","embeddable":true,"href":"https:\/\/www.audaxrenovables.es\/ca\/wp-json\/wp\/v2\/categories?post=2555"},{"taxonomy":"post_tag","embeddable":true,"href":"https:\/\/www.audaxrenovables.es\/ca\/wp-json\/wp\/v2\/tags?post=2555"}],"curies":[{"name":"wp","href":"https:\/\/api.w.org\/{rel}","templated":true}]}}