{"id":2559,"date":"2020-10-13T08:11:09","date_gmt":"2020-10-13T08:11:09","guid":{"rendered":"https:\/\/audaxrenovables.es\/audax-suministrara-electricidad-100-verde-a-chiclana\/"},"modified":"2023-06-20T11:50:30","modified_gmt":"2023-06-20T11:50:30","slug":"audax-suministrara-electricidad-100-verde-a-chiclana","status":"publish","type":"post","link":"https:\/\/www.audaxrenovables.es\/ca\/audax-subministrara-electricitat-100-verd-a-xiclana\/","title":{"rendered":"Audax Renovables subministrar\u00e0 electricitat 100% verda a l&#039;Ajuntament de Chiclana de la Frontera"},"content":{"rendered":"<p><img decoding=\"async\" class=\"adx_img_post\" src=\"https:\/\/www.audaxrenovables.es\/uploads\/2020\/10\/13\/73aab0cc328bb8a0be520ee3957f67dc.jpg\"><\/p>\n<h1 class=\"adx_tit_post\">Audax Renovables subministrar\u00e0 electricitat 100% verda a l&#039;Ajuntament de Chiclana de la Frontera<\/h1>\n<blockquote><p>La cotitzada Audax Renovables, un dels operadors principals del sector energ\u00e8tic nacional, ha guanyat el concurs p\u00fablic convocat per l&#039;Ajuntament de Chiclana de la Frontera per subministrar l&#039;electricitat a la totalitat dels edificis i b\u00e9ns municipals.&nbsp;<\/p><\/blockquote>\n<p>Audax Renovables ha estat la companyia energ\u00e8tica que ha presentat la millor oferta denergia 100% renovable i sha adjudicat en conseq\u00fc\u00e8ncia la totalitat del contracte a mercat lliure. Es tracta d&#039;un acord per subministrar m\u00e9s de 11.800.000 KWh d&#039;electricitat 100% verda a lliurar en 3 anys, un subministrament imprescindible perqu\u00e8 l&#039;Ajuntament pugui desenvolupar la seva activitat. Si s&#039;executa la pr\u00f2rroga de 2 anys que considera el contracte, l&#039;import subministrat superaria els 3,5 milions d&#039;euros.&nbsp;<\/p>\n<p>Dins del pla de millores en efici\u00e8ncia energ\u00e8tica ofert per Audax Renovables, s&#039;inclou la certificaci\u00f3 de tota l&#039;energia lliurada a l&#039;Ajuntament de Chiclana com a energia d&#039;origen 100% verda.<\/p>\n<p>Amb l&#039;objectiu de disminuir el cost energ\u00e8tic de l&#039;Ajuntament, Audax Renovables analitzar\u00e0 i proposar\u00e0, si escau, les capacitats contractades \u00f2ptimes per adequar a la regulaci\u00f3 vigent ia la demanda real de cada punt de subministrament, la pot\u00e8ncia \u00f2ptima a contractar.<\/p>\n<p>Addicionalment Audax dur\u00e0 a terme la instal\u00b7laci\u00f3 de sistemes de generaci\u00f3 d&#039;energia que permetin l&#039;autoconsum el\u00e8ctric a l&#039;Ajuntament a partir d&#039;energies renovables, per aix\u00f2 s&#039;instal\u00b7laran 30 KW plaques solars fotovoltaiques repartits en tres instal\u00b7lacions situades sobre cobertes dels edificis.<\/p>\n<p>Audax Renovables, grup que centra la seva activitat en la generaci\u00f3 i comercialitzaci\u00f3 d&#039;energia 100% renovable, fa temps que se situa com un dels operadors energ\u00e8tics m\u00e9s actius d&#039;Espanya. Al gran volum d&#039;electricitat comercialitzat grans consumidors del sector privat, se sumen contractes p\u00fablics adjudicats recentment.<br \/>\n&nbsp;<\/p>","protected":false},"excerpt":{"rendered":"<p>Audax Renovables suministrar\u00e1 electricidad 100% verde al Ayuntamiento de Chiclana de la Frontera La cotizada Audax Renovables, uno de los principales operadores del sector energ\u00e9tico nacional, ha ganado el concurso p\u00fablico convocado por el Ayuntamiento de Chiclana de la Frontera para suministrar la electricidad a la totalidad de los edificios y bienes municipales.&nbsp; Audax Renovables [&hellip;]<\/p>\n","protected":false},"author":1,"featured_media":2558,"comment_status":"closed","ping_status":"open","sticky":false,"template":"","format":"standard","meta":{"content-type":"","footnotes":""},"categories":[1],"tags":[],"class_list":["post-2559","post","type-post","status-publish","format-standard","has-post-thumbnail","hentry","category-sin-categoria"],"yoast_head":"<!-- This site is optimized with the Yoast SEO plugin v23.5 - https:\/\/yoast.com\/wordpress\/plugins\/seo\/ -->\n<title>Audax Renovables suministrar? electricidad 100% verde al Ayuntamiento de Chiclana de la Frontera<\/title>\n<meta name=\"description\" content=\"Audax suministrar? electricidad 100% verde a Chiclana\" \/>\n<meta name=\"robots\" content=\"index, follow, max-snippet:-1, max-image-preview:large, max-video-preview:-1\" \/>\n<link rel=\"canonical\" href=\"https:\/\/www.audaxrenovables.es\/ca\/audax-will-supply-100-green-electricity-to-chiclana\/\" \/>\n<meta property=\"og:locale\" content=\"ca_ES\" \/>\n<meta property=\"og:type\" content=\"article\" \/>\n<meta property=\"og:title\" content=\"Audax Renovables suministrar? electricidad 100% verde al Ayuntamiento de Chiclana de la Frontera\" \/>\n<meta property=\"og:description\" content=\"Audax suministrar? electricidad 100% verde a Chiclana\" \/>\n<meta property=\"og:url\" content=\"https:\/\/www.audaxrenovables.es\/ca\/audax-will-supply-100-green-electricity-to-chiclana\/\" \/>\n<meta property=\"og:site_name\" content=\"Audax Renovables\" \/>\n<meta property=\"article:published_time\" content=\"2020-10-13T08:11:09+00:00\" \/>\n<meta property=\"article:modified_time\" content=\"2023-06-20T11:50:30+00:00\" \/>\n<meta property=\"og:image\" content=\"https:\/\/www.audaxrenovables.es\/wp-content\/uploads\/2023\/06\/Chiclana.jpg.jpg\" \/>\n\t<meta property=\"og:image:width\" content=\"713\" \/>\n\t<meta property=\"og:image:height\" content=\"403\" \/>\n\t<meta property=\"og:image:type\" content=\"image\/jpeg\" \/>\n<meta name=\"author\" content=\"adminadx\" \/>\n<meta name=\"twitter:card\" content=\"summary_large_image\" \/>\n<meta name=\"twitter:label1\" content=\"Escrit per\" \/>\n\t<meta name=\"twitter:data1\" content=\"adminadx\" \/>\n\t<meta name=\"twitter:label2\" content=\"Temps estimat de lectura\" \/>\n\t<meta name=\"twitter:data2\" content=\"2 minuts\" \/>\n<!-- \/ Yoast SEO plugin. -->","yoast_head_json":{"title":"Audax Renovables subministrar? electricitat 100% verd a l&#039;Ajuntament de Chiclana de la Frontera","description":"Audax subministrar? electricitat 100% verd a Chiclana","robots":{"index":"index","follow":"follow","max-snippet":"max-snippet:-1","max-image-preview":"max-image-preview:large","max-video-preview":"max-video-preview:-1"},"canonical":"https:\/\/www.audaxrenovables.es\/ca\/audax-will-supply-100-green-electricity-to-chiclana\/","og_locale":"ca_ES","og_type":"article","og_title":"Audax Renovables suministrar? electricidad 100% verde al Ayuntamiento de Chiclana de la Frontera","og_description":"Audax suministrar? electricidad 100% verde a Chiclana","og_url":"https:\/\/www.audaxrenovables.es\/ca\/audax-will-supply-100-green-electricity-to-chiclana\/","og_site_name":"Audax Renovables","article_published_time":"2020-10-13T08:11:09+00:00","article_modified_time":"2023-06-20T11:50:30+00:00","og_image":[{"width":713,"height":403,"url":"https:\/\/www.audaxrenovables.es\/wp-content\/uploads\/2023\/06\/Chiclana.jpg.jpg","type":"image\/jpeg"}],"author":"adminadx","twitter_card":"summary_large_image","twitter_misc":{"Escrit per":"adminadx","Temps estimat de lectura":"2 minuts"},"schema":{"@context":"https:\/\/schema.org","@graph":[{"@type":"Article","@id":"https:\/\/www.audaxrenovables.es\/en\/audax-will-supply-100-green-electricity-to-chiclana\/#article","isPartOf":{"@id":"https:\/\/www.audaxrenovables.es\/en\/audax-will-supply-100-green-electricity-to-chiclana\/"},"author":{"name":"adminadx","@id":"https:\/\/www.audaxrenovables.es\/ca\/#\/schema\/person\/39323131dc9a121279e4e63ed89ffbea"},"headline":"Audax Renovables suministrar\u00e1 electricidad 100% verde al Ayuntamiento de Chiclana de la Frontera","datePublished":"2020-10-13T08:11:09+00:00","dateModified":"2023-06-20T11:50:30+00:00","mainEntityOfPage":{"@id":"https:\/\/www.audaxrenovables.es\/en\/audax-will-supply-100-green-electricity-to-chiclana\/"},"wordCount":335,"publisher":{"@id":"https:\/\/www.audaxrenovables.es\/ca\/#organization"},"image":{"@id":"https:\/\/www.audaxrenovables.es\/en\/audax-will-supply-100-green-electricity-to-chiclana\/#primaryimage"},"thumbnailUrl":"https:\/\/www.audaxrenovables.es\/wp-content\/uploads\/2023\/06\/Chiclana.jpg.jpg","articleSection":["Sin categor\u00eda"],"inLanguage":"ca"},{"@type":["WebPage","ItemPage"],"@id":"https:\/\/www.audaxrenovables.es\/en\/audax-will-supply-100-green-electricity-to-chiclana\/","url":"https:\/\/www.audaxrenovables.es\/en\/audax-will-supply-100-green-electricity-to-chiclana\/","name":"Audax Renovables subministrar? electricitat 100% verd a l&#039;Ajuntament de Chiclana de la Frontera","isPartOf":{"@id":"https:\/\/www.audaxrenovables.es\/ca\/#website"},"primaryImageOfPage":{"@id":"https:\/\/www.audaxrenovables.es\/en\/audax-will-supply-100-green-electricity-to-chiclana\/#primaryimage"},"image":{"@id":"https:\/\/www.audaxrenovables.es\/en\/audax-will-supply-100-green-electricity-to-chiclana\/#primaryimage"},"thumbnailUrl":"https:\/\/www.audaxrenovables.es\/wp-content\/uploads\/2023\/06\/Chiclana.jpg.jpg","datePublished":"2020-10-13T08:11:09+00:00","dateModified":"2023-06-20T11:50:30+00:00","description":"Audax subministrar? electricitat 100% verd a Chiclana","breadcrumb":{"@id":"https:\/\/www.audaxrenovables.es\/en\/audax-will-supply-100-green-electricity-to-chiclana\/#breadcrumb"},"inLanguage":"ca","potentialAction":[{"@type":"ReadAction","target":["https:\/\/www.audaxrenovables.es\/en\/audax-will-supply-100-green-electricity-to-chiclana\/"]}]},{"@type":"ImageObject","inLanguage":"ca","@id":"https:\/\/www.audaxrenovables.es\/en\/audax-will-supply-100-green-electricity-to-chiclana\/#primaryimage","url":"https:\/\/www.audaxrenovables.es\/wp-content\/uploads\/2023\/06\/Chiclana.jpg.jpg","contentUrl":"https:\/\/www.audaxrenovables.es\/wp-content\/uploads\/2023\/06\/Chiclana.jpg.jpg","width":713,"height":403},{"@type":"BreadcrumbList","@id":"https:\/\/www.audaxrenovables.es\/en\/audax-will-supply-100-green-electricity-to-chiclana\/#breadcrumb","itemListElement":[{"@type":"ListItem","position":1,"name":"Portada","item":"https:\/\/www.audaxrenovables.es\/es\/"},{"@type":"ListItem","position":2,"name":"Audax Renovables suministrar\u00e1 electricidad 100% verde al Ayuntamiento de Chiclana de la Frontera"}]},{"@type":"WebSite","@id":"https:\/\/www.audaxrenovables.es\/ca\/#website","url":"https:\/\/www.audaxrenovables.es\/ca\/","name":"Audax Renovables","description":"Companyia independent dedicada a la producci\u00f3 denergia el\u00e8ctrica a partir de fonts denergia 100% renovables","publisher":{"@id":"https:\/\/www.audaxrenovables.es\/ca\/#organization"},"potentialAction":[{"@type":"SearchAction","target":{"@type":"EntryPoint","urlTemplate":"https:\/\/www.audaxrenovables.es\/ca\/?s={search_term_string}"},"query-input":{"@type":"PropertyValueSpecification","valueRequired":true,"valueName":"search_term_string"}}],"inLanguage":"ca"},{"@type":"Organization","@id":"https:\/\/www.audaxrenovables.es\/ca\/#organization","name":"Audax Renovables","alternateName":"Audax Energ\u00eda","url":"https:\/\/www.audaxrenovables.es\/ca\/","logo":{"@type":"ImageObject","inLanguage":"ca","@id":"https:\/\/www.audaxrenovables.es\/ca\/#\/schema\/logo\/image\/","url":"https:\/\/www.audaxrenovables.es\/wp-content\/uploads\/2023\/04\/logo.png","contentUrl":"https:\/\/www.audaxrenovables.es\/wp-content\/uploads\/2023\/04\/logo.png","width":197,"height":125,"caption":"Audax Renovables"},"image":{"@id":"https:\/\/www.audaxrenovables.es\/ca\/#\/schema\/logo\/image\/"},"sameAs":["https:\/\/www.instagram.com\/audaxrenovables\/","https:\/\/x.com\/AudaxRenovables","https:\/\/www.youtube.com\/user\/AudaxEnergia","https:\/\/www.tiktok.com\/@audaxrenovables","https:\/\/www.linkedin.com\/company\/203502\/admin\/"]},{"@type":"Person","@id":"https:\/\/www.audaxrenovables.es\/ca\/#\/schema\/person\/39323131dc9a121279e4e63ed89ffbea","name":"adminadx","image":{"@type":"ImageObject","inLanguage":"ca","@id":"https:\/\/www.audaxrenovables.es\/ca\/#\/schema\/person\/image\/","url":"https:\/\/secure.gravatar.com\/avatar\/60b4d621160a422b02f2d19db7066f73c964c792ce03f3da9d36f40a41bdd2e6?s=96&d=mm&r=g","contentUrl":"https:\/\/secure.gravatar.com\/avatar\/60b4d621160a422b02f2d19db7066f73c964c792ce03f3da9d36f40a41bdd2e6?s=96&d=mm&r=g","caption":"adminadx"},"sameAs":["https:\/\/audaxrenovables.es"]}]}},"_links":{"self":[{"href":"https:\/\/www.audaxrenovables.es\/ca\/wp-json\/wp\/v2\/posts\/2559","targetHints":{"allow":["GET"]}}],"collection":[{"href":"https:\/\/www.audaxrenovables.es\/ca\/wp-json\/wp\/v2\/posts"}],"about":[{"href":"https:\/\/www.audaxrenovables.es\/ca\/wp-json\/wp\/v2\/types\/post"}],"author":[{"embeddable":true,"href":"https:\/\/www.audaxrenovables.es\/ca\/wp-json\/wp\/v2\/users\/1"}],"replies":[{"embeddable":true,"href":"https:\/\/www.audaxrenovables.es\/ca\/wp-json\/wp\/v2\/comments?post=2559"}],"version-history":[{"count":1,"href":"https:\/\/www.audaxrenovables.es\/ca\/wp-json\/wp\/v2\/posts\/2559\/revisions"}],"predecessor-version":[{"id":2828,"href":"https:\/\/www.audaxrenovables.es\/ca\/wp-json\/wp\/v2\/posts\/2559\/revisions\/2828"}],"wp:featuredmedia":[{"embeddable":true,"href":"https:\/\/www.audaxrenovables.es\/ca\/wp-json\/wp\/v2\/media\/2558"}],"wp:attachment":[{"href":"https:\/\/www.audaxrenovables.es\/ca\/wp-json\/wp\/v2\/media?parent=2559"}],"wp:term":[{"taxonomy":"category","embeddable":true,"href":"https:\/\/www.audaxrenovables.es\/ca\/wp-json\/wp\/v2\/categories?post=2559"},{"taxonomy":"post_tag","embeddable":true,"href":"https:\/\/www.audaxrenovables.es\/ca\/wp-json\/wp\/v2\/tags?post=2559"}],"curies":[{"name":"wp","href":"https:\/\/api.w.org\/{rel}","templated":true}]}}