{"id":2563,"date":"2020-10-07T07:16:47","date_gmt":"2020-10-07T07:16:47","guid":{"rendered":"https:\/\/audaxrenovables.es\/audax-renovables-visita-la-planta-en-el-casar\/"},"modified":"2023-06-20T11:50:58","modified_gmt":"2023-06-20T11:50:58","slug":"audax-renovables-visita-la-planta-en-el-casar","status":"publish","type":"post","link":"https:\/\/www.audaxrenovables.es\/ca\/audax-renovables-visita-la-planta-al-casar\/","title":{"rendered":"Audax Renovables visita la planta fotovoltaica que construeix a El Casar"},"content":{"rendered":"<p><img decoding=\"async\" class=\"adx_img_post\" src=\"https:\/\/www.audaxrenovables.es\/uploads\/2020\/10\/07\/80feb57456e8511de43d9b715f778784.jpg\"><\/p>\n<h1 class=\"adx_tit_post\">Audax Renovables visita la planta fotovoltaica que construeix a El Casar<\/h1>\n<blockquote><p>Les instal\u00b7lacions de Carolines I i II produiran 16,2 GWh d&#039;energia renovable a l&#039;any, cosa que equival aproximadament al consum de 4.600 llars<\/p><\/blockquote>\n<p>Audax Renovables (ADX.MC), el grup energ\u00e8tic que integra els negocis de generaci\u00f3 i comercialitzaci\u00f3 d&#039;electricitat 100% renovable ha realitzat la visita d&#039;obra pr\u00e8via a la inauguraci\u00f3 de les plantes fotovoltaiques Carolines I i II, que es preveu entre en funcionament a les properes setmanes.&nbsp;<\/p>\n<p>La visita s&#039;ha realitzat amb la pres\u00e8ncia de D. Eusebio Robles, Delegat del Govern de la Junta de Castella-la Manxa, D. Jose Lu\u00eds Tenorio Pasam\u00f3n, Delegat Provincial de Desenvolupament Sostenible a Guadalajara, Sra. Mar\u00eda Jos\u00e9 Valle, Alcaldessa del Casar , D. Javier Bule Viedma, Tinent d&#039;Alcalde del Casar i Sra. Maria de l&#039;\u00c0ngel Au\u00f1\u00f3n Carriedo, del Departament d&#039;Urbanisme de l&#039;Ajuntament del Casar que han acompanyat a la Direcci\u00f3 d&#039;Audax Renovables encap\u00e7alada per Jos\u00e9 El\u00edas Navaroo (President), Eduard Romeu Barcel\u00f3 (Vicepresident) i Anabel L\u00f3pez Porta (Directora de Generaci\u00f3), que van recalcar la import\u00e0ncia de les energies renovables per aconseguir una transici\u00f3 energ\u00e8tica sostenible i per continuar generant ocupaci\u00f3 i creixement de qualitat. &nbsp;<\/p>\n<p>La planta ubicada al municipi del Casar, a la prov\u00edncia de Guadalajara (Castella-La Manxa) produir\u00e0 16,2 GWh a l&#039;any d&#039;energia renovable. En aquesta visita, les autoritats han pogut con\u00e8ixer de primera m\u00e0 les caracter\u00edstiques de la planta que ocupa aproximadament 16 hect\u00e0rees. La instal\u00b7laci\u00f3 compta amb 29.820 panells solars que sumen 10 MW de pot\u00e8ncia nominal. L&#039;entrada en funcionament evitar\u00e0 l&#039;emissi\u00f3 de 3.240 tones de CO2 a l&#039;any a l&#039;atmosfera i suposar\u00e0 l&#039;equivalent a la plantaci\u00f3 de 6.480 arbres.<\/p>\n<p>Audax Renovables ha constru\u00eft la planta amb alts est\u00e0ndards de qualitat i ha comptat amb contractistes de primer nivell com Risen Energy, que ha realitzat la construcci\u00f3 sota la modalitat de contracte EPC (clau en m\u00e0) i, per altra banda, ImMODO Fotovoltaica, que van desenvolupar planta i han exercit la supervisi\u00f3 de tota l&#039;obra.&nbsp;<\/p>\n<p>Aquest projecte s&#039;emmarca dins de l&#039;estrat\u00e8gia del Grup Audax d&#039;augmentar la seva cartera de generaci\u00f3 amb l&#039;objectiu de subministrar als clients energia d&#039;origen renovable produ\u00efda a les plantes. El desenvolupament dels projectes esmentats per una suma total de 320 MW subministraran, un cop s&#039;inici\u00ef la posada en marxa, uns 600 GWh a l&#039;any d&#039;energia verda, que equival al consum anual de m\u00e9s de 171.600 llars.<br \/>\n&nbsp;<\/p>","protected":false},"excerpt":{"rendered":"<p>Audax Renovables visita la planta fotovoltaica que construye en El Casar Las instalaciones de Carolinas I y II producir\u00e1n 16,2 GWh de energ\u00eda renovable al a\u00f1o, lo que equivale aproximadamente al consumo de 4.600 hogares Audax Renovables (ADX.MC), el grupo energ\u00e9tico que integra los negocios de generaci\u00f3n y comercializaci\u00f3n de electricidad 100% renovable ha realizado [&hellip;]<\/p>\n","protected":false},"author":1,"featured_media":2562,"comment_status":"closed","ping_status":"open","sticky":false,"template":"","format":"standard","meta":{"content-type":"","footnotes":""},"categories":[1],"tags":[],"class_list":["post-2563","post","type-post","status-publish","format-standard","has-post-thumbnail","hentry","category-sin-categoria"],"yoast_head":"<!-- This site is optimized with the Yoast SEO plugin v23.5 - https:\/\/yoast.com\/wordpress\/plugins\/seo\/ -->\n<title>Audax Renovables visita la planta fotovoltaica que construye en El Casar<\/title>\n<meta name=\"description\" content=\"Audax Renovables visita la planta en El Casar\" \/>\n<meta name=\"robots\" content=\"index, follow, max-snippet:-1, max-image-preview:large, max-video-preview:-1\" \/>\n<link rel=\"canonical\" href=\"https:\/\/www.audaxrenovables.es\/ca\/audax-renewables-visits-the-plant-in-el-casar\/\" \/>\n<meta property=\"og:locale\" content=\"ca_ES\" \/>\n<meta property=\"og:type\" content=\"article\" \/>\n<meta property=\"og:title\" content=\"Audax Renovables visita la planta fotovoltaica que construye en El Casar\" \/>\n<meta property=\"og:description\" content=\"Audax Renovables visita la planta en El Casar\" \/>\n<meta property=\"og:url\" content=\"https:\/\/www.audaxrenovables.es\/ca\/audax-renewables-visits-the-plant-in-el-casar\/\" \/>\n<meta property=\"og:site_name\" content=\"Audax Renovables\" \/>\n<meta property=\"article:published_time\" content=\"2020-10-07T07:16:47+00:00\" \/>\n<meta property=\"article:modified_time\" content=\"2023-06-20T11:50:58+00:00\" \/>\n<meta property=\"og:image\" content=\"https:\/\/www.audaxrenovables.es\/wp-content\/uploads\/2023\/06\/elCasar.jpg.jpg\" \/>\n\t<meta property=\"og:image:width\" content=\"713\" \/>\n\t<meta property=\"og:image:height\" content=\"403\" \/>\n\t<meta property=\"og:image:type\" content=\"image\/jpeg\" \/>\n<meta name=\"author\" content=\"adminadx\" \/>\n<meta name=\"twitter:card\" content=\"summary_large_image\" \/>\n<meta name=\"twitter:label1\" content=\"Escrit per\" \/>\n\t<meta name=\"twitter:data1\" content=\"adminadx\" \/>\n\t<meta name=\"twitter:label2\" content=\"Temps estimat de lectura\" \/>\n\t<meta name=\"twitter:data2\" content=\"3 minuts\" \/>\n<!-- \/ Yoast SEO plugin. -->","yoast_head_json":{"title":"Audax Renovables visita la planta fotovoltaica que construeix a El Casar","description":"Audax Renovables visita la planta a El Casar","robots":{"index":"index","follow":"follow","max-snippet":"max-snippet:-1","max-image-preview":"max-image-preview:large","max-video-preview":"max-video-preview:-1"},"canonical":"https:\/\/www.audaxrenovables.es\/ca\/audax-renewables-visits-the-plant-in-el-casar\/","og_locale":"ca_ES","og_type":"article","og_title":"Audax Renovables visita la planta fotovoltaica que construye en El Casar","og_description":"Audax Renovables visita la planta en El Casar","og_url":"https:\/\/www.audaxrenovables.es\/ca\/audax-renewables-visits-the-plant-in-el-casar\/","og_site_name":"Audax Renovables","article_published_time":"2020-10-07T07:16:47+00:00","article_modified_time":"2023-06-20T11:50:58+00:00","og_image":[{"width":713,"height":403,"url":"https:\/\/www.audaxrenovables.es\/wp-content\/uploads\/2023\/06\/elCasar.jpg.jpg","type":"image\/jpeg"}],"author":"adminadx","twitter_card":"summary_large_image","twitter_misc":{"Escrit per":"adminadx","Temps estimat de lectura":"3 minuts"},"schema":{"@context":"https:\/\/schema.org","@graph":[{"@type":"Article","@id":"https:\/\/www.audaxrenovables.es\/en\/audax-renewables-visits-the-plant-in-el-casar\/#article","isPartOf":{"@id":"https:\/\/www.audaxrenovables.es\/en\/audax-renewables-visits-the-plant-in-el-casar\/"},"author":{"name":"adminadx","@id":"https:\/\/www.audaxrenovables.es\/ca\/#\/schema\/person\/39323131dc9a121279e4e63ed89ffbea"},"headline":"Audax Renovables visita la planta fotovoltaica que construye en El Casar","datePublished":"2020-10-07T07:16:47+00:00","dateModified":"2023-06-20T11:50:58+00:00","mainEntityOfPage":{"@id":"https:\/\/www.audaxrenovables.es\/en\/audax-renewables-visits-the-plant-in-el-casar\/"},"wordCount":457,"publisher":{"@id":"https:\/\/www.audaxrenovables.es\/ca\/#organization"},"image":{"@id":"https:\/\/www.audaxrenovables.es\/en\/audax-renewables-visits-the-plant-in-el-casar\/#primaryimage"},"thumbnailUrl":"https:\/\/www.audaxrenovables.es\/wp-content\/uploads\/2023\/06\/elCasar.jpg.jpg","articleSection":["Sin categor\u00eda"],"inLanguage":"ca"},{"@type":["WebPage","ItemPage"],"@id":"https:\/\/www.audaxrenovables.es\/en\/audax-renewables-visits-the-plant-in-el-casar\/","url":"https:\/\/www.audaxrenovables.es\/en\/audax-renewables-visits-the-plant-in-el-casar\/","name":"Audax Renovables visita la planta fotovoltaica que construeix a El Casar","isPartOf":{"@id":"https:\/\/www.audaxrenovables.es\/ca\/#website"},"primaryImageOfPage":{"@id":"https:\/\/www.audaxrenovables.es\/en\/audax-renewables-visits-the-plant-in-el-casar\/#primaryimage"},"image":{"@id":"https:\/\/www.audaxrenovables.es\/en\/audax-renewables-visits-the-plant-in-el-casar\/#primaryimage"},"thumbnailUrl":"https:\/\/www.audaxrenovables.es\/wp-content\/uploads\/2023\/06\/elCasar.jpg.jpg","datePublished":"2020-10-07T07:16:47+00:00","dateModified":"2023-06-20T11:50:58+00:00","description":"Audax Renovables visita la planta a El Casar","breadcrumb":{"@id":"https:\/\/www.audaxrenovables.es\/en\/audax-renewables-visits-the-plant-in-el-casar\/#breadcrumb"},"inLanguage":"ca","potentialAction":[{"@type":"ReadAction","target":["https:\/\/www.audaxrenovables.es\/en\/audax-renewables-visits-the-plant-in-el-casar\/"]}]},{"@type":"ImageObject","inLanguage":"ca","@id":"https:\/\/www.audaxrenovables.es\/en\/audax-renewables-visits-the-plant-in-el-casar\/#primaryimage","url":"https:\/\/www.audaxrenovables.es\/wp-content\/uploads\/2023\/06\/elCasar.jpg.jpg","contentUrl":"https:\/\/www.audaxrenovables.es\/wp-content\/uploads\/2023\/06\/elCasar.jpg.jpg","width":713,"height":403},{"@type":"BreadcrumbList","@id":"https:\/\/www.audaxrenovables.es\/en\/audax-renewables-visits-the-plant-in-el-casar\/#breadcrumb","itemListElement":[{"@type":"ListItem","position":1,"name":"Portada","item":"https:\/\/www.audaxrenovables.es\/es\/"},{"@type":"ListItem","position":2,"name":"Audax Renovables visita la planta fotovoltaica que construye en El Casar"}]},{"@type":"WebSite","@id":"https:\/\/www.audaxrenovables.es\/ca\/#website","url":"https:\/\/www.audaxrenovables.es\/ca\/","name":"Audax Renovables","description":"Companyia independent dedicada a la producci\u00f3 denergia el\u00e8ctrica a partir de fonts denergia 100% renovables","publisher":{"@id":"https:\/\/www.audaxrenovables.es\/ca\/#organization"},"potentialAction":[{"@type":"SearchAction","target":{"@type":"EntryPoint","urlTemplate":"https:\/\/www.audaxrenovables.es\/ca\/?s={search_term_string}"},"query-input":{"@type":"PropertyValueSpecification","valueRequired":true,"valueName":"search_term_string"}}],"inLanguage":"ca"},{"@type":"Organization","@id":"https:\/\/www.audaxrenovables.es\/ca\/#organization","name":"Audax Renovables","alternateName":"Audax Energ\u00eda","url":"https:\/\/www.audaxrenovables.es\/ca\/","logo":{"@type":"ImageObject","inLanguage":"ca","@id":"https:\/\/www.audaxrenovables.es\/ca\/#\/schema\/logo\/image\/","url":"https:\/\/www.audaxrenovables.es\/wp-content\/uploads\/2023\/04\/logo.png","contentUrl":"https:\/\/www.audaxrenovables.es\/wp-content\/uploads\/2023\/04\/logo.png","width":197,"height":125,"caption":"Audax Renovables"},"image":{"@id":"https:\/\/www.audaxrenovables.es\/ca\/#\/schema\/logo\/image\/"},"sameAs":["https:\/\/www.instagram.com\/audaxrenovables\/","https:\/\/x.com\/AudaxRenovables","https:\/\/www.youtube.com\/user\/AudaxEnergia","https:\/\/www.tiktok.com\/@audaxrenovables","https:\/\/www.linkedin.com\/company\/203502\/admin\/"]},{"@type":"Person","@id":"https:\/\/www.audaxrenovables.es\/ca\/#\/schema\/person\/39323131dc9a121279e4e63ed89ffbea","name":"adminadx","image":{"@type":"ImageObject","inLanguage":"ca","@id":"https:\/\/www.audaxrenovables.es\/ca\/#\/schema\/person\/image\/","url":"https:\/\/secure.gravatar.com\/avatar\/60b4d621160a422b02f2d19db7066f73c964c792ce03f3da9d36f40a41bdd2e6?s=96&d=mm&r=g","contentUrl":"https:\/\/secure.gravatar.com\/avatar\/60b4d621160a422b02f2d19db7066f73c964c792ce03f3da9d36f40a41bdd2e6?s=96&d=mm&r=g","caption":"adminadx"},"sameAs":["https:\/\/audaxrenovables.es"]}]}},"_links":{"self":[{"href":"https:\/\/www.audaxrenovables.es\/ca\/wp-json\/wp\/v2\/posts\/2563","targetHints":{"allow":["GET"]}}],"collection":[{"href":"https:\/\/www.audaxrenovables.es\/ca\/wp-json\/wp\/v2\/posts"}],"about":[{"href":"https:\/\/www.audaxrenovables.es\/ca\/wp-json\/wp\/v2\/types\/post"}],"author":[{"embeddable":true,"href":"https:\/\/www.audaxrenovables.es\/ca\/wp-json\/wp\/v2\/users\/1"}],"replies":[{"embeddable":true,"href":"https:\/\/www.audaxrenovables.es\/ca\/wp-json\/wp\/v2\/comments?post=2563"}],"version-history":[{"count":1,"href":"https:\/\/www.audaxrenovables.es\/ca\/wp-json\/wp\/v2\/posts\/2563\/revisions"}],"predecessor-version":[{"id":2830,"href":"https:\/\/www.audaxrenovables.es\/ca\/wp-json\/wp\/v2\/posts\/2563\/revisions\/2830"}],"wp:featuredmedia":[{"embeddable":true,"href":"https:\/\/www.audaxrenovables.es\/ca\/wp-json\/wp\/v2\/media\/2562"}],"wp:attachment":[{"href":"https:\/\/www.audaxrenovables.es\/ca\/wp-json\/wp\/v2\/media?parent=2563"}],"wp:term":[{"taxonomy":"category","embeddable":true,"href":"https:\/\/www.audaxrenovables.es\/ca\/wp-json\/wp\/v2\/categories?post=2563"},{"taxonomy":"post_tag","embeddable":true,"href":"https:\/\/www.audaxrenovables.es\/ca\/wp-json\/wp\/v2\/tags?post=2563"}],"curies":[{"name":"wp","href":"https:\/\/api.w.org\/{rel}","templated":true}]}}