{"id":2569,"date":"2020-09-21T07:02:46","date_gmt":"2020-09-21T07:02:46","guid":{"rendered":"https:\/\/audaxrenovables.es\/audax-renovables-emite-pagares-por-65-millones-de-euros\/"},"modified":"2023-06-20T11:51:15","modified_gmt":"2023-06-20T11:51:15","slug":"audax-renovables-emite-pagares-por-65-millones-de-euros","status":"publish","type":"post","link":"https:\/\/www.audaxrenovables.es\/ca\/audax-renovables-emet-pagar-per-65-milions-deuros\/","title":{"rendered":"Audax Renovables emet pagar\u00e9s per 65 milions d&#039;euros obtenint una sobre demanda del 130%"},"content":{"rendered":"<p><img decoding=\"async\" class=\"adx_img_post\" src=\"https:\/\/www.audaxrenovables.es\/uploads\/2020\/09\/21\/fae312ebdd221e7a25ebdc608a4a1ae2.jpg\"><\/p>\n<h1 class=\"adx_tit_post\">Audax Renovables emet pagar\u00e9s per 65 milions d&#039;euros obtenint una sobre demanda del 130%<\/h1>\n<blockquote><p>La companyia valora molt positivament l\u201faval rebut per part de l\u201fICO i l\u201fimpuls per part del MARF<\/p><\/blockquote>\n<p>Audax Renovables (ADX.MC), el grup energ\u00e8tic que integra els negocis de generaci\u00f3 i comercialitzaci\u00f3 d&#039;electricitat 100% renovable, ha fet una emissi\u00f3 de pagar\u00e9s per 65 milions d&#039;euros i ha rebut una demanda de 84 milions d&#039;euros, cosa que ha obligat a efectuar un important prorrateig.&nbsp;<\/p>\n<p>El programa de pagar\u00e9s d&#039;Audax Renovables disposa d&#039;un l\u00edmit de 200 milions d&#039;euros de qu\u00e8 s&#039;ha disposat un 65%, un percentatge que la companyia considera \u00f2ptim per assolir els seus objectius de futur. Els terminis d&#039;aquesta emissi\u00f3 han estat de fins a 24 mesos, havent rebut sobre demanda a tots els trams, i amb un cost que ha arribat a ser al 0,8%.&nbsp;<\/p>\n<p>Aquesta operaci\u00f3 ha rebut l&#039;aval de l&#039;ICO (Institut de Cr\u00e8dit Oficial), cosa que valora Audax Renovables com un suport molt positiu i com un pilar fonamental per a l&#039;\u00e8xit de l&#039;emissi\u00f3. Aix\u00ed mateix, la companyia destaca l&#039;excel\u00b7lent col\u00b7laboraci\u00f3 i la flexibilitat aportades pel MARF (Mercat Alternatiu de Renda Fixa) per facilitar l&#039;operaci\u00f3. Aquesta estreta col\u00b7laboraci\u00f3 entre Audax Renovables, l&#039;ICO i el MARF han contribu\u00eft fermament a l&#039;excel\u00b7lent acollida que l&#039;emissi\u00f3 ha tingut al mercat.&nbsp;<\/p>\n<p>Audax Renovables confirma que aquesta emissi\u00f3 de pagar\u00e9s contribuir\u00e0 a refor\u00e7ar la liquiditat de la companyia i li permetr\u00e0 cobrir tots els seus compromisos de tresoreria fins al mes de juny del 2021 sense necessitat de fer noves emissions. D&#039;aquesta manera, la companyia podr\u00e0 mantenir una elevada posici\u00f3 de caixa addicional per emprendre futures inversions en generaci\u00f3 d&#039;energia 100% renovable i estar atenta davant de noves oportunitats de mercat.<\/p>\n<p>Recentment Audax Renovables ha realitzat importants operacions tant a l&#039;\u00e0mbit de la generaci\u00f3 d&#039;energia renovable (amb la primera emissi\u00f3 de bons verds per a la construcci\u00f3 immediata de 8 parcs fotovoltaics a Toledo i Guadalajara) com a l&#039;\u00e0mbit de la seva internalitzaci\u00f3 amb l&#039;entrada a Hongria (mitjan\u00e7ant l&#039;adquisici\u00f3 de l&#039;empresa E.ON Energiakereskedelmi Kft.) i amb la compra de la comercialitzadora portuguesa PH Simples que ha situat Audax com la 6a companyia al mercat el\u00e8ctric portugu\u00e8s, nom\u00e9s darrere dels grans grups energ\u00e8tics tradicionals.<\/p>\n<p>Audax Renovables mant\u00e9 una excel\u00b7lent evoluci\u00f3 del seu negoci, tant en generaci\u00f3 com en comercialitzaci\u00f3 d&#039;electricitat 100% renovable, i aviat publicar\u00e0 els resultats del primer semestre del 2020.<\/p>\n<p>A nivell global, el Grup Audax continua amb el seu full de ruta quant a la consecuci\u00f3 dels objectius per al 2022 d&#039;augmentar la cartera de clients fins als 500.000 i de subministrar un total de 15 TWh d&#039;energia. A m\u00e9s, preveu superar els 1.500 milions d&#039;euros en ingressos, situar l&#039;EBITDA per sobre dels 100 milions d&#039;euros i reduir-ne el palanquejament financer. Tot aix\u00f2 amb l&#039;objectiu de potenciar-ne el creixement, optimitzar-ne els recursos i crear valor per als accionistes.<br \/>\n&nbsp;<\/p>","protected":false},"excerpt":{"rendered":"<p>Audax Renovables emite pagar\u00e9s por 65 millones de euros obteniendo una sobre demanda del 130% La compa\u00f1\u00eda valora muy positivamente el aval recibido por parte del ICO y el impulso por parte del MARF Audax Renovables (ADX.MC), el grupo energ\u00e9tico que integra los negocios de generaci\u00f3n y comercializaci\u00f3n de electricidad 100% renovable, ha realizado una [&hellip;]<\/p>\n","protected":false},"author":1,"featured_media":2568,"comment_status":"closed","ping_status":"open","sticky":false,"template":"","format":"standard","meta":{"content-type":"","footnotes":""},"categories":[1],"tags":[],"class_list":["post-2569","post","type-post","status-publish","format-standard","has-post-thumbnail","hentry","category-sin-categoria"],"yoast_head":"<!-- This site is optimized with the Yoast SEO plugin v23.5 - https:\/\/yoast.com\/wordpress\/plugins\/seo\/ -->\n<title>Audax Renovables emite pagar?s por 65 millones de euros obteniendo una sobre demanda del 130%<\/title>\n<meta name=\"description\" content=\"Audax Renovables emite pagar?s por 65 millones de euros\" \/>\n<meta name=\"robots\" content=\"index, follow, max-snippet:-1, max-image-preview:large, max-video-preview:-1\" \/>\n<link rel=\"canonical\" href=\"https:\/\/www.audaxrenovables.es\/ca\/audax-renovables-emet-pagar-per-65-milions-deuros\/\" \/>\n<meta property=\"og:locale\" content=\"ca_ES\" \/>\n<meta property=\"og:type\" content=\"article\" \/>\n<meta property=\"og:title\" content=\"Audax Renovables emite pagar?s por 65 millones de euros obteniendo una sobre demanda del 130%\" \/>\n<meta property=\"og:description\" content=\"Audax Renovables emite pagar?s por 65 millones de euros\" \/>\n<meta property=\"og:url\" content=\"https:\/\/www.audaxrenovables.es\/ca\/audax-renovables-emet-pagar-per-65-milions-deuros\/\" \/>\n<meta property=\"og:site_name\" content=\"Audax Renovables\" \/>\n<meta property=\"article:published_time\" content=\"2020-09-21T07:02:46+00:00\" \/>\n<meta property=\"article:modified_time\" content=\"2023-06-20T11:51:15+00:00\" \/>\n<meta property=\"og:image\" content=\"https:\/\/www.audaxrenovables.es\/wp-content\/uploads\/2023\/06\/21092020.jpg.jpg\" \/>\n\t<meta property=\"og:image:width\" content=\"713\" \/>\n\t<meta property=\"og:image:height\" content=\"403\" \/>\n\t<meta property=\"og:image:type\" content=\"image\/jpeg\" \/>\n<meta name=\"author\" content=\"adminadx\" \/>\n<meta name=\"twitter:card\" content=\"summary_large_image\" \/>\n<meta name=\"twitter:label1\" content=\"Escrit per\" \/>\n\t<meta name=\"twitter:data1\" content=\"adminadx\" \/>\n\t<meta name=\"twitter:label2\" content=\"Temps estimat de lectura\" \/>\n\t<meta name=\"twitter:data2\" content=\"3 minuts\" \/>\n<!-- \/ Yoast SEO plugin. -->","yoast_head_json":{"title":"Audax Renovables emet pagar?s per 65 milions d?euros obtenint una sobre demanda del 130%","description":"Audax Renovables emet pagar?s per 65 milions d?euros","robots":{"index":"index","follow":"follow","max-snippet":"max-snippet:-1","max-image-preview":"max-image-preview:large","max-video-preview":"max-video-preview:-1"},"canonical":"https:\/\/www.audaxrenovables.es\/ca\/audax-renovables-emet-pagar-per-65-milions-deuros\/","og_locale":"ca_ES","og_type":"article","og_title":"Audax Renovables emite pagar?s por 65 millones de euros obteniendo una sobre demanda del 130%","og_description":"Audax Renovables emite pagar?s por 65 millones de euros","og_url":"https:\/\/www.audaxrenovables.es\/ca\/audax-renovables-emet-pagar-per-65-milions-deuros\/","og_site_name":"Audax Renovables","article_published_time":"2020-09-21T07:02:46+00:00","article_modified_time":"2023-06-20T11:51:15+00:00","og_image":[{"width":713,"height":403,"url":"https:\/\/www.audaxrenovables.es\/wp-content\/uploads\/2023\/06\/21092020.jpg.jpg","type":"image\/jpeg"}],"author":"adminadx","twitter_card":"summary_large_image","twitter_misc":{"Escrit per":"adminadx","Temps estimat de lectura":"3 minuts"},"schema":{"@context":"https:\/\/schema.org","@graph":[{"@type":"Article","@id":"https:\/\/www.audaxrenovables.es\/ca\/audax-renovables-emet-pagar-per-65-milions-deuros\/#article","isPartOf":{"@id":"https:\/\/www.audaxrenovables.es\/ca\/audax-renovables-emet-pagar-per-65-milions-deuros\/"},"author":{"name":"adminadx","@id":"https:\/\/www.audaxrenovables.es\/ca\/#\/schema\/person\/39323131dc9a121279e4e63ed89ffbea"},"headline":"Audax Renovables emite pagar\u00e9s por 65 millones de euros obteniendo una sobre demanda del 130%","datePublished":"2020-09-21T07:02:46+00:00","dateModified":"2023-06-20T11:51:15+00:00","mainEntityOfPage":{"@id":"https:\/\/www.audaxrenovables.es\/ca\/audax-renovables-emet-pagar-per-65-milions-deuros\/"},"wordCount":551,"publisher":{"@id":"https:\/\/www.audaxrenovables.es\/ca\/#organization"},"image":{"@id":"https:\/\/www.audaxrenovables.es\/ca\/audax-renovables-emet-pagar-per-65-milions-deuros\/#primaryimage"},"thumbnailUrl":"https:\/\/www.audaxrenovables.es\/wp-content\/uploads\/2023\/06\/21092020.jpg.jpg","articleSection":["Sin categor\u00eda"],"inLanguage":"ca"},{"@type":["WebPage","ItemPage"],"@id":"https:\/\/www.audaxrenovables.es\/ca\/audax-renovables-emet-pagar-per-65-milions-deuros\/","url":"https:\/\/www.audaxrenovables.es\/ca\/audax-renovables-emet-pagar-per-65-milions-deuros\/","name":"Audax Renovables emet pagar?s per 65 milions d?euros obtenint una sobre demanda del 130%","isPartOf":{"@id":"https:\/\/www.audaxrenovables.es\/ca\/#website"},"primaryImageOfPage":{"@id":"https:\/\/www.audaxrenovables.es\/ca\/audax-renovables-emet-pagar-per-65-milions-deuros\/#primaryimage"},"image":{"@id":"https:\/\/www.audaxrenovables.es\/ca\/audax-renovables-emet-pagar-per-65-milions-deuros\/#primaryimage"},"thumbnailUrl":"https:\/\/www.audaxrenovables.es\/wp-content\/uploads\/2023\/06\/21092020.jpg.jpg","datePublished":"2020-09-21T07:02:46+00:00","dateModified":"2023-06-20T11:51:15+00:00","description":"Audax Renovables emet pagar?s per 65 milions d?euros","breadcrumb":{"@id":"https:\/\/www.audaxrenovables.es\/ca\/audax-renovables-emet-pagar-per-65-milions-deuros\/#breadcrumb"},"inLanguage":"ca","potentialAction":[{"@type":"ReadAction","target":["https:\/\/www.audaxrenovables.es\/ca\/audax-renovables-emet-pagar-per-65-milions-deuros\/"]}]},{"@type":"ImageObject","inLanguage":"ca","@id":"https:\/\/www.audaxrenovables.es\/ca\/audax-renovables-emet-pagar-per-65-milions-deuros\/#primaryimage","url":"https:\/\/www.audaxrenovables.es\/wp-content\/uploads\/2023\/06\/21092020.jpg.jpg","contentUrl":"https:\/\/www.audaxrenovables.es\/wp-content\/uploads\/2023\/06\/21092020.jpg.jpg","width":713,"height":403},{"@type":"BreadcrumbList","@id":"https:\/\/www.audaxrenovables.es\/ca\/audax-renovables-emet-pagar-per-65-milions-deuros\/#breadcrumb","itemListElement":[{"@type":"ListItem","position":1,"name":"Portada","item":"https:\/\/www.audaxrenovables.es\/es\/"},{"@type":"ListItem","position":2,"name":"Audax Renovables emite pagar\u00e9s por 65 millones de euros obteniendo una sobre demanda del 130%"}]},{"@type":"WebSite","@id":"https:\/\/www.audaxrenovables.es\/ca\/#website","url":"https:\/\/www.audaxrenovables.es\/ca\/","name":"Audax Renovables","description":"Companyia independent dedicada a la producci\u00f3 denergia el\u00e8ctrica a partir de fonts denergia 100% renovables","publisher":{"@id":"https:\/\/www.audaxrenovables.es\/ca\/#organization"},"potentialAction":[{"@type":"SearchAction","target":{"@type":"EntryPoint","urlTemplate":"https:\/\/www.audaxrenovables.es\/ca\/?s={search_term_string}"},"query-input":{"@type":"PropertyValueSpecification","valueRequired":true,"valueName":"search_term_string"}}],"inLanguage":"ca"},{"@type":"Organization","@id":"https:\/\/www.audaxrenovables.es\/ca\/#organization","name":"Audax Renovables","alternateName":"Audax Energ\u00eda","url":"https:\/\/www.audaxrenovables.es\/ca\/","logo":{"@type":"ImageObject","inLanguage":"ca","@id":"https:\/\/www.audaxrenovables.es\/ca\/#\/schema\/logo\/image\/","url":"https:\/\/www.audaxrenovables.es\/wp-content\/uploads\/2023\/04\/logo.png","contentUrl":"https:\/\/www.audaxrenovables.es\/wp-content\/uploads\/2023\/04\/logo.png","width":197,"height":125,"caption":"Audax Renovables"},"image":{"@id":"https:\/\/www.audaxrenovables.es\/ca\/#\/schema\/logo\/image\/"},"sameAs":["https:\/\/www.instagram.com\/audaxrenovables\/","https:\/\/x.com\/AudaxRenovables","https:\/\/www.youtube.com\/user\/AudaxEnergia","https:\/\/www.tiktok.com\/@audaxrenovables","https:\/\/www.linkedin.com\/company\/203502\/admin\/"]},{"@type":"Person","@id":"https:\/\/www.audaxrenovables.es\/ca\/#\/schema\/person\/39323131dc9a121279e4e63ed89ffbea","name":"adminadx","image":{"@type":"ImageObject","inLanguage":"ca","@id":"https:\/\/www.audaxrenovables.es\/ca\/#\/schema\/person\/image\/","url":"https:\/\/secure.gravatar.com\/avatar\/60b4d621160a422b02f2d19db7066f73c964c792ce03f3da9d36f40a41bdd2e6?s=96&d=mm&r=g","contentUrl":"https:\/\/secure.gravatar.com\/avatar\/60b4d621160a422b02f2d19db7066f73c964c792ce03f3da9d36f40a41bdd2e6?s=96&d=mm&r=g","caption":"adminadx"},"sameAs":["https:\/\/audaxrenovables.es"]}]}},"_links":{"self":[{"href":"https:\/\/www.audaxrenovables.es\/ca\/wp-json\/wp\/v2\/posts\/2569","targetHints":{"allow":["GET"]}}],"collection":[{"href":"https:\/\/www.audaxrenovables.es\/ca\/wp-json\/wp\/v2\/posts"}],"about":[{"href":"https:\/\/www.audaxrenovables.es\/ca\/wp-json\/wp\/v2\/types\/post"}],"author":[{"embeddable":true,"href":"https:\/\/www.audaxrenovables.es\/ca\/wp-json\/wp\/v2\/users\/1"}],"replies":[{"embeddable":true,"href":"https:\/\/www.audaxrenovables.es\/ca\/wp-json\/wp\/v2\/comments?post=2569"}],"version-history":[{"count":1,"href":"https:\/\/www.audaxrenovables.es\/ca\/wp-json\/wp\/v2\/posts\/2569\/revisions"}],"predecessor-version":[{"id":2833,"href":"https:\/\/www.audaxrenovables.es\/ca\/wp-json\/wp\/v2\/posts\/2569\/revisions\/2833"}],"wp:featuredmedia":[{"embeddable":true,"href":"https:\/\/www.audaxrenovables.es\/ca\/wp-json\/wp\/v2\/media\/2568"}],"wp:attachment":[{"href":"https:\/\/www.audaxrenovables.es\/ca\/wp-json\/wp\/v2\/media?parent=2569"}],"wp:term":[{"taxonomy":"category","embeddable":true,"href":"https:\/\/www.audaxrenovables.es\/ca\/wp-json\/wp\/v2\/categories?post=2569"},{"taxonomy":"post_tag","embeddable":true,"href":"https:\/\/www.audaxrenovables.es\/ca\/wp-json\/wp\/v2\/tags?post=2569"}],"curies":[{"name":"wp","href":"https:\/\/api.w.org\/{rel}","templated":true}]}}