{"id":2571,"date":"2020-09-08T07:05:51","date_gmt":"2020-09-08T07:05:51","guid":{"rendered":"https:\/\/audaxrenovables.es\/audax-lanza-su-primera-emision-de-bonos-verdes\/"},"modified":"2024-06-21T12:26:47","modified_gmt":"2024-06-21T12:26:47","slug":"audax-lanza-su-primera-emision-de-bonos-verdes","status":"publish","type":"post","link":"https:\/\/www.audaxrenovables.es\/ca\/audax-llanca-la-seva-primera-emissio-de-bons-verds\/","title":{"rendered":"Audax Renovables llan\u00e7a la seva primera emissi\u00f3 de Bons Verds per a la construcci\u00f3 de 40 MW fotovoltaics"},"content":{"rendered":"<h1 class=\"adx_tit_post\">Audax Renovables llan\u00e7a la seva primera emissi\u00f3 de Bons Verds per a la construcci\u00f3 de 40 MW fotovoltaics<\/h1>\n<blockquote><p>Aquesta primera emissi\u00f3 de bons verds puja a un total de 20 milions d&#039;euros que es destinaran a la construcci\u00f3 de vuit parcs fotovoltaics<\/p><\/blockquote>\n<p>Audax Renovables (ADX.MC), el grup energ\u00e8tic que integra els negocis de generaci\u00f3 i comercialitzaci\u00f3 d&#039;electricitat 100% renovable, ha llan\u00e7at la primera emissi\u00f3 de bons verds per un import de 20 milions d&#039;euros.<\/p>\n<p>Aquesta operaci\u00f3, la primera emissi\u00f3 de bons verds de la Societat per l&#039;import referit m\u00e9s amunt, s&#039;emmarca dins del programa de renda fixa de bons registrat al Mercat Alternatiu de Renda Fixa (\u201cPrograma de Bons del MARF\u201d), per un import nominal m\u00e0xim de 400 milions d&#039;euros, que la Societat va registrar el mes de juliol passat. Aquest Programa permet qualificar i considerar les emissions com a bons verds, d&#039;acord amb el Marc Normatiu de Refer\u00e8ncia per a Finan\u00e7ament Verd que la companyia va aprovar el mes de juny passat, i que va ser qualificada per l&#039;expert independent, Vigeo Eiris, complint amb els requeriments establerts per l&#039;Associaci\u00f3 Internacional de Mercats de Capitals (ICMA), i obtenint el nivell m\u00e9s alt de garantia en la seva qualificaci\u00f3.<\/p>\n<p>Aquesta primera emissi\u00f3 de bons verds que realitza Audax Renovables ascendeix a un import de 20 milions d&#039;euros, que tindran un venciment de 2 anys i aniran destinats a la construcci\u00f3 de 8 plantes de generaci\u00f3 d&#039;energia fotovoltaica, 4 localitzades a Toledo (La Zarzuela I, La Zarzuela II, La Zarzuela III i La Zarzuela IV) i amb una capacitat de 5 MW cadascuna, i les altres 4 ubicades a Guadalajara (Les Alberizas I, Les Alberizas II, Les Alberizas III i Les Alberizas IV) tamb\u00e9 tindran una capacitat de 5 MW cadascuna, totalitzant 40 MW.<\/p>\n<blockquote><p>Cal destacar que Audax Renovables compta amb tots els permisos per iniciar la construcci\u00f3 en les properes setmanes de les esmentades plantes. En total, aquestes plantes generaran 65 GWh\/any, que equival al consum anual de m\u00e9s de 19.000 llars.<\/p><\/blockquote>\n<p>Aquesta operaci\u00f3 confirma la forta aposta d&#039;Audax Renovables pel creixement de la seva activitat de generaci\u00f3 d&#039;energia renovable, aix\u00ed com l&#039;alineaci\u00f3 de la seva estrat\u00e8gia financera amb la missi\u00f3 i els valors de sostenibilitat mediambiental del Grup Audax Renovables.<\/p>\n<p>L&#039;assessor registrat designat per a l&#039;operaci\u00f3 \u00e9s PKF Attest Servicios Empresariales, SL, l&#039;agent de pagaments \u00e9s Banco de Sabadell, SA i l&#039;entitat col\u00b7locadora Haitong Bank, SA, Sucursal a Espanya. L&#039;assessor legal de l&#039;operaci\u00f3 ha estat J&amp;A Garrigues, SLP<\/p>\n<p>Aquesta emissi\u00f3 ha suscitat un gran inter\u00e8s entre els inversors, tant entre aquells que regularment adquireixen bons de la companyia com entre inversors internacionals que exigeixen la qualificaci\u00f3 de \u201cverd\u201d en aquests bons, especialment tenint en compte que aquesta ha estat la primera emissi\u00f3 feta per Audax Renovables complint els estrictes requeriments necessaris per poder ser qualificats com a tal.<\/p>\n<p>Sobre Audax Renovables<\/p>\n<p>Audax Renovables \u00e9s el resultat de la fusi\u00f3 entre la pr\u00f2pia Audax Renovables i la seva matriu, Audax Energ\u00eda, donant lloc a un grup energ\u00e8tic les activitats del qual se centren en el subministrament d&#039;electricitat 100% renovable i gas, aix\u00ed com en la producci\u00f3 d&#039;energia 100% renovable.<\/p>\n<p>Actualment, cotitza al Mercat Continu espanyol sota la denominaci\u00f3 (ticker) ADX.MC, i s&#039;ha incorporat a l&#039;\u00edndex IBEX SMALL CAP\u00ae el 23 de mar\u00e7 de 2020.<\/p>\n<p>Som el Grup energ\u00e8tic l\u00edder en el segment PIME a Espanya, garantint un subministrament eficient de l&#039;energia comercialitzada a trav\u00e9s d&#039;un proc\u00e9s d&#039;integraci\u00f3 vertical amb el segment de la generaci\u00f3 renovable, amb una s\u00f2lida posici\u00f3 financera, i preparat per encap\u00e7alar la transici\u00f3 energ\u00e8tica a el mercat europeu.<\/p>\n<p>El Grup opera en dues activitats de negoci diferenciades: comercialitzaci\u00f3 i generaci\u00f3. A la seva divisi\u00f3 de comercialitzaci\u00f3 d&#039;electricitat i gas, \u00e9s present a Espanya, Portugal, It\u00e0lia, Alemanya, Pol\u00f2nia i Holanda, sumant m\u00e9s de 365 mil clients.<\/p>\n<p>D&#039;altra banda, la divisi\u00f3 de generaci\u00f3 gestiona una cartera total en explotaci\u00f3 de 91 MW a Espanya, Fran\u00e7a i Pol\u00f2nia a parcs e\u00f2lics. A m\u00e9s, compta amb una cartera en desenvolupament de 320 MW fotovoltaics a Espanya, aix\u00ed com amb un projecte e\u00f2lic en construcci\u00f3 a Panam\u00e0 de 66 MW.<\/p>","protected":false},"excerpt":{"rendered":"<p>Audax Renovables lanza su primera emisi\u00f3n de Bonos Verdes para la construcci\u00f3n de 40 MW fotovoltaicos Esta primera emisi\u00f3n de bonos verdes asciende a un total de 20 millones de euros que se destinar\u00e1n a la construcci\u00f3n de ocho parques fotovoltaicos Audax Renovables (ADX.MC), el grupo energ\u00e9tico que integra los negocios de generaci\u00f3n y comercializaci\u00f3n [&hellip;]<\/p>\n","protected":false},"author":1,"featured_media":2570,"comment_status":"closed","ping_status":"open","sticky":false,"template":"","format":"standard","meta":{"content-type":"","footnotes":""},"categories":[1],"tags":[],"class_list":["post-2571","post","type-post","status-publish","format-standard","has-post-thumbnail","hentry","category-sin-categoria"],"yoast_head":"<!-- This site is optimized with the Yoast SEO plugin v23.5 - https:\/\/yoast.com\/wordpress\/plugins\/seo\/ -->\n<title>Audax Renovables lanza su primera emisi?n de Bonos Verdes para la construcci?n de 40 MW fotovoltaicos<\/title>\n<meta name=\"description\" content=\"Audax lanza su primera emisi?n de Bonos Verdes\" \/>\n<meta name=\"robots\" content=\"index, follow, max-snippet:-1, max-image-preview:large, max-video-preview:-1\" \/>\n<link rel=\"canonical\" href=\"https:\/\/www.audaxrenovables.es\/ca\/audax-launches-its-first-green-bond-issue\/\" \/>\n<meta property=\"og:locale\" content=\"ca_ES\" \/>\n<meta property=\"og:type\" content=\"article\" \/>\n<meta property=\"og:title\" content=\"Audax Renovables lanza su primera emisi?n de Bonos Verdes para la construcci?n de 40 MW fotovoltaicos\" \/>\n<meta property=\"og:description\" content=\"Audax lanza su primera emisi?n de Bonos Verdes\" \/>\n<meta property=\"og:url\" content=\"https:\/\/www.audaxrenovables.es\/ca\/audax-launches-its-first-green-bond-issue\/\" \/>\n<meta property=\"og:site_name\" content=\"Audax Renovables\" \/>\n<meta property=\"article:published_time\" content=\"2020-09-08T07:05:51+00:00\" \/>\n<meta property=\"article:modified_time\" content=\"2024-06-21T12:26:47+00:00\" \/>\n<meta property=\"og:image\" content=\"https:\/\/www.audaxrenovables.es\/wp-content\/uploads\/2023\/06\/08092020.jpg.jpg\" \/>\n\t<meta property=\"og:image:width\" content=\"713\" \/>\n\t<meta property=\"og:image:height\" content=\"403\" \/>\n\t<meta property=\"og:image:type\" content=\"image\/jpeg\" \/>\n<meta name=\"author\" content=\"adminadx\" \/>\n<meta name=\"twitter:card\" content=\"summary_large_image\" \/>\n<meta name=\"twitter:label1\" content=\"Escrit per\" \/>\n\t<meta name=\"twitter:data1\" content=\"adminadx\" \/>\n\t<meta name=\"twitter:label2\" content=\"Temps estimat de lectura\" \/>\n\t<meta name=\"twitter:data2\" content=\"3 minuts\" \/>\n<!-- \/ Yoast SEO plugin. -->","yoast_head_json":{"title":"Audax Renovables llan\u00e7a la seva primera emissi? de Bons Verds per a la construcci? de 40 MW fotovoltaics","description":"Audax llan\u00e7a la seva primera emissi? de Bons Verds","robots":{"index":"index","follow":"follow","max-snippet":"max-snippet:-1","max-image-preview":"max-image-preview:large","max-video-preview":"max-video-preview:-1"},"canonical":"https:\/\/www.audaxrenovables.es\/ca\/audax-launches-its-first-green-bond-issue\/","og_locale":"ca_ES","og_type":"article","og_title":"Audax Renovables lanza su primera emisi?n de Bonos Verdes para la construcci?n de 40 MW fotovoltaicos","og_description":"Audax lanza su primera emisi?n de Bonos Verdes","og_url":"https:\/\/www.audaxrenovables.es\/ca\/audax-launches-its-first-green-bond-issue\/","og_site_name":"Audax Renovables","article_published_time":"2020-09-08T07:05:51+00:00","article_modified_time":"2024-06-21T12:26:47+00:00","og_image":[{"width":713,"height":403,"url":"https:\/\/www.audaxrenovables.es\/wp-content\/uploads\/2023\/06\/08092020.jpg.jpg","type":"image\/jpeg"}],"author":"adminadx","twitter_card":"summary_large_image","twitter_misc":{"Escrit per":"adminadx","Temps estimat de lectura":"3 minuts"},"schema":{"@context":"https:\/\/schema.org","@graph":[{"@type":"Article","@id":"https:\/\/www.audaxrenovables.es\/en\/audax-launches-its-first-green-bond-issue\/#article","isPartOf":{"@id":"https:\/\/www.audaxrenovables.es\/en\/audax-launches-its-first-green-bond-issue\/"},"author":{"name":"adminadx","@id":"https:\/\/www.audaxrenovables.es\/ca\/#\/schema\/person\/39323131dc9a121279e4e63ed89ffbea"},"headline":"Audax Renovables lanza su primera emisi\u00f3n de Bonos Verdes para la construcci\u00f3n de 40 MW fotovoltaicos","datePublished":"2020-09-08T07:05:51+00:00","dateModified":"2024-06-21T12:26:47+00:00","mainEntityOfPage":{"@id":"https:\/\/www.audaxrenovables.es\/en\/audax-launches-its-first-green-bond-issue\/"},"wordCount":774,"publisher":{"@id":"https:\/\/www.audaxrenovables.es\/ca\/#organization"},"image":{"@id":"https:\/\/www.audaxrenovables.es\/en\/audax-launches-its-first-green-bond-issue\/#primaryimage"},"thumbnailUrl":"https:\/\/www.audaxrenovables.es\/wp-content\/uploads\/2023\/06\/08092020.jpg.jpg","articleSection":["Sin categor\u00eda"],"inLanguage":"ca"},{"@type":["WebPage","ItemPage"],"@id":"https:\/\/www.audaxrenovables.es\/en\/audax-launches-its-first-green-bond-issue\/","url":"https:\/\/www.audaxrenovables.es\/en\/audax-launches-its-first-green-bond-issue\/","name":"Audax Renovables llan\u00e7a la seva primera emissi? de Bons Verds per a la construcci? de 40 MW fotovoltaics","isPartOf":{"@id":"https:\/\/www.audaxrenovables.es\/ca\/#website"},"primaryImageOfPage":{"@id":"https:\/\/www.audaxrenovables.es\/en\/audax-launches-its-first-green-bond-issue\/#primaryimage"},"image":{"@id":"https:\/\/www.audaxrenovables.es\/en\/audax-launches-its-first-green-bond-issue\/#primaryimage"},"thumbnailUrl":"https:\/\/www.audaxrenovables.es\/wp-content\/uploads\/2023\/06\/08092020.jpg.jpg","datePublished":"2020-09-08T07:05:51+00:00","dateModified":"2024-06-21T12:26:47+00:00","description":"Audax llan\u00e7a la seva primera emissi? de Bons Verds","breadcrumb":{"@id":"https:\/\/www.audaxrenovables.es\/en\/audax-launches-its-first-green-bond-issue\/#breadcrumb"},"inLanguage":"ca","potentialAction":[{"@type":"ReadAction","target":["https:\/\/www.audaxrenovables.es\/en\/audax-launches-its-first-green-bond-issue\/"]}]},{"@type":"ImageObject","inLanguage":"ca","@id":"https:\/\/www.audaxrenovables.es\/en\/audax-launches-its-first-green-bond-issue\/#primaryimage","url":"https:\/\/www.audaxrenovables.es\/wp-content\/uploads\/2023\/06\/08092020.jpg.jpg","contentUrl":"https:\/\/www.audaxrenovables.es\/wp-content\/uploads\/2023\/06\/08092020.jpg.jpg","width":713,"height":403},{"@type":"BreadcrumbList","@id":"https:\/\/www.audaxrenovables.es\/en\/audax-launches-its-first-green-bond-issue\/#breadcrumb","itemListElement":[{"@type":"ListItem","position":1,"name":"Portada","item":"https:\/\/www.audaxrenovables.es\/es\/"},{"@type":"ListItem","position":2,"name":"Audax Renovables lanza su primera emisi\u00f3n de Bonos Verdes para la construcci\u00f3n de 40 MW fotovoltaicos"}]},{"@type":"WebSite","@id":"https:\/\/www.audaxrenovables.es\/ca\/#website","url":"https:\/\/www.audaxrenovables.es\/ca\/","name":"Audax Renovables","description":"Companyia independent dedicada a la producci\u00f3 denergia el\u00e8ctrica a partir de fonts denergia 100% renovables","publisher":{"@id":"https:\/\/www.audaxrenovables.es\/ca\/#organization"},"potentialAction":[{"@type":"SearchAction","target":{"@type":"EntryPoint","urlTemplate":"https:\/\/www.audaxrenovables.es\/ca\/?s={search_term_string}"},"query-input":{"@type":"PropertyValueSpecification","valueRequired":true,"valueName":"search_term_string"}}],"inLanguage":"ca"},{"@type":"Organization","@id":"https:\/\/www.audaxrenovables.es\/ca\/#organization","name":"Audax Renovables","alternateName":"Audax Energ\u00eda","url":"https:\/\/www.audaxrenovables.es\/ca\/","logo":{"@type":"ImageObject","inLanguage":"ca","@id":"https:\/\/www.audaxrenovables.es\/ca\/#\/schema\/logo\/image\/","url":"https:\/\/www.audaxrenovables.es\/wp-content\/uploads\/2023\/04\/logo.png","contentUrl":"https:\/\/www.audaxrenovables.es\/wp-content\/uploads\/2023\/04\/logo.png","width":197,"height":125,"caption":"Audax Renovables"},"image":{"@id":"https:\/\/www.audaxrenovables.es\/ca\/#\/schema\/logo\/image\/"},"sameAs":["https:\/\/www.instagram.com\/audaxrenovables\/","https:\/\/x.com\/AudaxRenovables","https:\/\/www.youtube.com\/user\/AudaxEnergia","https:\/\/www.tiktok.com\/@audaxrenovables","https:\/\/www.linkedin.com\/company\/203502\/admin\/"]},{"@type":"Person","@id":"https:\/\/www.audaxrenovables.es\/ca\/#\/schema\/person\/39323131dc9a121279e4e63ed89ffbea","name":"adminadx","image":{"@type":"ImageObject","inLanguage":"ca","@id":"https:\/\/www.audaxrenovables.es\/ca\/#\/schema\/person\/image\/","url":"https:\/\/secure.gravatar.com\/avatar\/60b4d621160a422b02f2d19db7066f73c964c792ce03f3da9d36f40a41bdd2e6?s=96&d=mm&r=g","contentUrl":"https:\/\/secure.gravatar.com\/avatar\/60b4d621160a422b02f2d19db7066f73c964c792ce03f3da9d36f40a41bdd2e6?s=96&d=mm&r=g","caption":"adminadx"},"sameAs":["https:\/\/audaxrenovables.es"]}]}},"_links":{"self":[{"href":"https:\/\/www.audaxrenovables.es\/ca\/wp-json\/wp\/v2\/posts\/2571","targetHints":{"allow":["GET"]}}],"collection":[{"href":"https:\/\/www.audaxrenovables.es\/ca\/wp-json\/wp\/v2\/posts"}],"about":[{"href":"https:\/\/www.audaxrenovables.es\/ca\/wp-json\/wp\/v2\/types\/post"}],"author":[{"embeddable":true,"href":"https:\/\/www.audaxrenovables.es\/ca\/wp-json\/wp\/v2\/users\/1"}],"replies":[{"embeddable":true,"href":"https:\/\/www.audaxrenovables.es\/ca\/wp-json\/wp\/v2\/comments?post=2571"}],"version-history":[{"count":2,"href":"https:\/\/www.audaxrenovables.es\/ca\/wp-json\/wp\/v2\/posts\/2571\/revisions"}],"predecessor-version":[{"id":3929,"href":"https:\/\/www.audaxrenovables.es\/ca\/wp-json\/wp\/v2\/posts\/2571\/revisions\/3929"}],"wp:featuredmedia":[{"embeddable":true,"href":"https:\/\/www.audaxrenovables.es\/ca\/wp-json\/wp\/v2\/media\/2570"}],"wp:attachment":[{"href":"https:\/\/www.audaxrenovables.es\/ca\/wp-json\/wp\/v2\/media?parent=2571"}],"wp:term":[{"taxonomy":"category","embeddable":true,"href":"https:\/\/www.audaxrenovables.es\/ca\/wp-json\/wp\/v2\/categories?post=2571"},{"taxonomy":"post_tag","embeddable":true,"href":"https:\/\/www.audaxrenovables.es\/ca\/wp-json\/wp\/v2\/tags?post=2571"}],"curies":[{"name":"wp","href":"https:\/\/api.w.org\/{rel}","templated":true}]}}