{"id":2577,"date":"2020-07-06T18:14:15","date_gmt":"2020-07-06T18:14:15","guid":{"rendered":"https:\/\/audaxrenovables.es\/emision-bonos-marf-y-pagares-internacional-en-irlanda\/"},"modified":"2023-06-20T11:51:34","modified_gmt":"2023-06-20T11:51:34","slug":"emision-bonos-marf-y-pagares-internacional-en-irlanda","status":"publish","type":"post","link":"https:\/\/www.audaxrenovables.es\/ca\/emissio-bons-marf-i-pagar-internacional-a-irlanda\/","title":{"rendered":"Audax Renovables aprova dos programes d&#039;emissi\u00f3 de deute verd per 700 milions d&#039;euros"},"content":{"rendered":"<p><img decoding=\"async\" class=\"adx_img_post\" src=\"https:\/\/www.audaxrenovables.es\/uploads\/2020\/07\/06\/d002e6c213e8d67e4eb999b4bd4e452b.jpg\"><\/p>\n<h1 class=\"adx_tit_post\">Audax Renovables aprova dos programes d&#039;emissi\u00f3 de deute verd per 700 milions d&#039;euros<\/h1>\n<blockquote><p>La companyia ha registrat un programa d&#039;emissi\u00f3 de bons al MARF per 400 milions i el primer programa de pagar\u00e9s internacional a Irlanda per 300 milions d&#039;euros<\/p><\/blockquote>\n<p>Audax Renovables (ADX.MC), el grup energ\u00e8tic que integra els negocis de comercialitzaci\u00f3 i de generaci\u00f3 d&#039;electricitat 100% renovable, ha llan\u00e7at dos programes de deute verd amb l&#039;objectiu d&#039;aconseguir finan\u00e7ament a preus competitius als mercats de capitals, tant espanyol com internacional. L&#039;objectiu \u00e9s finan\u00e7ar el seu creixement tant en la generaci\u00f3 d&#039;energia renovable com en la comercialitzaci\u00f3 d&#039;energia verda, aix\u00ed com finan\u00e7ar noves adquisicions possibles a nivell nacional i internacional.<\/p>\n<p>Audax Renovables ha registrat, amb data 3 de juliol, un programa d&#039;emissi\u00f3 de bons per import de fins a 400 milions d&#039;euros al MARF. Aquest programa atorga flexibilitat a la companyia per poder fer una o diverses emissions, a qualsevol termini i amb qualsevol tipus d&#039;estructura, fins a assolir l&#039;import aprovat.<\/p>\n<p>Addicionalment, tamb\u00e9 ha registrat el seu primer programa internacional d&#039;ECP (Euro Commercial Paper Programe) a la Borsa de Dubl\u00edn, per import de 300 milions d&#039;euros. Per realitzar aquesta operaci\u00f3 ha comptat amb la col\u00b7laboraci\u00f3 com a entitats col\u00b7locadores de Banco Santander i Bred Banque Populaire.<\/p>\n<p>Aquest programa internacional \u00e9s obert a qualsevol inversor professional a Europa, inclosos els grans fons internacionals, en un mercat molt competitiu i de gran profunditat que permetr\u00e0 ampliar la base inversora d&#039;Audax Renovables als mercats internacionals. D&#039;aquesta manera, Audax Renovables se situa com la primera companyia energ\u00e8tica independent a acudir a aquest mercat.<\/p>\n<p>Amb aquests dos programes de deute verd, Audax Renovables confirma la seva capacitat de ser present tant als mercats de capitals nacional i internacional i permetran a la companyia afrontar els seus reptes de creixement, tant en el negoci de generaci\u00f3 com de comercialitzaci\u00f3 d&#039;energia renovable, amb les m\u00e0ximes garanties de solv\u00e8ncia.<\/p>\n<p>El mes de juny passat, Audax Renovables va aprovar el seu Marc Normatiu de Refer\u00e8ncia per a Finan\u00e7ament Verd per a les properes emissions de bons que, segons l&#039;expert Vigeo Eiris, complia amb els requeriments establerts per l&#039;Associaci\u00f3 Internacional de Mercats de Capitals (ICMA), per cosa que va obtenir el major nivell de garantia. Aix\u00f2 ha perm\u00e8s que aquest nou programa per valor de 400 milions d&#039;euros registrat al MARF sigui el primer a ser considerat \u201cverd\u201d, de manera que totes les emissions realitzades a l&#039;empara d&#039;aquest programa compleixen l&#039;exig\u00e8ncia de molts inversors internacionals , entre els seus requeriments d&#039;inversi\u00f3, hi ha els principis ambientals, socials i de govern corporatiu (ASG).<\/p>\n<p>I l&#039;abril passat la companyia va aconseguir ratificar la seva valoraci\u00f3 d&#039;Investiment Grade (BBB-) atorgada per Axesor. Tot i l&#039;actual conjuntura derivada de l&#039;alerta sanit\u00e0ria causada pel COVID-19 Audax va aconseguir ratificar el r\u00e0nting gr\u00e0cies al Pla de Conting\u00e8ncia que va desenvolupar per mitigar el possible impacte que pogu\u00e9s resultar en el negoci i per mantenir la s\u00f2lida posici\u00f3 financera de la companyia , la liquiditat i el perfil creditici.<\/p>\n<p>&nbsp;<\/p>","protected":false},"excerpt":{"rendered":"<p>Audax Renovables aprueba dos programas de emisi\u00f3n de deuda verde por 700 millones de euros La compa\u00f1\u00eda ha registrado un programa de emisi\u00f3n de bonos en el MARF por 400 millones y su primer programa de pagar\u00e9s internacional en Irlanda por 300 millones de euros Audax Renovables (ADX.MC), el grupo energ\u00e9tico que integra los negocios [&hellip;]<\/p>\n","protected":false},"author":1,"featured_media":2576,"comment_status":"closed","ping_status":"open","sticky":false,"template":"","format":"standard","meta":{"content-type":"","footnotes":""},"categories":[1],"tags":[],"class_list":["post-2577","post","type-post","status-publish","format-standard","has-post-thumbnail","hentry","category-sin-categoria"],"yoast_head":"<!-- This site is optimized with the Yoast SEO plugin v23.5 - https:\/\/yoast.com\/wordpress\/plugins\/seo\/ -->\n<title>Audax Renovables aprueba dos programas de emisi?n de deuda verde por 700 millones de euros<\/title>\n<meta name=\"description\" content=\"La compa??a ha registrado un programa de emisi?n de bonos en el MARF por 400 millones y su primer programa de pagar?s internacional en Irlanda por 300 millones de euros\" \/>\n<meta name=\"robots\" content=\"index, follow, max-snippet:-1, max-image-preview:large, max-video-preview:-1\" \/>\n<link rel=\"canonical\" href=\"https:\/\/www.audaxrenovables.es\/ca\/emissio-bons-marf-i-pagar-internacional-a-irlanda\/\" \/>\n<meta property=\"og:locale\" content=\"ca_ES\" \/>\n<meta property=\"og:type\" content=\"article\" \/>\n<meta property=\"og:title\" content=\"Audax Renovables aprueba dos programas de emisi?n de deuda verde por 700 millones de euros\" \/>\n<meta property=\"og:description\" content=\"La compa??a ha registrado un programa de emisi?n de bonos en el MARF por 400 millones y su primer programa de pagar?s internacional en Irlanda por 300 millones de euros\" \/>\n<meta property=\"og:url\" content=\"https:\/\/www.audaxrenovables.es\/ca\/emissio-bons-marf-i-pagar-internacional-a-irlanda\/\" \/>\n<meta property=\"og:site_name\" content=\"Audax Renovables\" \/>\n<meta property=\"article:published_time\" content=\"2020-07-06T18:14:15+00:00\" \/>\n<meta property=\"article:modified_time\" content=\"2023-06-20T11:51:34+00:00\" \/>\n<meta property=\"og:image\" content=\"https:\/\/www.audaxrenovables.es\/wp-content\/uploads\/2023\/06\/06072020.jpg.jpg\" \/>\n\t<meta property=\"og:image:width\" content=\"713\" \/>\n\t<meta property=\"og:image:height\" content=\"403\" \/>\n\t<meta property=\"og:image:type\" content=\"image\/jpeg\" \/>\n<meta name=\"author\" content=\"adminadx\" \/>\n<meta name=\"twitter:card\" content=\"summary_large_image\" \/>\n<meta name=\"twitter:label1\" content=\"Escrit per\" \/>\n\t<meta name=\"twitter:data1\" content=\"adminadx\" \/>\n\t<meta name=\"twitter:label2\" content=\"Temps estimat de lectura\" \/>\n\t<meta name=\"twitter:data2\" content=\"3 minuts\" \/>\n<!-- \/ Yoast SEO plugin. -->","yoast_head_json":{"title":"Audax Renovables aprova dos programes d?emissi? de deute verd per 700 milions d?euros","description":"La companyia ha registrat un programa d?emissi? de bons al MARF per 400 milions i el seu primer programa de pagar?s internacional a Irlanda per 300 milions d?euros","robots":{"index":"index","follow":"follow","max-snippet":"max-snippet:-1","max-image-preview":"max-image-preview:large","max-video-preview":"max-video-preview:-1"},"canonical":"https:\/\/www.audaxrenovables.es\/ca\/emissio-bons-marf-i-pagar-internacional-a-irlanda\/","og_locale":"ca_ES","og_type":"article","og_title":"Audax Renovables aprueba dos programas de emisi?n de deuda verde por 700 millones de euros","og_description":"La compa??a ha registrado un programa de emisi?n de bonos en el MARF por 400 millones y su primer programa de pagar?s internacional en Irlanda por 300 millones de euros","og_url":"https:\/\/www.audaxrenovables.es\/ca\/emissio-bons-marf-i-pagar-internacional-a-irlanda\/","og_site_name":"Audax Renovables","article_published_time":"2020-07-06T18:14:15+00:00","article_modified_time":"2023-06-20T11:51:34+00:00","og_image":[{"width":713,"height":403,"url":"https:\/\/www.audaxrenovables.es\/wp-content\/uploads\/2023\/06\/06072020.jpg.jpg","type":"image\/jpeg"}],"author":"adminadx","twitter_card":"summary_large_image","twitter_misc":{"Escrit per":"adminadx","Temps estimat de lectura":"3 minuts"},"schema":{"@context":"https:\/\/schema.org","@graph":[{"@type":"Article","@id":"https:\/\/www.audaxrenovables.es\/es\/emision-bonos-marf-y-pagares-internacional-en-irlanda\/#article","isPartOf":{"@id":"https:\/\/www.audaxrenovables.es\/es\/emision-bonos-marf-y-pagares-internacional-en-irlanda\/"},"author":{"name":"adminadx","@id":"https:\/\/www.audaxrenovables.es\/ca\/#\/schema\/person\/39323131dc9a121279e4e63ed89ffbea"},"headline":"Audax Renovables aprueba dos programas de emisi\u00f3n de deuda verde por 700 millones de euros","datePublished":"2020-07-06T18:14:15+00:00","dateModified":"2023-06-20T11:51:34+00:00","mainEntityOfPage":{"@id":"https:\/\/www.audaxrenovables.es\/es\/emision-bonos-marf-y-pagares-internacional-en-irlanda\/"},"wordCount":562,"publisher":{"@id":"https:\/\/www.audaxrenovables.es\/ca\/#organization"},"image":{"@id":"https:\/\/www.audaxrenovables.es\/es\/emision-bonos-marf-y-pagares-internacional-en-irlanda\/#primaryimage"},"thumbnailUrl":"https:\/\/www.audaxrenovables.es\/wp-content\/uploads\/2023\/06\/06072020.jpg.jpg","articleSection":["Sin categor\u00eda"],"inLanguage":"ca"},{"@type":["WebPage","ItemPage"],"@id":"https:\/\/www.audaxrenovables.es\/es\/emision-bonos-marf-y-pagares-internacional-en-irlanda\/","url":"https:\/\/www.audaxrenovables.es\/es\/emision-bonos-marf-y-pagares-internacional-en-irlanda\/","name":"Audax Renovables aprova dos programes d?emissi? de deute verd per 700 milions d?euros","isPartOf":{"@id":"https:\/\/www.audaxrenovables.es\/ca\/#website"},"primaryImageOfPage":{"@id":"https:\/\/www.audaxrenovables.es\/es\/emision-bonos-marf-y-pagares-internacional-en-irlanda\/#primaryimage"},"image":{"@id":"https:\/\/www.audaxrenovables.es\/es\/emision-bonos-marf-y-pagares-internacional-en-irlanda\/#primaryimage"},"thumbnailUrl":"https:\/\/www.audaxrenovables.es\/wp-content\/uploads\/2023\/06\/06072020.jpg.jpg","datePublished":"2020-07-06T18:14:15+00:00","dateModified":"2023-06-20T11:51:34+00:00","description":"La companyia ha registrat un programa d?emissi? de bons al MARF per 400 milions i el seu primer programa de pagar?s internacional a Irlanda per 300 milions d?euros","breadcrumb":{"@id":"https:\/\/www.audaxrenovables.es\/es\/emision-bonos-marf-y-pagares-internacional-en-irlanda\/#breadcrumb"},"inLanguage":"ca","potentialAction":[{"@type":"ReadAction","target":["https:\/\/www.audaxrenovables.es\/es\/emision-bonos-marf-y-pagares-internacional-en-irlanda\/"]}]},{"@type":"ImageObject","inLanguage":"ca","@id":"https:\/\/www.audaxrenovables.es\/es\/emision-bonos-marf-y-pagares-internacional-en-irlanda\/#primaryimage","url":"https:\/\/www.audaxrenovables.es\/wp-content\/uploads\/2023\/06\/06072020.jpg.jpg","contentUrl":"https:\/\/www.audaxrenovables.es\/wp-content\/uploads\/2023\/06\/06072020.jpg.jpg","width":713,"height":403},{"@type":"BreadcrumbList","@id":"https:\/\/www.audaxrenovables.es\/es\/emision-bonos-marf-y-pagares-internacional-en-irlanda\/#breadcrumb","itemListElement":[{"@type":"ListItem","position":1,"name":"Portada","item":"https:\/\/www.audaxrenovables.es\/es\/"},{"@type":"ListItem","position":2,"name":"Audax Renovables aprueba dos programas de emisi\u00f3n de deuda verde por 700 millones de euros"}]},{"@type":"WebSite","@id":"https:\/\/www.audaxrenovables.es\/ca\/#website","url":"https:\/\/www.audaxrenovables.es\/ca\/","name":"Audax Renovables","description":"Companyia independent dedicada a la producci\u00f3 denergia el\u00e8ctrica a partir de fonts denergia 100% renovables","publisher":{"@id":"https:\/\/www.audaxrenovables.es\/ca\/#organization"},"potentialAction":[{"@type":"SearchAction","target":{"@type":"EntryPoint","urlTemplate":"https:\/\/www.audaxrenovables.es\/ca\/?s={search_term_string}"},"query-input":{"@type":"PropertyValueSpecification","valueRequired":true,"valueName":"search_term_string"}}],"inLanguage":"ca"},{"@type":"Organization","@id":"https:\/\/www.audaxrenovables.es\/ca\/#organization","name":"Audax Renovables","alternateName":"Audax Energ\u00eda","url":"https:\/\/www.audaxrenovables.es\/ca\/","logo":{"@type":"ImageObject","inLanguage":"ca","@id":"https:\/\/www.audaxrenovables.es\/ca\/#\/schema\/logo\/image\/","url":"https:\/\/www.audaxrenovables.es\/wp-content\/uploads\/2023\/04\/logo.png","contentUrl":"https:\/\/www.audaxrenovables.es\/wp-content\/uploads\/2023\/04\/logo.png","width":197,"height":125,"caption":"Audax Renovables"},"image":{"@id":"https:\/\/www.audaxrenovables.es\/ca\/#\/schema\/logo\/image\/"},"sameAs":["https:\/\/www.instagram.com\/audaxrenovables\/","https:\/\/x.com\/AudaxRenovables","https:\/\/www.youtube.com\/user\/AudaxEnergia","https:\/\/www.tiktok.com\/@audaxrenovables","https:\/\/www.linkedin.com\/company\/203502\/admin\/"]},{"@type":"Person","@id":"https:\/\/www.audaxrenovables.es\/ca\/#\/schema\/person\/39323131dc9a121279e4e63ed89ffbea","name":"adminadx","image":{"@type":"ImageObject","inLanguage":"ca","@id":"https:\/\/www.audaxrenovables.es\/ca\/#\/schema\/person\/image\/","url":"https:\/\/secure.gravatar.com\/avatar\/60b4d621160a422b02f2d19db7066f73c964c792ce03f3da9d36f40a41bdd2e6?s=96&d=mm&r=g","contentUrl":"https:\/\/secure.gravatar.com\/avatar\/60b4d621160a422b02f2d19db7066f73c964c792ce03f3da9d36f40a41bdd2e6?s=96&d=mm&r=g","caption":"adminadx"},"sameAs":["https:\/\/audaxrenovables.es"]}]}},"_links":{"self":[{"href":"https:\/\/www.audaxrenovables.es\/ca\/wp-json\/wp\/v2\/posts\/2577","targetHints":{"allow":["GET"]}}],"collection":[{"href":"https:\/\/www.audaxrenovables.es\/ca\/wp-json\/wp\/v2\/posts"}],"about":[{"href":"https:\/\/www.audaxrenovables.es\/ca\/wp-json\/wp\/v2\/types\/post"}],"author":[{"embeddable":true,"href":"https:\/\/www.audaxrenovables.es\/ca\/wp-json\/wp\/v2\/users\/1"}],"replies":[{"embeddable":true,"href":"https:\/\/www.audaxrenovables.es\/ca\/wp-json\/wp\/v2\/comments?post=2577"}],"version-history":[{"count":1,"href":"https:\/\/www.audaxrenovables.es\/ca\/wp-json\/wp\/v2\/posts\/2577\/revisions"}],"predecessor-version":[{"id":2837,"href":"https:\/\/www.audaxrenovables.es\/ca\/wp-json\/wp\/v2\/posts\/2577\/revisions\/2837"}],"wp:featuredmedia":[{"embeddable":true,"href":"https:\/\/www.audaxrenovables.es\/ca\/wp-json\/wp\/v2\/media\/2576"}],"wp:attachment":[{"href":"https:\/\/www.audaxrenovables.es\/ca\/wp-json\/wp\/v2\/media?parent=2577"}],"wp:term":[{"taxonomy":"category","embeddable":true,"href":"https:\/\/www.audaxrenovables.es\/ca\/wp-json\/wp\/v2\/categories?post=2577"},{"taxonomy":"post_tag","embeddable":true,"href":"https:\/\/www.audaxrenovables.es\/ca\/wp-json\/wp\/v2\/tags?post=2577"}],"curies":[{"name":"wp","href":"https:\/\/api.w.org\/{rel}","templated":true}]}}