{"id":2581,"date":"2020-05-19T14:56:37","date_gmt":"2020-05-19T14:56:37","guid":{"rendered":"https:\/\/audaxrenovables.es\/audax-renovables-reactiva-el-mercado-de-pagares\/"},"modified":"2023-06-20T11:51:48","modified_gmt":"2023-06-20T11:51:48","slug":"audax-renovables-reactiva-el-mercado-de-pagares","status":"publish","type":"post","link":"https:\/\/www.audaxrenovables.es\/ca\/audax-renovables-reactiva-el-mercat-de-pagaments\/","title":{"rendered":"Audax Renovables reactiva el mercat de pagar\u00e9s i en refor\u00e7a la liquiditat col\u00b7locant 17,6 milions d&#039;euros"},"content":{"rendered":"<p><img decoding=\"async\" class=\"adx_img_post\" src=\"https:\/\/www.audaxrenovables.es\/uploads\/2020\/05\/19\/2cc84baeb462bee37b7cc4253728b3a8.jpg\"><\/p>\n<h1 class=\"adx_tit_post\">Audax Renovables reactiva el mercat de pagar\u00e9s i en refor\u00e7a la liquiditat col\u00b7locant 17,6 milions d&#039;euros<\/h1>\n<blockquote><p>Ha col\u00b7locat el 88% de l&#039;emissi\u00f3 total de 20 milions d&#039;euros i confirma la confian\u00e7a dels inversors a la companyia<\/p><\/blockquote>\n<p>Audax Renovables (ADX.MC), el grup energ\u00e8tic que integra els negocis de comercialitzaci\u00f3 i de generaci\u00f3 d&#039;electricitat 100% renovable, ha aconseguit col\u00b7locar el 88% de l&#039;emissi\u00f3 de 20 milions d&#039;euros a pagar\u00e9s llan\u00e7ada aquest mes de maig i registrada al MARF . En total s&#039;han col\u00b7locat 17,6 milions d&#039;euros a un termini de 6 mesos, dels quals l&#039;ICO (Institut de Cr\u00e8dit Oficial) n&#039;ha subscrit 5 milions i la resta ha correspost a inversors privats.<\/p>\n<p>Tot i que les circumst\u00e0ncies excepcionals derivades de la COVID-19 van provocar pr\u00e0cticament el tancament del mercat de pagar\u00e9s durant un mes i mig, la solv\u00e8ncia d&#039;Audax Renovables i la iniciativa de l&#039;ICO de donar suport a les emissions del MARF, han aconseguit recuperar la confian\u00e7a dels inversors i revitalitzar lactivitat.<\/p>\n<p>Aquesta operaci\u00f3 d&#039;Audax Renovables ha suscitat un gran inter\u00e8s entre els inversors institucionals que regularment compren pagar\u00e9s de la companyia des de fa quatre anys, data de registre del primer programa. Gr\u00e0cies a la bona evoluci\u00f3 de la companyia ia la seva elevada solv\u00e8ncia, Audax Renovables ha anat ampliant el programa de pagar\u00e9s fins als 200 milions d&#039;import m\u00e0xim, sobre els quals t\u00e9 un saldo viu de 83,2 milions d&#039;euros. La setmana passada va presentar uns excel\u00b7lents resultats al tancament del 1r trimestre del 2020 que suposen un blindatge del seu balan\u00e7. Audax Renovables va tancar el primer trimestre del 2020 amb un increment del marge brut del 3,2% i es va anticipar als possibles efectes derivats de la COVID-19 elaborant un pla de conting\u00e8ncia dirigit a mitigar el possible impacte amb l&#039;objectiu de mantenir la seva s\u00f2lida posici\u00f3 financera, aix\u00ed com la liquiditat i el perfil creditici. A aix\u00f2 cal afegir una reducci\u00f3 del deute a 13 milions d&#039;euros el primer trimestre de l&#039;exercici.<\/p>\n<p>L&#039;ag\u00e8ncia de valoracions GVC situa el preu objectiu de l&#039;acci\u00f3 d&#039;Audax Renovables en 2,90\u20ac, fet que suposa una revaloraci\u00f3 potencial del 60% respecte al preu actual del t\u00edtol. Les principals magnituds financeres i de negoci, el creixement del 19% en el nombre de clients respecte al mateix per\u00edode del 2019, arriba als 365.000 punts de subministrament actius, la internalitzaci\u00f3 i diversificaci\u00f3 geogr\u00e0fica estant present en els negocis de comercialitzaci\u00f3 i\/o generaci\u00f3 a Espanya , Portugal, Fran\u00e7a, It\u00e0lia, Alemanya, Holanda, Pol\u00f2nia i Panam\u00e0, converteixen Audax Renovables en un valor de refer\u00e8ncia per als inversors. A aix\u00f2 cal afegir que el mes de mar\u00e7 passat Audax Renovables es va incorporar a l&#039;\u00edndex IBEX SMALL CAP\u00ae.<\/p>\n<p>Audax Renovables confia que aquesta emissi\u00f3 de pagar\u00e9s contribuir\u00e0 a refor\u00e7ar la liquiditat de la companyia i impulsar el seu lideratge com a primera comercialitzadora independent en el segment PIME a Espanya, aix\u00ed com continuar replicant l&#039;\u00e8xit obtingut a Espanya als mercats internacionals en qu\u00e8 opera: Portugal , It\u00e0lia, Alemanya, Holanda, Fran\u00e7a, Pol\u00f2nia i Panam\u00e0. Aix\u00ed mateix, Audax Renovables continua apostant per la construcci\u00f3 de les plantes de generaci\u00f3 d&#039;energia 100% renovable.<\/p>\n<p>Addicionalment, el mes d&#039;abril passat, l&#039;ag\u00e8ncia de rating espanyola Axesor va ratificar el rating la societat sota la qualificaci\u00f3 d&#039;Investment Grade (BBB-) amb perspectiva estable, demostrant la s\u00f2lida posici\u00f3 financera de la companyia fins i tot en els moments d&#039;incertesa actuals. Aix\u00f2 permet a la companyia que les col\u00b7locacions de pagar\u00e9s es facin a preus molt competitius, fins i tot en la situaci\u00f3 actual dels mercats els preus nom\u00e9s han variat en 20 punts b\u00e0sics.<\/p>\n<p>Sobre Audax Renovables&nbsp;<br \/>\n&nbsp;<br \/>\nAudax Renovables \u00e9s el resultat de la fusi\u00f3 entre la pr\u00f2pia Audax Renovables i la seva matriu, Audax Energ\u00eda, donant lloc a un grup energ\u00e8tic les activitats del qual se centren en el subministrament d&#039;electricitat i gas, aix\u00ed com en la producci\u00f3 d&#039;energia 100% renovable.<br \/>\n&nbsp;<br \/>\nActualment, cotitza al Mercat Continu espanyol sota la denominaci\u00f3 (ticker) ADX.MC, i s&#039;ha incorporat a l&#039;\u00edndex IBEX SMALL CAP\u00ae el 23 de mar\u00e7 de 2020.<\/p>\n<p>Som el Grup energ\u00e8tic l\u00edder en el segment PIME a Espanya, garantint un subministrament eficient de l&#039;energia comercialitzada a trav\u00e9s d&#039;un proc\u00e9s d&#039;integraci\u00f3 vertical amb el segment de la generaci\u00f3 renovable, amb una s\u00f2lida posici\u00f3 financera, i preparat per encap\u00e7alar la transici\u00f3 energ\u00e8tica a el mercat europeu.<br \/>\n&nbsp;<br \/>\nEl Grup opera en dues activitats de negoci diferenciades: comercialitzaci\u00f3 i generaci\u00f3. A la seva divisi\u00f3 de comercialitzaci\u00f3 d&#039;electricitat i gas, \u00e9s present a Espanya, Portugal, It\u00e0lia, Alemanya, Pol\u00f2nia i Holanda, sumant m\u00e9s de 365 mil clients.<\/p>\n<p>D&#039;altra banda, la divisi\u00f3 de generaci\u00f3 gestiona una cartera total en explotaci\u00f3 de 91 MW a Espanya, Fran\u00e7a i Pol\u00f2nia a parcs e\u00f2lics. A m\u00e9s, compta amb una cartera en desenvolupament de 320 MW fotovoltaics a Espanya, aix\u00ed com amb un projecte e\u00f2lic en construcci\u00f3 a Panam\u00e0 de 66 MW.<br \/>\n&nbsp;<\/p>","protected":false},"excerpt":{"rendered":"<p>Audax Renovables reactiva el mercado de pagar\u00e9s y refuerza su liquidez colocando 17,6 millones de euros Ha colocado el 88% de la emisi\u00f3n total de 20 millones de euros y confirma la confianza de los inversores en la compa\u00f1\u00eda Audax Renovables (ADX.MC), el grupo energ\u00e9tico que integra los negocios de comercializaci\u00f3n y de generaci\u00f3n de [&hellip;]<\/p>\n","protected":false},"author":1,"featured_media":2580,"comment_status":"closed","ping_status":"open","sticky":false,"template":"","format":"standard","meta":{"content-type":"","footnotes":""},"categories":[1],"tags":[],"class_list":["post-2581","post","type-post","status-publish","format-standard","has-post-thumbnail","hentry","category-sin-categoria"],"yoast_head":"<!-- This site is optimized with the Yoast SEO plugin v23.5 - https:\/\/yoast.com\/wordpress\/plugins\/seo\/ -->\n<title>Audax Renovables reactiva el mercado de pagar?s y refuerza su liquidez colocando 17,6 millones de euros<\/title>\n<meta name=\"description\" content=\"Audax Renovables reactiva el mercado de pagar?s. Audax ha conseguido colocar el 88% de la emisi?n de 20 millones de euros en pagar?s lanzada este mes de mayo y registrada en el MARF. En total se han colocado 17,6 millones de euros a un plazo de 6 meses, d\" \/>\n<meta name=\"robots\" content=\"index, follow, max-snippet:-1, max-image-preview:large, max-video-preview:-1\" \/>\n<link rel=\"canonical\" href=\"https:\/\/www.audaxrenovables.es\/ca\/audax-renewables-reactivates-the-promissory-note-market\/\" \/>\n<meta property=\"og:locale\" content=\"ca_ES\" \/>\n<meta property=\"og:type\" content=\"article\" \/>\n<meta property=\"og:title\" content=\"Audax Renovables reactiva el mercado de pagar?s y refuerza su liquidez colocando 17,6 millones de euros\" \/>\n<meta property=\"og:description\" content=\"Audax Renovables reactiva el mercado de pagar?s. Audax ha conseguido colocar el 88% de la emisi?n de 20 millones de euros en pagar?s lanzada este mes de mayo y registrada en el MARF. En total se han colocado 17,6 millones de euros a un plazo de 6 meses, d\" \/>\n<meta property=\"og:url\" content=\"https:\/\/www.audaxrenovables.es\/ca\/audax-renewables-reactivates-the-promissory-note-market\/\" \/>\n<meta property=\"og:site_name\" content=\"Audax Renovables\" \/>\n<meta property=\"article:published_time\" content=\"2020-05-19T14:56:37+00:00\" \/>\n<meta property=\"article:modified_time\" content=\"2023-06-20T11:51:48+00:00\" \/>\n<meta property=\"og:image\" content=\"https:\/\/www.audaxrenovables.es\/wp-content\/uploads\/2023\/06\/PlantillaNoticias_19052020.jpg.jpg\" \/>\n\t<meta property=\"og:image:width\" content=\"713\" \/>\n\t<meta property=\"og:image:height\" content=\"403\" \/>\n\t<meta property=\"og:image:type\" content=\"image\/jpeg\" \/>\n<meta name=\"author\" content=\"adminadx\" \/>\n<meta name=\"twitter:card\" content=\"summary_large_image\" \/>\n<meta name=\"twitter:label1\" content=\"Escrit per\" \/>\n\t<meta name=\"twitter:data1\" content=\"adminadx\" \/>\n\t<meta name=\"twitter:label2\" content=\"Temps estimat de lectura\" \/>\n\t<meta name=\"twitter:data2\" content=\"4 minuts\" \/>\n<!-- \/ Yoast SEO plugin. -->","yoast_head_json":{"title":"Audax Renovables reactiva el mercat de pagar i refor\u00e7a la seva liquiditat col\u00b7locant 17,6 milions d&#039;euros","description":"Audax Renovables reactiva el mercat de pagar?s. Audax ha aconseguit col\u00b7locar el 88% de l?emissi\u00f3 de 20 milions d?euros en pagar?s llan\u00e7ada aquest mes de maig i registrada al MARF. En total s&#039;han col\u00b7locat 17,6 milions d&#039;euros a un termini de 6 mesos.","robots":{"index":"index","follow":"follow","max-snippet":"max-snippet:-1","max-image-preview":"max-image-preview:large","max-video-preview":"max-video-preview:-1"},"canonical":"https:\/\/www.audaxrenovables.es\/ca\/audax-renewables-reactivates-the-promissory-note-market\/","og_locale":"ca_ES","og_type":"article","og_title":"Audax Renovables reactiva el mercado de pagar?s y refuerza su liquidez colocando 17,6 millones de euros","og_description":"Audax Renovables reactiva el mercado de pagar?s. Audax ha conseguido colocar el 88% de la emisi?n de 20 millones de euros en pagar?s lanzada este mes de mayo y registrada en el MARF. En total se han colocado 17,6 millones de euros a un plazo de 6 meses, d","og_url":"https:\/\/www.audaxrenovables.es\/ca\/audax-renewables-reactivates-the-promissory-note-market\/","og_site_name":"Audax Renovables","article_published_time":"2020-05-19T14:56:37+00:00","article_modified_time":"2023-06-20T11:51:48+00:00","og_image":[{"width":713,"height":403,"url":"https:\/\/www.audaxrenovables.es\/wp-content\/uploads\/2023\/06\/PlantillaNoticias_19052020.jpg.jpg","type":"image\/jpeg"}],"author":"adminadx","twitter_card":"summary_large_image","twitter_misc":{"Escrit per":"adminadx","Temps estimat de lectura":"4 minuts"},"schema":{"@context":"https:\/\/schema.org","@graph":[{"@type":"Article","@id":"https:\/\/www.audaxrenovables.es\/en\/audax-renewables-reactivates-the-promissory-note-market\/#article","isPartOf":{"@id":"https:\/\/www.audaxrenovables.es\/en\/audax-renewables-reactivates-the-promissory-note-market\/"},"author":{"name":"adminadx","@id":"https:\/\/www.audaxrenovables.es\/ca\/#\/schema\/person\/39323131dc9a121279e4e63ed89ffbea"},"headline":"Audax Renovables reactiva el mercado de pagar\u00e9s y refuerza su liquidez colocando 17,6 millones de euros","datePublished":"2020-05-19T14:56:37+00:00","dateModified":"2023-06-20T11:51:48+00:00","mainEntityOfPage":{"@id":"https:\/\/www.audaxrenovables.es\/en\/audax-renewables-reactivates-the-promissory-note-market\/"},"wordCount":894,"publisher":{"@id":"https:\/\/www.audaxrenovables.es\/ca\/#organization"},"image":{"@id":"https:\/\/www.audaxrenovables.es\/en\/audax-renewables-reactivates-the-promissory-note-market\/#primaryimage"},"thumbnailUrl":"https:\/\/www.audaxrenovables.es\/wp-content\/uploads\/2023\/06\/PlantillaNoticias_19052020.jpg.jpg","articleSection":["Sin categor\u00eda"],"inLanguage":"ca"},{"@type":["WebPage","ItemPage"],"@id":"https:\/\/www.audaxrenovables.es\/en\/audax-renewables-reactivates-the-promissory-note-market\/","url":"https:\/\/www.audaxrenovables.es\/en\/audax-renewables-reactivates-the-promissory-note-market\/","name":"Audax Renovables reactiva el mercat de pagar i refor\u00e7a la seva liquiditat col\u00b7locant 17,6 milions d&#039;euros","isPartOf":{"@id":"https:\/\/www.audaxrenovables.es\/ca\/#website"},"primaryImageOfPage":{"@id":"https:\/\/www.audaxrenovables.es\/en\/audax-renewables-reactivates-the-promissory-note-market\/#primaryimage"},"image":{"@id":"https:\/\/www.audaxrenovables.es\/en\/audax-renewables-reactivates-the-promissory-note-market\/#primaryimage"},"thumbnailUrl":"https:\/\/www.audaxrenovables.es\/wp-content\/uploads\/2023\/06\/PlantillaNoticias_19052020.jpg.jpg","datePublished":"2020-05-19T14:56:37+00:00","dateModified":"2023-06-20T11:51:48+00:00","description":"Audax Renovables reactiva el mercat de pagar?s. Audax ha aconseguit col\u00b7locar el 88% de l?emissi\u00f3 de 20 milions d?euros en pagar?s llan\u00e7ada aquest mes de maig i registrada al MARF. En total s&#039;han col\u00b7locat 17,6 milions d&#039;euros a un termini de 6 mesos.","breadcrumb":{"@id":"https:\/\/www.audaxrenovables.es\/en\/audax-renewables-reactivates-the-promissory-note-market\/#breadcrumb"},"inLanguage":"ca","potentialAction":[{"@type":"ReadAction","target":["https:\/\/www.audaxrenovables.es\/en\/audax-renewables-reactivates-the-promissory-note-market\/"]}]},{"@type":"ImageObject","inLanguage":"ca","@id":"https:\/\/www.audaxrenovables.es\/en\/audax-renewables-reactivates-the-promissory-note-market\/#primaryimage","url":"https:\/\/www.audaxrenovables.es\/wp-content\/uploads\/2023\/06\/PlantillaNoticias_19052020.jpg.jpg","contentUrl":"https:\/\/www.audaxrenovables.es\/wp-content\/uploads\/2023\/06\/PlantillaNoticias_19052020.jpg.jpg","width":713,"height":403},{"@type":"BreadcrumbList","@id":"https:\/\/www.audaxrenovables.es\/en\/audax-renewables-reactivates-the-promissory-note-market\/#breadcrumb","itemListElement":[{"@type":"ListItem","position":1,"name":"Portada","item":"https:\/\/www.audaxrenovables.es\/es\/"},{"@type":"ListItem","position":2,"name":"Audax Renovables reactiva el mercado de pagar\u00e9s y refuerza su liquidez colocando 17,6 millones de euros"}]},{"@type":"WebSite","@id":"https:\/\/www.audaxrenovables.es\/ca\/#website","url":"https:\/\/www.audaxrenovables.es\/ca\/","name":"Audax Renovables","description":"Companyia independent dedicada a la producci\u00f3 denergia el\u00e8ctrica a partir de fonts denergia 100% renovables","publisher":{"@id":"https:\/\/www.audaxrenovables.es\/ca\/#organization"},"potentialAction":[{"@type":"SearchAction","target":{"@type":"EntryPoint","urlTemplate":"https:\/\/www.audaxrenovables.es\/ca\/?s={search_term_string}"},"query-input":{"@type":"PropertyValueSpecification","valueRequired":true,"valueName":"search_term_string"}}],"inLanguage":"ca"},{"@type":"Organization","@id":"https:\/\/www.audaxrenovables.es\/ca\/#organization","name":"Audax Renovables","alternateName":"Audax Energ\u00eda","url":"https:\/\/www.audaxrenovables.es\/ca\/","logo":{"@type":"ImageObject","inLanguage":"ca","@id":"https:\/\/www.audaxrenovables.es\/ca\/#\/schema\/logo\/image\/","url":"https:\/\/www.audaxrenovables.es\/wp-content\/uploads\/2023\/04\/logo.png","contentUrl":"https:\/\/www.audaxrenovables.es\/wp-content\/uploads\/2023\/04\/logo.png","width":197,"height":125,"caption":"Audax Renovables"},"image":{"@id":"https:\/\/www.audaxrenovables.es\/ca\/#\/schema\/logo\/image\/"},"sameAs":["https:\/\/www.instagram.com\/audaxrenovables\/","https:\/\/x.com\/AudaxRenovables","https:\/\/www.youtube.com\/user\/AudaxEnergia","https:\/\/www.tiktok.com\/@audaxrenovables","https:\/\/www.linkedin.com\/company\/203502\/admin\/"]},{"@type":"Person","@id":"https:\/\/www.audaxrenovables.es\/ca\/#\/schema\/person\/39323131dc9a121279e4e63ed89ffbea","name":"adminadx","image":{"@type":"ImageObject","inLanguage":"ca","@id":"https:\/\/www.audaxrenovables.es\/ca\/#\/schema\/person\/image\/","url":"https:\/\/secure.gravatar.com\/avatar\/60b4d621160a422b02f2d19db7066f73c964c792ce03f3da9d36f40a41bdd2e6?s=96&d=mm&r=g","contentUrl":"https:\/\/secure.gravatar.com\/avatar\/60b4d621160a422b02f2d19db7066f73c964c792ce03f3da9d36f40a41bdd2e6?s=96&d=mm&r=g","caption":"adminadx"},"sameAs":["https:\/\/audaxrenovables.es"]}]}},"_links":{"self":[{"href":"https:\/\/www.audaxrenovables.es\/ca\/wp-json\/wp\/v2\/posts\/2581","targetHints":{"allow":["GET"]}}],"collection":[{"href":"https:\/\/www.audaxrenovables.es\/ca\/wp-json\/wp\/v2\/posts"}],"about":[{"href":"https:\/\/www.audaxrenovables.es\/ca\/wp-json\/wp\/v2\/types\/post"}],"author":[{"embeddable":true,"href":"https:\/\/www.audaxrenovables.es\/ca\/wp-json\/wp\/v2\/users\/1"}],"replies":[{"embeddable":true,"href":"https:\/\/www.audaxrenovables.es\/ca\/wp-json\/wp\/v2\/comments?post=2581"}],"version-history":[{"count":1,"href":"https:\/\/www.audaxrenovables.es\/ca\/wp-json\/wp\/v2\/posts\/2581\/revisions"}],"predecessor-version":[{"id":2839,"href":"https:\/\/www.audaxrenovables.es\/ca\/wp-json\/wp\/v2\/posts\/2581\/revisions\/2839"}],"wp:featuredmedia":[{"embeddable":true,"href":"https:\/\/www.audaxrenovables.es\/ca\/wp-json\/wp\/v2\/media\/2580"}],"wp:attachment":[{"href":"https:\/\/www.audaxrenovables.es\/ca\/wp-json\/wp\/v2\/media?parent=2581"}],"wp:term":[{"taxonomy":"category","embeddable":true,"href":"https:\/\/www.audaxrenovables.es\/ca\/wp-json\/wp\/v2\/categories?post=2581"},{"taxonomy":"post_tag","embeddable":true,"href":"https:\/\/www.audaxrenovables.es\/ca\/wp-json\/wp\/v2\/tags?post=2581"}],"curies":[{"name":"wp","href":"https:\/\/api.w.org\/{rel}","templated":true}]}}