{"id":2583,"date":"2020-05-14T06:43:26","date_gmt":"2020-05-14T06:43:26","guid":{"rendered":"https:\/\/audaxrenovables.es\/audax-renovables-se-blinda\/"},"modified":"2023-06-20T11:51:55","modified_gmt":"2023-06-20T11:51:55","slug":"audax-renovables-se-blinda","status":"publish","type":"post","link":"https:\/\/www.audaxrenovables.es\/ca\/audax-renovables-es-blinda\/","title":{"rendered":"Audax Renovables es blinda davant els efectes de la COVID-19"},"content":{"rendered":"<p><img decoding=\"async\" class=\"adx_img_post\" src=\"https:\/\/www.audaxrenovables.es\/uploads\/2020\/05\/14\/ca446ba47cbbda4a5248fdbc597a61f0.jpg\"><\/p>\n<h1 class=\"adx_tit_post\">Audax Renovables es blinda davant els efectes de la COVID-19<\/h1>\n<blockquote><p>Audax Renovables tanca el primer trimestre del 2020 amb un increment del marge brut del 3,2% i un benefici d&#039;1,4 milions d&#039;euros<\/p><\/blockquote>\n<p>Audax Renovables (ADX.MC), el grup energ\u00e8tic que integra els negocis de comercialitzaci\u00f3 i de generaci\u00f3 d&#039;electricitat 100% renovable, presenta els resultats del primer trimestre del 2020 emmarcats en les circumst\u00e0ncies excepcionals provocades per la COVID-19. La companyia, davant d&#039;aquestes circumst\u00e0ncies, es va anticipar elaborant un pla de conting\u00e8ncia dirigit a mitigar el possible impacte amb l&#039;objectiu de mantenir la s\u00f2lida posici\u00f3 financera, aix\u00ed com la liquiditat i el perfil creditici.<\/p>\n<p>Audax tanca el primer trimestre del 2020 amb uns ingressos de les operacions de 234 milions d&#039;euros, per sota de l&#039;exercici anterior a causa, principalment, dels factors seg\u00fcents: un preu m\u00e9s baix de l&#039;energia a Espanya, i un 37% \u00e9s menor al mateix per\u00edode del any anterior en el cas de l&#039;energia el\u00e8ctrica i un 53% menor en el cas del mercat gasista; una baixada de la demanda a nivell europeu per una climatologia m\u00e9s c\u00e0lida; i, a l&#039;efecte de la sortida del per\u00edmetre de les tres plantes de generaci\u00f3 venudes a l&#039;exercici 2019.<\/p>\n<p>No obstant aix\u00f2, a causa d&#039;una millora en la gesti\u00f3 dels seus aprovisionaments, la companyia ha incrementat el seu marge brut en un 3,2% respecte al mateix per\u00edode de l&#039;exercici anterior, situant-se el mateix en un 13% sobre la xifra de negocis, davant del 10% a mateix per\u00edode de l&#039;any anterior.<\/p>\n<p>Per fer front als possibles efectes derivats de la COVID-19, Audax Renovables ha registrat una dotaci\u00f3 extraordin\u00e0ria per insolv\u00e8ncies de 3,3 milions d&#039;euros, amb motiu del pla de conting\u00e8ncia elaborat a aquest efecte sota criteris conservadors, cosa que ha de permetre a Audax Renovables blindar-se per a la totalitat del present exercici.<\/p>\n<p>L&#039;EBITDA en aquest per\u00edode s&#039;ha situat a 12 milions d&#039;euros i ha tancat amb un benefici net d&#039;1,4 milions d&#039;euros. A efectes comparatius, sense tenir en compte l&#039;efecte COVID-19 i les desinversions de les plantes de generaci\u00f3 a l&#039;exercici anterior, l&#039;EBITDA s&#039;hagu\u00e9s situat als 20,6 milions d&#039;euros, un 43% superior al primer trimestre de l&#039;any anterior, i el resultat net a 6,8 milions d&#039;euros.<\/p>\n<p>Al tancament del primer trimestre del 2020, Audax Renovables compta amb m\u00e9s de 365.000 punts de subministrament actius, un 19% m\u00e9s que en el mateix per\u00edode del 2019. L&#039;increment en el nombre de clients ha perm\u00e8s esmorteir en part tant la caiguda del preu de la energia al mercat nacional, esmentat anteriorment, com la caiguda de la demanda provocada per la COVID-19.<\/p>\n<p>D&#039;altra banda, Audax Renovables continua apostant per la construcci\u00f3 de les plantes de generaci\u00f3. Fins i tot amb la situaci\u00f3 actual provocada per la COVID-19, les obres no s&#039;han vist significativament afectades i la posada en marxa dels projectes no comptar\u00e0 amb retards importants respecte a les dates inicialment previstes. Concretament, el mes de gener passat es va iniciar la construcci\u00f3 de la planta fotovoltaica de Ca\u00f1amares al municipi de Fontanar (Guadalajara, Castella-la Manxa) amb una pot\u00e8ncia de 5 MWp, i en breu s&#039;iniciar\u00e0 la construcci\u00f3 de les plantes fotovoltaiques Carolines I i II de 10 MWp en total, estant ambdues ubicades al municipi del Casar (Guadalajara, Castella-la Manxa).&nbsp;<\/p>\n<p>Addicionalment, el mes d&#039;abril passat, l&#039;ag\u00e8ncia de rating espanyola Axesor va ratificar el rating la societat sota la qualificaci\u00f3 d&#039;Investment Grade (BBB-) amb perspectiva estable, demostrant la s\u00f2lida posici\u00f3 financera de la companyia fins i tot en els moments d&#039;incertesa actuals.<br \/>\n&nbsp;<br \/>\nAix\u00ed mateix, cal destacar que el Grup va reduir el deute en 13 milions d&#039;euros el primer trimestre de l&#039;exercici.<\/p>\n<p>La cotitzaci\u00f3 de les accions d&#039;Audax Renovables s&#039;ha vist inevitablement afectada per la situaci\u00f3 creada per la pand\u00e8mia de la COVID-19, despr\u00e9s d&#039;haver arribat a m\u00e0xims en aquest per\u00edode de 2,72 \u20ac\/acci\u00f3. Tot i aix\u00f2, les principals magnituds financeres i de negoci, situen Audax Renovables en una molt bona posici\u00f3 per afrontar la situaci\u00f3 actual amb les m\u00e0ximes garanties de solv\u00e8ncia. A aix\u00f2 cal afegir que la diversificaci\u00f3 geogr\u00e0fica de la companyia limita el risc de concentraci\u00f3 del negoci, estant present als negocis de comercialitzaci\u00f3 i\/o generaci\u00f3 a Espanya, Portugal, Fran\u00e7a, It\u00e0lia, Alemanya, Holanda, Pol\u00f2nia i Panam\u00e0. Sumat a tot aix\u00f2, el mes de mar\u00e7 passat Audax Renovables es va incorporar a l&#039;\u00edndex IBEX SMALL CAP\u00ae, cosa que la converteix en un valor de refer\u00e8ncia per als inversors.<\/p>","protected":false},"excerpt":{"rendered":"<p>Audax Renovables se blinda ante los efectos de la COVID-19 Audax Renovables cierra el primer trimestre de 2020 con un incremento del margen bruto del 3,2% y un beneficio de 1,4 millones de euros Audax Renovables (ADX.MC), el grupo energ\u00e9tico que integra los negocios de comercializaci\u00f3n y de generaci\u00f3n de electricidad 100% renovable, presenta sus [&hellip;]<\/p>\n","protected":false},"author":1,"featured_media":2582,"comment_status":"closed","ping_status":"open","sticky":false,"template":"","format":"standard","meta":{"content-type":"","footnotes":""},"categories":[1],"tags":[],"class_list":["post-2583","post","type-post","status-publish","format-standard","has-post-thumbnail","hentry","category-sin-categoria"],"yoast_head":"<!-- This site is optimized with the Yoast SEO plugin v23.5 - https:\/\/yoast.com\/wordpress\/plugins\/seo\/ -->\n<title>Audax Renovables se blinda ante los efectos de la COVID-19<\/title>\n<meta name=\"description\" content=\"Audax Renovables se blinda ante los efectos de la COVID-19\" \/>\n<meta name=\"robots\" content=\"index, follow, max-snippet:-1, max-image-preview:large, max-video-preview:-1\" \/>\n<link rel=\"canonical\" href=\"https:\/\/www.audaxrenovables.es\/ca\/audax-renovables-es-blinda\/\" \/>\n<meta property=\"og:locale\" content=\"ca_ES\" \/>\n<meta property=\"og:type\" content=\"article\" \/>\n<meta property=\"og:title\" content=\"Audax Renovables se blinda ante los efectos de la COVID-19\" \/>\n<meta property=\"og:description\" content=\"Audax Renovables se blinda ante los efectos de la COVID-19\" \/>\n<meta property=\"og:url\" content=\"https:\/\/www.audaxrenovables.es\/ca\/audax-renovables-es-blinda\/\" \/>\n<meta property=\"og:site_name\" content=\"Audax Renovables\" \/>\n<meta property=\"article:published_time\" content=\"2020-05-14T06:43:26+00:00\" \/>\n<meta property=\"article:modified_time\" content=\"2023-06-20T11:51:55+00:00\" \/>\n<meta property=\"og:image\" content=\"https:\/\/www.audaxrenovables.es\/wp-content\/uploads\/2023\/06\/Noticia15052020.jpg.jpg\" \/>\n\t<meta property=\"og:image:width\" content=\"1065\" \/>\n\t<meta property=\"og:image:height\" content=\"598\" \/>\n\t<meta property=\"og:image:type\" content=\"image\/jpeg\" \/>\n<meta name=\"author\" content=\"adminadx\" \/>\n<meta name=\"twitter:card\" content=\"summary_large_image\" \/>\n<meta name=\"twitter:label1\" content=\"Escrit per\" \/>\n\t<meta name=\"twitter:data1\" content=\"adminadx\" \/>\n\t<meta name=\"twitter:label2\" content=\"Temps estimat de lectura\" \/>\n\t<meta name=\"twitter:data2\" content=\"4 minuts\" \/>\n<!-- \/ Yoast SEO plugin. -->","yoast_head_json":{"title":"Audax Renovables es blinda davant els efectes de la COVID-19","description":"Audax Renovables es blinda davant els efectes de la COVID-19","robots":{"index":"index","follow":"follow","max-snippet":"max-snippet:-1","max-image-preview":"max-image-preview:large","max-video-preview":"max-video-preview:-1"},"canonical":"https:\/\/www.audaxrenovables.es\/ca\/audax-renovables-es-blinda\/","og_locale":"ca_ES","og_type":"article","og_title":"Audax Renovables se blinda ante los efectos de la COVID-19","og_description":"Audax Renovables se blinda ante los efectos de la COVID-19","og_url":"https:\/\/www.audaxrenovables.es\/ca\/audax-renovables-es-blinda\/","og_site_name":"Audax Renovables","article_published_time":"2020-05-14T06:43:26+00:00","article_modified_time":"2023-06-20T11:51:55+00:00","og_image":[{"width":1065,"height":598,"url":"https:\/\/www.audaxrenovables.es\/wp-content\/uploads\/2023\/06\/Noticia15052020.jpg.jpg","type":"image\/jpeg"}],"author":"adminadx","twitter_card":"summary_large_image","twitter_misc":{"Escrit per":"adminadx","Temps estimat de lectura":"4 minuts"},"schema":{"@context":"https:\/\/schema.org","@graph":[{"@type":"Article","@id":"https:\/\/www.audaxrenovables.es\/es\/audax-renovables-se-blinda\/#article","isPartOf":{"@id":"https:\/\/www.audaxrenovables.es\/es\/audax-renovables-se-blinda\/"},"author":{"name":"adminadx","@id":"https:\/\/www.audaxrenovables.es\/ca\/#\/schema\/person\/39323131dc9a121279e4e63ed89ffbea"},"headline":"Audax Renovables se blinda ante los efectos de la COVID-19","datePublished":"2020-05-14T06:43:26+00:00","dateModified":"2023-06-20T11:51:55+00:00","mainEntityOfPage":{"@id":"https:\/\/www.audaxrenovables.es\/es\/audax-renovables-se-blinda\/"},"wordCount":793,"publisher":{"@id":"https:\/\/www.audaxrenovables.es\/ca\/#organization"},"image":{"@id":"https:\/\/www.audaxrenovables.es\/es\/audax-renovables-se-blinda\/#primaryimage"},"thumbnailUrl":"https:\/\/www.audaxrenovables.es\/wp-content\/uploads\/2023\/06\/Noticia15052020.jpg.jpg","articleSection":["Sin categor\u00eda"],"inLanguage":"ca"},{"@type":["WebPage","ItemPage"],"@id":"https:\/\/www.audaxrenovables.es\/es\/audax-renovables-se-blinda\/","url":"https:\/\/www.audaxrenovables.es\/es\/audax-renovables-se-blinda\/","name":"Audax Renovables es blinda davant els efectes de la COVID-19","isPartOf":{"@id":"https:\/\/www.audaxrenovables.es\/ca\/#website"},"primaryImageOfPage":{"@id":"https:\/\/www.audaxrenovables.es\/es\/audax-renovables-se-blinda\/#primaryimage"},"image":{"@id":"https:\/\/www.audaxrenovables.es\/es\/audax-renovables-se-blinda\/#primaryimage"},"thumbnailUrl":"https:\/\/www.audaxrenovables.es\/wp-content\/uploads\/2023\/06\/Noticia15052020.jpg.jpg","datePublished":"2020-05-14T06:43:26+00:00","dateModified":"2023-06-20T11:51:55+00:00","description":"Audax Renovables es blinda davant els efectes de la COVID-19","breadcrumb":{"@id":"https:\/\/www.audaxrenovables.es\/es\/audax-renovables-se-blinda\/#breadcrumb"},"inLanguage":"ca","potentialAction":[{"@type":"ReadAction","target":["https:\/\/www.audaxrenovables.es\/es\/audax-renovables-se-blinda\/"]}]},{"@type":"ImageObject","inLanguage":"ca","@id":"https:\/\/www.audaxrenovables.es\/es\/audax-renovables-se-blinda\/#primaryimage","url":"https:\/\/www.audaxrenovables.es\/wp-content\/uploads\/2023\/06\/Noticia15052020.jpg.jpg","contentUrl":"https:\/\/www.audaxrenovables.es\/wp-content\/uploads\/2023\/06\/Noticia15052020.jpg.jpg","width":1065,"height":598},{"@type":"BreadcrumbList","@id":"https:\/\/www.audaxrenovables.es\/es\/audax-renovables-se-blinda\/#breadcrumb","itemListElement":[{"@type":"ListItem","position":1,"name":"Portada","item":"https:\/\/www.audaxrenovables.es\/es\/"},{"@type":"ListItem","position":2,"name":"Audax Renovables se blinda ante los efectos de la COVID-19"}]},{"@type":"WebSite","@id":"https:\/\/www.audaxrenovables.es\/ca\/#website","url":"https:\/\/www.audaxrenovables.es\/ca\/","name":"Audax Renovables","description":"Companyia independent dedicada a la producci\u00f3 denergia el\u00e8ctrica a partir de fonts denergia 100% renovables","publisher":{"@id":"https:\/\/www.audaxrenovables.es\/ca\/#organization"},"potentialAction":[{"@type":"SearchAction","target":{"@type":"EntryPoint","urlTemplate":"https:\/\/www.audaxrenovables.es\/ca\/?s={search_term_string}"},"query-input":{"@type":"PropertyValueSpecification","valueRequired":true,"valueName":"search_term_string"}}],"inLanguage":"ca"},{"@type":"Organization","@id":"https:\/\/www.audaxrenovables.es\/ca\/#organization","name":"Audax Renovables","alternateName":"Audax Energ\u00eda","url":"https:\/\/www.audaxrenovables.es\/ca\/","logo":{"@type":"ImageObject","inLanguage":"ca","@id":"https:\/\/www.audaxrenovables.es\/ca\/#\/schema\/logo\/image\/","url":"https:\/\/www.audaxrenovables.es\/wp-content\/uploads\/2023\/04\/logo.png","contentUrl":"https:\/\/www.audaxrenovables.es\/wp-content\/uploads\/2023\/04\/logo.png","width":197,"height":125,"caption":"Audax Renovables"},"image":{"@id":"https:\/\/www.audaxrenovables.es\/ca\/#\/schema\/logo\/image\/"},"sameAs":["https:\/\/www.instagram.com\/audaxrenovables\/","https:\/\/x.com\/AudaxRenovables","https:\/\/www.youtube.com\/user\/AudaxEnergia","https:\/\/www.tiktok.com\/@audaxrenovables","https:\/\/www.linkedin.com\/company\/203502\/admin\/"]},{"@type":"Person","@id":"https:\/\/www.audaxrenovables.es\/ca\/#\/schema\/person\/39323131dc9a121279e4e63ed89ffbea","name":"adminadx","image":{"@type":"ImageObject","inLanguage":"ca","@id":"https:\/\/www.audaxrenovables.es\/ca\/#\/schema\/person\/image\/","url":"https:\/\/secure.gravatar.com\/avatar\/60b4d621160a422b02f2d19db7066f73c964c792ce03f3da9d36f40a41bdd2e6?s=96&d=mm&r=g","contentUrl":"https:\/\/secure.gravatar.com\/avatar\/60b4d621160a422b02f2d19db7066f73c964c792ce03f3da9d36f40a41bdd2e6?s=96&d=mm&r=g","caption":"adminadx"},"sameAs":["https:\/\/audaxrenovables.es"]}]}},"_links":{"self":[{"href":"https:\/\/www.audaxrenovables.es\/ca\/wp-json\/wp\/v2\/posts\/2583","targetHints":{"allow":["GET"]}}],"collection":[{"href":"https:\/\/www.audaxrenovables.es\/ca\/wp-json\/wp\/v2\/posts"}],"about":[{"href":"https:\/\/www.audaxrenovables.es\/ca\/wp-json\/wp\/v2\/types\/post"}],"author":[{"embeddable":true,"href":"https:\/\/www.audaxrenovables.es\/ca\/wp-json\/wp\/v2\/users\/1"}],"replies":[{"embeddable":true,"href":"https:\/\/www.audaxrenovables.es\/ca\/wp-json\/wp\/v2\/comments?post=2583"}],"version-history":[{"count":1,"href":"https:\/\/www.audaxrenovables.es\/ca\/wp-json\/wp\/v2\/posts\/2583\/revisions"}],"predecessor-version":[{"id":2840,"href":"https:\/\/www.audaxrenovables.es\/ca\/wp-json\/wp\/v2\/posts\/2583\/revisions\/2840"}],"wp:featuredmedia":[{"embeddable":true,"href":"https:\/\/www.audaxrenovables.es\/ca\/wp-json\/wp\/v2\/media\/2582"}],"wp:attachment":[{"href":"https:\/\/www.audaxrenovables.es\/ca\/wp-json\/wp\/v2\/media?parent=2583"}],"wp:term":[{"taxonomy":"category","embeddable":true,"href":"https:\/\/www.audaxrenovables.es\/ca\/wp-json\/wp\/v2\/categories?post=2583"},{"taxonomy":"post_tag","embeddable":true,"href":"https:\/\/www.audaxrenovables.es\/ca\/wp-json\/wp\/v2\/tags?post=2583"}],"curies":[{"name":"wp","href":"https:\/\/api.w.org\/{rel}","templated":true}]}}