{"id":2459,"date":"2022-06-21T07:07:49","date_gmt":"2022-06-21T07:07:49","guid":{"rendered":"https:\/\/audaxrenovables.es\/audax-renovables-y-econeq-se-unen-para-fomentar-cargadores\/"},"modified":"2023-06-20T11:38:24","modified_gmt":"2023-06-20T11:38:24","slug":"audax-renovables-y-econeq-se-unen-para-fomentar-cargadores","status":"publish","type":"post","link":"https:\/\/www.audaxrenovables.es\/en\/audax-renewables-and-econeq-join-forces-to-promote-chargers\/","title":{"rendered":"Audax Renovables and eCONEQ join forces to promote and install chargers for electric vehicles throughout the national territory"},"content":{"rendered":"<p><img decoding=\"async\" class=\"adx_img_post\" src=\"https:\/\/www.audaxrenovables.es\/uploads\/2022\/06\/21\/da0078ad22ea96ca4392b666723c7986.jpg\"><\/p>\n<h1 class=\"adx_tit_post\">Audax Renovables and eCONEQ join forces to promote and install chargers for electric vehicles throughout the national territory<\/h1>\n<blockquote><p>Audax Renovables, a vertically integrated Spanish energy group that generates and supplies 100% electricity of renewable origin and gas to customers in 7 countries, and eCONEQ, specialists in charging solutions and infrastructure for electric vehicles, have signed an agreement to promote charging points for electric vehicles throughout the national territory for all types of clients: individuals, companies and public administrations.&nbsp;<\/p><\/blockquote>\n<p>The charging infrastructure is essential for the consolidation of the electric vehicle in Spain. Aware of this, eCONEQ and Audax Renovables have established a strategic alliance in order to promote the deployment of a vast network of electric vehicle charging points among the energy company&#039;s clients, whether they are individuals, companies or Public Administration.<\/p>\n<p>The objective of this agreement is to bring electric mobility closer to the entire national panorama. The continuous increase in the number of electric vehicles circulating on Spanish roads, the increase in mileage traveled and the new government regulations regarding electromobility have allowed a colossus of the European renewable energy industry such as Audax Renovables to trust eCONEQ for the installation of charging points among their customers.&nbsp;<\/p>\n<p>Through this agreement, eCONEQ is committed to offering its charging solutions and infrastructure services, as well as advice, installation and assistance to all Audax Renovables customers who require it.<\/p>\n<p>About Audax Renewables<\/p>\n<p>Founded in 2000, Audax Renovables is a vertically integrated Spanish energy group that generates and supplies 100% renewable electricity and gas to customers in seven European countries. Currently, it has a portfolio of wind and photovoltaic parks in Spain, Portugal, Italy, France, Poland and Panama in operation, under construction and in different phases of development that amounts to 2,536 MW. In its marketing activity, the group chaired by Jos\u00e9 El\u00edas Navarro provides renewable energy and gas to more than 518 thousand clients in Spain, Portugal, Italy, Germany, Poland, Holland and Hungary, and leads the SME segment in Spain. Audax began trading on the Spanish secondary market in 2003, and in 2007 it made the leap to the continuous market, where it became part of the IBEX SMALL CAP \u00ae index in March 2020. In 2021 its turnover reached 1,690 million euros , and has a team of more than 800 professionals.<br \/>\nFor more information, visit www.audaxrenovables.com \/ www.audaxrenovables.es.<\/p>\n<p>About eCONEQ<br \/>\nAny installation of a charging point for electric vehicles, whether an individual, company or Public Administration, is subject to current regulations to guarantee the safe operation of the installation itself.<\/p>\n<p>At eCONEQ, as specialists in charging solutions and infrastructures that we are, we offer our clients the best solutions on the market, with a personalized service that allows us to evaluate the needs of the end user to offer them - with all the guarantees and in compliance with all current regulations - the best charging solution that best suits the end user.<\/p>\n<p>eCONEQ is a national reference in solution and installation of charging points for electric vehicles and, since we began to bet on electric mobility, we have been involved in expanding the public and private network of charging points on the national scene.<\/p>\n<p>At eCONEQ we install smart charging points for private or community garages, companies, Public Administration... And all our chargers are compatible with the main vehicle brands, whether they are electric cars, electric motorcycles, plug-in hybrid cars, electric vans, electric trucks. \u2026<\/p>","protected":false},"excerpt":{"rendered":"<p>Audax Renovables y eCONEQ se unen para fomentar e instalar cargadores para veh\u00edculos el\u00e9ctricos en todo el territorio nacional Audax Renovables, grupo energ\u00e9tico espa\u00f1ol integrado verticalmente que genera y suministra electricidad 100% de origen renovable y gas a clientes de 7 pa\u00edses, y eCONEQ, especialistas en soluciones e infraestructuras de recarga para veh\u00edculo el\u00e9ctrico, han [&hellip;]<\/p>\n","protected":false},"author":1,"featured_media":2458,"comment_status":"closed","ping_status":"open","sticky":false,"template":"","format":"standard","meta":{"content-type":"","footnotes":""},"categories":[1],"tags":[],"class_list":["post-2459","post","type-post","status-publish","format-standard","has-post-thumbnail","hentry","category-sin-categoria"],"yoast_head":"<!-- This site is optimized with the Yoast SEO plugin v23.5 - https:\/\/yoast.com\/wordpress\/plugins\/seo\/ -->\n<title>Audax Renovables y eCONEQ se unen para fomentar e instalar cargadores para veh?culos el?ctricos en todo el territorio nacional<\/title>\n<meta name=\"description\" content=\"Audax Renovables y eCONEQ se unen para fomentar cargadores\" \/>\n<meta name=\"robots\" content=\"index, follow, max-snippet:-1, max-image-preview:large, max-video-preview:-1\" \/>\n<link rel=\"canonical\" href=\"https:\/\/www.audaxrenovables.es\/en\/audax-renewables-and-econeq-join-forces-to-promote-chargers\/\" \/>\n<meta property=\"og:locale\" content=\"en_GB\" \/>\n<meta property=\"og:type\" content=\"article\" \/>\n<meta property=\"og:title\" content=\"Audax Renovables y eCONEQ se unen para fomentar e instalar cargadores para veh?culos el?ctricos en todo el territorio nacional\" \/>\n<meta property=\"og:description\" content=\"Audax Renovables y eCONEQ se unen para fomentar cargadores\" \/>\n<meta property=\"og:url\" content=\"https:\/\/www.audaxrenovables.es\/en\/audax-renewables-and-econeq-join-forces-to-promote-chargers\/\" \/>\n<meta property=\"og:site_name\" content=\"Audax Renovables\" \/>\n<meta property=\"article:published_time\" content=\"2022-06-21T07:07:49+00:00\" \/>\n<meta property=\"article:modified_time\" content=\"2023-06-20T11:38:24+00:00\" \/>\n<meta property=\"og:image\" content=\"https:\/\/www.audaxrenovables.es\/wp-content\/uploads\/2023\/06\/vehi.jpg.jpg\" \/>\n\t<meta property=\"og:image:width\" content=\"713\" \/>\n\t<meta property=\"og:image:height\" content=\"403\" \/>\n\t<meta property=\"og:image:type\" content=\"image\/jpeg\" \/>\n<meta name=\"author\" content=\"adminadx\" \/>\n<meta name=\"twitter:card\" content=\"summary_large_image\" \/>\n<meta name=\"twitter:label1\" content=\"Written by\" \/>\n\t<meta name=\"twitter:data1\" content=\"adminadx\" \/>\n\t<meta name=\"twitter:label2\" content=\"Estimated reading time\" \/>\n\t<meta name=\"twitter:data2\" content=\"3 minutes\" \/>\n<!-- \/ Yoast SEO plugin. -->","yoast_head_json":{"title":"Audax Renovables and eCONEQ join forces to promote and install chargers for electric vehicles throughout the national territory","description":"Audax Renovables and eCONEQ join forces to promote chargers","robots":{"index":"index","follow":"follow","max-snippet":"max-snippet:-1","max-image-preview":"max-image-preview:large","max-video-preview":"max-video-preview:-1"},"canonical":"https:\/\/www.audaxrenovables.es\/en\/audax-renewables-and-econeq-join-forces-to-promote-chargers\/","og_locale":"en_GB","og_type":"article","og_title":"Audax Renovables y eCONEQ se unen para fomentar e instalar cargadores para veh?culos el?ctricos en todo el territorio nacional","og_description":"Audax Renovables y eCONEQ se unen para fomentar cargadores","og_url":"https:\/\/www.audaxrenovables.es\/en\/audax-renewables-and-econeq-join-forces-to-promote-chargers\/","og_site_name":"Audax Renovables","article_published_time":"2022-06-21T07:07:49+00:00","article_modified_time":"2023-06-20T11:38:24+00:00","og_image":[{"width":713,"height":403,"url":"https:\/\/www.audaxrenovables.es\/wp-content\/uploads\/2023\/06\/vehi.jpg.jpg","type":"image\/jpeg"}],"author":"adminadx","twitter_card":"summary_large_image","twitter_misc":{"Written by":"adminadx","Estimated reading time":"3 minutes"},"schema":{"@context":"https:\/\/schema.org","@graph":[{"@type":"Article","@id":"https:\/\/www.audaxrenovables.es\/es\/audax-renovables-y-econeq-se-unen-para-fomentar-cargadores\/#article","isPartOf":{"@id":"https:\/\/www.audaxrenovables.es\/es\/audax-renovables-y-econeq-se-unen-para-fomentar-cargadores\/"},"author":{"name":"adminadx","@id":"https:\/\/www.audaxrenovables.es\/ca\/#\/schema\/person\/39323131dc9a121279e4e63ed89ffbea"},"headline":"Audax Renovables y eCONEQ se unen para fomentar e instalar cargadores para veh\u00edculos el\u00e9ctricos en todo el territorio nacional","datePublished":"2022-06-21T07:07:49+00:00","dateModified":"2023-06-20T11:38:24+00:00","mainEntityOfPage":{"@id":"https:\/\/www.audaxrenovables.es\/es\/audax-renovables-y-econeq-se-unen-para-fomentar-cargadores\/"},"wordCount":683,"publisher":{"@id":"https:\/\/www.audaxrenovables.es\/ca\/#organization"},"image":{"@id":"https:\/\/www.audaxrenovables.es\/es\/audax-renovables-y-econeq-se-unen-para-fomentar-cargadores\/#primaryimage"},"thumbnailUrl":"https:\/\/www.audaxrenovables.es\/wp-content\/uploads\/2023\/06\/vehi.jpg.jpg","articleSection":["Sin categor\u00eda"],"inLanguage":"en-GB"},{"@type":["WebPage","ItemPage"],"@id":"https:\/\/www.audaxrenovables.es\/es\/audax-renovables-y-econeq-se-unen-para-fomentar-cargadores\/","url":"https:\/\/www.audaxrenovables.es\/es\/audax-renovables-y-econeq-se-unen-para-fomentar-cargadores\/","name":"Audax Renovables and eCONEQ join forces to promote and install chargers for electric vehicles throughout the national territory","isPartOf":{"@id":"https:\/\/www.audaxrenovables.es\/ca\/#website"},"primaryImageOfPage":{"@id":"https:\/\/www.audaxrenovables.es\/es\/audax-renovables-y-econeq-se-unen-para-fomentar-cargadores\/#primaryimage"},"image":{"@id":"https:\/\/www.audaxrenovables.es\/es\/audax-renovables-y-econeq-se-unen-para-fomentar-cargadores\/#primaryimage"},"thumbnailUrl":"https:\/\/www.audaxrenovables.es\/wp-content\/uploads\/2023\/06\/vehi.jpg.jpg","datePublished":"2022-06-21T07:07:49+00:00","dateModified":"2023-06-20T11:38:24+00:00","description":"Audax Renovables and eCONEQ join forces to promote chargers","breadcrumb":{"@id":"https:\/\/www.audaxrenovables.es\/es\/audax-renovables-y-econeq-se-unen-para-fomentar-cargadores\/#breadcrumb"},"inLanguage":"en-GB","potentialAction":[{"@type":"ReadAction","target":["https:\/\/www.audaxrenovables.es\/es\/audax-renovables-y-econeq-se-unen-para-fomentar-cargadores\/"]}]},{"@type":"ImageObject","inLanguage":"en-GB","@id":"https:\/\/www.audaxrenovables.es\/es\/audax-renovables-y-econeq-se-unen-para-fomentar-cargadores\/#primaryimage","url":"https:\/\/www.audaxrenovables.es\/wp-content\/uploads\/2023\/06\/vehi.jpg.jpg","contentUrl":"https:\/\/www.audaxrenovables.es\/wp-content\/uploads\/2023\/06\/vehi.jpg.jpg","width":713,"height":403},{"@type":"BreadcrumbList","@id":"https:\/\/www.audaxrenovables.es\/es\/audax-renovables-y-econeq-se-unen-para-fomentar-cargadores\/#breadcrumb","itemListElement":[{"@type":"ListItem","position":1,"name":"Portada","item":"https:\/\/www.audaxrenovables.es\/es\/"},{"@type":"ListItem","position":2,"name":"Audax Renovables y eCONEQ se unen para fomentar e instalar cargadores para veh\u00edculos el\u00e9ctricos en todo el territorio nacional"}]},{"@type":"WebSite","@id":"https:\/\/www.audaxrenovables.es\/ca\/#website","url":"https:\/\/www.audaxrenovables.es\/ca\/","name":"Audax Renewables","description":"Independent company dedicated to the production of electrical energy from renewable energy sources 100%","publisher":{"@id":"https:\/\/www.audaxrenovables.es\/ca\/#organization"},"potentialAction":[{"@type":"SearchAction","target":{"@type":"EntryPoint","urlTemplate":"https:\/\/www.audaxrenovables.es\/ca\/?s={search_term_string}"},"query-input":{"@type":"PropertyValueSpecification","valueRequired":true,"valueName":"search_term_string"}}],"inLanguage":"en-GB"},{"@type":"Organization","@id":"https:\/\/www.audaxrenovables.es\/ca\/#organization","name":"Audax Renewables","alternateName":"Audax Energ\u00eda","url":"https:\/\/www.audaxrenovables.es\/ca\/","logo":{"@type":"ImageObject","inLanguage":"en-GB","@id":"https:\/\/www.audaxrenovables.es\/ca\/#\/schema\/logo\/image\/","url":"https:\/\/www.audaxrenovables.es\/wp-content\/uploads\/2023\/04\/logo.png","contentUrl":"https:\/\/www.audaxrenovables.es\/wp-content\/uploads\/2023\/04\/logo.png","width":197,"height":125,"caption":"Audax Renovables"},"image":{"@id":"https:\/\/www.audaxrenovables.es\/ca\/#\/schema\/logo\/image\/"},"sameAs":["https:\/\/www.instagram.com\/audaxrenovables\/","https:\/\/x.com\/AudaxRenovables","https:\/\/www.youtube.com\/user\/AudaxEnergia","https:\/\/www.tiktok.com\/@audaxrenovables","https:\/\/www.linkedin.com\/company\/203502\/admin\/"]},{"@type":"Person","@id":"https:\/\/www.audaxrenovables.es\/ca\/#\/schema\/person\/39323131dc9a121279e4e63ed89ffbea","name":"adminadx","image":{"@type":"ImageObject","inLanguage":"en-GB","@id":"https:\/\/www.audaxrenovables.es\/ca\/#\/schema\/person\/image\/","url":"https:\/\/secure.gravatar.com\/avatar\/60b4d621160a422b02f2d19db7066f73c964c792ce03f3da9d36f40a41bdd2e6?s=96&d=mm&r=g","contentUrl":"https:\/\/secure.gravatar.com\/avatar\/60b4d621160a422b02f2d19db7066f73c964c792ce03f3da9d36f40a41bdd2e6?s=96&d=mm&r=g","caption":"adminadx"},"sameAs":["https:\/\/audaxrenovables.es"]}]}},"_links":{"self":[{"href":"https:\/\/www.audaxrenovables.es\/en\/wp-json\/wp\/v2\/posts\/2459","targetHints":{"allow":["GET"]}}],"collection":[{"href":"https:\/\/www.audaxrenovables.es\/en\/wp-json\/wp\/v2\/posts"}],"about":[{"href":"https:\/\/www.audaxrenovables.es\/en\/wp-json\/wp\/v2\/types\/post"}],"author":[{"embeddable":true,"href":"https:\/\/www.audaxrenovables.es\/en\/wp-json\/wp\/v2\/users\/1"}],"replies":[{"embeddable":true,"href":"https:\/\/www.audaxrenovables.es\/en\/wp-json\/wp\/v2\/comments?post=2459"}],"version-history":[{"count":1,"href":"https:\/\/www.audaxrenovables.es\/en\/wp-json\/wp\/v2\/posts\/2459\/revisions"}],"predecessor-version":[{"id":2780,"href":"https:\/\/www.audaxrenovables.es\/en\/wp-json\/wp\/v2\/posts\/2459\/revisions\/2780"}],"wp:featuredmedia":[{"embeddable":true,"href":"https:\/\/www.audaxrenovables.es\/en\/wp-json\/wp\/v2\/media\/2458"}],"wp:attachment":[{"href":"https:\/\/www.audaxrenovables.es\/en\/wp-json\/wp\/v2\/media?parent=2459"}],"wp:term":[{"taxonomy":"category","embeddable":true,"href":"https:\/\/www.audaxrenovables.es\/en\/wp-json\/wp\/v2\/categories?post=2459"},{"taxonomy":"post_tag","embeddable":true,"href":"https:\/\/www.audaxrenovables.es\/en\/wp-json\/wp\/v2\/tags?post=2459"}],"curies":[{"name":"wp","href":"https:\/\/api.w.org\/{rel}","templated":true}]}}