{"id":2471,"date":"2022-04-07T07:55:19","date_gmt":"2022-04-07T07:55:19","guid":{"rendered":"https:\/\/audaxrenovables.es\/eidf-y-audax-renovables-se-alian-para-promover-el-autoconsumo-entre-empresas\/"},"modified":"2023-06-20T11:39:23","modified_gmt":"2023-06-20T11:39:23","slug":"eidf-y-audax-renovables-se-alian-para-promover-el-autoconsumo-entre-empresas","status":"publish","type":"post","link":"https:\/\/www.audaxrenovables.es\/en\/eidf-and-audax-renewables-join-forces-to-promote-self-consumption-between-companies\/","title":{"rendered":"EiDF and Audax Renovables join forces to promote self-consumption between companies \u00a0\u00a0"},"content":{"rendered":"<p><img decoding=\"async\" class=\"adx_img_post\" src=\"https:\/\/www.audaxrenovables.es\/uploads\/2022\/04\/07\/35b09afaab6a310932c7d14583d200c2.jpg\"><\/p>\n<h1 class=\"adx_tit_post\">EiDF and Audax Renovables join forces to promote self-consumption between companies &nbsp;&nbsp;<\/h1>\n<blockquote><p>EiDF Solar and Audax Renovables join forces to promote self-consumption among the business sector.<\/p><\/blockquote>\n<p>&nbsp;<\/p>\n<p>EiDF Solar, an integrated renewable energy operator specialized in photovoltaic projects for self-consumption and generation, and Audax Renovables, a vertically integrated Spanish energy group that generates and supplies 100% electricity of renewable origin and gas to customers in 7 countries, join forces to promote self-consumption among the business sector. This is a strategic agreement between two renewable companies in which both contribute their respective knowledge to build a solid value proposition.&nbsp;<\/p>\n<p>EiDF, which has a long history and experience in self-consumption, will act as a specialist in Audax Renovables&#039; self-consumption projects by fully assuming the execution of the photovoltaic installations, from the engineering phase to its execution, commissioning and maintenance. . For its part, Audax Renovables will provide its distribution channels, using the capillarity of its network nationwide to market the self-consumption service among the business sector. The agreement was signed between the commercial director of EiDF, David Pintos, and the commercial director of Audax Renovables, David Busquets.<\/p>\n<p>David Pintos, commercial director of EiDF, has pointed out the importance of this alliance between the two brands. \u201cEach company has its own strengths in a certain segment of the energy sector. At the current time, marked by the rise of self-consumption, we have seen it appropriate to establish a stable collaboration in order to create synergies from which both parties can benefit, improving the services offered to our clients and contributing to the business objectives of both. companies.\u201d&nbsp;<\/p>\n<p>For his part, the commercial director of Audax Renovables, David Busquets, declared that this agreement will allow us to continue growing in renewables, which means being closer to achieving the true mission of Audax Renovables: stopping climate change and recovering the best version of the planet. . Thanks to this agreement we will be able to bring self-consumption closer to our clients with the support, experience and know-how of the market leader in this sector. We provide our clients with energy independence so that they are not subject to market fluctuations and their competitiveness is not affected by energy costs. This union will allow us to unify forces to promote self-consumption in our country and become leaders in 100% renewable energies.<\/p>\n<p>&nbsp;<\/p>\n<p>About Audax Renewables<\/p>\n<p>Founded in 2000, Audax Renovables is a vertically integrated Spanish energy group that generates and supplies 100% renewable electricity and gas to customers in seven European countries. Currently, it has a portfolio of wind and photovoltaic parks in Spain, Portugal, Italy, France, Poland and Panama in operation, under construction and in different phases of development that amounts to 2,536 MW. In its marketing activity, the group chaired by Jos\u00e9 El\u00edas Navarro provides renewable energy and gas to more than 518 thousand clients in Spain, Portugal, Italy, Germany, Poland, Holland and Hungary, and leads the SME segment in Spain. Audax began trading on the Spanish secondary market in 2003, and in 2007 it made the leap to the continuous market, where it became part of the IBEX SMALL CAP \u00ae index in March 2020. In 2021 its turnover reached 1,690 million euros , and has a team of more than 800 professionals.<\/p>\n<p>About EiDF Solar<\/p>\n<p>EiDF Solar is an integrated renewable energy group with three business areas: self-consumption, generation and marketing. In the self-consumption unit, the company is the leader in its market segment, managing to execute nearly 2,700 self-consumption systems for Spanish companies that add up to 270 MW of clean, non-polluting solar energy. It has 12 commercial delegations throughout the country.&nbsp;<br \/>\nIn Generation it has a pipeline of 1,000 MW with projects spread throughout the national territory. Fulfilling its vertical integration strategy, the energy generated in its parks will be destined to its marketing unit, reinforced after the purchase of ODF Energ\u00eda.&nbsp;<br \/>\nEiDF has been listed on the Spanish Stock Exchange (BME Growth) since June 2021, reaching a market capitalization of more than 400 million euros.&nbsp;<\/p>\n<p>More information at: www.eidfsolar.es<br \/>\n&nbsp;<\/p>","protected":false},"excerpt":{"rendered":"<p>EiDF y Audax Renovables se al\u00edan para promover el autoconsumo entre empresas &nbsp;&nbsp; EiDF Solar y Audax Renovables,unen sus fuerzas para potenciar el autoconsumo entre el sector empresarial. &nbsp; EiDF Solar, operador integrado de energ\u00eda renovable especializado en proyectos fotovoltaicos de autoconsumo y generaci\u00f3n, y Audax Renovables, grupo energ\u00e9tico espa\u00f1ol integrado verticalmente que genera y [&hellip;]<\/p>\n","protected":false},"author":1,"featured_media":2470,"comment_status":"closed","ping_status":"open","sticky":false,"template":"","format":"standard","meta":{"content-type":"","footnotes":""},"categories":[1],"tags":[],"class_list":["post-2471","post","type-post","status-publish","format-standard","has-post-thumbnail","hentry","category-sin-categoria"],"yoast_head":"<!-- This site is optimized with the Yoast SEO plugin v23.5 - https:\/\/yoast.com\/wordpress\/plugins\/seo\/ -->\n<title>EiDF y Audax Renovables se al?an para promover el autoconsumo entre empresas ??<\/title>\n<meta name=\"description\" content=\"EiDF y Audax Renovables se al?an para promover el autoconsumo entre empresas ??\" \/>\n<meta name=\"robots\" content=\"index, follow, max-snippet:-1, max-image-preview:large, max-video-preview:-1\" \/>\n<link rel=\"canonical\" href=\"https:\/\/www.audaxrenovables.es\/en\/eidf-and-audax-renewables-join-forces-to-promote-self-consumption-between-companies\/\" \/>\n<meta property=\"og:locale\" content=\"en_GB\" \/>\n<meta property=\"og:type\" content=\"article\" \/>\n<meta property=\"og:title\" content=\"EiDF y Audax Renovables se al?an para promover el autoconsumo entre empresas ??\" \/>\n<meta property=\"og:description\" content=\"EiDF y Audax Renovables se al?an para promover el autoconsumo entre empresas ??\" \/>\n<meta property=\"og:url\" content=\"https:\/\/www.audaxrenovables.es\/en\/eidf-and-audax-renewables-join-forces-to-promote-self-consumption-between-companies\/\" \/>\n<meta property=\"og:site_name\" content=\"Audax Renovables\" \/>\n<meta property=\"article:published_time\" content=\"2022-04-07T07:55:19+00:00\" \/>\n<meta property=\"article:modified_time\" content=\"2023-06-20T11:39:23+00:00\" \/>\n<meta property=\"og:image\" content=\"https:\/\/www.audaxrenovables.es\/wp-content\/uploads\/2023\/06\/EIDF.jpg.jpg\" \/>\n\t<meta property=\"og:image:width\" content=\"713\" \/>\n\t<meta property=\"og:image:height\" content=\"403\" \/>\n\t<meta property=\"og:image:type\" content=\"image\/jpeg\" \/>\n<meta name=\"author\" content=\"adminadx\" \/>\n<meta name=\"twitter:card\" content=\"summary_large_image\" \/>\n<meta name=\"twitter:label1\" content=\"Written by\" \/>\n\t<meta name=\"twitter:data1\" content=\"adminadx\" \/>\n\t<meta name=\"twitter:label2\" content=\"Estimated reading time\" \/>\n\t<meta name=\"twitter:data2\" content=\"4 minutes\" \/>\n<!-- \/ Yoast SEO plugin. -->","yoast_head_json":{"title":"EiDF and Audax Renovables join forces to promote self-consumption between companies ??","description":"EiDF and Audax Renovables join forces to promote self-consumption between companies ??","robots":{"index":"index","follow":"follow","max-snippet":"max-snippet:-1","max-image-preview":"max-image-preview:large","max-video-preview":"max-video-preview:-1"},"canonical":"https:\/\/www.audaxrenovables.es\/en\/eidf-and-audax-renewables-join-forces-to-promote-self-consumption-between-companies\/","og_locale":"en_GB","og_type":"article","og_title":"EiDF y Audax Renovables se al?an para promover el autoconsumo entre empresas ??","og_description":"EiDF y Audax Renovables se al?an para promover el autoconsumo entre empresas ??","og_url":"https:\/\/www.audaxrenovables.es\/en\/eidf-and-audax-renewables-join-forces-to-promote-self-consumption-between-companies\/","og_site_name":"Audax Renovables","article_published_time":"2022-04-07T07:55:19+00:00","article_modified_time":"2023-06-20T11:39:23+00:00","og_image":[{"width":713,"height":403,"url":"https:\/\/www.audaxrenovables.es\/wp-content\/uploads\/2023\/06\/EIDF.jpg.jpg","type":"image\/jpeg"}],"author":"adminadx","twitter_card":"summary_large_image","twitter_misc":{"Written by":"adminadx","Estimated reading time":"4 minutes"},"schema":{"@context":"https:\/\/schema.org","@graph":[{"@type":"Article","@id":"https:\/\/www.audaxrenovables.es\/en\/eidf-and-audax-renewables-join-forces-to-promote-self-consumption-between-companies\/#article","isPartOf":{"@id":"https:\/\/www.audaxrenovables.es\/en\/eidf-and-audax-renewables-join-forces-to-promote-self-consumption-between-companies\/"},"author":{"name":"adminadx","@id":"https:\/\/www.audaxrenovables.es\/ca\/#\/schema\/person\/39323131dc9a121279e4e63ed89ffbea"},"headline":"EiDF y Audax Renovables se al\u00edan para promover el autoconsumo entre empresas \u00a0\u00a0","datePublished":"2022-04-07T07:55:19+00:00","dateModified":"2023-06-20T11:39:23+00:00","mainEntityOfPage":{"@id":"https:\/\/www.audaxrenovables.es\/en\/eidf-and-audax-renewables-join-forces-to-promote-self-consumption-between-companies\/"},"wordCount":769,"publisher":{"@id":"https:\/\/www.audaxrenovables.es\/ca\/#organization"},"image":{"@id":"https:\/\/www.audaxrenovables.es\/en\/eidf-and-audax-renewables-join-forces-to-promote-self-consumption-between-companies\/#primaryimage"},"thumbnailUrl":"https:\/\/www.audaxrenovables.es\/wp-content\/uploads\/2023\/06\/EIDF.jpg.jpg","articleSection":["Sin categor\u00eda"],"inLanguage":"en-GB"},{"@type":["WebPage","ItemPage"],"@id":"https:\/\/www.audaxrenovables.es\/en\/eidf-and-audax-renewables-join-forces-to-promote-self-consumption-between-companies\/","url":"https:\/\/www.audaxrenovables.es\/en\/eidf-and-audax-renewables-join-forces-to-promote-self-consumption-between-companies\/","name":"EiDF and Audax Renovables join forces to promote self-consumption between companies ??","isPartOf":{"@id":"https:\/\/www.audaxrenovables.es\/ca\/#website"},"primaryImageOfPage":{"@id":"https:\/\/www.audaxrenovables.es\/en\/eidf-and-audax-renewables-join-forces-to-promote-self-consumption-between-companies\/#primaryimage"},"image":{"@id":"https:\/\/www.audaxrenovables.es\/en\/eidf-and-audax-renewables-join-forces-to-promote-self-consumption-between-companies\/#primaryimage"},"thumbnailUrl":"https:\/\/www.audaxrenovables.es\/wp-content\/uploads\/2023\/06\/EIDF.jpg.jpg","datePublished":"2022-04-07T07:55:19+00:00","dateModified":"2023-06-20T11:39:23+00:00","description":"EiDF and Audax Renovables join forces to promote self-consumption between companies ??","breadcrumb":{"@id":"https:\/\/www.audaxrenovables.es\/en\/eidf-and-audax-renewables-join-forces-to-promote-self-consumption-between-companies\/#breadcrumb"},"inLanguage":"en-GB","potentialAction":[{"@type":"ReadAction","target":["https:\/\/www.audaxrenovables.es\/en\/eidf-and-audax-renewables-join-forces-to-promote-self-consumption-between-companies\/"]}]},{"@type":"ImageObject","inLanguage":"en-GB","@id":"https:\/\/www.audaxrenovables.es\/en\/eidf-and-audax-renewables-join-forces-to-promote-self-consumption-between-companies\/#primaryimage","url":"https:\/\/www.audaxrenovables.es\/wp-content\/uploads\/2023\/06\/EIDF.jpg.jpg","contentUrl":"https:\/\/www.audaxrenovables.es\/wp-content\/uploads\/2023\/06\/EIDF.jpg.jpg","width":713,"height":403},{"@type":"BreadcrumbList","@id":"https:\/\/www.audaxrenovables.es\/en\/eidf-and-audax-renewables-join-forces-to-promote-self-consumption-between-companies\/#breadcrumb","itemListElement":[{"@type":"ListItem","position":1,"name":"Portada","item":"https:\/\/www.audaxrenovables.es\/es\/"},{"@type":"ListItem","position":2,"name":"EiDF y Audax Renovables se al\u00edan para promover el autoconsumo entre empresas \u00a0\u00a0"}]},{"@type":"WebSite","@id":"https:\/\/www.audaxrenovables.es\/ca\/#website","url":"https:\/\/www.audaxrenovables.es\/ca\/","name":"Audax Renewables","description":"Independent company dedicated to the production of electrical energy from renewable energy sources 100%","publisher":{"@id":"https:\/\/www.audaxrenovables.es\/ca\/#organization"},"potentialAction":[{"@type":"SearchAction","target":{"@type":"EntryPoint","urlTemplate":"https:\/\/www.audaxrenovables.es\/ca\/?s={search_term_string}"},"query-input":{"@type":"PropertyValueSpecification","valueRequired":true,"valueName":"search_term_string"}}],"inLanguage":"en-GB"},{"@type":"Organization","@id":"https:\/\/www.audaxrenovables.es\/ca\/#organization","name":"Audax Renewables","alternateName":"Audax Energ\u00eda","url":"https:\/\/www.audaxrenovables.es\/ca\/","logo":{"@type":"ImageObject","inLanguage":"en-GB","@id":"https:\/\/www.audaxrenovables.es\/ca\/#\/schema\/logo\/image\/","url":"https:\/\/www.audaxrenovables.es\/wp-content\/uploads\/2023\/04\/logo.png","contentUrl":"https:\/\/www.audaxrenovables.es\/wp-content\/uploads\/2023\/04\/logo.png","width":197,"height":125,"caption":"Audax Renovables"},"image":{"@id":"https:\/\/www.audaxrenovables.es\/ca\/#\/schema\/logo\/image\/"},"sameAs":["https:\/\/www.instagram.com\/audaxrenovables\/","https:\/\/x.com\/AudaxRenovables","https:\/\/www.youtube.com\/user\/AudaxEnergia","https:\/\/www.tiktok.com\/@audaxrenovables","https:\/\/www.linkedin.com\/company\/203502\/admin\/"]},{"@type":"Person","@id":"https:\/\/www.audaxrenovables.es\/ca\/#\/schema\/person\/39323131dc9a121279e4e63ed89ffbea","name":"adminadx","image":{"@type":"ImageObject","inLanguage":"en-GB","@id":"https:\/\/www.audaxrenovables.es\/ca\/#\/schema\/person\/image\/","url":"https:\/\/secure.gravatar.com\/avatar\/60b4d621160a422b02f2d19db7066f73c964c792ce03f3da9d36f40a41bdd2e6?s=96&d=mm&r=g","contentUrl":"https:\/\/secure.gravatar.com\/avatar\/60b4d621160a422b02f2d19db7066f73c964c792ce03f3da9d36f40a41bdd2e6?s=96&d=mm&r=g","caption":"adminadx"},"sameAs":["https:\/\/audaxrenovables.es"]}]}},"_links":{"self":[{"href":"https:\/\/www.audaxrenovables.es\/en\/wp-json\/wp\/v2\/posts\/2471","targetHints":{"allow":["GET"]}}],"collection":[{"href":"https:\/\/www.audaxrenovables.es\/en\/wp-json\/wp\/v2\/posts"}],"about":[{"href":"https:\/\/www.audaxrenovables.es\/en\/wp-json\/wp\/v2\/types\/post"}],"author":[{"embeddable":true,"href":"https:\/\/www.audaxrenovables.es\/en\/wp-json\/wp\/v2\/users\/1"}],"replies":[{"embeddable":true,"href":"https:\/\/www.audaxrenovables.es\/en\/wp-json\/wp\/v2\/comments?post=2471"}],"version-history":[{"count":1,"href":"https:\/\/www.audaxrenovables.es\/en\/wp-json\/wp\/v2\/posts\/2471\/revisions"}],"predecessor-version":[{"id":2786,"href":"https:\/\/www.audaxrenovables.es\/en\/wp-json\/wp\/v2\/posts\/2471\/revisions\/2786"}],"wp:featuredmedia":[{"embeddable":true,"href":"https:\/\/www.audaxrenovables.es\/en\/wp-json\/wp\/v2\/media\/2470"}],"wp:attachment":[{"href":"https:\/\/www.audaxrenovables.es\/en\/wp-json\/wp\/v2\/media?parent=2471"}],"wp:term":[{"taxonomy":"category","embeddable":true,"href":"https:\/\/www.audaxrenovables.es\/en\/wp-json\/wp\/v2\/categories?post=2471"},{"taxonomy":"post_tag","embeddable":true,"href":"https:\/\/www.audaxrenovables.es\/en\/wp-json\/wp\/v2\/tags?post=2471"}],"curies":[{"name":"wp","href":"https:\/\/api.w.org\/{rel}","templated":true}]}}