{"id":2493,"date":"2021-12-17T09:33:38","date_gmt":"2021-12-17T09:33:38","guid":{"rendered":"https:\/\/audaxrenovables.es\/audax-adquiere-un-proyecto-fotovoltaico-en-la-provincia-de-valladolid\/"},"modified":"2023-06-20T11:40:11","modified_gmt":"2023-06-20T11:40:11","slug":"audax-adquiere-un-proyecto-fotovoltaico-en-la-provincia-de-valladolid","status":"publish","type":"post","link":"https:\/\/www.audaxrenovables.es\/en\/audax-acquires-a-photovoltaic-project-in-the-province-of-valladolid\/","title":{"rendered":"Audax acquires a photovoltaic project in the province of Valladolid"},"content":{"rendered":"<p><img decoding=\"async\" class=\"adx_img_post\" src=\"https:\/\/www.audaxrenovables.es\/uploads\/2021\/12\/17\/40b7a3facb5ba3b22a560716ce14f846.jpg\"><\/p>\n<h1 class=\"adx_tit_post\">Audax acquires a photovoltaic project in the province of Valladolid<\/h1>\n<blockquote><p>Located in the municipality of Cigu\u00f1uela, the Zarat\u00e1n project will be the company&#039;s first installation in Castilla y Le\u00f3n.<\/p>\n<p>It will produce 12.36 MWp, and, during its life cycle, it will provide work for 80 people directly and indirectly and will avoid the emission into the atmosphere of 3,840 tons of CO2 per year.<\/p><\/blockquote>\n<p>DECEMBER 17, 2021.\u2013 Audax Renovables (ADX.MC), a vertically integrated Spanish energy group that generates 100% renewable energy and supplies electricity and gas to customers in 7 European countries, announces the acquisition of the Zarat\u00e1n photovoltaic project, in the municipality of Cigu\u00f1uela (Valladolid), which already has all the administrative permits to begin construction at the beginning of 2022.<\/p>\n<p>The plant will occupy a total area of 25 hectares, will have a total power of 12.36 MWp and will be the first Audax installation in Castilla y Le\u00f3n. During its construction, to which the company plans to allocate between 7 and 8 million euros, Audax expects that it will generate around 70 direct and indirect jobs in its immediate surroundings, and, once in operation, it will employ around 10 professionals. also directly and indirectly.<\/p>\n<p>The installation of this plant will make it possible to generate in Valladolid the equivalent of the energy consumption of almost 5,500 homes and around 17,000 people, and its commitment to clean energy will prevent the emission of 3,840 tons of CO2 per year into the atmosphere.<\/p>\n<p>Jos\u00e9 El\u00edas Navarro, President of Audax Renovables, stated in connection with this announcement that \u201cfulfillment of our strategic plan involves developing our current portfolio, but also taking advantage of opportunities like this one, which allows us to incorporate a &#039;ready to build&#039; project. which we will begin to build between the months of January and February 2022. We remain attentive to purchasing opportunities for other photovoltaic projects or portfolios that allow us to accelerate the incorporation of new installed power.\u201d<\/p>\n<p>As of September 30, Audax produced 140 GW distributed among facilities in Spain, France and Poland, and our country represented 67% of the total. At the beginning of 2021, the group added 1,968 MW to its portfolio in Spain, Italy and Portugal, which it plans to commission in the next 5 years. Of these projects, in the current year 15 MWp of the Ca\u00f1amares and Carolinas I and II plants have come into operation, 40 MWp of the Zarzuela I, II, II and IV projects in the province of Toledo and Alberizas I, II , III and IV, in the province of Guadalajara. And 14.5 MWp of the Los Arenales, El Toconal and Cala\u00f1as projects are in the final phase of construction, which will come into operation in the coming weeks.<\/p>\n<p>About Audax Renewables<\/p>\n<p>Founded in 2000, Audax Renovables is a vertically integrated Spanish energy group that generates 100% energy from renewable sources and supplies electricity and gas to customers in seven European countries. Currently, it has a portfolio of wind and photovoltaic parks in Spain, Portugal, Italy, France, Poland and Panama in operation, under construction and in different phases of development that amounts to 2,524 MW. In its marketing activity, the group chaired by Jos\u00e9 El\u00edas Navarro provides renewable energy and gas to more than 544,000 customers in Spain, Portugal, Italy, Germany, Poland, Holland and Hungary, and leads the SME segment in Iberia. Audax began trading on the Spanish secondary market in 2003, and in 2007 it made the leap to the continuous market, where it became part of the IBEX SMALL CAP \u00ae index in March 2020. Currently, its market capitalization exceeds 600 million euros, and has a team of more than 800 professionals.<\/p>\n<p>&nbsp;<\/p>","protected":false},"excerpt":{"rendered":"<p>Audax adquiere un proyecto fotovoltaico en la provincia de Valladolid Situado en el municipio de Cigu\u00f1uela, el proyecto de Zarat\u00e1n ser\u00e1 la primera instalaci\u00f3n de la compa\u00f1\u00eda en Castilla y Le\u00f3n. Producir\u00e1 12,36 MWp, y, durante su ciclo de vida, dar\u00e1 trabajo a 80 personas de forma directa e indirecta y evitar\u00e1 la emisi\u00f3n a [&hellip;]<\/p>\n","protected":false},"author":1,"featured_media":2492,"comment_status":"closed","ping_status":"open","sticky":false,"template":"","format":"standard","meta":{"content-type":"","footnotes":""},"categories":[1],"tags":[],"class_list":["post-2493","post","type-post","status-publish","format-standard","has-post-thumbnail","hentry","category-sin-categoria"],"yoast_head":"<!-- This site is optimized with the Yoast SEO plugin v23.5 - https:\/\/yoast.com\/wordpress\/plugins\/seo\/ -->\n<title>Audax adquiere un proyecto fotovoltaico en la provincia de Valladolid<\/title>\n<meta name=\"description\" content=\"Audax adquiere un proyecto fotovoltaico en la provincia de Valladolid\" \/>\n<meta name=\"robots\" content=\"index, follow, max-snippet:-1, max-image-preview:large, max-video-preview:-1\" \/>\n<link rel=\"canonical\" href=\"https:\/\/www.audaxrenovables.es\/en\/audax-acquires-a-photovoltaic-project-in-the-province-of-valladolid\/\" \/>\n<meta property=\"og:locale\" content=\"en_GB\" \/>\n<meta property=\"og:type\" content=\"article\" \/>\n<meta property=\"og:title\" content=\"Audax adquiere un proyecto fotovoltaico en la provincia de Valladolid\" \/>\n<meta property=\"og:description\" content=\"Audax adquiere un proyecto fotovoltaico en la provincia de Valladolid\" \/>\n<meta property=\"og:url\" content=\"https:\/\/www.audaxrenovables.es\/en\/audax-acquires-a-photovoltaic-project-in-the-province-of-valladolid\/\" \/>\n<meta property=\"og:site_name\" content=\"Audax Renovables\" \/>\n<meta property=\"article:published_time\" content=\"2021-12-17T09:33:38+00:00\" \/>\n<meta property=\"article:modified_time\" content=\"2023-06-20T11:40:11+00:00\" \/>\n<meta property=\"og:image\" content=\"https:\/\/www.audaxrenovables.es\/wp-content\/uploads\/2023\/06\/noticia.jpg.jpg\" \/>\n\t<meta property=\"og:image:width\" content=\"713\" \/>\n\t<meta property=\"og:image:height\" content=\"403\" \/>\n\t<meta property=\"og:image:type\" content=\"image\/jpeg\" \/>\n<meta name=\"author\" content=\"adminadx\" \/>\n<meta name=\"twitter:card\" content=\"summary_large_image\" \/>\n<meta name=\"twitter:label1\" content=\"Written by\" \/>\n\t<meta name=\"twitter:data1\" content=\"adminadx\" \/>\n\t<meta name=\"twitter:label2\" content=\"Estimated reading time\" \/>\n\t<meta name=\"twitter:data2\" content=\"4 minutes\" \/>\n<!-- \/ Yoast SEO plugin. -->","yoast_head_json":{"title":"Audax acquires a photovoltaic project in the province of Valladolid","description":"Audax acquires a photovoltaic project in the province of Valladolid","robots":{"index":"index","follow":"follow","max-snippet":"max-snippet:-1","max-image-preview":"max-image-preview:large","max-video-preview":"max-video-preview:-1"},"canonical":"https:\/\/www.audaxrenovables.es\/en\/audax-acquires-a-photovoltaic-project-in-the-province-of-valladolid\/","og_locale":"en_GB","og_type":"article","og_title":"Audax adquiere un proyecto fotovoltaico en la provincia de Valladolid","og_description":"Audax adquiere un proyecto fotovoltaico en la provincia de Valladolid","og_url":"https:\/\/www.audaxrenovables.es\/en\/audax-acquires-a-photovoltaic-project-in-the-province-of-valladolid\/","og_site_name":"Audax Renovables","article_published_time":"2021-12-17T09:33:38+00:00","article_modified_time":"2023-06-20T11:40:11+00:00","og_image":[{"width":713,"height":403,"url":"https:\/\/www.audaxrenovables.es\/wp-content\/uploads\/2023\/06\/noticia.jpg.jpg","type":"image\/jpeg"}],"author":"adminadx","twitter_card":"summary_large_image","twitter_misc":{"Written by":"adminadx","Estimated reading time":"4 minutes"},"schema":{"@context":"https:\/\/schema.org","@graph":[{"@type":"Article","@id":"https:\/\/www.audaxrenovables.es\/es\/audax-adquiere-un-proyecto-fotovoltaico-en-la-provincia-de-valladolid\/#article","isPartOf":{"@id":"https:\/\/www.audaxrenovables.es\/es\/audax-adquiere-un-proyecto-fotovoltaico-en-la-provincia-de-valladolid\/"},"author":{"name":"adminadx","@id":"https:\/\/www.audaxrenovables.es\/ca\/#\/schema\/person\/39323131dc9a121279e4e63ed89ffbea"},"headline":"Audax adquiere un proyecto fotovoltaico en la provincia de Valladolid","datePublished":"2021-12-17T09:33:38+00:00","dateModified":"2023-06-20T11:40:11+00:00","mainEntityOfPage":{"@id":"https:\/\/www.audaxrenovables.es\/es\/audax-adquiere-un-proyecto-fotovoltaico-en-la-provincia-de-valladolid\/"},"wordCount":659,"publisher":{"@id":"https:\/\/www.audaxrenovables.es\/ca\/#organization"},"image":{"@id":"https:\/\/www.audaxrenovables.es\/es\/audax-adquiere-un-proyecto-fotovoltaico-en-la-provincia-de-valladolid\/#primaryimage"},"thumbnailUrl":"https:\/\/www.audaxrenovables.es\/wp-content\/uploads\/2023\/06\/noticia.jpg.jpg","articleSection":["Sin categor\u00eda"],"inLanguage":"en-GB"},{"@type":["WebPage","ItemPage"],"@id":"https:\/\/www.audaxrenovables.es\/es\/audax-adquiere-un-proyecto-fotovoltaico-en-la-provincia-de-valladolid\/","url":"https:\/\/www.audaxrenovables.es\/es\/audax-adquiere-un-proyecto-fotovoltaico-en-la-provincia-de-valladolid\/","name":"Audax acquires a photovoltaic project in the province of Valladolid","isPartOf":{"@id":"https:\/\/www.audaxrenovables.es\/ca\/#website"},"primaryImageOfPage":{"@id":"https:\/\/www.audaxrenovables.es\/es\/audax-adquiere-un-proyecto-fotovoltaico-en-la-provincia-de-valladolid\/#primaryimage"},"image":{"@id":"https:\/\/www.audaxrenovables.es\/es\/audax-adquiere-un-proyecto-fotovoltaico-en-la-provincia-de-valladolid\/#primaryimage"},"thumbnailUrl":"https:\/\/www.audaxrenovables.es\/wp-content\/uploads\/2023\/06\/noticia.jpg.jpg","datePublished":"2021-12-17T09:33:38+00:00","dateModified":"2023-06-20T11:40:11+00:00","description":"Audax acquires a photovoltaic project in the province of Valladolid","breadcrumb":{"@id":"https:\/\/www.audaxrenovables.es\/es\/audax-adquiere-un-proyecto-fotovoltaico-en-la-provincia-de-valladolid\/#breadcrumb"},"inLanguage":"en-GB","potentialAction":[{"@type":"ReadAction","target":["https:\/\/www.audaxrenovables.es\/es\/audax-adquiere-un-proyecto-fotovoltaico-en-la-provincia-de-valladolid\/"]}]},{"@type":"ImageObject","inLanguage":"en-GB","@id":"https:\/\/www.audaxrenovables.es\/es\/audax-adquiere-un-proyecto-fotovoltaico-en-la-provincia-de-valladolid\/#primaryimage","url":"https:\/\/www.audaxrenovables.es\/wp-content\/uploads\/2023\/06\/noticia.jpg.jpg","contentUrl":"https:\/\/www.audaxrenovables.es\/wp-content\/uploads\/2023\/06\/noticia.jpg.jpg","width":713,"height":403},{"@type":"BreadcrumbList","@id":"https:\/\/www.audaxrenovables.es\/es\/audax-adquiere-un-proyecto-fotovoltaico-en-la-provincia-de-valladolid\/#breadcrumb","itemListElement":[{"@type":"ListItem","position":1,"name":"Portada","item":"https:\/\/www.audaxrenovables.es\/es\/"},{"@type":"ListItem","position":2,"name":"Audax adquiere un proyecto fotovoltaico en la provincia de Valladolid"}]},{"@type":"WebSite","@id":"https:\/\/www.audaxrenovables.es\/ca\/#website","url":"https:\/\/www.audaxrenovables.es\/ca\/","name":"Audax Renewables","description":"Independent company dedicated to the production of electrical energy from renewable energy sources 100%","publisher":{"@id":"https:\/\/www.audaxrenovables.es\/ca\/#organization"},"potentialAction":[{"@type":"SearchAction","target":{"@type":"EntryPoint","urlTemplate":"https:\/\/www.audaxrenovables.es\/ca\/?s={search_term_string}"},"query-input":{"@type":"PropertyValueSpecification","valueRequired":true,"valueName":"search_term_string"}}],"inLanguage":"en-GB"},{"@type":"Organization","@id":"https:\/\/www.audaxrenovables.es\/ca\/#organization","name":"Audax Renewables","alternateName":"Audax Energ\u00eda","url":"https:\/\/www.audaxrenovables.es\/ca\/","logo":{"@type":"ImageObject","inLanguage":"en-GB","@id":"https:\/\/www.audaxrenovables.es\/ca\/#\/schema\/logo\/image\/","url":"https:\/\/www.audaxrenovables.es\/wp-content\/uploads\/2023\/04\/logo.png","contentUrl":"https:\/\/www.audaxrenovables.es\/wp-content\/uploads\/2023\/04\/logo.png","width":197,"height":125,"caption":"Audax Renovables"},"image":{"@id":"https:\/\/www.audaxrenovables.es\/ca\/#\/schema\/logo\/image\/"},"sameAs":["https:\/\/www.instagram.com\/audaxrenovables\/","https:\/\/x.com\/AudaxRenovables","https:\/\/www.youtube.com\/user\/AudaxEnergia","https:\/\/www.tiktok.com\/@audaxrenovables","https:\/\/www.linkedin.com\/company\/203502\/admin\/"]},{"@type":"Person","@id":"https:\/\/www.audaxrenovables.es\/ca\/#\/schema\/person\/39323131dc9a121279e4e63ed89ffbea","name":"adminadx","image":{"@type":"ImageObject","inLanguage":"en-GB","@id":"https:\/\/www.audaxrenovables.es\/ca\/#\/schema\/person\/image\/","url":"https:\/\/secure.gravatar.com\/avatar\/60b4d621160a422b02f2d19db7066f73c964c792ce03f3da9d36f40a41bdd2e6?s=96&d=mm&r=g","contentUrl":"https:\/\/secure.gravatar.com\/avatar\/60b4d621160a422b02f2d19db7066f73c964c792ce03f3da9d36f40a41bdd2e6?s=96&d=mm&r=g","caption":"adminadx"},"sameAs":["https:\/\/audaxrenovables.es"]}]}},"_links":{"self":[{"href":"https:\/\/www.audaxrenovables.es\/en\/wp-json\/wp\/v2\/posts\/2493","targetHints":{"allow":["GET"]}}],"collection":[{"href":"https:\/\/www.audaxrenovables.es\/en\/wp-json\/wp\/v2\/posts"}],"about":[{"href":"https:\/\/www.audaxrenovables.es\/en\/wp-json\/wp\/v2\/types\/post"}],"author":[{"embeddable":true,"href":"https:\/\/www.audaxrenovables.es\/en\/wp-json\/wp\/v2\/users\/1"}],"replies":[{"embeddable":true,"href":"https:\/\/www.audaxrenovables.es\/en\/wp-json\/wp\/v2\/comments?post=2493"}],"version-history":[{"count":1,"href":"https:\/\/www.audaxrenovables.es\/en\/wp-json\/wp\/v2\/posts\/2493\/revisions"}],"predecessor-version":[{"id":2796,"href":"https:\/\/www.audaxrenovables.es\/en\/wp-json\/wp\/v2\/posts\/2493\/revisions\/2796"}],"wp:featuredmedia":[{"embeddable":true,"href":"https:\/\/www.audaxrenovables.es\/en\/wp-json\/wp\/v2\/media\/2492"}],"wp:attachment":[{"href":"https:\/\/www.audaxrenovables.es\/en\/wp-json\/wp\/v2\/media?parent=2493"}],"wp:term":[{"taxonomy":"category","embeddable":true,"href":"https:\/\/www.audaxrenovables.es\/en\/wp-json\/wp\/v2\/categories?post=2493"},{"taxonomy":"post_tag","embeddable":true,"href":"https:\/\/www.audaxrenovables.es\/en\/wp-json\/wp\/v2\/tags?post=2493"}],"curies":[{"name":"wp","href":"https:\/\/api.w.org\/{rel}","templated":true}]}}