{"id":2503,"date":"2021-07-15T06:24:32","date_gmt":"2021-07-15T06:24:32","guid":{"rendered":"https:\/\/audaxrenovables.es\/audax-renovables-y-horeca-cadiz-firman-un-convenio-de-colaboracion\/"},"modified":"2023-06-20T11:40:56","modified_gmt":"2023-06-20T11:40:56","slug":"audax-renovables-y-horeca-cadiz-firman-un-convenio-de-colaboracion","status":"publish","type":"post","link":"https:\/\/www.audaxrenovables.es\/en\/audax-renewables-and-horeca-cadiz-sign-a-collaboration-agreement\/","title":{"rendered":"Audax Renovables and HORECA C\u00e1diz sign a collaboration agreement"},"content":{"rendered":"<p><img decoding=\"async\" class=\"adx_img_post\" src=\"https:\/\/www.audaxrenovables.es\/uploads\/2021\/07\/15\/b597ecfdb5fe053a6022005190ad2851.jpg\"><\/p>\n<h1 class=\"adx_tit_post\">Audax Renovables and HORECA C\u00e1diz sign a collaboration agreement<\/h1>\n<blockquote><p>Hospitality companies affiliated with the HORECA C\u00c1DIZ Federation will have various energy advisory services to save on their energy costs with renewable 100% energy<\/p><\/blockquote>\n<p>The provincial Federation of hospitality entrepreneurs HORECA C\u00e1diz, aware of the importance of electrical energy in the hospitality sector, has signed a collaboration agreement with Audax Renovables, the comprehensive energy group with renewable 100% generation, with the aim of improving the efficiency in the energy consumption of its affiliated companies, offering them green, clean and environmentally friendly 100% energy.&nbsp;<\/p>\n<p>Audax Renovables is one of the main companies in the national energy sector, leader in the SME segment in Spain. Its main activities focus on the generation and marketing of renewable 100% electricity and gas. A growing company that is present in 9 countries (Spain, Portugal, Italy, Germany, Poland, Holland, Hungary, France and Panama), with more than 575 thousand customers and 15 TWh supplied in 2020.<\/p>\n<p>The agreement has been agreed by Antonio de Mar\u00eda (President of the Federation), Jos\u00e9 Morales (Energy Advisor of the Federation), Jorge P\u00e9rez (Key Account Manager of Audax Renovables) and by David Busquets (Commercial Director of Audax Renovables).<\/p>\n<p>Thanks to this agreement, the members of the HORECA C\u00c1DIZ Federation will be able to contract 100% renewable energy, carry out a review of their energy rates and contracting modality of their current supply, have telemetry and control of electricity consumption, optimize the contracted powers and automatic compensation of reactive energy and consumption reductions. They will also be able to make changes of owner and power at no cost (except those regulated or established by the Distributor), have facilities for the installation of charging points for electric vehicles in their facilities and access the photovoltaic self-consumption installation with which they will be able to generate your own green 100% energy and save on your electric bill.&nbsp;<\/p>\n<p>Those companies, SMEs and self-employed members of HORECA C\u00c1DIZ interested in the benefits of this new agreement can request information at www.canalhorecacadiz.es or by writing to energia@canalhorecacadiz.es.<\/p>\n<p>About Audax Renewables&nbsp;<br \/>\n&nbsp;<br \/>\nThe Group is the result of the merger by absorption between Audax Renovables, SA and its parent company, Audax Energ\u00eda, SA, giving rise to a comprehensive energy group with 100% renewable generation.<\/p>\n<p>Audax focuses its activities on the generation of renewable 100% energy, as well as the supply of renewable 100% electricity and gas.<br \/>\n&nbsp;<br \/>\nFounded in the year 2000, in 2003 Audax Renovables began to be listed on the secondary market of the Barcelona Stock Exchange and in 2007 it was listed on the SIBE of the Madrid Stock Exchange. Currently, it is listed on the Spanish Continuous Market under the name (ticker) ADX.MC, having been incorporated into the IBEX SMALL CAP\u00ae index on March 23, 2020.<\/p>\n<p>We are the leading energy group in the SME segment in Spain, guaranteeing an efficient supply of marketed energy through a process of vertical integration with renewable generation activity, with a solid financial position, and prepared to lead the energy transition in the European market.<br \/>\n&nbsp;<br \/>\nThe Group manages a portfolio of generation projects in operation of 91 MW in wind farms in Spain, France and Poland, and 15 MWp photovoltaic in Spain. Additionally, it has 66 MW of wind power under construction in Panama as well as 55 MWp in photovoltaic projects, adding a total of 121 MW under construction, and has a photovoltaic portfolio of 2,271 MWp in different phases of development located in Spain, Portugal and Italy.&nbsp;<\/p>\n<p>Audax Renovables, in its activity of marketing renewable 100% electricity and gas, is present in Spain, Portugal, Italy, Germany, Poland, Holland and Hungary, adding more than 540 thousand clients.<\/p>\n<p>For more information visit www.audaxrenovables.com \/ www.audaxrenovables.es<br \/>\n&nbsp;<\/p>","protected":false},"excerpt":{"rendered":"<p>Audax Renovables y HORECA C\u00e1diz firman un convenio de colaboraci\u00f3n Las empresas de hosteler\u00eda afiliadas a la Federaci\u00f3n HORECA C\u00c1DIZ dispondr\u00e1n de diversos servicios de asesor\u00eda energ\u00e9tica para ahorrar en sus costes energ\u00e9ticos con energ\u00eda 100% renovable La Federaci\u00f3n provincial de empresarios de hosteler\u00eda HORECA C\u00e1diz, conscientes de la importancia que tiene la energ\u00eda el\u00e9ctrica [&hellip;]<\/p>\n","protected":false},"author":1,"featured_media":2502,"comment_status":"closed","ping_status":"open","sticky":false,"template":"","format":"standard","meta":{"content-type":"","footnotes":""},"categories":[1],"tags":[],"class_list":["post-2503","post","type-post","status-publish","format-standard","has-post-thumbnail","hentry","category-sin-categoria"],"yoast_head":"<!-- This site is optimized with the Yoast SEO plugin v23.5 - https:\/\/yoast.com\/wordpress\/plugins\/seo\/ -->\n<title>Audax Renovables y HORECA C?diz firman un convenio de colaboraci?n<\/title>\n<meta name=\"description\" content=\"Audax Renovables y HORECA C?diz firman un convenio de colaboraci?n\" \/>\n<meta name=\"robots\" content=\"index, follow, max-snippet:-1, max-image-preview:large, max-video-preview:-1\" \/>\n<link rel=\"canonical\" href=\"https:\/\/www.audaxrenovables.es\/en\/audax-renovables-i-horeca-cadiz-signen-un-conveni-de-col\u00b7laboracio\/\" \/>\n<meta property=\"og:locale\" content=\"en_GB\" \/>\n<meta property=\"og:type\" content=\"article\" \/>\n<meta property=\"og:title\" content=\"Audax Renovables y HORECA C?diz firman un convenio de colaboraci?n\" \/>\n<meta property=\"og:description\" content=\"Audax Renovables y HORECA C?diz firman un convenio de colaboraci?n\" \/>\n<meta property=\"og:url\" content=\"https:\/\/www.audaxrenovables.es\/en\/audax-renovables-i-horeca-cadiz-signen-un-conveni-de-col\u00b7laboracio\/\" \/>\n<meta property=\"og:site_name\" content=\"Audax Renovables\" \/>\n<meta property=\"article:published_time\" content=\"2021-07-15T06:24:32+00:00\" \/>\n<meta property=\"article:modified_time\" content=\"2023-06-20T11:40:56+00:00\" \/>\n<meta property=\"og:image\" content=\"https:\/\/www.audaxrenovables.es\/wp-content\/uploads\/2023\/06\/15072021.jpg.jpg\" \/>\n\t<meta property=\"og:image:width\" content=\"713\" \/>\n\t<meta property=\"og:image:height\" content=\"403\" \/>\n\t<meta property=\"og:image:type\" content=\"image\/jpeg\" \/>\n<meta name=\"author\" content=\"adminadx\" \/>\n<meta name=\"twitter:card\" content=\"summary_large_image\" \/>\n<meta name=\"twitter:label1\" content=\"Written by\" \/>\n\t<meta name=\"twitter:data1\" content=\"adminadx\" \/>\n\t<meta name=\"twitter:label2\" content=\"Estimated reading time\" \/>\n\t<meta name=\"twitter:data2\" content=\"4 minutes\" \/>\n<!-- \/ Yoast SEO plugin. -->","yoast_head_json":{"title":"Audax Renovables and HORECA C?diz sign a collaboration agreement","description":"Audax Renovables and HORECA C?diz sign a collaboration agreement","robots":{"index":"index","follow":"follow","max-snippet":"max-snippet:-1","max-image-preview":"max-image-preview:large","max-video-preview":"max-video-preview:-1"},"canonical":"https:\/\/www.audaxrenovables.es\/en\/audax-renovables-i-horeca-cadiz-signen-un-conveni-de-col\u00b7laboracio\/","og_locale":"en_GB","og_type":"article","og_title":"Audax Renovables y HORECA C?diz firman un convenio de colaboraci?n","og_description":"Audax Renovables y HORECA C?diz firman un convenio de colaboraci?n","og_url":"https:\/\/www.audaxrenovables.es\/en\/audax-renovables-i-horeca-cadiz-signen-un-conveni-de-col\u00b7laboracio\/","og_site_name":"Audax Renovables","article_published_time":"2021-07-15T06:24:32+00:00","article_modified_time":"2023-06-20T11:40:56+00:00","og_image":[{"width":713,"height":403,"url":"https:\/\/www.audaxrenovables.es\/wp-content\/uploads\/2023\/06\/15072021.jpg.jpg","type":"image\/jpeg"}],"author":"adminadx","twitter_card":"summary_large_image","twitter_misc":{"Written by":"adminadx","Estimated reading time":"4 minutes"},"schema":{"@context":"https:\/\/schema.org","@graph":[{"@type":"Article","@id":"https:\/\/www.audaxrenovables.es\/ca\/audax-renovables-i-horeca-cadiz-signen-un-conveni-de-col\u00b7laboracio\/#article","isPartOf":{"@id":"https:\/\/www.audaxrenovables.es\/ca\/audax-renovables-i-horeca-cadiz-signen-un-conveni-de-col\u00b7laboracio\/"},"author":{"name":"adminadx","@id":"https:\/\/www.audaxrenovables.es\/ca\/#\/schema\/person\/39323131dc9a121279e4e63ed89ffbea"},"headline":"Audax Renovables y HORECA C\u00e1diz firman un convenio de colaboraci\u00f3n","datePublished":"2021-07-15T06:24:32+00:00","dateModified":"2023-06-20T11:40:56+00:00","mainEntityOfPage":{"@id":"https:\/\/www.audaxrenovables.es\/ca\/audax-renovables-i-horeca-cadiz-signen-un-conveni-de-col\u00b7laboracio\/"},"wordCount":729,"publisher":{"@id":"https:\/\/www.audaxrenovables.es\/ca\/#organization"},"image":{"@id":"https:\/\/www.audaxrenovables.es\/ca\/audax-renovables-i-horeca-cadiz-signen-un-conveni-de-col\u00b7laboracio\/#primaryimage"},"thumbnailUrl":"https:\/\/www.audaxrenovables.es\/wp-content\/uploads\/2023\/06\/15072021.jpg.jpg","articleSection":["Sin categor\u00eda"],"inLanguage":"en-GB"},{"@type":["WebPage","ItemPage"],"@id":"https:\/\/www.audaxrenovables.es\/ca\/audax-renovables-i-horeca-cadiz-signen-un-conveni-de-col\u00b7laboracio\/","url":"https:\/\/www.audaxrenovables.es\/ca\/audax-renovables-i-horeca-cadiz-signen-un-conveni-de-col\u00b7laboracio\/","name":"Audax Renovables and HORECA C?diz sign a collaboration agreement","isPartOf":{"@id":"https:\/\/www.audaxrenovables.es\/ca\/#website"},"primaryImageOfPage":{"@id":"https:\/\/www.audaxrenovables.es\/ca\/audax-renovables-i-horeca-cadiz-signen-un-conveni-de-col\u00b7laboracio\/#primaryimage"},"image":{"@id":"https:\/\/www.audaxrenovables.es\/ca\/audax-renovables-i-horeca-cadiz-signen-un-conveni-de-col\u00b7laboracio\/#primaryimage"},"thumbnailUrl":"https:\/\/www.audaxrenovables.es\/wp-content\/uploads\/2023\/06\/15072021.jpg.jpg","datePublished":"2021-07-15T06:24:32+00:00","dateModified":"2023-06-20T11:40:56+00:00","description":"Audax Renovables and HORECA C?diz sign a collaboration agreement","breadcrumb":{"@id":"https:\/\/www.audaxrenovables.es\/ca\/audax-renovables-i-horeca-cadiz-signen-un-conveni-de-col\u00b7laboracio\/#breadcrumb"},"inLanguage":"en-GB","potentialAction":[{"@type":"ReadAction","target":["https:\/\/www.audaxrenovables.es\/ca\/audax-renovables-i-horeca-cadiz-signen-un-conveni-de-col\u00b7laboracio\/"]}]},{"@type":"ImageObject","inLanguage":"en-GB","@id":"https:\/\/www.audaxrenovables.es\/ca\/audax-renovables-i-horeca-cadiz-signen-un-conveni-de-col\u00b7laboracio\/#primaryimage","url":"https:\/\/www.audaxrenovables.es\/wp-content\/uploads\/2023\/06\/15072021.jpg.jpg","contentUrl":"https:\/\/www.audaxrenovables.es\/wp-content\/uploads\/2023\/06\/15072021.jpg.jpg","width":713,"height":403},{"@type":"BreadcrumbList","@id":"https:\/\/www.audaxrenovables.es\/ca\/audax-renovables-i-horeca-cadiz-signen-un-conveni-de-col\u00b7laboracio\/#breadcrumb","itemListElement":[{"@type":"ListItem","position":1,"name":"Portada","item":"https:\/\/www.audaxrenovables.es\/es\/"},{"@type":"ListItem","position":2,"name":"Audax Renovables y HORECA C\u00e1diz firman un convenio de colaboraci\u00f3n"}]},{"@type":"WebSite","@id":"https:\/\/www.audaxrenovables.es\/ca\/#website","url":"https:\/\/www.audaxrenovables.es\/ca\/","name":"Audax Renewables","description":"Independent company dedicated to the production of electrical energy from renewable energy sources 100%","publisher":{"@id":"https:\/\/www.audaxrenovables.es\/ca\/#organization"},"potentialAction":[{"@type":"SearchAction","target":{"@type":"EntryPoint","urlTemplate":"https:\/\/www.audaxrenovables.es\/ca\/?s={search_term_string}"},"query-input":{"@type":"PropertyValueSpecification","valueRequired":true,"valueName":"search_term_string"}}],"inLanguage":"en-GB"},{"@type":"Organization","@id":"https:\/\/www.audaxrenovables.es\/ca\/#organization","name":"Audax Renewables","alternateName":"Audax Energ\u00eda","url":"https:\/\/www.audaxrenovables.es\/ca\/","logo":{"@type":"ImageObject","inLanguage":"en-GB","@id":"https:\/\/www.audaxrenovables.es\/ca\/#\/schema\/logo\/image\/","url":"https:\/\/www.audaxrenovables.es\/wp-content\/uploads\/2023\/04\/logo.png","contentUrl":"https:\/\/www.audaxrenovables.es\/wp-content\/uploads\/2023\/04\/logo.png","width":197,"height":125,"caption":"Audax Renovables"},"image":{"@id":"https:\/\/www.audaxrenovables.es\/ca\/#\/schema\/logo\/image\/"},"sameAs":["https:\/\/www.instagram.com\/audaxrenovables\/","https:\/\/x.com\/AudaxRenovables","https:\/\/www.youtube.com\/user\/AudaxEnergia","https:\/\/www.tiktok.com\/@audaxrenovables","https:\/\/www.linkedin.com\/company\/203502\/admin\/"]},{"@type":"Person","@id":"https:\/\/www.audaxrenovables.es\/ca\/#\/schema\/person\/39323131dc9a121279e4e63ed89ffbea","name":"adminadx","image":{"@type":"ImageObject","inLanguage":"en-GB","@id":"https:\/\/www.audaxrenovables.es\/ca\/#\/schema\/person\/image\/","url":"https:\/\/secure.gravatar.com\/avatar\/60b4d621160a422b02f2d19db7066f73c964c792ce03f3da9d36f40a41bdd2e6?s=96&d=mm&r=g","contentUrl":"https:\/\/secure.gravatar.com\/avatar\/60b4d621160a422b02f2d19db7066f73c964c792ce03f3da9d36f40a41bdd2e6?s=96&d=mm&r=g","caption":"adminadx"},"sameAs":["https:\/\/audaxrenovables.es"]}]}},"_links":{"self":[{"href":"https:\/\/www.audaxrenovables.es\/en\/wp-json\/wp\/v2\/posts\/2503","targetHints":{"allow":["GET"]}}],"collection":[{"href":"https:\/\/www.audaxrenovables.es\/en\/wp-json\/wp\/v2\/posts"}],"about":[{"href":"https:\/\/www.audaxrenovables.es\/en\/wp-json\/wp\/v2\/types\/post"}],"author":[{"embeddable":true,"href":"https:\/\/www.audaxrenovables.es\/en\/wp-json\/wp\/v2\/users\/1"}],"replies":[{"embeddable":true,"href":"https:\/\/www.audaxrenovables.es\/en\/wp-json\/wp\/v2\/comments?post=2503"}],"version-history":[{"count":1,"href":"https:\/\/www.audaxrenovables.es\/en\/wp-json\/wp\/v2\/posts\/2503\/revisions"}],"predecessor-version":[{"id":2801,"href":"https:\/\/www.audaxrenovables.es\/en\/wp-json\/wp\/v2\/posts\/2503\/revisions\/2801"}],"wp:featuredmedia":[{"embeddable":true,"href":"https:\/\/www.audaxrenovables.es\/en\/wp-json\/wp\/v2\/media\/2502"}],"wp:attachment":[{"href":"https:\/\/www.audaxrenovables.es\/en\/wp-json\/wp\/v2\/media?parent=2503"}],"wp:term":[{"taxonomy":"category","embeddable":true,"href":"https:\/\/www.audaxrenovables.es\/en\/wp-json\/wp\/v2\/categories?post=2503"},{"taxonomy":"post_tag","embeddable":true,"href":"https:\/\/www.audaxrenovables.es\/en\/wp-json\/wp\/v2\/tags?post=2503"}],"curies":[{"name":"wp","href":"https:\/\/api.w.org\/{rel}","templated":true}]}}