{"id":2509,"date":"2021-06-02T06:37:51","date_gmt":"2021-06-02T06:37:51","guid":{"rendered":"https:\/\/audaxrenovables.es\/audax-renovables-pone-en-marcha-las-plantas-fotovoltaicas-carolinas-i-y-ii\/"},"modified":"2023-06-20T11:41:09","modified_gmt":"2023-06-20T11:41:09","slug":"audax-renovables-pone-en-marcha-las-plantas-fotovoltaicas-carolinas-i-y-ii","status":"publish","type":"post","link":"https:\/\/www.audaxrenovables.es\/en\/audax-renewables-starts-up-the-carolinas-i-and-ii-photovoltaic-plants\/","title":{"rendered":"Audax Renovables launches the Carolinas I and II photovoltaic plants"},"content":{"rendered":"<p><img decoding=\"async\" class=\"adx_img_post\" src=\"https:\/\/www.audaxrenovables.es\/uploads\/2021\/06\/02\/391729a1ea6ccb603ee96f3ef296b441.jpg\"><\/p>\n<h1 class=\"adx_tit_post\">Audax Renovables launches the Carolinas I and II photovoltaic plants<\/h1>\n<blockquote><p>Continuing with its strategy of focusing on generation activity, the company will begin, with the commissioning certificate obtained, the operations of the Carolinas I and II photovoltaic plant in Castilla-La Mancha<\/p><\/blockquote>\n<p>Audax Renovables (ADX.MC), the comprehensive energy group with 100% renewable generation, has obtained from the Provincial Delegation of Sustainable Development of Guadalajara the exploitation authorization for the entry into operation of the Carolinas I and II photovoltaic plants in the town from El Casar, province of Guadalajara (Castilla La Mancha), with a total power of 10 MWp, also beginning the discharge of energy to the network.&nbsp;<\/p>\n<p>It should be noted that the Ca\u00f1amares photovoltaic plant in the town of Fontanar, province of Guadalajara (Castilla La Mancha), with a power of 5 MWp, has already been operational for a few weeks, thus incorporating the energy produced into the network and increasing the portfolio. of the Group of those plants that are already in operation.<\/p>\n<p>Both the Carolinas I and II photovoltaic plants, as well as the Ca\u00f1amares project, will sell the energy under a PPA contract to their parent company, that is, Audax Renovables.<\/p>\n<p>Due to the current conditions caused by the COVID-19 pandemic, some of the procedures have suffered some delay before the different institutions. However, these delays have been able to be resolved, implying the effective entry into operation of the aforementioned facilities.&nbsp;<\/p>\n<p>Additionally, it should be noted that the Group continues with the construction of the following projects:<br \/>\n- La Zarzuela I, II, III and IV, located in the Toledo Municipality of Escalonilla, with a total power of 20MWp.<br \/>\n- Las Alberizas I, II, III and IV located in the Guadalajara Municipality of Torija, with a total power of 20MWp.<br \/>\n- Cala\u00f1as, a project located in the Huelva town of the same name, with a power of 4.48MWp.&nbsp;<br \/>\n- Los Arenales, located in the town of Pol\u00e1n, Toledo, with a power of 5 MWp.<\/p>\n<p>The construction of the aforementioned projects is proceeding completely normally, and the Group expects them to be completed and come into operation in the current year.<\/p>\n<p>All of the aforementioned projects mentioned above have not required financing from third parties, but have been financed through the issuance of green bonds obtained by the Group at the end of the previous year.<\/p>\n<p>Over the coming weeks, the Group will continue to promptly inform the market about the evolution of the progress of the projects that make up its portfolio, with the aim of keeping the market and its investors permanently informed.<\/p>\n<p>These projects continue to be framed within the Audax Renovables Group&#039;s strategy of increasing its 100% renewable generation portfolio, and therefore it is focused on closing other purchase agreements with the aim of supplying its clients with renewable energy produced in their own floors.<\/p>\n<p>About Audax Renewables&nbsp;<br \/>\n&nbsp;<br \/>\nThe Group is the result of the merger by absorption between Audax Renovables, SA and its parent company, Audax Energ\u00eda, SA, giving rise to a comprehensive energy group with 100% renewable generation.<\/p>\n<p>Audax focuses its activities on the generation of renewable 100% energy, as well as the supply of renewable 100% electricity and gas.<br \/>\n&nbsp;<br \/>\nFounded in the year 2000, in 2003 Audax Renovables began to be listed on the secondary market of the Barcelona Stock Exchange and in 2007 it was listed on the SIBE of the Madrid Stock Exchange. Currently, it is listed on the Spanish Continuous Market under the name (ticker) ADX.MC, having been incorporated into the IBEX SMALL CAP\u00ae index on March 23, 2020.<\/p>\n<p>We are the leading energy group in the SME segment in Spain, guaranteeing an efficient supply of marketed energy through a process of vertical integration with renewable generation activity, with a solid financial position, and prepared to lead the energy transition in the European market.<br \/>\n&nbsp;<br \/>\nThe Group manages a portfolio of generation projects in operation of 91 MW in wind farms in Spain, France and Poland, and 15 MWp photovoltaic in Spain. Additionally, it has 66 MW of wind power under construction in Panama as well as 49 MWp in photovoltaic projects, adding a total of 115 MW under construction, and has a photovoltaic portfolio of 2,277 MWp in different phases of development located in Spain, Portugal and Italy.&nbsp;<\/p>\n<p>Audax Renovables, in its activity of marketing renewable 100% electricity and gas, is present in Spain, Portugal, Italy, Germany, Poland, Holland and Hungary, adding more than 540 thousand clients.<\/p>\n<p>For more information visit www.audaxrenovables.com \/ www.audaxrenovables.es<\/p>","protected":false},"excerpt":{"rendered":"<p>Audax Renovables pone en marcha las plantas fotovoltaicas Carolinas I y II Siguiendo con su estrategia de focalizaci\u00f3n en la actividad de generaci\u00f3n, la compa\u00f1\u00eda iniciar\u00e1, con el acta de puesta en marcha obtenida, las operaciones de la planta fotovoltaica Carolinas I y II en Castilla-La Mancha Audax Renovables (ADX.MC), el grupo energ\u00e9tico integral con [&hellip;]<\/p>\n","protected":false},"author":1,"featured_media":2508,"comment_status":"closed","ping_status":"open","sticky":false,"template":"","format":"standard","meta":{"content-type":"","footnotes":""},"categories":[1],"tags":[],"class_list":["post-2509","post","type-post","status-publish","format-standard","has-post-thumbnail","hentry","category-sin-categoria"],"yoast_head":"<!-- This site is optimized with the Yoast SEO plugin v23.5 - https:\/\/yoast.com\/wordpress\/plugins\/seo\/ -->\n<title>Audax Renovables pone en marcha las plantas fotovoltaicas Carolinas I y II<\/title>\n<meta name=\"description\" content=\"Audax Renovables pone en marcha las plantas fotovoltaicas Carolinas I y II, Guadalajara\" \/>\n<meta name=\"robots\" content=\"index, follow, max-snippet:-1, max-image-preview:large, max-video-preview:-1\" \/>\n<link rel=\"canonical\" href=\"https:\/\/www.audaxrenovables.es\/en\/audax-renewables-starts-up-the-carolinas-i-and-ii-photovoltaic-plants\/\" \/>\n<meta property=\"og:locale\" content=\"en_GB\" \/>\n<meta property=\"og:type\" content=\"article\" \/>\n<meta property=\"og:title\" content=\"Audax Renovables pone en marcha las plantas fotovoltaicas Carolinas I y II\" \/>\n<meta property=\"og:description\" content=\"Audax Renovables pone en marcha las plantas fotovoltaicas Carolinas I y II, Guadalajara\" \/>\n<meta property=\"og:url\" content=\"https:\/\/www.audaxrenovables.es\/en\/audax-renewables-starts-up-the-carolinas-i-and-ii-photovoltaic-plants\/\" \/>\n<meta property=\"og:site_name\" content=\"Audax Renovables\" \/>\n<meta property=\"article:published_time\" content=\"2021-06-02T06:37:51+00:00\" \/>\n<meta property=\"article:modified_time\" content=\"2023-06-20T11:41:09+00:00\" \/>\n<meta property=\"og:image\" content=\"https:\/\/www.audaxrenovables.es\/wp-content\/uploads\/2023\/06\/02062021.jpg.jpg\" \/>\n\t<meta property=\"og:image:width\" content=\"713\" \/>\n\t<meta property=\"og:image:height\" content=\"403\" \/>\n\t<meta property=\"og:image:type\" content=\"image\/jpeg\" \/>\n<meta name=\"author\" content=\"adminadx\" \/>\n<meta name=\"twitter:card\" content=\"summary_large_image\" \/>\n<meta name=\"twitter:label1\" content=\"Written by\" \/>\n\t<meta name=\"twitter:data1\" content=\"adminadx\" \/>\n\t<meta name=\"twitter:label2\" content=\"Estimated reading time\" \/>\n\t<meta name=\"twitter:data2\" content=\"4 minutes\" \/>\n<!-- \/ Yoast SEO plugin. -->","yoast_head_json":{"title":"Audax Renovables launches the Carolinas I and II photovoltaic plants","description":"Audax Renovables launches the Carolinas I and II photovoltaic plants, Guadalajara","robots":{"index":"index","follow":"follow","max-snippet":"max-snippet:-1","max-image-preview":"max-image-preview:large","max-video-preview":"max-video-preview:-1"},"canonical":"https:\/\/www.audaxrenovables.es\/en\/audax-renewables-starts-up-the-carolinas-i-and-ii-photovoltaic-plants\/","og_locale":"en_GB","og_type":"article","og_title":"Audax Renovables pone en marcha las plantas fotovoltaicas Carolinas I y II","og_description":"Audax Renovables pone en marcha las plantas fotovoltaicas Carolinas I y II, Guadalajara","og_url":"https:\/\/www.audaxrenovables.es\/en\/audax-renewables-starts-up-the-carolinas-i-and-ii-photovoltaic-plants\/","og_site_name":"Audax Renovables","article_published_time":"2021-06-02T06:37:51+00:00","article_modified_time":"2023-06-20T11:41:09+00:00","og_image":[{"width":713,"height":403,"url":"https:\/\/www.audaxrenovables.es\/wp-content\/uploads\/2023\/06\/02062021.jpg.jpg","type":"image\/jpeg"}],"author":"adminadx","twitter_card":"summary_large_image","twitter_misc":{"Written by":"adminadx","Estimated reading time":"4 minutes"},"schema":{"@context":"https:\/\/schema.org","@graph":[{"@type":"Article","@id":"https:\/\/www.audaxrenovables.es\/en\/audax-renewables-starts-up-the-carolinas-i-and-ii-photovoltaic-plants\/#article","isPartOf":{"@id":"https:\/\/www.audaxrenovables.es\/en\/audax-renewables-starts-up-the-carolinas-i-and-ii-photovoltaic-plants\/"},"author":{"name":"adminadx","@id":"https:\/\/www.audaxrenovables.es\/ca\/#\/schema\/person\/39323131dc9a121279e4e63ed89ffbea"},"headline":"Audax Renovables pone en marcha las plantas fotovoltaicas Carolinas I y II","datePublished":"2021-06-02T06:37:51+00:00","dateModified":"2023-06-20T11:41:09+00:00","mainEntityOfPage":{"@id":"https:\/\/www.audaxrenovables.es\/en\/audax-renewables-starts-up-the-carolinas-i-and-ii-photovoltaic-plants\/"},"wordCount":846,"publisher":{"@id":"https:\/\/www.audaxrenovables.es\/ca\/#organization"},"image":{"@id":"https:\/\/www.audaxrenovables.es\/en\/audax-renewables-starts-up-the-carolinas-i-and-ii-photovoltaic-plants\/#primaryimage"},"thumbnailUrl":"https:\/\/www.audaxrenovables.es\/wp-content\/uploads\/2023\/06\/02062021.jpg.jpg","articleSection":["Sin categor\u00eda"],"inLanguage":"en-GB"},{"@type":["WebPage","ItemPage"],"@id":"https:\/\/www.audaxrenovables.es\/en\/audax-renewables-starts-up-the-carolinas-i-and-ii-photovoltaic-plants\/","url":"https:\/\/www.audaxrenovables.es\/en\/audax-renewables-starts-up-the-carolinas-i-and-ii-photovoltaic-plants\/","name":"Audax Renovables launches the Carolinas I and II photovoltaic plants","isPartOf":{"@id":"https:\/\/www.audaxrenovables.es\/ca\/#website"},"primaryImageOfPage":{"@id":"https:\/\/www.audaxrenovables.es\/en\/audax-renewables-starts-up-the-carolinas-i-and-ii-photovoltaic-plants\/#primaryimage"},"image":{"@id":"https:\/\/www.audaxrenovables.es\/en\/audax-renewables-starts-up-the-carolinas-i-and-ii-photovoltaic-plants\/#primaryimage"},"thumbnailUrl":"https:\/\/www.audaxrenovables.es\/wp-content\/uploads\/2023\/06\/02062021.jpg.jpg","datePublished":"2021-06-02T06:37:51+00:00","dateModified":"2023-06-20T11:41:09+00:00","description":"Audax Renovables launches the Carolinas I and II photovoltaic plants, Guadalajara","breadcrumb":{"@id":"https:\/\/www.audaxrenovables.es\/en\/audax-renewables-starts-up-the-carolinas-i-and-ii-photovoltaic-plants\/#breadcrumb"},"inLanguage":"en-GB","potentialAction":[{"@type":"ReadAction","target":["https:\/\/www.audaxrenovables.es\/en\/audax-renewables-starts-up-the-carolinas-i-and-ii-photovoltaic-plants\/"]}]},{"@type":"ImageObject","inLanguage":"en-GB","@id":"https:\/\/www.audaxrenovables.es\/en\/audax-renewables-starts-up-the-carolinas-i-and-ii-photovoltaic-plants\/#primaryimage","url":"https:\/\/www.audaxrenovables.es\/wp-content\/uploads\/2023\/06\/02062021.jpg.jpg","contentUrl":"https:\/\/www.audaxrenovables.es\/wp-content\/uploads\/2023\/06\/02062021.jpg.jpg","width":713,"height":403},{"@type":"BreadcrumbList","@id":"https:\/\/www.audaxrenovables.es\/en\/audax-renewables-starts-up-the-carolinas-i-and-ii-photovoltaic-plants\/#breadcrumb","itemListElement":[{"@type":"ListItem","position":1,"name":"Portada","item":"https:\/\/www.audaxrenovables.es\/es\/"},{"@type":"ListItem","position":2,"name":"Audax Renovables pone en marcha las plantas fotovoltaicas Carolinas I y II"}]},{"@type":"WebSite","@id":"https:\/\/www.audaxrenovables.es\/ca\/#website","url":"https:\/\/www.audaxrenovables.es\/ca\/","name":"Audax Renewables","description":"Independent company dedicated to the production of electrical energy from renewable energy sources 100%","publisher":{"@id":"https:\/\/www.audaxrenovables.es\/ca\/#organization"},"potentialAction":[{"@type":"SearchAction","target":{"@type":"EntryPoint","urlTemplate":"https:\/\/www.audaxrenovables.es\/ca\/?s={search_term_string}"},"query-input":{"@type":"PropertyValueSpecification","valueRequired":true,"valueName":"search_term_string"}}],"inLanguage":"en-GB"},{"@type":"Organization","@id":"https:\/\/www.audaxrenovables.es\/ca\/#organization","name":"Audax Renewables","alternateName":"Audax Energ\u00eda","url":"https:\/\/www.audaxrenovables.es\/ca\/","logo":{"@type":"ImageObject","inLanguage":"en-GB","@id":"https:\/\/www.audaxrenovables.es\/ca\/#\/schema\/logo\/image\/","url":"https:\/\/www.audaxrenovables.es\/wp-content\/uploads\/2023\/04\/logo.png","contentUrl":"https:\/\/www.audaxrenovables.es\/wp-content\/uploads\/2023\/04\/logo.png","width":197,"height":125,"caption":"Audax Renovables"},"image":{"@id":"https:\/\/www.audaxrenovables.es\/ca\/#\/schema\/logo\/image\/"},"sameAs":["https:\/\/www.instagram.com\/audaxrenovables\/","https:\/\/x.com\/AudaxRenovables","https:\/\/www.youtube.com\/user\/AudaxEnergia","https:\/\/www.tiktok.com\/@audaxrenovables","https:\/\/www.linkedin.com\/company\/203502\/admin\/"]},{"@type":"Person","@id":"https:\/\/www.audaxrenovables.es\/ca\/#\/schema\/person\/39323131dc9a121279e4e63ed89ffbea","name":"adminadx","image":{"@type":"ImageObject","inLanguage":"en-GB","@id":"https:\/\/www.audaxrenovables.es\/ca\/#\/schema\/person\/image\/","url":"https:\/\/secure.gravatar.com\/avatar\/60b4d621160a422b02f2d19db7066f73c964c792ce03f3da9d36f40a41bdd2e6?s=96&d=mm&r=g","contentUrl":"https:\/\/secure.gravatar.com\/avatar\/60b4d621160a422b02f2d19db7066f73c964c792ce03f3da9d36f40a41bdd2e6?s=96&d=mm&r=g","caption":"adminadx"},"sameAs":["https:\/\/audaxrenovables.es"]}]}},"_links":{"self":[{"href":"https:\/\/www.audaxrenovables.es\/en\/wp-json\/wp\/v2\/posts\/2509","targetHints":{"allow":["GET"]}}],"collection":[{"href":"https:\/\/www.audaxrenovables.es\/en\/wp-json\/wp\/v2\/posts"}],"about":[{"href":"https:\/\/www.audaxrenovables.es\/en\/wp-json\/wp\/v2\/types\/post"}],"author":[{"embeddable":true,"href":"https:\/\/www.audaxrenovables.es\/en\/wp-json\/wp\/v2\/users\/1"}],"replies":[{"embeddable":true,"href":"https:\/\/www.audaxrenovables.es\/en\/wp-json\/wp\/v2\/comments?post=2509"}],"version-history":[{"count":1,"href":"https:\/\/www.audaxrenovables.es\/en\/wp-json\/wp\/v2\/posts\/2509\/revisions"}],"predecessor-version":[{"id":2804,"href":"https:\/\/www.audaxrenovables.es\/en\/wp-json\/wp\/v2\/posts\/2509\/revisions\/2804"}],"wp:featuredmedia":[{"embeddable":true,"href":"https:\/\/www.audaxrenovables.es\/en\/wp-json\/wp\/v2\/media\/2508"}],"wp:attachment":[{"href":"https:\/\/www.audaxrenovables.es\/en\/wp-json\/wp\/v2\/media?parent=2509"}],"wp:term":[{"taxonomy":"category","embeddable":true,"href":"https:\/\/www.audaxrenovables.es\/en\/wp-json\/wp\/v2\/categories?post=2509"},{"taxonomy":"post_tag","embeddable":true,"href":"https:\/\/www.audaxrenovables.es\/en\/wp-json\/wp\/v2\/tags?post=2509"}],"curies":[{"name":"wp","href":"https:\/\/api.w.org\/{rel}","templated":true}]}}