{"id":2513,"date":"2021-05-26T08:22:08","date_gmt":"2021-05-26T08:22:08","guid":{"rendered":"https:\/\/audaxrenovables.es\/audax-renovables-nombra-a-anabel-lopez-como-nuevo-miembro-de-la-comision-de-auditoria-y-de-la-comision-de-nombramientos-y-retribuciones\/"},"modified":"2023-06-20T11:41:19","modified_gmt":"2023-06-20T11:41:19","slug":"audax-renovables-nombra-a-anabel-lopez-como-nuevo-miembro-de-la-comision-de-auditoria-y-de-la-comision-de-nombramientos-y-retribuciones","status":"publish","type":"post","link":"https:\/\/www.audaxrenovables.es\/en\/audax-renewables-appoints-anabel-lopez-as-a-new-member-of-the-audit-committee-and-the-appointments-and-remuneration-committee\/","title":{"rendered":"Audax appoints Anabel L\u00f3pez as a new member of the Audit Committee and the Appointments and Remuneration Committee"},"content":{"rendered":"<p><img decoding=\"async\" class=\"adx_img_post\" src=\"https:\/\/www.audaxrenovables.es\/uploads\/2021\/05\/26\/9461556a87b78b29949e9e4c4112229f.jpg\"><\/p>\n<h1 class=\"adx_tit_post\">Audax appoints Anabel L\u00f3pez as a new member of the Audit Committee and the Appointments and Remuneration Committee<\/h1>\n<blockquote><p>The appointment of the proprietary Director shows the Group&#039;s firm commitment to best practices in terms of good corporate governance.<\/p><\/blockquote>\n<p>Audax Renovables (ADX.MC), the comprehensive energy group with 100% renewable generation, after the reconfiguration of its Board of Directors last March, incorporating two women in its highest governing body, has taken another step in terms of corporate governance, approving the incorporation of the proprietary director Ms. Anabel L\u00f3pez Porta as a new member of the Audit Committee and the Appointments and Remuneration Committee for the next four years.<\/p>\n<p>The incorporation of female talent is in line with best practices in terms of good corporate governance and is reflected in the new structure and composition of the Board of Directors.<\/p>\n<p>Consequently, the composition of the Company&#039;s delegate committees is as follows:<\/p>\n<p>Audit Commission<\/p>\n<p>- President: Josep Maria Echarri Torres (independent director)<\/p>\n<p>- Members: Ramiro Mart\u00ednez-Pardo del Valle (independent coordinating director) and Ana Isabel L\u00f3pez Porta (proprietary director)<\/p>\n<p>- Secretary: Naiara Bueno Aybar (non-advisor secretary of the board of directors)<\/p>\n<p>Appointments and Remuneration Committee<\/p>\n<p>- President: Ramiro Mart\u00ednez-Pardo del Valle (independent coordinating director)<\/p>\n<p>- Members: Josep Maria Echarri Torres (independent director) and Ana Isabel L\u00f3pez Porta (proprietary director)<\/p>\n<p>- Secretary: Naiara Bueno Aybar (non-advisor secretary of the board of directors)<\/p>\n<p>About Audax Renewables&nbsp;<br \/>\n&nbsp;<br \/>\nThe Group is the result of the merger by absorption between Audax Renovables, SA and its parent company, Audax Energ\u00eda, SA, giving rise to a comprehensive energy group with 100% renewable generation.<\/p>\n<p>Audax focuses its activities on the generation of renewable 100% energy, as well as the supply of renewable 100% electricity and gas.<br \/>\n&nbsp;<br \/>\nFounded in the year 2000, in 2003 Audax Renovables began to be listed on the secondary market of the Barcelona Stock Exchange and in 2007 it was listed on the SIBE of the Madrid Stock Exchange. Currently, it is listed on the Spanish Continuous Market under the name (ticker) ADX.MC, having been incorporated into the IBEX SMALL CAP\u00ae index on March 23, 2020.<\/p>\n<p>We are the leading energy group in the SME segment in Spain, guaranteeing an efficient supply of marketed energy through a process of vertical integration with renewable generation activity, with a solid financial position, and prepared to lead the energy transition in the European market.<br \/>\n&nbsp;<br \/>\nThe Group manages a portfolio of generation projects in operation of 91 MW in wind farms in Spain, France and Poland, and 15 MWp photovoltaic in Spain. Additionally, it has 66 MW of wind power under construction in Panama. Likewise, it has a portfolio of photovoltaic projects under construction of 115 MWp and has a photovoltaic portfolio of 2,277 MW in different phases of development located in Spain, Portugal and Italy.&nbsp;<\/p>\n<p>Audax Renovables, in its activity of marketing renewable 100% electricity and gas, is present in Spain, Portugal, Italy, Germany, Poland, Holland and Hungary, adding more than 540 thousand clients.<\/p>\n<p>For more information visit www.audaxrenovables.com \/ www.audaxrenovables.es<\/p>","protected":false},"excerpt":{"rendered":"<p>Audax nombra a Anabel L\u00f3pez como nuevo miembro de la Comisi\u00f3n de Auditor\u00eda y de la Comisi\u00f3n de Nombramientos y Retribuciones El nombramiento de la Consejera dominical muestra el firme compromiso del Grupo con las mejores pr\u00e1cticas en materia de buen gobierno corporativo. Audax Renovables (ADX.MC), el grupo energ\u00e9tico integral con generaci\u00f3n 100% renovable, tras [&hellip;]<\/p>\n","protected":false},"author":1,"featured_media":2512,"comment_status":"closed","ping_status":"open","sticky":false,"template":"","format":"standard","meta":{"content-type":"","footnotes":""},"categories":[1],"tags":[],"class_list":["post-2513","post","type-post","status-publish","format-standard","has-post-thumbnail","hentry","category-sin-categoria"],"yoast_head":"<!-- This site is optimized with the Yoast SEO plugin v23.5 - https:\/\/yoast.com\/wordpress\/plugins\/seo\/ -->\n<title>Audax nombra a Anabel L?pez como nuevo miembro de la Comisi?n de Auditor?a y de la Comisi?n de Nombramientos y Retribuciones<\/title>\n<meta name=\"description\" content=\"Audax Renovables nombra a Anabel L?pez como nuevo miembro de la Comisi?n de Auditor?a y de la Comisi?n de Nombramientos y Retribuciones\" \/>\n<meta name=\"robots\" content=\"index, follow, max-snippet:-1, max-image-preview:large, max-video-preview:-1\" \/>\n<link rel=\"canonical\" href=\"https:\/\/www.audaxrenovables.es\/en\/audax-renewables-appoints-anabel-lopez-as-a-new-member-of-the-audit-committee-and-the-appointments-and-remuneration-committee\/\" \/>\n<meta property=\"og:locale\" content=\"en_GB\" \/>\n<meta property=\"og:type\" content=\"article\" \/>\n<meta property=\"og:title\" content=\"Audax nombra a Anabel L?pez como nuevo miembro de la Comisi?n de Auditor?a y de la Comisi?n de Nombramientos y Retribuciones\" \/>\n<meta property=\"og:description\" content=\"Audax Renovables nombra a Anabel L?pez como nuevo miembro de la Comisi?n de Auditor?a y de la Comisi?n de Nombramientos y Retribuciones\" \/>\n<meta property=\"og:url\" content=\"https:\/\/www.audaxrenovables.es\/en\/audax-renewables-appoints-anabel-lopez-as-a-new-member-of-the-audit-committee-and-the-appointments-and-remuneration-committee\/\" \/>\n<meta property=\"og:site_name\" content=\"Audax Renovables\" \/>\n<meta property=\"article:published_time\" content=\"2021-05-26T08:22:08+00:00\" \/>\n<meta property=\"article:modified_time\" content=\"2023-06-20T11:41:19+00:00\" \/>\n<meta property=\"og:image\" content=\"https:\/\/www.audaxrenovables.es\/wp-content\/uploads\/2023\/06\/26052021.jpg.jpg\" \/>\n\t<meta property=\"og:image:width\" content=\"713\" \/>\n\t<meta property=\"og:image:height\" content=\"403\" \/>\n\t<meta property=\"og:image:type\" content=\"image\/jpeg\" \/>\n<meta name=\"author\" content=\"adminadx\" \/>\n<meta name=\"twitter:card\" content=\"summary_large_image\" \/>\n<meta name=\"twitter:label1\" content=\"Written by\" \/>\n\t<meta name=\"twitter:data1\" content=\"adminadx\" \/>\n\t<meta name=\"twitter:label2\" content=\"Estimated reading time\" \/>\n\t<meta name=\"twitter:data2\" content=\"3 minutes\" \/>\n<!-- \/ Yoast SEO plugin. -->","yoast_head_json":{"title":"Audax appoints Anabel L?pez as a new member of the Audit Committee and the Appointments and Remuneration Committee","description":"Audax Renovables appoints Anabel L?pez as a new member of the Audit Committee and the Appointments and Remuneration Committee","robots":{"index":"index","follow":"follow","max-snippet":"max-snippet:-1","max-image-preview":"max-image-preview:large","max-video-preview":"max-video-preview:-1"},"canonical":"https:\/\/www.audaxrenovables.es\/en\/audax-renewables-appoints-anabel-lopez-as-a-new-member-of-the-audit-committee-and-the-appointments-and-remuneration-committee\/","og_locale":"en_GB","og_type":"article","og_title":"Audax nombra a Anabel L?pez como nuevo miembro de la Comisi?n de Auditor?a y de la Comisi?n de Nombramientos y Retribuciones","og_description":"Audax Renovables nombra a Anabel L?pez como nuevo miembro de la Comisi?n de Auditor?a y de la Comisi?n de Nombramientos y Retribuciones","og_url":"https:\/\/www.audaxrenovables.es\/en\/audax-renewables-appoints-anabel-lopez-as-a-new-member-of-the-audit-committee-and-the-appointments-and-remuneration-committee\/","og_site_name":"Audax Renovables","article_published_time":"2021-05-26T08:22:08+00:00","article_modified_time":"2023-06-20T11:41:19+00:00","og_image":[{"width":713,"height":403,"url":"https:\/\/www.audaxrenovables.es\/wp-content\/uploads\/2023\/06\/26052021.jpg.jpg","type":"image\/jpeg"}],"author":"adminadx","twitter_card":"summary_large_image","twitter_misc":{"Written by":"adminadx","Estimated reading time":"3 minutes"},"schema":{"@context":"https:\/\/schema.org","@graph":[{"@type":"Article","@id":"https:\/\/www.audaxrenovables.es\/en\/audax-renewables-appoints-anabel-lopez-as-a-new-member-of-the-audit-committee-and-the-appointments-and-remuneration-committee\/#article","isPartOf":{"@id":"https:\/\/www.audaxrenovables.es\/en\/audax-renewables-appoints-anabel-lopez-as-a-new-member-of-the-audit-committee-and-the-appointments-and-remuneration-committee\/"},"author":{"name":"adminadx","@id":"https:\/\/www.audaxrenovables.es\/ca\/#\/schema\/person\/39323131dc9a121279e4e63ed89ffbea"},"headline":"Audax nombra a Anabel L\u00f3pez como nuevo miembro de la Comisi\u00f3n de Auditor\u00eda y de la Comisi\u00f3n de Nombramientos y Retribuciones","datePublished":"2021-05-26T08:22:08+00:00","dateModified":"2023-06-20T11:41:19+00:00","mainEntityOfPage":{"@id":"https:\/\/www.audaxrenovables.es\/en\/audax-renewables-appoints-anabel-lopez-as-a-new-member-of-the-audit-committee-and-the-appointments-and-remuneration-committee\/"},"wordCount":633,"publisher":{"@id":"https:\/\/www.audaxrenovables.es\/ca\/#organization"},"image":{"@id":"https:\/\/www.audaxrenovables.es\/en\/audax-renewables-appoints-anabel-lopez-as-a-new-member-of-the-audit-committee-and-the-appointments-and-remuneration-committee\/#primaryimage"},"thumbnailUrl":"https:\/\/www.audaxrenovables.es\/wp-content\/uploads\/2023\/06\/26052021.jpg.jpg","articleSection":["Sin categor\u00eda"],"inLanguage":"en-GB"},{"@type":["WebPage","ItemPage"],"@id":"https:\/\/www.audaxrenovables.es\/en\/audax-renewables-appoints-anabel-lopez-as-a-new-member-of-the-audit-committee-and-the-appointments-and-remuneration-committee\/","url":"https:\/\/www.audaxrenovables.es\/en\/audax-renewables-appoints-anabel-lopez-as-a-new-member-of-the-audit-committee-and-the-appointments-and-remuneration-committee\/","name":"Audax appoints Anabel L?pez as a new member of the Audit Committee and the Appointments and Remuneration Committee","isPartOf":{"@id":"https:\/\/www.audaxrenovables.es\/ca\/#website"},"primaryImageOfPage":{"@id":"https:\/\/www.audaxrenovables.es\/en\/audax-renewables-appoints-anabel-lopez-as-a-new-member-of-the-audit-committee-and-the-appointments-and-remuneration-committee\/#primaryimage"},"image":{"@id":"https:\/\/www.audaxrenovables.es\/en\/audax-renewables-appoints-anabel-lopez-as-a-new-member-of-the-audit-committee-and-the-appointments-and-remuneration-committee\/#primaryimage"},"thumbnailUrl":"https:\/\/www.audaxrenovables.es\/wp-content\/uploads\/2023\/06\/26052021.jpg.jpg","datePublished":"2021-05-26T08:22:08+00:00","dateModified":"2023-06-20T11:41:19+00:00","description":"Audax Renovables appoints Anabel L?pez as a new member of the Audit Committee and the Appointments and Remuneration Committee","breadcrumb":{"@id":"https:\/\/www.audaxrenovables.es\/en\/audax-renewables-appoints-anabel-lopez-as-a-new-member-of-the-audit-committee-and-the-appointments-and-remuneration-committee\/#breadcrumb"},"inLanguage":"en-GB","potentialAction":[{"@type":"ReadAction","target":["https:\/\/www.audaxrenovables.es\/en\/audax-renewables-appoints-anabel-lopez-as-a-new-member-of-the-audit-committee-and-the-appointments-and-remuneration-committee\/"]}]},{"@type":"ImageObject","inLanguage":"en-GB","@id":"https:\/\/www.audaxrenovables.es\/en\/audax-renewables-appoints-anabel-lopez-as-a-new-member-of-the-audit-committee-and-the-appointments-and-remuneration-committee\/#primaryimage","url":"https:\/\/www.audaxrenovables.es\/wp-content\/uploads\/2023\/06\/26052021.jpg.jpg","contentUrl":"https:\/\/www.audaxrenovables.es\/wp-content\/uploads\/2023\/06\/26052021.jpg.jpg","width":713,"height":403},{"@type":"BreadcrumbList","@id":"https:\/\/www.audaxrenovables.es\/en\/audax-renewables-appoints-anabel-lopez-as-a-new-member-of-the-audit-committee-and-the-appointments-and-remuneration-committee\/#breadcrumb","itemListElement":[{"@type":"ListItem","position":1,"name":"Portada","item":"https:\/\/www.audaxrenovables.es\/es\/"},{"@type":"ListItem","position":2,"name":"Audax nombra a Anabel L\u00f3pez como nuevo miembro de la Comisi\u00f3n de Auditor\u00eda y de la Comisi\u00f3n de Nombramientos y Retribuciones"}]},{"@type":"WebSite","@id":"https:\/\/www.audaxrenovables.es\/ca\/#website","url":"https:\/\/www.audaxrenovables.es\/ca\/","name":"Audax Renewables","description":"Independent company dedicated to the production of electrical energy from renewable energy sources 100%","publisher":{"@id":"https:\/\/www.audaxrenovables.es\/ca\/#organization"},"potentialAction":[{"@type":"SearchAction","target":{"@type":"EntryPoint","urlTemplate":"https:\/\/www.audaxrenovables.es\/ca\/?s={search_term_string}"},"query-input":{"@type":"PropertyValueSpecification","valueRequired":true,"valueName":"search_term_string"}}],"inLanguage":"en-GB"},{"@type":"Organization","@id":"https:\/\/www.audaxrenovables.es\/ca\/#organization","name":"Audax Renewables","alternateName":"Audax Energ\u00eda","url":"https:\/\/www.audaxrenovables.es\/ca\/","logo":{"@type":"ImageObject","inLanguage":"en-GB","@id":"https:\/\/www.audaxrenovables.es\/ca\/#\/schema\/logo\/image\/","url":"https:\/\/www.audaxrenovables.es\/wp-content\/uploads\/2023\/04\/logo.png","contentUrl":"https:\/\/www.audaxrenovables.es\/wp-content\/uploads\/2023\/04\/logo.png","width":197,"height":125,"caption":"Audax Renovables"},"image":{"@id":"https:\/\/www.audaxrenovables.es\/ca\/#\/schema\/logo\/image\/"},"sameAs":["https:\/\/www.instagram.com\/audaxrenovables\/","https:\/\/x.com\/AudaxRenovables","https:\/\/www.youtube.com\/user\/AudaxEnergia","https:\/\/www.tiktok.com\/@audaxrenovables","https:\/\/www.linkedin.com\/company\/203502\/admin\/"]},{"@type":"Person","@id":"https:\/\/www.audaxrenovables.es\/ca\/#\/schema\/person\/39323131dc9a121279e4e63ed89ffbea","name":"adminadx","image":{"@type":"ImageObject","inLanguage":"en-GB","@id":"https:\/\/www.audaxrenovables.es\/ca\/#\/schema\/person\/image\/","url":"https:\/\/secure.gravatar.com\/avatar\/60b4d621160a422b02f2d19db7066f73c964c792ce03f3da9d36f40a41bdd2e6?s=96&d=mm&r=g","contentUrl":"https:\/\/secure.gravatar.com\/avatar\/60b4d621160a422b02f2d19db7066f73c964c792ce03f3da9d36f40a41bdd2e6?s=96&d=mm&r=g","caption":"adminadx"},"sameAs":["https:\/\/audaxrenovables.es"]}]}},"_links":{"self":[{"href":"https:\/\/www.audaxrenovables.es\/en\/wp-json\/wp\/v2\/posts\/2513","targetHints":{"allow":["GET"]}}],"collection":[{"href":"https:\/\/www.audaxrenovables.es\/en\/wp-json\/wp\/v2\/posts"}],"about":[{"href":"https:\/\/www.audaxrenovables.es\/en\/wp-json\/wp\/v2\/types\/post"}],"author":[{"embeddable":true,"href":"https:\/\/www.audaxrenovables.es\/en\/wp-json\/wp\/v2\/users\/1"}],"replies":[{"embeddable":true,"href":"https:\/\/www.audaxrenovables.es\/en\/wp-json\/wp\/v2\/comments?post=2513"}],"version-history":[{"count":1,"href":"https:\/\/www.audaxrenovables.es\/en\/wp-json\/wp\/v2\/posts\/2513\/revisions"}],"predecessor-version":[{"id":2806,"href":"https:\/\/www.audaxrenovables.es\/en\/wp-json\/wp\/v2\/posts\/2513\/revisions\/2806"}],"wp:featuredmedia":[{"embeddable":true,"href":"https:\/\/www.audaxrenovables.es\/en\/wp-json\/wp\/v2\/media\/2512"}],"wp:attachment":[{"href":"https:\/\/www.audaxrenovables.es\/en\/wp-json\/wp\/v2\/media?parent=2513"}],"wp:term":[{"taxonomy":"category","embeddable":true,"href":"https:\/\/www.audaxrenovables.es\/en\/wp-json\/wp\/v2\/categories?post=2513"},{"taxonomy":"post_tag","embeddable":true,"href":"https:\/\/www.audaxrenovables.es\/en\/wp-json\/wp\/v2\/tags?post=2513"}],"curies":[{"name":"wp","href":"https:\/\/api.w.org\/{rel}","templated":true}]}}