{"id":2525,"date":"2021-03-17T07:50:02","date_gmt":"2021-03-17T07:50:02","guid":{"rendered":"https:\/\/audaxrenovables.es\/audax-renovables-incorpora-a-su-consejo-a-anabel-lopez-y-rosa-gonzalez\/"},"modified":"2023-06-20T11:44:23","modified_gmt":"2023-06-20T11:44:23","slug":"audax-renovables-incorpora-a-su-consejo-a-anabel-lopez-y-rosa-gonzalez","status":"publish","type":"post","link":"https:\/\/www.audaxrenovables.es\/en\/audax-renewables-incorporates-anabel-lopez-and-rosa-gonzalez-to-its-board\/","title":{"rendered":"Audax renewables incorporates Anabel L\u00f3pez and Rosa Gonz\u00e1lez to its Board"},"content":{"rendered":"<p><img decoding=\"async\" class=\"adx_img_post\" src=\"https:\/\/www.audaxrenovables.es\/uploads\/2021\/03\/17\/d668e5d557c3e29371467eabb281b592.jpg\"><\/p>\n<h1 class=\"adx_tit_post\">Audax renewables incorporates Anabel L\u00f3pez and Rosa Gonz\u00e1lez to its Board<\/h1>\n<blockquote><p>The incorporation of the new directors demonstrates the Group&#039;s firm commitment to the best practices in terms of good corporate governance.<\/p><\/blockquote>\n<p>Audax Renovables (ADX.MC), the energy group that integrates the generation and marketing of renewable 100% electricity and gas, has reconfigured and reinforced its Board of Directors by incorporating two women into its highest governing body. In this sense, the Board of Directors of Audax Renovables has unanimously approved the appointment of two new directors, Anabel L\u00f3pez Porta and Rosa Gonz\u00e1lez Sans, for the next four years.<\/p>\n<p>The incorporation of female talent is in line with best practices in terms of good corporate governance and is reflected in the new structure and composition of the Board of Directors.<\/p>\n<p>Anabel L\u00f3pez, graduated in Law from the University of Barcelona and PDG from IESE Business School who combines more than 16 years of experience in the renewable energy sector and capital markets, is currently responsible for the generation portfolio of the Audax Group and a member in addition to the Board of Directors in various subsidiary companies of the Audax Group. He began his professional career at Grupo God\u00f3 in 1995, working in the finance and controlling departments. In 2004 he joined Fersa Energ\u00edas Renovables, and assumed general management in 2015, fully managing the group&#039;s sale operation that culminated in a takeover process by Audax Energ\u00eda, SA and participating directly in the reverse merger operation, giving as a result to the Audax Renovables Group. Likewise, she has recently been appointed member of the Board of Directors and the Audit and Compliance Committee of Grupo Ezentis, SA on behalf of El\u00e9ctrica Nuriel, a company controlled at 100% by Jos\u00e9 El\u00edas.<\/p>\n<p>Rosa Gonz\u00e1lez, with more than 12 years of experience in the energy sector and, specifically, in its marketing, was a founding partner of Mediaworks, SA, an advertising media center, for 11 years, joining the Audax energy group Energy since its beginnings. Throughout her career, in the Audax group she has held positions of responsibility related to the financial and human resources areas, which has given her a transversal vision of the business. Reporting directly to the president of the Group, Jos\u00e9 El\u00edas, she has participated in various corporate operations of the company and specifically, at an international level, leading the development and expansion in 2016 and 2017 of the Audax Group in Italy as General Director of this subsidiary. until 2018. Likewise, he is currently a member of the Board of Directors in various subsidiary companies of the Audax Renovables group.<\/p>\n<p>With the new directors, there are now two women who are part of the highest governing body of Audax Renovables, which from now on will have 6 members. After this remodeling, the female presence stands at 33%, exceeding the 30% objective established for the 2020 financial year, and approaching the 40% objective of the presence of women established for 2022, after the recent review carried out of the Good Governance Code.<\/p>\n<p>Additionally, the composition of the Board of Directors demonstrates its commitment to follow the recommendations of the Good Governance Code of listed companies published by the National Securities Market Commission in relation to diversity, both at the level of training and experience, as well as gender (female directors representing the previously mentioned 33% of the total board members), and independence (independent directors representing 33% of the total board members), which translates into a balanced body focused on the purpose common to promote the social interest of the company through the active contribution of value by all its members.<\/p>\n<p>The appointments of the new directors also entail changes in the different committees of the Board since Anabel L\u00f3pez also joins as a member of the Audit Committee and member of the Appointments and Remuneration Committee.<\/p>\n<p>It should also be noted that the Board has the figure of an independent coordinating director, as the president of the administrative body has an executive character, with all the functions postulated by the Code of Good Corporate Governance for said figure. Likewise, all of the advisory committees of the Board are composed of a majority and chaired by independent directors.<\/p>\n<p>In statements by Jos\u00e9 El\u00edas, president of the Board of Directors, \u201cwith the incorporation of Rosa Gonz\u00e1lez and Anabel L\u00f3pez to the Board, we will have greater diversity of knowledge, skills and experiences that will positively influence its effectiveness and the quality of its decisions.\u201d<br \/>\n&nbsp;<br \/>\nThe Audax Group, which defines itself as a comprehensive energy company with 100% renewable generation, announced a few weeks ago a change in its strategy, focusing its efforts and resources on the energy generation activity and is also preparing a new strategic plan that it will announce shortly to the market. .&nbsp;<\/p>\n<p>About Audax Renewables&nbsp;<br \/>\n&nbsp;<br \/>\nThe Group is the result of the merger by absorption between Audax Renovables, SA and its parent company, Audax Energ\u00eda, SA, giving rise to an energy group whose activities focus on the production of renewable energy 100%, as well as the supply of electricity 100% renewable and gas.<br \/>\n&nbsp;<br \/>\nFounded in the year 2000, in 2003 Audax Renovables began to be listed on the secondary market of the Barcelona Stock Exchange and in 2007 it was listed on the SIBE of the Madrid Stock Exchange. Currently, it is listed on the Spanish Continuous Market under the name (ticker) ADX.MC, having been incorporated into the IBEX SMALL CAP\u00ae index on March 23, 2020.<\/p>\n<p>We are the leading energy group in the SME segment in Spain, guaranteeing an efficient supply of marketed energy through a process of vertical integration with renewable generation activity, with a solid financial position, and prepared to lead the energy transition in the European market.<br \/>\n&nbsp;<br \/>\nThe Group manages a portfolio of generation projects in operation of 91 MW in wind farms in Spain, France and Poland, and 15 MWp photovoltaic in Spain. Additionally, it has 66 MW of wind power under construction in Panama. Likewise, it has a portfolio of photovoltaic projects under construction of 44 MWp and has a photovoltaic portfolio of 2,282 MWp in different phases of development located in Spain, Portugal and Italy.&nbsp;<\/p>\n<p>Audax Renovables, in its activity of marketing renewable 100% electricity and gas, is present in Spain, Portugal, Italy, Germany, Poland, Holland and Hungary, adding more than 515 thousand customers and 10.5 TWh supplied in 2020.<\/p>\n<p>For more information visit www.audaxrenovables.com \/ www.audaxrenovables.es<br \/>\n&nbsp;<\/p>","protected":false},"excerpt":{"rendered":"<p>Audax renovables incorpora a su Consejo a Anabel L\u00f3pez y Rosa Gonz\u00e1lez La incorporaci\u00f3n de las nuevas consejeras demuestra el firme compromiso del Grupo con las mejores pr\u00e1cticas en materia de buen gobierno corporativo. Audax Renovables (ADX.MC), el grupo energ\u00e9tico que integra los negocios de generaci\u00f3n y comercializaci\u00f3n de electricidad 100% renovable y gas, ha [&hellip;]<\/p>\n","protected":false},"author":1,"featured_media":2524,"comment_status":"closed","ping_status":"open","sticky":false,"template":"","format":"standard","meta":{"content-type":"","footnotes":""},"categories":[1],"tags":[],"class_list":["post-2525","post","type-post","status-publish","format-standard","has-post-thumbnail","hentry","category-sin-categoria"],"yoast_head":"<!-- This site is optimized with the Yoast SEO plugin v23.5 - https:\/\/yoast.com\/wordpress\/plugins\/seo\/ -->\n<title>Audax renovables incorpora a su Consejo a Anabel L?pez y Rosa Gonz?lez<\/title>\n<meta name=\"description\" content=\"Audax renovables incorpora a su Consejo a Anabel L?pez y Rosa Gonz?lez\" \/>\n<meta name=\"robots\" content=\"index, follow, max-snippet:-1, max-image-preview:large, max-video-preview:-1\" \/>\n<link rel=\"canonical\" href=\"https:\/\/www.audaxrenovables.es\/en\/audax-renewables-incorporates-anabel-lopez-and-rosa-gonzalez-to-its-board\/\" \/>\n<meta property=\"og:locale\" content=\"en_GB\" \/>\n<meta property=\"og:type\" content=\"article\" \/>\n<meta property=\"og:title\" content=\"Audax renovables incorpora a su Consejo a Anabel L?pez y Rosa Gonz?lez\" \/>\n<meta property=\"og:description\" content=\"Audax renovables incorpora a su Consejo a Anabel L?pez y Rosa Gonz?lez\" \/>\n<meta property=\"og:url\" content=\"https:\/\/www.audaxrenovables.es\/en\/audax-renewables-incorporates-anabel-lopez-and-rosa-gonzalez-to-its-board\/\" \/>\n<meta property=\"og:site_name\" content=\"Audax Renovables\" \/>\n<meta property=\"article:published_time\" content=\"2021-03-17T07:50:02+00:00\" \/>\n<meta property=\"article:modified_time\" content=\"2023-06-20T11:44:23+00:00\" \/>\n<meta property=\"og:image\" content=\"https:\/\/www.audaxrenovables.es\/wp-content\/uploads\/2023\/06\/17032021.jpg.jpg\" \/>\n\t<meta property=\"og:image:width\" content=\"713\" \/>\n\t<meta property=\"og:image:height\" content=\"403\" \/>\n\t<meta property=\"og:image:type\" content=\"image\/jpeg\" \/>\n<meta name=\"author\" content=\"adminadx\" \/>\n<meta name=\"twitter:card\" content=\"summary_large_image\" \/>\n<meta name=\"twitter:label1\" content=\"Written by\" \/>\n\t<meta name=\"twitter:data1\" content=\"adminadx\" \/>\n\t<meta name=\"twitter:label2\" content=\"Estimated reading time\" \/>\n\t<meta name=\"twitter:data2\" content=\"6 minutes\" \/>\n<!-- \/ Yoast SEO plugin. -->","yoast_head_json":{"title":"Audax renewables incorporates Anabel L?pez and Rosa Gonz?lez to its Board","description":"Audax renewables incorporates Anabel L?pez and Rosa Gonz?lez to its Board","robots":{"index":"index","follow":"follow","max-snippet":"max-snippet:-1","max-image-preview":"max-image-preview:large","max-video-preview":"max-video-preview:-1"},"canonical":"https:\/\/www.audaxrenovables.es\/en\/audax-renewables-incorporates-anabel-lopez-and-rosa-gonzalez-to-its-board\/","og_locale":"en_GB","og_type":"article","og_title":"Audax renovables incorpora a su Consejo a Anabel L?pez y Rosa Gonz?lez","og_description":"Audax renovables incorpora a su Consejo a Anabel L?pez y Rosa Gonz?lez","og_url":"https:\/\/www.audaxrenovables.es\/en\/audax-renewables-incorporates-anabel-lopez-and-rosa-gonzalez-to-its-board\/","og_site_name":"Audax Renovables","article_published_time":"2021-03-17T07:50:02+00:00","article_modified_time":"2023-06-20T11:44:23+00:00","og_image":[{"width":713,"height":403,"url":"https:\/\/www.audaxrenovables.es\/wp-content\/uploads\/2023\/06\/17032021.jpg.jpg","type":"image\/jpeg"}],"author":"adminadx","twitter_card":"summary_large_image","twitter_misc":{"Written by":"adminadx","Estimated reading time":"6 minutes"},"schema":{"@context":"https:\/\/schema.org","@graph":[{"@type":"Article","@id":"https:\/\/www.audaxrenovables.es\/es\/audax-renovables-incorpora-a-su-consejo-a-anabel-lopez-y-rosa-gonzalez\/#article","isPartOf":{"@id":"https:\/\/www.audaxrenovables.es\/es\/audax-renovables-incorpora-a-su-consejo-a-anabel-lopez-y-rosa-gonzalez\/"},"author":{"name":"adminadx","@id":"https:\/\/www.audaxrenovables.es\/ca\/#\/schema\/person\/39323131dc9a121279e4e63ed89ffbea"},"headline":"Audax renovables incorpora a su Consejo a Anabel L\u00f3pez y Rosa Gonz\u00e1lez","datePublished":"2021-03-17T07:50:02+00:00","dateModified":"2023-06-20T11:44:23+00:00","mainEntityOfPage":{"@id":"https:\/\/www.audaxrenovables.es\/es\/audax-renovables-incorpora-a-su-consejo-a-anabel-lopez-y-rosa-gonzalez\/"},"wordCount":1221,"publisher":{"@id":"https:\/\/www.audaxrenovables.es\/ca\/#organization"},"image":{"@id":"https:\/\/www.audaxrenovables.es\/es\/audax-renovables-incorpora-a-su-consejo-a-anabel-lopez-y-rosa-gonzalez\/#primaryimage"},"thumbnailUrl":"https:\/\/www.audaxrenovables.es\/wp-content\/uploads\/2023\/06\/17032021.jpg.jpg","articleSection":["Sin categor\u00eda"],"inLanguage":"en-GB"},{"@type":["WebPage","ItemPage"],"@id":"https:\/\/www.audaxrenovables.es\/es\/audax-renovables-incorpora-a-su-consejo-a-anabel-lopez-y-rosa-gonzalez\/","url":"https:\/\/www.audaxrenovables.es\/es\/audax-renovables-incorpora-a-su-consejo-a-anabel-lopez-y-rosa-gonzalez\/","name":"Audax renewables incorporates Anabel L?pez and Rosa Gonz?lez to its Board","isPartOf":{"@id":"https:\/\/www.audaxrenovables.es\/ca\/#website"},"primaryImageOfPage":{"@id":"https:\/\/www.audaxrenovables.es\/es\/audax-renovables-incorpora-a-su-consejo-a-anabel-lopez-y-rosa-gonzalez\/#primaryimage"},"image":{"@id":"https:\/\/www.audaxrenovables.es\/es\/audax-renovables-incorpora-a-su-consejo-a-anabel-lopez-y-rosa-gonzalez\/#primaryimage"},"thumbnailUrl":"https:\/\/www.audaxrenovables.es\/wp-content\/uploads\/2023\/06\/17032021.jpg.jpg","datePublished":"2021-03-17T07:50:02+00:00","dateModified":"2023-06-20T11:44:23+00:00","description":"Audax renewables incorporates Anabel L?pez and Rosa Gonz?lez to its Board","breadcrumb":{"@id":"https:\/\/www.audaxrenovables.es\/es\/audax-renovables-incorpora-a-su-consejo-a-anabel-lopez-y-rosa-gonzalez\/#breadcrumb"},"inLanguage":"en-GB","potentialAction":[{"@type":"ReadAction","target":["https:\/\/www.audaxrenovables.es\/es\/audax-renovables-incorpora-a-su-consejo-a-anabel-lopez-y-rosa-gonzalez\/"]}]},{"@type":"ImageObject","inLanguage":"en-GB","@id":"https:\/\/www.audaxrenovables.es\/es\/audax-renovables-incorpora-a-su-consejo-a-anabel-lopez-y-rosa-gonzalez\/#primaryimage","url":"https:\/\/www.audaxrenovables.es\/wp-content\/uploads\/2023\/06\/17032021.jpg.jpg","contentUrl":"https:\/\/www.audaxrenovables.es\/wp-content\/uploads\/2023\/06\/17032021.jpg.jpg","width":713,"height":403},{"@type":"BreadcrumbList","@id":"https:\/\/www.audaxrenovables.es\/es\/audax-renovables-incorpora-a-su-consejo-a-anabel-lopez-y-rosa-gonzalez\/#breadcrumb","itemListElement":[{"@type":"ListItem","position":1,"name":"Portada","item":"https:\/\/www.audaxrenovables.es\/es\/"},{"@type":"ListItem","position":2,"name":"Audax renovables incorpora a su Consejo a Anabel L\u00f3pez y Rosa Gonz\u00e1lez"}]},{"@type":"WebSite","@id":"https:\/\/www.audaxrenovables.es\/ca\/#website","url":"https:\/\/www.audaxrenovables.es\/ca\/","name":"Audax Renewables","description":"Independent company dedicated to the production of electrical energy from renewable energy sources 100%","publisher":{"@id":"https:\/\/www.audaxrenovables.es\/ca\/#organization"},"potentialAction":[{"@type":"SearchAction","target":{"@type":"EntryPoint","urlTemplate":"https:\/\/www.audaxrenovables.es\/ca\/?s={search_term_string}"},"query-input":{"@type":"PropertyValueSpecification","valueRequired":true,"valueName":"search_term_string"}}],"inLanguage":"en-GB"},{"@type":"Organization","@id":"https:\/\/www.audaxrenovables.es\/ca\/#organization","name":"Audax Renewables","alternateName":"Audax Energ\u00eda","url":"https:\/\/www.audaxrenovables.es\/ca\/","logo":{"@type":"ImageObject","inLanguage":"en-GB","@id":"https:\/\/www.audaxrenovables.es\/ca\/#\/schema\/logo\/image\/","url":"https:\/\/www.audaxrenovables.es\/wp-content\/uploads\/2023\/04\/logo.png","contentUrl":"https:\/\/www.audaxrenovables.es\/wp-content\/uploads\/2023\/04\/logo.png","width":197,"height":125,"caption":"Audax Renovables"},"image":{"@id":"https:\/\/www.audaxrenovables.es\/ca\/#\/schema\/logo\/image\/"},"sameAs":["https:\/\/www.instagram.com\/audaxrenovables\/","https:\/\/x.com\/AudaxRenovables","https:\/\/www.youtube.com\/user\/AudaxEnergia","https:\/\/www.tiktok.com\/@audaxrenovables","https:\/\/www.linkedin.com\/company\/203502\/admin\/"]},{"@type":"Person","@id":"https:\/\/www.audaxrenovables.es\/ca\/#\/schema\/person\/39323131dc9a121279e4e63ed89ffbea","name":"adminadx","image":{"@type":"ImageObject","inLanguage":"en-GB","@id":"https:\/\/www.audaxrenovables.es\/ca\/#\/schema\/person\/image\/","url":"https:\/\/secure.gravatar.com\/avatar\/60b4d621160a422b02f2d19db7066f73c964c792ce03f3da9d36f40a41bdd2e6?s=96&d=mm&r=g","contentUrl":"https:\/\/secure.gravatar.com\/avatar\/60b4d621160a422b02f2d19db7066f73c964c792ce03f3da9d36f40a41bdd2e6?s=96&d=mm&r=g","caption":"adminadx"},"sameAs":["https:\/\/audaxrenovables.es"]}]}},"_links":{"self":[{"href":"https:\/\/www.audaxrenovables.es\/en\/wp-json\/wp\/v2\/posts\/2525","targetHints":{"allow":["GET"]}}],"collection":[{"href":"https:\/\/www.audaxrenovables.es\/en\/wp-json\/wp\/v2\/posts"}],"about":[{"href":"https:\/\/www.audaxrenovables.es\/en\/wp-json\/wp\/v2\/types\/post"}],"author":[{"embeddable":true,"href":"https:\/\/www.audaxrenovables.es\/en\/wp-json\/wp\/v2\/users\/1"}],"replies":[{"embeddable":true,"href":"https:\/\/www.audaxrenovables.es\/en\/wp-json\/wp\/v2\/comments?post=2525"}],"version-history":[{"count":1,"href":"https:\/\/www.audaxrenovables.es\/en\/wp-json\/wp\/v2\/posts\/2525\/revisions"}],"predecessor-version":[{"id":2812,"href":"https:\/\/www.audaxrenovables.es\/en\/wp-json\/wp\/v2\/posts\/2525\/revisions\/2812"}],"wp:featuredmedia":[{"embeddable":true,"href":"https:\/\/www.audaxrenovables.es\/en\/wp-json\/wp\/v2\/media\/2524"}],"wp:attachment":[{"href":"https:\/\/www.audaxrenovables.es\/en\/wp-json\/wp\/v2\/media?parent=2525"}],"wp:term":[{"taxonomy":"category","embeddable":true,"href":"https:\/\/www.audaxrenovables.es\/en\/wp-json\/wp\/v2\/categories?post=2525"},{"taxonomy":"post_tag","embeddable":true,"href":"https:\/\/www.audaxrenovables.es\/en\/wp-json\/wp\/v2\/tags?post=2525"}],"curies":[{"name":"wp","href":"https:\/\/api.w.org\/{rel}","templated":true}]}}