{"id":2541,"date":"2020-12-29T12:12:22","date_gmt":"2020-12-29T12:12:22","guid":{"rendered":"https:\/\/audaxrenovables.es\/audax-renovables-inicia-obras-en-huelva\/"},"modified":"2024-06-21T11:28:52","modified_gmt":"2024-06-21T11:28:52","slug":"audax-renovables-inicia-obras-en-huelva","status":"publish","type":"post","link":"https:\/\/www.audaxrenovables.es\/en\/audax-renewables-begins-works-in-huelva\/","title":{"rendered":"Audax Renovables begins works in Huelva"},"content":{"rendered":"<h1 class=\"adx_tit_post\">Audax Renovables begins works in Huelva<\/h1>\n<blockquote><p>The 4.48 MW photovoltaic plant in Cala\u00f1as, province of Huelva, will produce 7,754 GWh per year, which is equivalent to the consumption of 2,218 homes.<\/p><\/blockquote>\n<p>Audax Renovables (ADX.MC), the energy group that integrates the generation and marketing of renewable electricity and gas 100% businesses, continues its strategy of relentlessly promoting its renewable energy generation projects, starting the works of 4.48 MWp in the province of Huelva.<\/p>\n<p>As of today, Audax Renovables has begun the construction of 4.48 new MWp in the Cala\u00f1as photovoltaic plant located in the Huelva municipality of the same name, and which will have the installation of approximately 13,560 solar panels, which will produce 7,754 GWh per year of energy, which is equivalent to the annual consumption of more than 2,218 homes.<\/p>\n<p>The Group continues to promote its commitment to renewable energy generation facilities, with this plant being the first to be built in Huelva, with a total investment of around 2.5 million euros.<\/p>\n<p>Audax Renovables has been committed for years to the development of renewable energies to achieve a sustainable energy transition, in accordance with the shift being promoted by the European Union, and to continue generating quality employment and growth. Just a few weeks ago, work began on many other photovoltaic projects in the provinces of Guadalajara and Toledo.<\/p>\n<p>For its construction, the Group ensures its support with top-level contractors that meet high quality standards, having signed the contract under the EPC (turnkey) modality with ANDALUZA DE MONTAJES ELECTRICOS Y TELEF\u00d3NICOS, SA (AMETEL SA).<\/p>\n<p>The photovoltaic plant in the Municipality of Cala\u00f1as, Huelva, which begins construction today, will be carried out in part thanks to the second issuance of green bonds that Audax Renovables carried out a few days ago and which amounts to an amount of 200 million euros. The rest will be financed with own resources.<\/p>\n<p>These projects are part of the Audax Renovables Group&#039;s strategy to increase its 100% renewable generation portfolio, with the aim of supplying its clients with renewable energy produced in its own plants.<\/p>","protected":false},"excerpt":{"rendered":"<p>Audax Renovables inicia obras en Huelva La planta fotovoltaica de Cala\u00f1as, provincia de Huelva, de 4,48 MW producir\u00e1 7,754 GWh al a\u00f1o, lo que equivale al consumo de 2.218 hogares Audax Renovables (ADX.MC), el grupo energ\u00e9tico que integra los negocios de generaci\u00f3n y comercializaci\u00f3n de electricidad 100% renovable y gas, sigue su estrategia de impulsar [&hellip;]<\/p>\n","protected":false},"author":1,"featured_media":2540,"comment_status":"closed","ping_status":"open","sticky":false,"template":"","format":"standard","meta":{"content-type":"","footnotes":""},"categories":[1],"tags":[],"class_list":["post-2541","post","type-post","status-publish","format-standard","has-post-thumbnail","hentry","category-sin-categoria"],"yoast_head":"<!-- This site is optimized with the Yoast SEO plugin v23.5 - https:\/\/yoast.com\/wordpress\/plugins\/seo\/ -->\n<title>Audax Renovables inicia obras en Huelva<\/title>\n<meta name=\"description\" content=\"Audax Renovables inicia obras en Huelva\" \/>\n<meta name=\"robots\" content=\"index, follow, max-snippet:-1, max-image-preview:large, max-video-preview:-1\" \/>\n<link rel=\"canonical\" href=\"https:\/\/www.audaxrenovables.es\/en\/audax-renewables-begins-works-in-huelva\/\" \/>\n<meta property=\"og:locale\" content=\"en_GB\" \/>\n<meta property=\"og:type\" content=\"article\" \/>\n<meta property=\"og:title\" content=\"Audax Renovables inicia obras en Huelva\" \/>\n<meta property=\"og:description\" content=\"Audax Renovables inicia obras en Huelva\" \/>\n<meta property=\"og:url\" content=\"https:\/\/www.audaxrenovables.es\/en\/audax-renewables-begins-works-in-huelva\/\" \/>\n<meta property=\"og:site_name\" content=\"Audax Renovables\" \/>\n<meta property=\"article:published_time\" content=\"2020-12-29T12:12:22+00:00\" \/>\n<meta property=\"article:modified_time\" content=\"2024-06-21T11:28:52+00:00\" \/>\n<meta property=\"og:image\" content=\"https:\/\/www.audaxrenovables.es\/wp-content\/uploads\/2023\/06\/29122020.jpg.jpg\" \/>\n\t<meta property=\"og:image:width\" content=\"713\" \/>\n\t<meta property=\"og:image:height\" content=\"403\" \/>\n\t<meta property=\"og:image:type\" content=\"image\/jpeg\" \/>\n<meta name=\"author\" content=\"adminadx\" \/>\n<meta name=\"twitter:card\" content=\"summary_large_image\" \/>\n<meta name=\"twitter:label1\" content=\"Written by\" \/>\n\t<meta name=\"twitter:data1\" content=\"adminadx\" \/>\n\t<meta name=\"twitter:label2\" content=\"Estimated reading time\" \/>\n\t<meta name=\"twitter:data2\" content=\"2 minutes\" \/>\n<!-- \/ Yoast SEO plugin. -->","yoast_head_json":{"title":"Audax Renovables begins works in Huelva","description":"Audax Renovables begins works in Huelva","robots":{"index":"index","follow":"follow","max-snippet":"max-snippet:-1","max-image-preview":"max-image-preview:large","max-video-preview":"max-video-preview:-1"},"canonical":"https:\/\/www.audaxrenovables.es\/en\/audax-renewables-begins-works-in-huelva\/","og_locale":"en_GB","og_type":"article","og_title":"Audax Renovables inicia obras en Huelva","og_description":"Audax Renovables inicia obras en Huelva","og_url":"https:\/\/www.audaxrenovables.es\/en\/audax-renewables-begins-works-in-huelva\/","og_site_name":"Audax Renovables","article_published_time":"2020-12-29T12:12:22+00:00","article_modified_time":"2024-06-21T11:28:52+00:00","og_image":[{"width":713,"height":403,"url":"https:\/\/www.audaxrenovables.es\/wp-content\/uploads\/2023\/06\/29122020.jpg.jpg","type":"image\/jpeg"}],"author":"adminadx","twitter_card":"summary_large_image","twitter_misc":{"Written by":"adminadx","Estimated reading time":"2 minutes"},"schema":{"@context":"https:\/\/schema.org","@graph":[{"@type":"Article","@id":"https:\/\/www.audaxrenovables.es\/es\/audax-renovables-inicia-obras-en-huelva\/#article","isPartOf":{"@id":"https:\/\/www.audaxrenovables.es\/es\/audax-renovables-inicia-obras-en-huelva\/"},"author":{"name":"adminadx","@id":"https:\/\/www.audaxrenovables.es\/ca\/#\/schema\/person\/39323131dc9a121279e4e63ed89ffbea"},"headline":"Audax Renovables inicia obras en Huelva","datePublished":"2020-12-29T12:12:22+00:00","dateModified":"2024-06-21T11:28:52+00:00","mainEntityOfPage":{"@id":"https:\/\/www.audaxrenovables.es\/es\/audax-renovables-inicia-obras-en-huelva\/"},"wordCount":391,"publisher":{"@id":"https:\/\/www.audaxrenovables.es\/ca\/#organization"},"image":{"@id":"https:\/\/www.audaxrenovables.es\/es\/audax-renovables-inicia-obras-en-huelva\/#primaryimage"},"thumbnailUrl":"https:\/\/www.audaxrenovables.es\/wp-content\/uploads\/2023\/06\/29122020.jpg.jpg","articleSection":["Sin categor\u00eda"],"inLanguage":"en-GB"},{"@type":["WebPage","ItemPage"],"@id":"https:\/\/www.audaxrenovables.es\/es\/audax-renovables-inicia-obras-en-huelva\/","url":"https:\/\/www.audaxrenovables.es\/es\/audax-renovables-inicia-obras-en-huelva\/","name":"Audax Renovables begins works in Huelva","isPartOf":{"@id":"https:\/\/www.audaxrenovables.es\/ca\/#website"},"primaryImageOfPage":{"@id":"https:\/\/www.audaxrenovables.es\/es\/audax-renovables-inicia-obras-en-huelva\/#primaryimage"},"image":{"@id":"https:\/\/www.audaxrenovables.es\/es\/audax-renovables-inicia-obras-en-huelva\/#primaryimage"},"thumbnailUrl":"https:\/\/www.audaxrenovables.es\/wp-content\/uploads\/2023\/06\/29122020.jpg.jpg","datePublished":"2020-12-29T12:12:22+00:00","dateModified":"2024-06-21T11:28:52+00:00","description":"Audax Renovables begins works in Huelva","breadcrumb":{"@id":"https:\/\/www.audaxrenovables.es\/es\/audax-renovables-inicia-obras-en-huelva\/#breadcrumb"},"inLanguage":"en-GB","potentialAction":[{"@type":"ReadAction","target":["https:\/\/www.audaxrenovables.es\/es\/audax-renovables-inicia-obras-en-huelva\/"]}]},{"@type":"ImageObject","inLanguage":"en-GB","@id":"https:\/\/www.audaxrenovables.es\/es\/audax-renovables-inicia-obras-en-huelva\/#primaryimage","url":"https:\/\/www.audaxrenovables.es\/wp-content\/uploads\/2023\/06\/29122020.jpg.jpg","contentUrl":"https:\/\/www.audaxrenovables.es\/wp-content\/uploads\/2023\/06\/29122020.jpg.jpg","width":713,"height":403},{"@type":"BreadcrumbList","@id":"https:\/\/www.audaxrenovables.es\/es\/audax-renovables-inicia-obras-en-huelva\/#breadcrumb","itemListElement":[{"@type":"ListItem","position":1,"name":"Portada","item":"https:\/\/www.audaxrenovables.es\/es\/"},{"@type":"ListItem","position":2,"name":"Audax Renovables inicia obras en Huelva"}]},{"@type":"WebSite","@id":"https:\/\/www.audaxrenovables.es\/ca\/#website","url":"https:\/\/www.audaxrenovables.es\/ca\/","name":"Audax Renewables","description":"Independent company dedicated to the production of electrical energy from renewable energy sources 100%","publisher":{"@id":"https:\/\/www.audaxrenovables.es\/ca\/#organization"},"potentialAction":[{"@type":"SearchAction","target":{"@type":"EntryPoint","urlTemplate":"https:\/\/www.audaxrenovables.es\/ca\/?s={search_term_string}"},"query-input":{"@type":"PropertyValueSpecification","valueRequired":true,"valueName":"search_term_string"}}],"inLanguage":"en-GB"},{"@type":"Organization","@id":"https:\/\/www.audaxrenovables.es\/ca\/#organization","name":"Audax Renewables","alternateName":"Audax Energ\u00eda","url":"https:\/\/www.audaxrenovables.es\/ca\/","logo":{"@type":"ImageObject","inLanguage":"en-GB","@id":"https:\/\/www.audaxrenovables.es\/ca\/#\/schema\/logo\/image\/","url":"https:\/\/www.audaxrenovables.es\/wp-content\/uploads\/2023\/04\/logo.png","contentUrl":"https:\/\/www.audaxrenovables.es\/wp-content\/uploads\/2023\/04\/logo.png","width":197,"height":125,"caption":"Audax Renovables"},"image":{"@id":"https:\/\/www.audaxrenovables.es\/ca\/#\/schema\/logo\/image\/"},"sameAs":["https:\/\/www.instagram.com\/audaxrenovables\/","https:\/\/x.com\/AudaxRenovables","https:\/\/www.youtube.com\/user\/AudaxEnergia","https:\/\/www.tiktok.com\/@audaxrenovables","https:\/\/www.linkedin.com\/company\/203502\/admin\/"]},{"@type":"Person","@id":"https:\/\/www.audaxrenovables.es\/ca\/#\/schema\/person\/39323131dc9a121279e4e63ed89ffbea","name":"adminadx","image":{"@type":"ImageObject","inLanguage":"en-GB","@id":"https:\/\/www.audaxrenovables.es\/ca\/#\/schema\/person\/image\/","url":"https:\/\/secure.gravatar.com\/avatar\/60b4d621160a422b02f2d19db7066f73c964c792ce03f3da9d36f40a41bdd2e6?s=96&d=mm&r=g","contentUrl":"https:\/\/secure.gravatar.com\/avatar\/60b4d621160a422b02f2d19db7066f73c964c792ce03f3da9d36f40a41bdd2e6?s=96&d=mm&r=g","caption":"adminadx"},"sameAs":["https:\/\/audaxrenovables.es"]}]}},"_links":{"self":[{"href":"https:\/\/www.audaxrenovables.es\/en\/wp-json\/wp\/v2\/posts\/2541","targetHints":{"allow":["GET"]}}],"collection":[{"href":"https:\/\/www.audaxrenovables.es\/en\/wp-json\/wp\/v2\/posts"}],"about":[{"href":"https:\/\/www.audaxrenovables.es\/en\/wp-json\/wp\/v2\/types\/post"}],"author":[{"embeddable":true,"href":"https:\/\/www.audaxrenovables.es\/en\/wp-json\/wp\/v2\/users\/1"}],"replies":[{"embeddable":true,"href":"https:\/\/www.audaxrenovables.es\/en\/wp-json\/wp\/v2\/comments?post=2541"}],"version-history":[{"count":2,"href":"https:\/\/www.audaxrenovables.es\/en\/wp-json\/wp\/v2\/posts\/2541\/revisions"}],"predecessor-version":[{"id":3923,"href":"https:\/\/www.audaxrenovables.es\/en\/wp-json\/wp\/v2\/posts\/2541\/revisions\/3923"}],"wp:featuredmedia":[{"embeddable":true,"href":"https:\/\/www.audaxrenovables.es\/en\/wp-json\/wp\/v2\/media\/2540"}],"wp:attachment":[{"href":"https:\/\/www.audaxrenovables.es\/en\/wp-json\/wp\/v2\/media?parent=2541"}],"wp:term":[{"taxonomy":"category","embeddable":true,"href":"https:\/\/www.audaxrenovables.es\/en\/wp-json\/wp\/v2\/categories?post=2541"},{"taxonomy":"post_tag","embeddable":true,"href":"https:\/\/www.audaxrenovables.es\/en\/wp-json\/wp\/v2\/tags?post=2541"}],"curies":[{"name":"wp","href":"https:\/\/api.w.org\/{rel}","templated":true}]}}