{"id":2563,"date":"2020-10-07T07:16:47","date_gmt":"2020-10-07T07:16:47","guid":{"rendered":"https:\/\/audaxrenovables.es\/audax-renovables-visita-la-planta-en-el-casar\/"},"modified":"2023-06-20T11:50:58","modified_gmt":"2023-06-20T11:50:58","slug":"audax-renovables-visita-la-planta-en-el-casar","status":"publish","type":"post","link":"https:\/\/www.audaxrenovables.es\/en\/audax-renewables-visits-the-plant-in-el-casar\/","title":{"rendered":"Audax Renovables visits the photovoltaic plant it is building in El Casar"},"content":{"rendered":"<p><img decoding=\"async\" class=\"adx_img_post\" src=\"https:\/\/www.audaxrenovables.es\/uploads\/2020\/10\/07\/80feb57456e8511de43d9b715f778784.jpg\"><\/p>\n<h1 class=\"adx_tit_post\">Audax Renovables visits the photovoltaic plant it is building in El Casar<\/h1>\n<blockquote><p>The Carolinas I and II facilities will produce 16.2 GWh of renewable energy per year, which is approximately equivalent to the consumption of 4,600 homes<\/p><\/blockquote>\n<p>Audax Renovables (ADX.MC), the energy group that integrates the businesses of generation and marketing of renewable 100% electricity, has carried out a site visit prior to the inauguration of the Carolinas I and II photovoltaic plants, which are expected to come into operation in the next weeks.&nbsp;<\/p>\n<p>The visit was carried out with the presence of Mr. Eusebio Robles, Delegate of the Government of the Government of Castilla la Mancha, Mr. Jose Lu\u00eds Tenorio Pasam\u00f3n, Provincial Delegate of Sustainable Development in Guadalajara, Mrs. Mar\u00eda Jos\u00e9 Valle, Mayor of El Casar , Mr. Javier Bule Viedma, Deputy Mayor of El Casar and Mrs. Maria del \u00c1ngel Au\u00f1\u00f3n Carriedo, from the Urban Planning Department of the El Casar City Council who have accompanied the Audax Renovables Management headed by Jos\u00e9 El\u00edas Navaroo (President), Eduard Romeu Barcel\u00f3 (Vice President) and Anabel L\u00f3pez Porta (Generation Director), who stressed the importance of renewable energies to achieve a sustainable energy transition and to continue generating employment and quality growth. &nbsp;<\/p>\n<p>The plant located in the municipality of El Casar, in the province of Guadalajara (Castilla-La Mancha) will produce 16.2 GWh per year of renewable energy. During this visit, the authorities were able to learn first-hand about the characteristics of the plant that occupies approximately 16 hectares. The facility has 29,820 solar panels totaling 10 MW of nominal power. Its entry into operation will prevent the emission of 3,240 tons of CO2 per year into the atmosphere and will be the equivalent of planting 6,480 trees.<\/p>\n<p>Audax Renovables has built the plant with high quality standards and has had top-level contractors such as Risen Energy, which carried out the construction under the EPC (turnkey) contract modality and, on the other hand, ImMODO Fotovoltaica, who developed the plant and have supervised the entire work.&nbsp;<\/p>\n<p>This project is part of the Audax Group&#039;s strategy to increase its generation portfolio with the aim of supplying its clients with renewable energy produced in its own plants. The development of the aforementioned projects for a total sum of 320 MW, will supply, once their implementation begins, about 600 GWh per year of green energy, which is equivalent to the annual consumption of more than 171,600 homes.<br \/>\n&nbsp;<\/p>","protected":false},"excerpt":{"rendered":"<p>Audax Renovables visita la planta fotovoltaica que construye en El Casar Las instalaciones de Carolinas I y II producir\u00e1n 16,2 GWh de energ\u00eda renovable al a\u00f1o, lo que equivale aproximadamente al consumo de 4.600 hogares Audax Renovables (ADX.MC), el grupo energ\u00e9tico que integra los negocios de generaci\u00f3n y comercializaci\u00f3n de electricidad 100% renovable ha realizado [&hellip;]<\/p>\n","protected":false},"author":1,"featured_media":2562,"comment_status":"closed","ping_status":"open","sticky":false,"template":"","format":"standard","meta":{"content-type":"","footnotes":""},"categories":[1],"tags":[],"class_list":["post-2563","post","type-post","status-publish","format-standard","has-post-thumbnail","hentry","category-sin-categoria"],"yoast_head":"<!-- This site is optimized with the Yoast SEO plugin v23.5 - https:\/\/yoast.com\/wordpress\/plugins\/seo\/ -->\n<title>Audax Renovables visita la planta fotovoltaica que construye en El Casar<\/title>\n<meta name=\"description\" content=\"Audax Renovables visita la planta en El Casar\" \/>\n<meta name=\"robots\" content=\"index, follow, max-snippet:-1, max-image-preview:large, max-video-preview:-1\" \/>\n<link rel=\"canonical\" href=\"https:\/\/www.audaxrenovables.es\/en\/audax-renewables-visits-the-plant-in-el-casar\/\" \/>\n<meta property=\"og:locale\" content=\"en_GB\" \/>\n<meta property=\"og:type\" content=\"article\" \/>\n<meta property=\"og:title\" content=\"Audax Renovables visita la planta fotovoltaica que construye en El Casar\" \/>\n<meta property=\"og:description\" content=\"Audax Renovables visita la planta en El Casar\" \/>\n<meta property=\"og:url\" content=\"https:\/\/www.audaxrenovables.es\/en\/audax-renewables-visits-the-plant-in-el-casar\/\" \/>\n<meta property=\"og:site_name\" content=\"Audax Renovables\" \/>\n<meta property=\"article:published_time\" content=\"2020-10-07T07:16:47+00:00\" \/>\n<meta property=\"article:modified_time\" content=\"2023-06-20T11:50:58+00:00\" \/>\n<meta property=\"og:image\" content=\"https:\/\/www.audaxrenovables.es\/wp-content\/uploads\/2023\/06\/elCasar.jpg.jpg\" \/>\n\t<meta property=\"og:image:width\" content=\"713\" \/>\n\t<meta property=\"og:image:height\" content=\"403\" \/>\n\t<meta property=\"og:image:type\" content=\"image\/jpeg\" \/>\n<meta name=\"author\" content=\"adminadx\" \/>\n<meta name=\"twitter:card\" content=\"summary_large_image\" \/>\n<meta name=\"twitter:label1\" content=\"Written by\" \/>\n\t<meta name=\"twitter:data1\" content=\"adminadx\" \/>\n\t<meta name=\"twitter:label2\" content=\"Estimated reading time\" \/>\n\t<meta name=\"twitter:data2\" content=\"3 minutes\" \/>\n<!-- \/ Yoast SEO plugin. -->","yoast_head_json":{"title":"Audax Renovables visits the photovoltaic plant it is building in El Casar","description":"Audax Renovables visits the plant in El Casar","robots":{"index":"index","follow":"follow","max-snippet":"max-snippet:-1","max-image-preview":"max-image-preview:large","max-video-preview":"max-video-preview:-1"},"canonical":"https:\/\/www.audaxrenovables.es\/en\/audax-renewables-visits-the-plant-in-el-casar\/","og_locale":"en_GB","og_type":"article","og_title":"Audax Renovables visita la planta fotovoltaica que construye en El Casar","og_description":"Audax Renovables visita la planta en El Casar","og_url":"https:\/\/www.audaxrenovables.es\/en\/audax-renewables-visits-the-plant-in-el-casar\/","og_site_name":"Audax Renovables","article_published_time":"2020-10-07T07:16:47+00:00","article_modified_time":"2023-06-20T11:50:58+00:00","og_image":[{"width":713,"height":403,"url":"https:\/\/www.audaxrenovables.es\/wp-content\/uploads\/2023\/06\/elCasar.jpg.jpg","type":"image\/jpeg"}],"author":"adminadx","twitter_card":"summary_large_image","twitter_misc":{"Written by":"adminadx","Estimated reading time":"3 minutes"},"schema":{"@context":"https:\/\/schema.org","@graph":[{"@type":"Article","@id":"https:\/\/www.audaxrenovables.es\/en\/audax-renewables-visits-the-plant-in-el-casar\/#article","isPartOf":{"@id":"https:\/\/www.audaxrenovables.es\/en\/audax-renewables-visits-the-plant-in-el-casar\/"},"author":{"name":"adminadx","@id":"https:\/\/www.audaxrenovables.es\/ca\/#\/schema\/person\/39323131dc9a121279e4e63ed89ffbea"},"headline":"Audax Renovables visita la planta fotovoltaica que construye en El Casar","datePublished":"2020-10-07T07:16:47+00:00","dateModified":"2023-06-20T11:50:58+00:00","mainEntityOfPage":{"@id":"https:\/\/www.audaxrenovables.es\/en\/audax-renewables-visits-the-plant-in-el-casar\/"},"wordCount":457,"publisher":{"@id":"https:\/\/www.audaxrenovables.es\/ca\/#organization"},"image":{"@id":"https:\/\/www.audaxrenovables.es\/en\/audax-renewables-visits-the-plant-in-el-casar\/#primaryimage"},"thumbnailUrl":"https:\/\/www.audaxrenovables.es\/wp-content\/uploads\/2023\/06\/elCasar.jpg.jpg","articleSection":["Sin categor\u00eda"],"inLanguage":"en-GB"},{"@type":["WebPage","ItemPage"],"@id":"https:\/\/www.audaxrenovables.es\/en\/audax-renewables-visits-the-plant-in-el-casar\/","url":"https:\/\/www.audaxrenovables.es\/en\/audax-renewables-visits-the-plant-in-el-casar\/","name":"Audax Renovables visits the photovoltaic plant it is building in El Casar","isPartOf":{"@id":"https:\/\/www.audaxrenovables.es\/ca\/#website"},"primaryImageOfPage":{"@id":"https:\/\/www.audaxrenovables.es\/en\/audax-renewables-visits-the-plant-in-el-casar\/#primaryimage"},"image":{"@id":"https:\/\/www.audaxrenovables.es\/en\/audax-renewables-visits-the-plant-in-el-casar\/#primaryimage"},"thumbnailUrl":"https:\/\/www.audaxrenovables.es\/wp-content\/uploads\/2023\/06\/elCasar.jpg.jpg","datePublished":"2020-10-07T07:16:47+00:00","dateModified":"2023-06-20T11:50:58+00:00","description":"Audax Renovables visits the plant in El Casar","breadcrumb":{"@id":"https:\/\/www.audaxrenovables.es\/en\/audax-renewables-visits-the-plant-in-el-casar\/#breadcrumb"},"inLanguage":"en-GB","potentialAction":[{"@type":"ReadAction","target":["https:\/\/www.audaxrenovables.es\/en\/audax-renewables-visits-the-plant-in-el-casar\/"]}]},{"@type":"ImageObject","inLanguage":"en-GB","@id":"https:\/\/www.audaxrenovables.es\/en\/audax-renewables-visits-the-plant-in-el-casar\/#primaryimage","url":"https:\/\/www.audaxrenovables.es\/wp-content\/uploads\/2023\/06\/elCasar.jpg.jpg","contentUrl":"https:\/\/www.audaxrenovables.es\/wp-content\/uploads\/2023\/06\/elCasar.jpg.jpg","width":713,"height":403},{"@type":"BreadcrumbList","@id":"https:\/\/www.audaxrenovables.es\/en\/audax-renewables-visits-the-plant-in-el-casar\/#breadcrumb","itemListElement":[{"@type":"ListItem","position":1,"name":"Portada","item":"https:\/\/www.audaxrenovables.es\/es\/"},{"@type":"ListItem","position":2,"name":"Audax Renovables visita la planta fotovoltaica que construye en El Casar"}]},{"@type":"WebSite","@id":"https:\/\/www.audaxrenovables.es\/ca\/#website","url":"https:\/\/www.audaxrenovables.es\/ca\/","name":"Audax Renewables","description":"Independent company dedicated to the production of electrical energy from renewable energy sources 100%","publisher":{"@id":"https:\/\/www.audaxrenovables.es\/ca\/#organization"},"potentialAction":[{"@type":"SearchAction","target":{"@type":"EntryPoint","urlTemplate":"https:\/\/www.audaxrenovables.es\/ca\/?s={search_term_string}"},"query-input":{"@type":"PropertyValueSpecification","valueRequired":true,"valueName":"search_term_string"}}],"inLanguage":"en-GB"},{"@type":"Organization","@id":"https:\/\/www.audaxrenovables.es\/ca\/#organization","name":"Audax Renewables","alternateName":"Audax Energ\u00eda","url":"https:\/\/www.audaxrenovables.es\/ca\/","logo":{"@type":"ImageObject","inLanguage":"en-GB","@id":"https:\/\/www.audaxrenovables.es\/ca\/#\/schema\/logo\/image\/","url":"https:\/\/www.audaxrenovables.es\/wp-content\/uploads\/2023\/04\/logo.png","contentUrl":"https:\/\/www.audaxrenovables.es\/wp-content\/uploads\/2023\/04\/logo.png","width":197,"height":125,"caption":"Audax Renovables"},"image":{"@id":"https:\/\/www.audaxrenovables.es\/ca\/#\/schema\/logo\/image\/"},"sameAs":["https:\/\/www.instagram.com\/audaxrenovables\/","https:\/\/x.com\/AudaxRenovables","https:\/\/www.youtube.com\/user\/AudaxEnergia","https:\/\/www.tiktok.com\/@audaxrenovables","https:\/\/www.linkedin.com\/company\/203502\/admin\/"]},{"@type":"Person","@id":"https:\/\/www.audaxrenovables.es\/ca\/#\/schema\/person\/39323131dc9a121279e4e63ed89ffbea","name":"adminadx","image":{"@type":"ImageObject","inLanguage":"en-GB","@id":"https:\/\/www.audaxrenovables.es\/ca\/#\/schema\/person\/image\/","url":"https:\/\/secure.gravatar.com\/avatar\/60b4d621160a422b02f2d19db7066f73c964c792ce03f3da9d36f40a41bdd2e6?s=96&d=mm&r=g","contentUrl":"https:\/\/secure.gravatar.com\/avatar\/60b4d621160a422b02f2d19db7066f73c964c792ce03f3da9d36f40a41bdd2e6?s=96&d=mm&r=g","caption":"adminadx"},"sameAs":["https:\/\/audaxrenovables.es"]}]}},"_links":{"self":[{"href":"https:\/\/www.audaxrenovables.es\/en\/wp-json\/wp\/v2\/posts\/2563","targetHints":{"allow":["GET"]}}],"collection":[{"href":"https:\/\/www.audaxrenovables.es\/en\/wp-json\/wp\/v2\/posts"}],"about":[{"href":"https:\/\/www.audaxrenovables.es\/en\/wp-json\/wp\/v2\/types\/post"}],"author":[{"embeddable":true,"href":"https:\/\/www.audaxrenovables.es\/en\/wp-json\/wp\/v2\/users\/1"}],"replies":[{"embeddable":true,"href":"https:\/\/www.audaxrenovables.es\/en\/wp-json\/wp\/v2\/comments?post=2563"}],"version-history":[{"count":1,"href":"https:\/\/www.audaxrenovables.es\/en\/wp-json\/wp\/v2\/posts\/2563\/revisions"}],"predecessor-version":[{"id":2830,"href":"https:\/\/www.audaxrenovables.es\/en\/wp-json\/wp\/v2\/posts\/2563\/revisions\/2830"}],"wp:featuredmedia":[{"embeddable":true,"href":"https:\/\/www.audaxrenovables.es\/en\/wp-json\/wp\/v2\/media\/2562"}],"wp:attachment":[{"href":"https:\/\/www.audaxrenovables.es\/en\/wp-json\/wp\/v2\/media?parent=2563"}],"wp:term":[{"taxonomy":"category","embeddable":true,"href":"https:\/\/www.audaxrenovables.es\/en\/wp-json\/wp\/v2\/categories?post=2563"},{"taxonomy":"post_tag","embeddable":true,"href":"https:\/\/www.audaxrenovables.es\/en\/wp-json\/wp\/v2\/tags?post=2563"}],"curies":[{"name":"wp","href":"https:\/\/api.w.org\/{rel}","templated":true}]}}