{"id":2573,"date":"2020-09-03T07:38:29","date_gmt":"2020-09-03T07:38:29","guid":{"rendered":"https:\/\/audaxrenovables.es\/audax-primer-grupo-energetico-independiente-en-portugal\/"},"modified":"2023-06-20T11:51:23","modified_gmt":"2023-06-20T11:51:23","slug":"audax-primer-grupo-energetico-independiente-en-portugal","status":"publish","type":"post","link":"https:\/\/www.audaxrenovables.es\/en\/audax-first-independent-energy-group-in-portugal\/","title":{"rendered":"Audax is positioned as the first independent energy group in Portugal"},"content":{"rendered":"<p><img decoding=\"async\" class=\"adx_img_post\" src=\"https:\/\/www.audaxrenovables.es\/uploads\/2020\/09\/03\/757d88ef72acf6e4b8e7d7ce6786dbc4.jpg\"><\/p>\n<h1 class=\"adx_tit_post\">Audax is positioned as the first independent energy group in Portugal<\/h1>\n<blockquote><p>The company boosts its generation activity in Portugal by awarding 157 MW of photovoltaic solar power in the solar auction held in August<\/p><\/blockquote>\n<p>Audax Renovables (ADX.MC), the energy group that integrates the businesses of generation and marketing of renewable 100% electricity, has been awarded 157 MW of photovoltaic solar power in the Portuguese solar auction held on August 24 and 25, being the second company that has won the most power in the auction. Specifically, Audax has been awarded 99 MW of Lot 1, located in Alentejo, and 58 MW of Lot 4, located in Algarve, both under the modality of compensation to the national electricity system for use of the network. These are projects without a battery storage system, whose estimated RTB and COD dates are 2023 and 2024 respectively.<\/p>\n<p>Likewise, Audax has acquired the Portuguese marketing company PH Simples, thus giving a boost to its growth and positioning in the Portuguese market. With this acquisition, Audax is positioned as the first independent energy group in the Portuguese electricity market with more than 23,000 customers, a volume of supplied energy of 1.2 TWh\/year and a total turnover of 175 million euros. The EBITDA of Audax Portugal after this operation exceeds 6 million euros. To this we must add its own generation capacity of 230 MW of renewable energy.<\/p>\n<p>These two operations reaffirm the commitment of the Audax energy group to the generation of renewable energy in Portugal and to position itself as a reference group in the Portuguese energy market.&nbsp;<\/p>\n<p>Audax intends to continue growing in the Portuguese energy market, both in renewable energy generation and marketing, especially in the SME segment, in which it currently already has a relevant position in the market. The company&#039;s excellent results and a highly professional team support the growth forecasts.<\/p>\n<p>In the last 2 years, Audax has shattered all growth records in Portugal, largely thanks to the reinforcement of its management team with the incorporation of Marc Farriol as Country Manager of Audax in Portugal. Marc Farriol is a young manager who joined the company and grew professionally until he reached his current responsibilities. The trust placed in it by the Management of Audax Renovables has allowed it to position Audax as the 6th company in the Portuguese electricity market, only behind the large traditional energy groups, and which already has a staff of 60 employees.<\/p>\n<p>At a global level, the Audax Group continues with its roadmap in terms of achieving the objectives for 2022 of increasing the customer portfolio from 305,000 to 500,000 and supplying a total of 15 TWh of energy. In addition, it plans to exceed 1,500 million euros in revenue, place EBITDA above 100 million euros and reduce its financial leverage, all with the aim of optimizing the group&#039;s resources, in order to create value for its shareholders. .<\/p>\n<p>About Audax Renewables&nbsp;<br \/>\n&nbsp;<br \/>\nAudax entered the Portuguese energy market in 2013, creating its first subsidiary outside Spain. The company has maintained strong levels of growth during these 7 years and is now firmly committed to its 100% renewable energy generation activity in the Portuguese country.<\/p>\n<p>It is currently listed on the Spanish Continuous Market under the name (ticker) ADX.MC, having been incorporated into the IBEX SMALL CAP\u00ae index on March 23, 2020.<\/p>\n<p>The Group operates in two differentiated business activities: marketing and generation. In its electricity and gas marketing division, it is present in Spain, Portugal, Italy, Germany, Poland and Holland, with more than 365 thousand clients.<\/p>\n<p>On the other hand, the generation division manages a total operating portfolio of 91 MW in Spain, France and Poland in wind farms. In addition, it has a portfolio under development of 320 MW of photovoltaics in Spain, as well as a 66 MW wind project under construction in Panama.<br \/>\n&nbsp;<\/p>","protected":false},"excerpt":{"rendered":"<p>Audax se sit\u00faa como el primer grupo energ\u00e9tico independiente en Portugal La compa\u00f1\u00eda potencia su actividad de generaci\u00f3n en Portugal adjudic\u00e1ndose 157 MW de potencia solar fotovoltaica en la subasta solar celebrada el mes de agosto Audax Renovables (ADX.MC), el grupo energ\u00e9tico que integra los negocios de generaci\u00f3n y comercializaci\u00f3n de electricidad 100% renovable, se [&hellip;]<\/p>\n","protected":false},"author":1,"featured_media":2572,"comment_status":"closed","ping_status":"open","sticky":false,"template":"","format":"standard","meta":{"content-type":"","footnotes":""},"categories":[1],"tags":[],"class_list":["post-2573","post","type-post","status-publish","format-standard","has-post-thumbnail","hentry","category-sin-categoria"],"yoast_head":"<!-- This site is optimized with the Yoast SEO plugin v23.5 - https:\/\/yoast.com\/wordpress\/plugins\/seo\/ -->\n<title>Audax se sit?a como el primer grupo energ?tico independiente en Portugal<\/title>\n<meta name=\"description\" content=\"Audax primer grupo energ?tico independiente en Portugal\" \/>\n<meta name=\"robots\" content=\"index, follow, max-snippet:-1, max-image-preview:large, max-video-preview:-1\" \/>\n<link rel=\"canonical\" href=\"https:\/\/www.audaxrenovables.es\/en\/audax-primer-grup-energetic-independent-a-portugal\/\" \/>\n<meta property=\"og:locale\" content=\"en_GB\" \/>\n<meta property=\"og:type\" content=\"article\" \/>\n<meta property=\"og:title\" content=\"Audax se sit?a como el primer grupo energ?tico independiente en Portugal\" \/>\n<meta property=\"og:description\" content=\"Audax primer grupo energ?tico independiente en Portugal\" \/>\n<meta property=\"og:url\" content=\"https:\/\/www.audaxrenovables.es\/en\/audax-primer-grup-energetic-independent-a-portugal\/\" \/>\n<meta property=\"og:site_name\" content=\"Audax Renovables\" \/>\n<meta property=\"article:published_time\" content=\"2020-09-03T07:38:29+00:00\" \/>\n<meta property=\"article:modified_time\" content=\"2023-06-20T11:51:23+00:00\" \/>\n<meta property=\"og:image\" content=\"https:\/\/www.audaxrenovables.es\/wp-content\/uploads\/2023\/06\/03092020.jpg.jpg\" \/>\n\t<meta property=\"og:image:width\" content=\"713\" \/>\n\t<meta property=\"og:image:height\" content=\"403\" \/>\n\t<meta property=\"og:image:type\" content=\"image\/jpeg\" \/>\n<meta name=\"author\" content=\"adminadx\" \/>\n<meta name=\"twitter:card\" content=\"summary_large_image\" \/>\n<meta name=\"twitter:label1\" content=\"Written by\" \/>\n\t<meta name=\"twitter:data1\" content=\"adminadx\" \/>\n\t<meta name=\"twitter:label2\" content=\"Estimated reading time\" \/>\n\t<meta name=\"twitter:data2\" content=\"4 minutes\" \/>\n<!-- \/ Yoast SEO plugin. -->","yoast_head_json":{"title":"Audax positions itself as the first independent energy group in Portugal","description":"Audax first independent energy group in Portugal","robots":{"index":"index","follow":"follow","max-snippet":"max-snippet:-1","max-image-preview":"max-image-preview:large","max-video-preview":"max-video-preview:-1"},"canonical":"https:\/\/www.audaxrenovables.es\/en\/audax-primer-grup-energetic-independent-a-portugal\/","og_locale":"en_GB","og_type":"article","og_title":"Audax se sit?a como el primer grupo energ?tico independiente en Portugal","og_description":"Audax primer grupo energ?tico independiente en Portugal","og_url":"https:\/\/www.audaxrenovables.es\/en\/audax-primer-grup-energetic-independent-a-portugal\/","og_site_name":"Audax Renovables","article_published_time":"2020-09-03T07:38:29+00:00","article_modified_time":"2023-06-20T11:51:23+00:00","og_image":[{"width":713,"height":403,"url":"https:\/\/www.audaxrenovables.es\/wp-content\/uploads\/2023\/06\/03092020.jpg.jpg","type":"image\/jpeg"}],"author":"adminadx","twitter_card":"summary_large_image","twitter_misc":{"Written by":"adminadx","Estimated reading time":"4 minutes"},"schema":{"@context":"https:\/\/schema.org","@graph":[{"@type":"Article","@id":"https:\/\/www.audaxrenovables.es\/ca\/audax-primer-grup-energetic-independent-a-portugal\/#article","isPartOf":{"@id":"https:\/\/www.audaxrenovables.es\/ca\/audax-primer-grup-energetic-independent-a-portugal\/"},"author":{"name":"adminadx","@id":"https:\/\/www.audaxrenovables.es\/ca\/#\/schema\/person\/39323131dc9a121279e4e63ed89ffbea"},"headline":"Audax se sit\u00faa como el primer grupo energ\u00e9tico independiente en Portugal","datePublished":"2020-09-03T07:38:29+00:00","dateModified":"2023-06-20T11:51:23+00:00","mainEntityOfPage":{"@id":"https:\/\/www.audaxrenovables.es\/ca\/audax-primer-grup-energetic-independent-a-portugal\/"},"wordCount":742,"publisher":{"@id":"https:\/\/www.audaxrenovables.es\/ca\/#organization"},"image":{"@id":"https:\/\/www.audaxrenovables.es\/ca\/audax-primer-grup-energetic-independent-a-portugal\/#primaryimage"},"thumbnailUrl":"https:\/\/www.audaxrenovables.es\/wp-content\/uploads\/2023\/06\/03092020.jpg.jpg","articleSection":["Sin categor\u00eda"],"inLanguage":"en-GB"},{"@type":["WebPage","ItemPage"],"@id":"https:\/\/www.audaxrenovables.es\/ca\/audax-primer-grup-energetic-independent-a-portugal\/","url":"https:\/\/www.audaxrenovables.es\/ca\/audax-primer-grup-energetic-independent-a-portugal\/","name":"Audax positions itself as the first independent energy group in Portugal","isPartOf":{"@id":"https:\/\/www.audaxrenovables.es\/ca\/#website"},"primaryImageOfPage":{"@id":"https:\/\/www.audaxrenovables.es\/ca\/audax-primer-grup-energetic-independent-a-portugal\/#primaryimage"},"image":{"@id":"https:\/\/www.audaxrenovables.es\/ca\/audax-primer-grup-energetic-independent-a-portugal\/#primaryimage"},"thumbnailUrl":"https:\/\/www.audaxrenovables.es\/wp-content\/uploads\/2023\/06\/03092020.jpg.jpg","datePublished":"2020-09-03T07:38:29+00:00","dateModified":"2023-06-20T11:51:23+00:00","description":"Audax first independent energy group in Portugal","breadcrumb":{"@id":"https:\/\/www.audaxrenovables.es\/ca\/audax-primer-grup-energetic-independent-a-portugal\/#breadcrumb"},"inLanguage":"en-GB","potentialAction":[{"@type":"ReadAction","target":["https:\/\/www.audaxrenovables.es\/ca\/audax-primer-grup-energetic-independent-a-portugal\/"]}]},{"@type":"ImageObject","inLanguage":"en-GB","@id":"https:\/\/www.audaxrenovables.es\/ca\/audax-primer-grup-energetic-independent-a-portugal\/#primaryimage","url":"https:\/\/www.audaxrenovables.es\/wp-content\/uploads\/2023\/06\/03092020.jpg.jpg","contentUrl":"https:\/\/www.audaxrenovables.es\/wp-content\/uploads\/2023\/06\/03092020.jpg.jpg","width":713,"height":403},{"@type":"BreadcrumbList","@id":"https:\/\/www.audaxrenovables.es\/ca\/audax-primer-grup-energetic-independent-a-portugal\/#breadcrumb","itemListElement":[{"@type":"ListItem","position":1,"name":"Portada","item":"https:\/\/www.audaxrenovables.es\/es\/"},{"@type":"ListItem","position":2,"name":"Audax se sit\u00faa como el primer grupo energ\u00e9tico independiente en Portugal"}]},{"@type":"WebSite","@id":"https:\/\/www.audaxrenovables.es\/ca\/#website","url":"https:\/\/www.audaxrenovables.es\/ca\/","name":"Audax Renewables","description":"Independent company dedicated to the production of electrical energy from renewable energy sources 100%","publisher":{"@id":"https:\/\/www.audaxrenovables.es\/ca\/#organization"},"potentialAction":[{"@type":"SearchAction","target":{"@type":"EntryPoint","urlTemplate":"https:\/\/www.audaxrenovables.es\/ca\/?s={search_term_string}"},"query-input":{"@type":"PropertyValueSpecification","valueRequired":true,"valueName":"search_term_string"}}],"inLanguage":"en-GB"},{"@type":"Organization","@id":"https:\/\/www.audaxrenovables.es\/ca\/#organization","name":"Audax Renewables","alternateName":"Audax Energ\u00eda","url":"https:\/\/www.audaxrenovables.es\/ca\/","logo":{"@type":"ImageObject","inLanguage":"en-GB","@id":"https:\/\/www.audaxrenovables.es\/ca\/#\/schema\/logo\/image\/","url":"https:\/\/www.audaxrenovables.es\/wp-content\/uploads\/2023\/04\/logo.png","contentUrl":"https:\/\/www.audaxrenovables.es\/wp-content\/uploads\/2023\/04\/logo.png","width":197,"height":125,"caption":"Audax Renovables"},"image":{"@id":"https:\/\/www.audaxrenovables.es\/ca\/#\/schema\/logo\/image\/"},"sameAs":["https:\/\/www.instagram.com\/audaxrenovables\/","https:\/\/x.com\/AudaxRenovables","https:\/\/www.youtube.com\/user\/AudaxEnergia","https:\/\/www.tiktok.com\/@audaxrenovables","https:\/\/www.linkedin.com\/company\/203502\/admin\/"]},{"@type":"Person","@id":"https:\/\/www.audaxrenovables.es\/ca\/#\/schema\/person\/39323131dc9a121279e4e63ed89ffbea","name":"adminadx","image":{"@type":"ImageObject","inLanguage":"en-GB","@id":"https:\/\/www.audaxrenovables.es\/ca\/#\/schema\/person\/image\/","url":"https:\/\/secure.gravatar.com\/avatar\/60b4d621160a422b02f2d19db7066f73c964c792ce03f3da9d36f40a41bdd2e6?s=96&d=mm&r=g","contentUrl":"https:\/\/secure.gravatar.com\/avatar\/60b4d621160a422b02f2d19db7066f73c964c792ce03f3da9d36f40a41bdd2e6?s=96&d=mm&r=g","caption":"adminadx"},"sameAs":["https:\/\/audaxrenovables.es"]}]}},"_links":{"self":[{"href":"https:\/\/www.audaxrenovables.es\/en\/wp-json\/wp\/v2\/posts\/2573","targetHints":{"allow":["GET"]}}],"collection":[{"href":"https:\/\/www.audaxrenovables.es\/en\/wp-json\/wp\/v2\/posts"}],"about":[{"href":"https:\/\/www.audaxrenovables.es\/en\/wp-json\/wp\/v2\/types\/post"}],"author":[{"embeddable":true,"href":"https:\/\/www.audaxrenovables.es\/en\/wp-json\/wp\/v2\/users\/1"}],"replies":[{"embeddable":true,"href":"https:\/\/www.audaxrenovables.es\/en\/wp-json\/wp\/v2\/comments?post=2573"}],"version-history":[{"count":1,"href":"https:\/\/www.audaxrenovables.es\/en\/wp-json\/wp\/v2\/posts\/2573\/revisions"}],"predecessor-version":[{"id":2835,"href":"https:\/\/www.audaxrenovables.es\/en\/wp-json\/wp\/v2\/posts\/2573\/revisions\/2835"}],"wp:featuredmedia":[{"embeddable":true,"href":"https:\/\/www.audaxrenovables.es\/en\/wp-json\/wp\/v2\/media\/2572"}],"wp:attachment":[{"href":"https:\/\/www.audaxrenovables.es\/en\/wp-json\/wp\/v2\/media?parent=2573"}],"wp:term":[{"taxonomy":"category","embeddable":true,"href":"https:\/\/www.audaxrenovables.es\/en\/wp-json\/wp\/v2\/categories?post=2573"},{"taxonomy":"post_tag","embeddable":true,"href":"https:\/\/www.audaxrenovables.es\/en\/wp-json\/wp\/v2\/tags?post=2573"}],"curies":[{"name":"wp","href":"https:\/\/api.w.org\/{rel}","templated":true}]}}