{"id":2623,"date":"2019-06-04T16:22:20","date_gmt":"2019-06-04T16:22:20","guid":{"rendered":"https:\/\/audaxrenovables.es\/audax-renovables-celebrara-su-dia-del-inversor\/"},"modified":"2023-06-20T11:57:24","modified_gmt":"2023-06-20T11:57:24","slug":"audax-renovables-celebrara-su-dia-del-inversor","status":"publish","type":"post","link":"https:\/\/www.audaxrenovables.es\/en\/audax-renewables-will-celebrate-its-investor-day\/","title":{"rendered":"Audax Renovables will celebrate its investor day"},"content":{"rendered":"<p><img decoding=\"async\" class=\"adx_img_post\" src=\"https:\/\/www.audaxrenovables.es\/uploads\/2019\/06\/04\/bb5efa7dcc85545e9ec62f82d9d187df.jpg\"><\/p>\n<h1 class=\"adx_tit_post\">Audax Renovables will celebrate its investor day<\/h1>\n<p>Audax Renovables, SA (\u201cAudax Renovables\u201d or the \u201cCompany\u201d) announces that on May 28, 2019 it will celebrate its investor day. The event, which will take place at 10:30 a.m. (CET) in Madrid at The Westin Palace Hotel, located at Plaza de las Cortes, 7, will be aimed at analysts and institutional investors.<\/p>\n<p>After the Ordinary General Meeting was held, in which it took stock of the good results of the 2018 financial year and in which the main lines of action planned for 2022 were presented, the Company will celebrate its investor day for the first time.<\/p>\n<p>As has been announced to the market through relevant events published in the CNMV on February 28, 2019 and March 29, 2019, Audax Renovables intends to continue with its growth strategy, both based on future developments in the renewable generation business as well as in the different acquisition opportunities in the marketing business through a combination of resources in the capital markets in both fixed income and variable income, allowing the latter to increase the free-float of the Society.<\/p>\n<p>For these purposes, Audax Renovables has appointed BNP Paribas as an advisor to provide advisory services on capital structure, as well as to explore potential operations in the variable income capital markets to be carried out by the Company for these purposes. .<\/p>\n<p>The company will soon report on the event data by sending it to the CNMV and publishing it on the Audax Renovables corporate website (<a href=\"http:\/\/www.audaxrenovables.com\" target=\"_blank\" rel=\"noopener\">www.audaxrenovables.com<\/a>).<\/p>\n<p>Likewise, the presentation to analysts and investors will be made public by communicating it to the CNMV and disseminating it on the Audax Renovables corporate website mentioned above.<\/p>","protected":false},"excerpt":{"rendered":"<p>Audax Renovables celebrar\u00e1 su d\u00eda del inversor Audax Renovables, S.A. (\u201cAudax Renovables\u201d o la \u201cSociedad\u201d) comunica que el d\u00eda 28 de mayo de 2019 celebrar\u00e1 su d\u00eda del inversor. La cita que tendr\u00e1 lugar a las 10.30 horas (CET) en Madrid en el Hotel The Westin Palace, sito en Plaza de las Cortes, 7, estar\u00e1 [&hellip;]<\/p>\n","protected":false},"author":1,"featured_media":2622,"comment_status":"closed","ping_status":"open","sticky":false,"template":"","format":"standard","meta":{"content-type":"","footnotes":""},"categories":[1],"tags":[],"class_list":["post-2623","post","type-post","status-publish","format-standard","has-post-thumbnail","hentry","category-sin-categoria"],"yoast_head":"<!-- This site is optimized with the Yoast SEO plugin v23.5 - https:\/\/yoast.com\/wordpress\/plugins\/seo\/ -->\n<title>Audax Renovables celebrar? su d?a del inversor<\/title>\n<meta name=\"description\" content=\"AUDAX RENOVABLES CELEBRAR? SU D?A DEL INVERSOR\" \/>\n<meta name=\"robots\" content=\"index, follow, max-snippet:-1, max-image-preview:large, max-video-preview:-1\" \/>\n<link rel=\"canonical\" href=\"https:\/\/www.audaxrenovables.es\/en\/audax-renewables-will-celebrate-its-investor-day\/\" \/>\n<meta property=\"og:locale\" content=\"en_GB\" \/>\n<meta property=\"og:type\" content=\"article\" \/>\n<meta property=\"og:title\" content=\"Audax Renovables celebrar? su d?a del inversor\" \/>\n<meta property=\"og:description\" content=\"AUDAX RENOVABLES CELEBRAR? SU D?A DEL INVERSOR\" \/>\n<meta property=\"og:url\" content=\"https:\/\/www.audaxrenovables.es\/en\/audax-renewables-will-celebrate-its-investor-day\/\" \/>\n<meta property=\"og:site_name\" content=\"Audax Renovables\" \/>\n<meta property=\"article:published_time\" content=\"2019-06-04T16:22:20+00:00\" \/>\n<meta property=\"article:modified_time\" content=\"2023-06-20T11:57:24+00:00\" \/>\n<meta property=\"og:image\" content=\"https:\/\/www.audaxrenovables.es\/wp-content\/uploads\/2023\/06\/00190.jpg.jpg\" \/>\n\t<meta property=\"og:image:width\" content=\"370\" \/>\n\t<meta property=\"og:image:height\" content=\"227\" \/>\n\t<meta property=\"og:image:type\" content=\"image\/jpeg\" \/>\n<meta name=\"author\" content=\"adminadx\" \/>\n<meta name=\"twitter:card\" content=\"summary_large_image\" \/>\n<meta name=\"twitter:label1\" content=\"Written by\" \/>\n\t<meta name=\"twitter:data1\" content=\"adminadx\" \/>\n\t<meta name=\"twitter:label2\" content=\"Estimated reading time\" \/>\n\t<meta name=\"twitter:data2\" content=\"2 minutes\" \/>\n<!-- \/ Yoast SEO plugin. -->","yoast_head_json":{"title":"Audax Renewables celebrate? your investor day","description":"AUDAX RENEWABLES CELEBRATE? YOUR INVESTOR&#039;S DAY","robots":{"index":"index","follow":"follow","max-snippet":"max-snippet:-1","max-image-preview":"max-image-preview:large","max-video-preview":"max-video-preview:-1"},"canonical":"https:\/\/www.audaxrenovables.es\/en\/audax-renewables-will-celebrate-its-investor-day\/","og_locale":"en_GB","og_type":"article","og_title":"Audax Renovables celebrar? su d?a del inversor","og_description":"AUDAX RENOVABLES CELEBRAR? SU D?A DEL INVERSOR","og_url":"https:\/\/www.audaxrenovables.es\/en\/audax-renewables-will-celebrate-its-investor-day\/","og_site_name":"Audax Renovables","article_published_time":"2019-06-04T16:22:20+00:00","article_modified_time":"2023-06-20T11:57:24+00:00","og_image":[{"width":370,"height":227,"url":"https:\/\/www.audaxrenovables.es\/wp-content\/uploads\/2023\/06\/00190.jpg.jpg","type":"image\/jpeg"}],"author":"adminadx","twitter_card":"summary_large_image","twitter_misc":{"Written by":"adminadx","Estimated reading time":"2 minutes"},"schema":{"@context":"https:\/\/schema.org","@graph":[{"@type":"Article","@id":"https:\/\/www.audaxrenovables.es\/en\/audax-renewables-will-celebrate-its-investor-day\/#article","isPartOf":{"@id":"https:\/\/www.audaxrenovables.es\/en\/audax-renewables-will-celebrate-its-investor-day\/"},"author":{"name":"adminadx","@id":"https:\/\/www.audaxrenovables.es\/ca\/#\/schema\/person\/39323131dc9a121279e4e63ed89ffbea"},"headline":"Audax Renovables celebrar\u00e1 su d\u00eda del inversor","datePublished":"2019-06-04T16:22:20+00:00","dateModified":"2023-06-20T11:57:24+00:00","mainEntityOfPage":{"@id":"https:\/\/www.audaxrenovables.es\/en\/audax-renewables-will-celebrate-its-investor-day\/"},"wordCount":327,"publisher":{"@id":"https:\/\/www.audaxrenovables.es\/ca\/#organization"},"image":{"@id":"https:\/\/www.audaxrenovables.es\/en\/audax-renewables-will-celebrate-its-investor-day\/#primaryimage"},"thumbnailUrl":"https:\/\/www.audaxrenovables.es\/wp-content\/uploads\/2023\/06\/00190.jpg.jpg","articleSection":["Sin categor\u00eda"],"inLanguage":"en-GB"},{"@type":["WebPage","ItemPage"],"@id":"https:\/\/www.audaxrenovables.es\/en\/audax-renewables-will-celebrate-its-investor-day\/","url":"https:\/\/www.audaxrenovables.es\/en\/audax-renewables-will-celebrate-its-investor-day\/","name":"Audax Renewables celebrate? your investor day","isPartOf":{"@id":"https:\/\/www.audaxrenovables.es\/ca\/#website"},"primaryImageOfPage":{"@id":"https:\/\/www.audaxrenovables.es\/en\/audax-renewables-will-celebrate-its-investor-day\/#primaryimage"},"image":{"@id":"https:\/\/www.audaxrenovables.es\/en\/audax-renewables-will-celebrate-its-investor-day\/#primaryimage"},"thumbnailUrl":"https:\/\/www.audaxrenovables.es\/wp-content\/uploads\/2023\/06\/00190.jpg.jpg","datePublished":"2019-06-04T16:22:20+00:00","dateModified":"2023-06-20T11:57:24+00:00","description":"AUDAX RENEWABLES CELEBRATE? YOUR INVESTOR&#039;S DAY","breadcrumb":{"@id":"https:\/\/www.audaxrenovables.es\/en\/audax-renewables-will-celebrate-its-investor-day\/#breadcrumb"},"inLanguage":"en-GB","potentialAction":[{"@type":"ReadAction","target":["https:\/\/www.audaxrenovables.es\/en\/audax-renewables-will-celebrate-its-investor-day\/"]}]},{"@type":"ImageObject","inLanguage":"en-GB","@id":"https:\/\/www.audaxrenovables.es\/en\/audax-renewables-will-celebrate-its-investor-day\/#primaryimage","url":"https:\/\/www.audaxrenovables.es\/wp-content\/uploads\/2023\/06\/00190.jpg.jpg","contentUrl":"https:\/\/www.audaxrenovables.es\/wp-content\/uploads\/2023\/06\/00190.jpg.jpg","width":370,"height":227},{"@type":"BreadcrumbList","@id":"https:\/\/www.audaxrenovables.es\/en\/audax-renewables-will-celebrate-its-investor-day\/#breadcrumb","itemListElement":[{"@type":"ListItem","position":1,"name":"Portada","item":"https:\/\/www.audaxrenovables.es\/es\/"},{"@type":"ListItem","position":2,"name":"Audax Renovables celebrar\u00e1 su d\u00eda del inversor"}]},{"@type":"WebSite","@id":"https:\/\/www.audaxrenovables.es\/ca\/#website","url":"https:\/\/www.audaxrenovables.es\/ca\/","name":"Audax Renewables","description":"Independent company dedicated to the production of electrical energy from renewable energy sources 100%","publisher":{"@id":"https:\/\/www.audaxrenovables.es\/ca\/#organization"},"potentialAction":[{"@type":"SearchAction","target":{"@type":"EntryPoint","urlTemplate":"https:\/\/www.audaxrenovables.es\/ca\/?s={search_term_string}"},"query-input":{"@type":"PropertyValueSpecification","valueRequired":true,"valueName":"search_term_string"}}],"inLanguage":"en-GB"},{"@type":"Organization","@id":"https:\/\/www.audaxrenovables.es\/ca\/#organization","name":"Audax Renewables","alternateName":"Audax Energ\u00eda","url":"https:\/\/www.audaxrenovables.es\/ca\/","logo":{"@type":"ImageObject","inLanguage":"en-GB","@id":"https:\/\/www.audaxrenovables.es\/ca\/#\/schema\/logo\/image\/","url":"https:\/\/www.audaxrenovables.es\/wp-content\/uploads\/2023\/04\/logo.png","contentUrl":"https:\/\/www.audaxrenovables.es\/wp-content\/uploads\/2023\/04\/logo.png","width":197,"height":125,"caption":"Audax Renovables"},"image":{"@id":"https:\/\/www.audaxrenovables.es\/ca\/#\/schema\/logo\/image\/"},"sameAs":["https:\/\/www.instagram.com\/audaxrenovables\/","https:\/\/x.com\/AudaxRenovables","https:\/\/www.youtube.com\/user\/AudaxEnergia","https:\/\/www.tiktok.com\/@audaxrenovables","https:\/\/www.linkedin.com\/company\/203502\/admin\/"]},{"@type":"Person","@id":"https:\/\/www.audaxrenovables.es\/ca\/#\/schema\/person\/39323131dc9a121279e4e63ed89ffbea","name":"adminadx","image":{"@type":"ImageObject","inLanguage":"en-GB","@id":"https:\/\/www.audaxrenovables.es\/ca\/#\/schema\/person\/image\/","url":"https:\/\/secure.gravatar.com\/avatar\/60b4d621160a422b02f2d19db7066f73c964c792ce03f3da9d36f40a41bdd2e6?s=96&d=mm&r=g","contentUrl":"https:\/\/secure.gravatar.com\/avatar\/60b4d621160a422b02f2d19db7066f73c964c792ce03f3da9d36f40a41bdd2e6?s=96&d=mm&r=g","caption":"adminadx"},"sameAs":["https:\/\/audaxrenovables.es"]}]}},"_links":{"self":[{"href":"https:\/\/www.audaxrenovables.es\/en\/wp-json\/wp\/v2\/posts\/2623","targetHints":{"allow":["GET"]}}],"collection":[{"href":"https:\/\/www.audaxrenovables.es\/en\/wp-json\/wp\/v2\/posts"}],"about":[{"href":"https:\/\/www.audaxrenovables.es\/en\/wp-json\/wp\/v2\/types\/post"}],"author":[{"embeddable":true,"href":"https:\/\/www.audaxrenovables.es\/en\/wp-json\/wp\/v2\/users\/1"}],"replies":[{"embeddable":true,"href":"https:\/\/www.audaxrenovables.es\/en\/wp-json\/wp\/v2\/comments?post=2623"}],"version-history":[{"count":1,"href":"https:\/\/www.audaxrenovables.es\/en\/wp-json\/wp\/v2\/posts\/2623\/revisions"}],"predecessor-version":[{"id":2859,"href":"https:\/\/www.audaxrenovables.es\/en\/wp-json\/wp\/v2\/posts\/2623\/revisions\/2859"}],"wp:featuredmedia":[{"embeddable":true,"href":"https:\/\/www.audaxrenovables.es\/en\/wp-json\/wp\/v2\/media\/2622"}],"wp:attachment":[{"href":"https:\/\/www.audaxrenovables.es\/en\/wp-json\/wp\/v2\/media?parent=2623"}],"wp:term":[{"taxonomy":"category","embeddable":true,"href":"https:\/\/www.audaxrenovables.es\/en\/wp-json\/wp\/v2\/categories?post=2623"},{"taxonomy":"post_tag","embeddable":true,"href":"https:\/\/www.audaxrenovables.es\/en\/wp-json\/wp\/v2\/tags?post=2623"}],"curies":[{"name":"wp","href":"https:\/\/api.w.org\/{rel}","templated":true}]}}