{"id":2435,"date":"2023-05-11T06:18:46","date_gmt":"2023-05-11T06:18:46","guid":{"rendered":"https:\/\/audaxrenovables.es\/audax-renovables-incrementa-su-ebitda-un-47\/"},"modified":"2023-11-16T10:28:47","modified_gmt":"2023-11-16T10:28:47","slug":"audax-renovables-incrementa-su-ebitda-un-47","status":"publish","type":"post","link":"https:\/\/www.audaxrenovables.es\/es\/audax-renovables-incrementa-su-ebitda-un-47\/","title":{"rendered":"Audax Renovables incrementa su EBITDA un 47%"},"content":{"rendered":"\n<figure class=\"wp-block-image\"><img decoding=\"async\" src=\"https:\/\/www.audaxrenovables.es\/uploads\/2023\/05\/11\/53a26fa77e68fadce02cf0ac78233667.jpg\" alt=\"\"\/><\/figure>\n\n\n\n<h1 class=\"wp-block-heading has-text-align-center\">Audax Renovables incrementa su EBITDA un 47%<\/h1>\n\n\n\n<div class=\"wp-block-cover\" style=\"border-width:50px;border-radius:100px;min-height:90vh;aspect-ratio:unset;\"><span aria-hidden=\"true\" class=\"wp-block-cover__background has-background-dim-0 has-background-dim\"><\/span><img fetchpriority=\"high\" decoding=\"async\" width=\"713\" height=\"403\" src=\"https:\/\/www.audaxrenovables.es\/wp-content\/uploads\/2023\/06\/110523.jpg.jpg\" class=\"wp-block-cover__image-background wp-post-image\" alt=\"\" data-object-fit=\"cover\" srcset=\"https:\/\/www.audaxrenovables.es\/wp-content\/uploads\/2023\/06\/110523.jpg.jpg 713w, https:\/\/www.audaxrenovables.es\/wp-content\/uploads\/2023\/06\/110523.jpg-300x170.jpg 300w\" sizes=\"(max-width: 713px) 100vw, 713px\" \/><div class=\"wp-block-cover__inner-container has-global-padding is-layout-constrained wp-block-cover-is-layout-constrained\">\n<p class=\"has-text-align-center has-large-font-size\"><\/p>\n<\/div><\/div>\n\n\n\n<blockquote class=\"wp-block-quote is-layout-flow wp-block-quote-is-layout-flow\">\n<p>La compa\u00f1\u00eda aumenta su margen bruto un 41% durante los tres primeros meses del a\u00f1o, hasta los 50,9 millones de euros, mientras que su resultado neto se incrementa un 18%, alcanzando los 2,4 millones.<\/p>\n\n\n\n<p>El Consejo de Administraci\u00f3n aprueba el Plan Estrat\u00e9gico de Sostenibilidad 2023-2025 que define m\u00e1s de 40 iniciativas y proyectos con objetivos espec\u00edficos que contribuir\u00e1n a alcanzar la ambici\u00f3n de liderar la transici\u00f3n energ\u00e9tica.<\/p>\n<\/blockquote>\n\n\n\n<p><span style=\"font-size: 11pt;\"><span style=\"line-height: 106%;\"><span style=\"font-family: 'Microsoft Sans Serif',sans-serif;\"><b><span style=\"font-family: 'PF BeauSans Pro';\">11 <\/span><\/b><b><span style=\"font-size: 9.0pt;\"><span style=\"line-height: 106%;\"><span style=\"font-family: 'PF BeauSans Pro';\">DE MAYO DE <\/span><\/span><\/span><\/b><b><span style=\"font-family: 'PF BeauSans Pro';\">2023.\u2013 <\/span><\/b><span style=\"font-family: 'PF BeauSans Pro';\">Audax Renovables (ADX.MC), grupo energ\u00e9tico espa\u00f1ol integrado verticalmente que genera y suministra electricidad 100% renovable y gas con presencia en 9 pa\u00edses, ha registrado un EBITDA de 23,1 millones de euros durante el primer trimestre de 2023, lo que supone un aumento del 47% con respecto al mismo periodo del a\u00f1o anterior, debido principalmente a la mejora de los resultados en los mercados de Europa donde est\u00e1 presente y a la pol\u00edtica de aseguramiento de margen bruto en Iberia.<\/span><\/span><\/span><\/span><\/p>\n\n\n\n<p>&nbsp;<\/p>\n\n\n\n<p><span style=\"font-size: 11pt;\"><span style=\"line-height: 106%;\"><span style=\"font-family: 'Microsoft Sans Serif',sans-serif;\"><span style=\"font-family: 'PF BeauSans Pro';\">La apuesta por la estrategia de integraci\u00f3n vertical y optimizaci\u00f3n de la cartera de clientes, unida a un incremento de la potencia instalada (+9%) y un mayor volumen de energ\u00eda generada, sit\u00faan su margen bruto en 50,9 millones de euros, lo que representa un incremento del 41% con relaci\u00f3n al mismo periodo del pasado a\u00f1o, confirmando as\u00ed las acertadas decisiones estrat\u00e9gicas llevadas a cabo en el ejercicio anterior. Pese a una ca\u00edda del 5% de los ingresos, hasta los 697 millones de euros, consecuencia de la disminuci\u00f3n generalizada de precios en los mercados en los que opera, la compa\u00f1\u00eda ha registrado un aumento del 18% en su resultado neto, hasta situarlo en 2,4 millones de euros.<\/span><\/span><\/span><\/span><\/p>\n\n\n\n<p>&nbsp;<\/p>\n\n\n\n<p><span style=\"font-size: 11pt;\"><span style=\"line-height: 106%;\"><span style=\"font-family: 'Microsoft Sans Serif',sans-serif;\"><span style=\"font-family: 'PF BeauSans Pro';\">La deuda financiera neta se sit\u00faa en los 367 millones de euros frente a los 527 millones de euros del mismo per\u00edodo del ejercicio anterior, resultando una disminuci\u00f3n de 160 millones de euros. Por su parte, el apalancamiento de Audax disminuye hasta situarse en un 71,3%, frente al 73% del cierre del a\u00f1o anterior y al 78% de marzo 2022.<\/span><\/span><\/span><\/span><\/p>\n\n\n\n<p>&nbsp;<\/p>\n\n\n\n<p><span style=\"font-size: 11pt;\"><span style=\"line-height: 106%;\"><span style=\"font-family: 'Microsoft Sans Serif',sans-serif;\"><b><span style=\"font-family: 'PF BeauSans Pro';\">Aumento de la producci\u00f3n gracias a la contribuci\u00f3n de Espa\u00f1a <\/span><\/b><\/span><\/span><\/span><\/p>\n\n\n\n<p>&nbsp;<\/p>\n\n\n\n<p><span style=\"font-size: 11pt;\"><span style=\"line-height: 106%;\"><span style=\"font-family: 'Microsoft Sans Serif',sans-serif;\"><span style=\"font-family: 'PF BeauSans Pro';\">En relaci\u00f3n con sus proyectos de generaci\u00f3n, gracias a la aportaci\u00f3n de las nuevas plantas fotovoltaicas puestas en marcha en Espa\u00f1a en los \u00faltimos meses, donde se han producido 8 GWh m\u00e1s que el a\u00f1o anterior (+23%), Audax Renovables ha aumentado un 13% la producci\u00f3n de energ\u00eda durante el primer trimestre de 2023 a nivel global, situ\u00e1ndose en los 76 GWh (incluyendo la producci\u00f3n del parque de Panam\u00e1 esta cifra se incrementa hasta el 72%).<\/span><\/span><\/span><\/span><\/p>\n\n\n\n<p>&nbsp;<\/p>\n\n\n\n<p>&nbsp;<\/p>\n\n\n\n<p><span style=\"font-size: 11pt;\"><span style=\"line-height: 106%;\"><span style=\"font-family: 'Microsoft Sans Serif',sans-serif;\"><span style=\"font-family: 'PF BeauSans Pro';\">Grupo Audax suma una cartera de 1,4 GW, teniendo en cuenta la tecnolog\u00eda e\u00f3lica y fotovoltaica. Durante el primer trimestre del ejercicio, la compa\u00f1\u00eda ha continuado con sus operaciones de desarrollo, construcci\u00f3n y puesta en marcha de su portfolio de generaci\u00f3n, pese a los retrasos en la realizaci\u00f3n de los tr\u00e1mites administrativos por parte de algunos organismos. <\/span><\/span><\/span><\/span><\/p>\n\n\n\n<p><span style=\"font-size: 11pt;\"><span style=\"line-height: 106%;\"><span style=\"tab-stops: 384.75pt;\"><span style=\"font-family: 'Microsoft Sans Serif',sans-serif;\">&nbsp;&nbsp;&nbsp;&nbsp;&nbsp;&nbsp;&nbsp;&nbsp;&nbsp;&nbsp;&nbsp;&nbsp;&nbsp;&nbsp;&nbsp;&nbsp;&nbsp;&nbsp;&nbsp;&nbsp;&nbsp;&nbsp;&nbsp;&nbsp;&nbsp;&nbsp;&nbsp;&nbsp;&nbsp;&nbsp;&nbsp;&nbsp;&nbsp;&nbsp;&nbsp;&nbsp;&nbsp;&nbsp;&nbsp;&nbsp;&nbsp;&nbsp;&nbsp;&nbsp;&nbsp;&nbsp;&nbsp;&nbsp;&nbsp;&nbsp;&nbsp;&nbsp;&nbsp;&nbsp;&nbsp;&nbsp;&nbsp;&nbsp;&nbsp;&nbsp;&nbsp;&nbsp;&nbsp;&nbsp;&nbsp;&nbsp;&nbsp;&nbsp;&nbsp;&nbsp;&nbsp;&nbsp;&nbsp;&nbsp;&nbsp;&nbsp;&nbsp;&nbsp;&nbsp;&nbsp;&nbsp;&nbsp;&nbsp;&nbsp;&nbsp;&nbsp;&nbsp;&nbsp;&nbsp;&nbsp;&nbsp;&nbsp;&nbsp;&nbsp;&nbsp;&nbsp;&nbsp;&nbsp;&nbsp;&nbsp;&nbsp;&nbsp;&nbsp;&nbsp;&nbsp;&nbsp;&nbsp;&nbsp;&nbsp;&nbsp;&nbsp;&nbsp;&nbsp;&nbsp;&nbsp;&nbsp;&nbsp;&nbsp;&nbsp;&nbsp;&nbsp;&nbsp;&nbsp;&nbsp;&nbsp;&nbsp; <\/span><\/span><\/span><\/span><\/p>\n\n\n\n<p><span style=\"font-size: 11pt;\"><span style=\"line-height: 106%;\"><span style=\"font-family: 'Microsoft Sans Serif',sans-serif;\"><span style=\"font-family: 'PF BeauSans Pro';\">La compa\u00f1\u00eda ha invertido en activos de generaci\u00f3n desde el a\u00f1o 2020 un total acumulado de 191 millones de euros, continuando as\u00ed con su apuesta por la generaci\u00f3n con sus propias plantas.<\/span><\/span><\/span><\/span><\/p>\n\n\n\n<p>&nbsp;<\/p>\n\n\n\n<p><span style=\"font-size: 11pt;\"><span style=\"line-height: 106%;\"><span style=\"font-family: 'Microsoft Sans Serif',sans-serif;\"><span style=\"font-family: 'PF BeauSans Pro';\">El total de energ\u00eda suministrada por Audax en este primer trimestre de 2023 ha sido de 3,9 TWh, en l\u00ednea con el ejercicio anterior, donde la electricidad entregada a sus clientes supone un 62% del total mientras que las entregas de gas representan un 38%. En este trimestre, la focalizaci\u00f3n de Audax en el segmento empresarial ha permitido mantener el volumen de energ\u00eda suministrada, pese a la reducci\u00f3n del 3% de los puntos de suministro respecto al cierre de 2022, consecuencia de las medidas orientadas hacia la maximizaci\u00f3n de la rentabilidad y minimizaci\u00f3n del riesgo. Fruto de esta reorientaci\u00f3n hacia el segmento empresa, el volumen de energ\u00eda promedio por cada punto de suministro ha aumentado un 29% respecto el mismo periodo del ejercicio anterior, pasando de un promedio de 28,6 MWh\/CUPS a los actuales 36,9 MWh\/CUPS, demostrando la clara focalizaci\u00f3n hacia un segmento de mayor volumen unitario de energ\u00eda por cada punto de suministro. Actualmente, el sector industrial supone un 54% de la cartera de energ\u00eda y las PYMES representan un 39% del total. Por lo que respecta al segmento de cliente dom\u00e9stico, el mismo sigue disminuyendo su peso representando ya s\u00f3lo un 7% del total, reflejando que no es un segmento objetivo del Grupo. En datos agregados, la compa\u00f1\u00eda cuenta con 376.000 puntos de suministro entre los pa\u00edses en los que opera (Espa\u00f1a, Italia, Pa\u00edses Bajos, Hungr\u00eda, Portugal, Polonia y Alemania).<\/span><\/span><\/span><\/span><\/p>\n\n\n\n<p>&nbsp;<\/p>\n\n\n\n<p><span style=\"font-size: 11pt;\"><span style=\"line-height: 106%;\"><span style=\"font-family: 'Microsoft Sans Serif',sans-serif;\"><b><span style=\"font-family: 'PF BeauSans Pro';\">Nuevo Plan Estrat\u00e9gico de Sostenibilidad 2023-2025<\/span><\/b><\/span><\/span><\/span><\/p>\n\n\n\n<p>&nbsp;<\/p>\n\n\n\n<p><span style=\"font-size: 11pt;\"><span style=\"line-height: 106%;\"><span style=\"font-family: 'Microsoft Sans Serif',sans-serif;\"><span style=\"font-family: 'PF BeauSans Pro';\">El Consejo de Administraci\u00f3n de Audax Renovables ha aprobado recientemente el Plan Estrat\u00e9gico de Sostenibilidad 2023-2025. El Plan se articula en torno a 4 l\u00edneas estrat\u00e9gicas: liderazgo ambiental, protecci\u00f3n del medio ambiente, juntos sumamos y cultura de cumplimiento. En dicho Plan se definen m\u00e1s de 40 iniciativas y proyectos con objetivos espec\u00edficos que contribuir\u00e1n a mejorar su desempe\u00f1o en sostenibilidad y a alcanzar la ambici\u00f3n de liderar la transici\u00f3n energ\u00e9tica en el sector de las energ\u00edas renovables aportando valor a la sociedad y al planeta.<\/span><\/span><\/span><\/span><\/p>\n\n\n\n<p>&nbsp;<\/p>\n\n\n\n<p><span style=\"font-size: 11pt;\"><span style=\"line-height: 106%;\"><span style=\"font-family: 'Microsoft Sans Serif',sans-serif;\"><span style=\"font-family: 'PF BeauSans Pro';\">El Plan Estrat\u00e9gico de Sostenibilidad establece como principales objetivos ambientales duplicar la capacidad instalada del portfolio de generaci\u00f3n de Audax para 2025 y alcanzar la neutralidad clim\u00e1tica en 2050. &nbsp;A nivel social, define una serie de objetivos para promover la diversidad, la igualdad, la integraci\u00f3n y la conciliaci\u00f3n, a la vez que mantiene un compromiso firme con el desarrollo y bienestar de su equipo humano, as\u00ed como, de las comunidades locales en las que opera. En el \u00e1mbito del modelo de <i>compliance<\/i>, se prioriza la integraci\u00f3n de los aspectos de ESG en las pol\u00edticas y procedimientos internos para asegurar el buen funcionamiento y fomentar una cultura \u00e9tica en la organizaci\u00f3n y con los principales grupos de inter\u00e9s. <\/span><\/span><\/span><\/span><\/p>\n\n\n\n<p>&nbsp;<\/p>\n\n\n\n<p>&nbsp;<\/p>\n\n\n\n<p><span style=\"font-size: 11pt;\"><span style=\"font-family: 'Microsoft Sans Serif',sans-serif;\"><b><span style=\"font-size: 10.0pt;\"><span style=\"font-family: 'PF BeauSans Pro';\">&nbsp;Para m\u00e1s informaci\u00f3n:<\/span><\/span><\/b><\/span><\/span><\/p>\n\n\n\n<figure class=\"wp-block-table\"><table><tbody><tr><td>\n<p style=\"margin-top: 3.2pt; text-align: right; margin: 0cm;\" align=\"right\"><span style=\"font-size: 11pt;\"><span style=\"font-family: 'Microsoft Sans Serif',sans-serif;\"><b><span style=\"font-family: 'PF BeauSans Pro';\"><span style=\"color: black;\">ROMAN<\/span><\/span><\/b><\/span><\/span><\/p>\n<\/td><\/tr><tr><td>\n<p style=\"margin-top: 3.2pt; text-align: right; margin: 0cm;\" align=\"right\"><span style=\"font-size: 11pt;\"><span style=\"font-family: 'Microsoft Sans Serif',sans-serif;\">&nbsp;&nbsp;&nbsp;&nbsp; <span style=\"font-size: 10.0pt;\"><span style=\"font-family: 'PF BeauSans Pro';\"><span style=\"color: black;\">Gin\u00e9s Ca\u00f1abate <\/span><\/span><\/span><\/span><\/span><\/p>\n<\/td><\/tr><tr><td>\n<p style=\"text-align: right; margin: 0cm;\" align=\"right\"><span style=\"font-size: 11pt;\"><span style=\"font-family: 'Microsoft Sans Serif',sans-serif;\"><a style=\"color: blue; text-decoration: underline;\" href=\"mailto:g.canabate@romanrm.com\"><span style=\"font-size: 10.0pt;\"><span style=\"font-family: 'PF BeauSans Pro';\"><span style=\"color: black;\">g.canabate@romanrm.com <\/span><\/span><\/span><\/a><span style=\"font-size: 10.0pt;\"><span style=\"font-family: 'PF BeauSans Pro';\"><span style=\"color: black;\">| (+34) 649 214 470<\/span><\/span><\/span><\/span><\/span><\/p>\n<\/td><\/tr><tr><td>\n<p style=\"margin-top: 3.2pt; text-align: right; margin: 0cm;\" align=\"right\"><span style=\"font-size: 11pt;\"><span style=\"font-family: 'Microsoft Sans Serif',sans-serif;\"><span style=\"font-size: 10.0pt;\"><span style=\"font-family: 'PF BeauSans Pro';\"><span style=\"color: black;\">Patricia Gonz\u00e1lez<\/span><\/span><\/span><\/span><\/span><\/p>\n<\/td><\/tr><tr><td>\n<p style=\"margin-top: 3.2pt; text-align: right; margin: 0cm;\" align=\"right\"><span style=\"font-size: 11pt;\"><span style=\"font-family: 'Microsoft Sans Serif',sans-serif;\"><a style=\"color: blue; text-decoration: underline;\" href=\"mailto:p.gonzalez@romanrm.com\"><span style=\"font-size: 10.0pt;\"><span style=\"font-family: 'PF BeauSans Pro';\"><span style=\"color: black;\">p.gonzalez@romanrm.com<\/span><\/span><\/span> <\/a><span style=\"font-size: 10.0pt;\"><span style=\"font-family: 'PF BeauSans Pro';\"><span style=\"color: black;\">| (+34) 915 915 500<\/span><\/span><\/span><\/span><\/span><\/p>\n<\/td><\/tr><\/tbody><\/table><\/figure>\n\n\n\n<p>&nbsp;<\/p>\n\n\n\n<p>&nbsp;<\/p>\n\n\n\n<p>&nbsp;<\/p>\n\n\n\n<p>&nbsp;<\/p>\n\n\n\n<p>&nbsp;<\/p>\n\n\n\n<p>&nbsp;<\/p>\n\n\n\n<p>&nbsp;<\/p>\n\n\n\n<p>&nbsp;<\/p>\n\n\n\n<p><span style=\"font-size: 11pt;\"><span style=\"font-family: 'Microsoft Sans Serif',sans-serif;\"><b><span style=\"font-size: 10.0pt;\"><span style=\"font-family: 'PF BeauSans Pro';\">Sobre Audax Renovables<\/span><\/span><\/b><\/span><\/span><\/p>\n\n\n\n<p>&nbsp;<\/p>\n\n\n\n<p><span style=\"font-size: 11pt;\"><span style=\"font-family: 'Microsoft Sans Serif',sans-serif;\"><span style=\"font-size: 10.0pt;\"><span style=\"font-family: 'PF BeauSans Pro';\">Fundado en el a\u00f1o 2000, Audax Renovables es un grupo energ\u00e9tico espa\u00f1ol integrado verticalmente que genera energ\u00eda de origen 100% renovable y suministra electricidad y gas, con presencia en 9 pa\u00edses.<\/span><\/span><\/span><\/span><\/p>\n\n\n\n<p>&nbsp;<\/p>\n\n\n\n<p><span style=\"font-size: 11pt;\"><span style=\"font-family: 'Microsoft Sans Serif',sans-serif;\"><span style=\"font-size: 10.0pt;\"><span style=\"font-family: 'PF BeauSans Pro';\">Actualmente, cuenta con una cartera de proyectos e\u00f3licos y fotovoltaicos en operaci\u00f3n, en construcci\u00f3n y en distintas fases de desarrollo en Espa\u00f1a, Portugal, Italia, Francia, Polonia y Panam\u00e1, que alcanza los 1,4 GW. En su actividad de comercializaci\u00f3n, el grupo presidido por Jos\u00e9 El\u00edas Navarro provee electricidad y gas a aproximadamente 380.000 clientes en Espa\u00f1a, Portugal, Italia, Alemania, Polonia, Holanda y Hungr\u00eda, y lidera el segmento PYME en Espa\u00f1a como comercializadora independiente. Audax empez\u00f3 a cotizar en el mercado secundario espa\u00f1ol en 2003, y en 2007 dio el salto al mercado continuo. Actualmente, forma parte de los \u00edndices IBEX Small Cap\u00ae y MSCI World Small Cap. Su capitalizaci\u00f3n burs\u00e1til alcanza los 500 millones de euros, y cuenta con un equipo de aproximadamente 800 profesionales.<\/span><\/span><\/span><\/span><\/p>\n\n\n\n<p>&nbsp;<\/p>\n\n\n\n<p><span style=\"font-size: 10.0pt;\"><span style=\"font-family: 'PF BeauSans Pro';\">Para m\u00e1s informaci\u00f3n, visita <\/span><\/span><span style=\"font-size: 11.0pt;\"><span style=\"font-family: 'Microsoft Sans Serif',sans-serif;\"><a style=\"color: blue; text-decoration: underline;\" href=\"http:\/\/www.audaxrenovables.com\/\"><span style=\"font-size: 10.0pt;\"><span style=\"font-family: 'PF BeauSans Pro';\"><span style=\"color: #4471c4;\">www.audaxrenovables.com<\/span><\/span><\/span><span style=\"font-size: 10.0pt;\"><span style=\"font-family: 'PF BeauSans Pro';\"><span style=\"text-decoration: none;\"><span style=\"text-underline: none;\">.<\/span><\/span><\/span><\/span><\/a><\/span><\/span><\/p>\n","protected":false},"excerpt":{"rendered":"<p>Audax Renovables incrementa su EBITDA un 47% La compa\u00f1\u00eda aumenta su margen bruto un 41% durante los tres primeros meses del a\u00f1o, hasta los 50,9 millones de euros, mientras que su resultado neto se incrementa un 18%, alcanzando los 2,4 millones. El Consejo de Administraci\u00f3n aprueba el Plan Estrat\u00e9gico de Sostenibilidad 2023-2025 que define m\u00e1s [&hellip;]<\/p>\n","protected":false},"author":1,"featured_media":2434,"comment_status":"closed","ping_status":"open","sticky":false,"template":"","format":"standard","meta":{"content-type":"","footnotes":""},"categories":[1],"tags":[],"class_list":["post-2435","post","type-post","status-publish","format-standard","has-post-thumbnail","hentry","category-sin-categoria"],"yoast_head":"<!-- This site is optimized with the Yoast SEO plugin v23.5 - https:\/\/yoast.com\/wordpress\/plugins\/seo\/ -->\n<title>Audax Renovables incrementa su EBITDA un 47%<\/title>\n<meta name=\"description\" content=\"Audax Renovables incrementa su EBITDA un 47%\" \/>\n<meta name=\"robots\" content=\"index, follow, max-snippet:-1, max-image-preview:large, max-video-preview:-1\" \/>\n<link rel=\"canonical\" href=\"https:\/\/www.audaxrenovables.es\/es\/audax-renewables-increases-its-ebitda-by-47\/\" \/>\n<meta property=\"og:locale\" content=\"es_ES\" \/>\n<meta property=\"og:type\" content=\"article\" \/>\n<meta property=\"og:title\" content=\"Audax Renovables incrementa su EBITDA un 47%\" \/>\n<meta property=\"og:description\" content=\"Audax Renovables incrementa su EBITDA un 47%\" \/>\n<meta property=\"og:url\" content=\"https:\/\/www.audaxrenovables.es\/es\/audax-renewables-increases-its-ebitda-by-47\/\" \/>\n<meta property=\"og:site_name\" content=\"Audax Renovables\" \/>\n<meta property=\"article:published_time\" content=\"2023-05-11T06:18:46+00:00\" \/>\n<meta property=\"article:modified_time\" content=\"2023-11-16T10:28:47+00:00\" \/>\n<meta property=\"og:image\" content=\"https:\/\/www.audaxrenovables.es\/wp-content\/uploads\/2023\/06\/110523.jpg.jpg\" \/>\n\t<meta property=\"og:image:width\" content=\"713\" \/>\n\t<meta property=\"og:image:height\" content=\"403\" \/>\n\t<meta property=\"og:image:type\" content=\"image\/jpeg\" \/>\n<meta name=\"author\" content=\"adminadx\" \/>\n<meta name=\"twitter:card\" content=\"summary_large_image\" \/>\n<meta name=\"twitter:label1\" content=\"Escrito por\" \/>\n\t<meta name=\"twitter:data1\" content=\"adminadx\" \/>\n\t<meta name=\"twitter:label2\" content=\"Tiempo de lectura\" \/>\n\t<meta name=\"twitter:data2\" content=\"6 minutos\" \/>\n<!-- \/ Yoast SEO plugin. -->","yoast_head_json":{"title":"Audax Renovables incrementa su EBITDA un 47%","description":"Audax Renovables incrementa su EBITDA un 47%","robots":{"index":"index","follow":"follow","max-snippet":"max-snippet:-1","max-image-preview":"max-image-preview:large","max-video-preview":"max-video-preview:-1"},"canonical":"https:\/\/www.audaxrenovables.es\/es\/audax-renewables-increases-its-ebitda-by-47\/","og_locale":"es_ES","og_type":"article","og_title":"Audax Renovables incrementa su EBITDA un 47%","og_description":"Audax Renovables incrementa su EBITDA un 47%","og_url":"https:\/\/www.audaxrenovables.es\/es\/audax-renewables-increases-its-ebitda-by-47\/","og_site_name":"Audax Renovables","article_published_time":"2023-05-11T06:18:46+00:00","article_modified_time":"2023-11-16T10:28:47+00:00","og_image":[{"width":713,"height":403,"url":"https:\/\/www.audaxrenovables.es\/wp-content\/uploads\/2023\/06\/110523.jpg.jpg","type":"image\/jpeg"}],"author":"adminadx","twitter_card":"summary_large_image","twitter_misc":{"Escrito por":"adminadx","Tiempo de lectura":"6 minutos"},"schema":{"@context":"https:\/\/schema.org","@graph":[{"@type":"Article","@id":"https:\/\/www.audaxrenovables.es\/en\/audax-renewables-increases-its-ebitda-by-47\/#article","isPartOf":{"@id":"https:\/\/www.audaxrenovables.es\/en\/audax-renewables-increases-its-ebitda-by-47\/"},"author":{"name":"adminadx","@id":"https:\/\/www.audaxrenovables.es\/ca\/#\/schema\/person\/39323131dc9a121279e4e63ed89ffbea"},"headline":"Audax Renovables incrementa su EBITDA un 47%","datePublished":"2023-05-11T06:18:46+00:00","dateModified":"2023-11-16T10:28:47+00:00","mainEntityOfPage":{"@id":"https:\/\/www.audaxrenovables.es\/en\/audax-renewables-increases-its-ebitda-by-47\/"},"wordCount":1350,"publisher":{"@id":"https:\/\/www.audaxrenovables.es\/ca\/#organization"},"image":{"@id":"https:\/\/www.audaxrenovables.es\/en\/audax-renewables-increases-its-ebitda-by-47\/#primaryimage"},"thumbnailUrl":"https:\/\/www.audaxrenovables.es\/wp-content\/uploads\/2023\/06\/110523.jpg.jpg","inLanguage":"es"},{"@type":["WebPage","ItemPage"],"@id":"https:\/\/www.audaxrenovables.es\/en\/audax-renewables-increases-its-ebitda-by-47\/","url":"https:\/\/www.audaxrenovables.es\/en\/audax-renewables-increases-its-ebitda-by-47\/","name":"Audax Renovables incrementa su EBITDA un 47%","isPartOf":{"@id":"https:\/\/www.audaxrenovables.es\/ca\/#website"},"primaryImageOfPage":{"@id":"https:\/\/www.audaxrenovables.es\/en\/audax-renewables-increases-its-ebitda-by-47\/#primaryimage"},"image":{"@id":"https:\/\/www.audaxrenovables.es\/en\/audax-renewables-increases-its-ebitda-by-47\/#primaryimage"},"thumbnailUrl":"https:\/\/www.audaxrenovables.es\/wp-content\/uploads\/2023\/06\/110523.jpg.jpg","datePublished":"2023-05-11T06:18:46+00:00","dateModified":"2023-11-16T10:28:47+00:00","description":"Audax Renovables incrementa su EBITDA un 47%","breadcrumb":{"@id":"https:\/\/www.audaxrenovables.es\/en\/audax-renewables-increases-its-ebitda-by-47\/#breadcrumb"},"inLanguage":"es","potentialAction":[{"@type":"ReadAction","target":["https:\/\/www.audaxrenovables.es\/en\/audax-renewables-increases-its-ebitda-by-47\/"]}]},{"@type":"ImageObject","inLanguage":"es","@id":"https:\/\/www.audaxrenovables.es\/en\/audax-renewables-increases-its-ebitda-by-47\/#primaryimage","url":"https:\/\/www.audaxrenovables.es\/wp-content\/uploads\/2023\/06\/110523.jpg.jpg","contentUrl":"https:\/\/www.audaxrenovables.es\/wp-content\/uploads\/2023\/06\/110523.jpg.jpg","width":713,"height":403},{"@type":"BreadcrumbList","@id":"https:\/\/www.audaxrenovables.es\/en\/audax-renewables-increases-its-ebitda-by-47\/#breadcrumb","itemListElement":[{"@type":"ListItem","position":1,"name":"Portada","item":"https:\/\/www.audaxrenovables.es\/es\/"},{"@type":"ListItem","position":2,"name":"Audax Renovables incrementa su EBITDA un 47%"}]},{"@type":"WebSite","@id":"https:\/\/www.audaxrenovables.es\/ca\/#website","url":"https:\/\/www.audaxrenovables.es\/ca\/","name":"Audax Renovables","description":"Compa\u00f1\u00eda independiente dedicada a la producci\u00f3n de energ\u00eda el\u00e9ctrica a partir de fuentes de energ\u00eda 100% renovables","publisher":{"@id":"https:\/\/www.audaxrenovables.es\/ca\/#organization"},"potentialAction":[{"@type":"SearchAction","target":{"@type":"EntryPoint","urlTemplate":"https:\/\/www.audaxrenovables.es\/ca\/?s={search_term_string}"},"query-input":{"@type":"PropertyValueSpecification","valueRequired":true,"valueName":"search_term_string"}}],"inLanguage":"es"},{"@type":"Organization","@id":"https:\/\/www.audaxrenovables.es\/ca\/#organization","name":"Audax Renovables","alternateName":"Audax Energ\u00eda","url":"https:\/\/www.audaxrenovables.es\/ca\/","logo":{"@type":"ImageObject","inLanguage":"es","@id":"https:\/\/www.audaxrenovables.es\/ca\/#\/schema\/logo\/image\/","url":"https:\/\/www.audaxrenovables.es\/wp-content\/uploads\/2023\/04\/logo.png","contentUrl":"https:\/\/www.audaxrenovables.es\/wp-content\/uploads\/2023\/04\/logo.png","width":197,"height":125,"caption":"Audax Renovables"},"image":{"@id":"https:\/\/www.audaxrenovables.es\/ca\/#\/schema\/logo\/image\/"},"sameAs":["https:\/\/www.instagram.com\/audaxrenovables\/","https:\/\/x.com\/AudaxRenovables","https:\/\/www.youtube.com\/user\/AudaxEnergia","https:\/\/www.tiktok.com\/@audaxrenovables","https:\/\/www.linkedin.com\/company\/203502\/admin\/"]},{"@type":"Person","@id":"https:\/\/www.audaxrenovables.es\/ca\/#\/schema\/person\/39323131dc9a121279e4e63ed89ffbea","name":"adminadx","image":{"@type":"ImageObject","inLanguage":"es","@id":"https:\/\/www.audaxrenovables.es\/ca\/#\/schema\/person\/image\/","url":"https:\/\/secure.gravatar.com\/avatar\/60b4d621160a422b02f2d19db7066f73c964c792ce03f3da9d36f40a41bdd2e6?s=96&d=mm&r=g","contentUrl":"https:\/\/secure.gravatar.com\/avatar\/60b4d621160a422b02f2d19db7066f73c964c792ce03f3da9d36f40a41bdd2e6?s=96&d=mm&r=g","caption":"adminadx"},"sameAs":["https:\/\/audaxrenovables.es"]}]}},"_links":{"self":[{"href":"https:\/\/www.audaxrenovables.es\/es\/wp-json\/wp\/v2\/posts\/2435","targetHints":{"allow":["GET"]}}],"collection":[{"href":"https:\/\/www.audaxrenovables.es\/es\/wp-json\/wp\/v2\/posts"}],"about":[{"href":"https:\/\/www.audaxrenovables.es\/es\/wp-json\/wp\/v2\/types\/post"}],"author":[{"embeddable":true,"href":"https:\/\/www.audaxrenovables.es\/es\/wp-json\/wp\/v2\/users\/1"}],"replies":[{"embeddable":true,"href":"https:\/\/www.audaxrenovables.es\/es\/wp-json\/wp\/v2\/comments?post=2435"}],"version-history":[{"count":4,"href":"https:\/\/www.audaxrenovables.es\/es\/wp-json\/wp\/v2\/posts\/2435\/revisions"}],"predecessor-version":[{"id":3328,"href":"https:\/\/www.audaxrenovables.es\/es\/wp-json\/wp\/v2\/posts\/2435\/revisions\/3328"}],"wp:featuredmedia":[{"embeddable":true,"href":"https:\/\/www.audaxrenovables.es\/es\/wp-json\/wp\/v2\/media\/2434"}],"wp:attachment":[{"href":"https:\/\/www.audaxrenovables.es\/es\/wp-json\/wp\/v2\/media?parent=2435"}],"wp:term":[{"taxonomy":"category","embeddable":true,"href":"https:\/\/www.audaxrenovables.es\/es\/wp-json\/wp\/v2\/categories?post=2435"},{"taxonomy":"post_tag","embeddable":true,"href":"https:\/\/www.audaxrenovables.es\/es\/wp-json\/wp\/v2\/tags?post=2435"}],"curies":[{"name":"wp","href":"https:\/\/api.w.org\/{rel}","templated":true}]}}