{"id":2439,"date":"2023-03-22T11:44:18","date_gmt":"2023-03-22T11:44:18","guid":{"rendered":"https:\/\/audaxrenovables.es\/audax-y-ceoe-cepyme-renuevan-su-convenio-de-colaboracion\/"},"modified":"2023-11-16T10:44:11","modified_gmt":"2023-11-16T10:44:11","slug":"audax-y-ceoe-cepyme-renuevan-su-convenio-de-colaboracion","status":"publish","type":"post","link":"https:\/\/www.audaxrenovables.es\/es\/audax-y-ceoe-cepyme-renuevan-su-convenio-de-colaboracion\/","title":{"rendered":"Audax Renovables y CEOE-CEPYME Guadalajara renuevan su convenio de colaboraci\u00f3n"},"content":{"rendered":"\n<figure class=\"wp-block-image\"><img decoding=\"async\" src=\"https:\/\/www.audaxrenovables.es\/uploads\/2023\/03\/22\/0384b1cca24d99b1d6e55b70d7c27291.jpg\" alt=\"\"\/><\/figure>\n\n\n\n<h1 class=\"wp-block-heading\">Audax Renovables y CEOE-CEPYME Guadalajara renuevan su convenio de colaboraci\u00f3n<\/h1>\n\n\n\n<div class=\"wp-block-cover\" style=\"border-width:50px;border-radius:100px;min-height:90vh;aspect-ratio:unset;\"><span aria-hidden=\"true\" class=\"wp-block-cover__background has-background-dim\"><\/span><img fetchpriority=\"high\" decoding=\"async\" width=\"713\" height=\"403\" src=\"https:\/\/www.audaxrenovables.es\/wp-content\/uploads\/2023\/06\/22.jpg.jpg\" class=\"wp-block-cover__image-background wp-post-image\" alt=\"\" data-object-fit=\"cover\" srcset=\"https:\/\/www.audaxrenovables.es\/wp-content\/uploads\/2023\/06\/22.jpg.jpg 713w, https:\/\/www.audaxrenovables.es\/wp-content\/uploads\/2023\/06\/22.jpg-300x170.jpg 300w\" sizes=\"(max-width: 713px) 100vw, 713px\" \/><div class=\"wp-block-cover__inner-container has-global-padding is-layout-constrained wp-block-cover-is-layout-constrained\">\n<p class=\"has-text-align-center has-large-font-size\"><\/p>\n<\/div><\/div>\n\n\n\n<blockquote class=\"wp-block-quote is-layout-flow wp-block-quote-is-layout-flow\">\n<p>Gracias al acuerdo, los socios de la patronal podr\u00e1n solicitar un estudio sobre su consumo para ahorrar en sus costes energ\u00e9ticos y se les asesorar\u00e1 sobre los productos m\u00e1s convenientes.<br>La compa\u00f1\u00eda cuenta con cuatro plantas fotovoltaicas en Guadalajara que suman una potencia de 21,87 MW.<\/p>\n<\/blockquote>\n\n\n\n<p>Guadalajara, 22 de marzo de 2023, CEOE-CEPYME Guadalajara buscando mejorar la eficacia y eficiencia de las empresas de la provincia de Guadalajara, ha renovado su convenio de colaboraci\u00f3n con Audax Renovables, empresa de referencia en el sector energ\u00e9tico, dedicada a la generaci\u00f3n de energ\u00eda 100% de origen renovable y a la comercializaci\u00f3n de electricidad y gas.&nbsp;<\/p>\n\n\n\n<p>El Grupo Audax contin\u00faa con su apuesta por la provincia, ya que cuenta con cuatro plantas fotovoltaicas en Guadalajara que suman una potencia de 21,87 MW. Las plantas fotovoltaicas de Alberizas I, II, III y IV, con una potencia de 5 MW, que est\u00e1n ubicadas en el municipio de Torija. En el municipio de Fontanar est\u00e1 la planta fotovoltaica de Ca\u00f1amares, con una potencia de 5 MW y la planta de La Miranda, con una potencia de 6,87 MW. Adem\u00e1s, las plantas fotovoltaicas Carolinas I y II, con una potencia de 5 MW en total, se encuentran en el municipio de El Casar.&nbsp;<\/p>\n\n\n\n<p>El convenio ha sido firmado por Pedro Hern\u00e1ndez, vicepresidente de CEOE-CEPYME Guadalajara y por parte de Audax Renovables por \u00d3scar Santos Juv\u00e9, Director General de Audax Renovables, acompa\u00f1ado de Marc Farriol, Director Comercial Corporativo. Al acto tambi\u00e9n asisti\u00f3 \u00d3scar Rodr\u00edguez, gerente de EnerSpain, empresa colaboradora de Audax Renovables.&nbsp;<\/p>\n\n\n\n<p>Gracias a este convenio los socios de la Patronal alcarre\u00f1a podr\u00e1n acceder a un estudio de su consumo energ\u00e9tico, al mismo tiempo que se les asesorar\u00e1 sobre los diferentes productos para ahorrar en sus costes energ\u00e9ticos. Audax Renovables les ofrecer\u00e1 tarifas de luz 100% de origen renovable, gas natural, as\u00ed como todo un portfolio de servicios y productos de eficiencia energ\u00e9tica como la instalaci\u00f3n de placas fotovoltaicas o los puntos de recarga de veh\u00edculos.&nbsp;<\/p>\n\n\n\n<p>Aquellas empresas, pymes y aut\u00f3nomos socios de CEOE-CEPYME interesados en los beneficios de este nuevo convenio suscrito por la Patronal alcarre\u00f1a, pueden informarse en www.ceoeguadalajara.es o escribiendo a convenioceoe@audaxrenovables.com, as\u00ed como en los tel\u00e9fonos 949492989 o en el 689105306 donde desde su departamento de atenci\u00f3n al cliente se realizar\u00e1 un estudio personalizado y ajustado a las condiciones del mencionado convenio.&nbsp;<\/p>\n\n\n\n<p>Sobre Audax Renovables<\/p>\n\n\n\n<p>Fundado en el a\u00f1o 2000, Audax Renovables es un grupo energ\u00e9tico espa\u00f1ol integrado verticalmente que genera 100 % energ\u00eda de origen renovable y suministra electricidad y gas a clientes de 7 pa\u00edses europeos.<\/p>\n\n\n\n<p>Actualmente, cuenta con una cartera de parques e\u00f3licos y fotovoltaicos en Espa\u00f1a, Portugal, Italia, Francia, Polonia y Panam\u00e1 en operaci\u00f3n, en construcci\u00f3n y en distintas fases de desarrollo que supera 1GW. En su actividad de comercializaci\u00f3n, el grupo presidido por Jos\u00e9 El\u00edas Navarro provee de energ\u00eda renovable y gas a m\u00e1s de 380.000 clientes en Espa\u00f1a, Portugal, Italia, Alemania, Polonia, Holanda y Hungr\u00eda, y lidera el segmento pyme en Iberia. Audax empez\u00f3 a cotizar en el mercado secundario espa\u00f1ol en 2003, y en 2007 dio el salto al mercado continuo, en el que pas\u00f3 a formar parte del \u00edndice IBEX SMALL CAP \u00ae en marzo de 2020. Actualmente, su capitalizaci\u00f3n burs\u00e1til supera los 600 millones de euros, y cuenta con un equipo de m\u00e1s de 800 profesionales.<\/p>\n","protected":false},"excerpt":{"rendered":"<p>Audax Renovables y CEOE-CEPYME Guadalajara renuevan su convenio de colaboraci\u00f3n Gracias al acuerdo, los socios de la patronal podr\u00e1n solicitar un estudio sobre su consumo para ahorrar en sus costes energ\u00e9ticos y se les asesorar\u00e1 sobre los productos m\u00e1s convenientes.La compa\u00f1\u00eda cuenta con cuatro plantas fotovoltaicas en Guadalajara que suman una potencia de 21,87 MW. [&hellip;]<\/p>\n","protected":false},"author":1,"featured_media":2438,"comment_status":"closed","ping_status":"open","sticky":false,"template":"","format":"standard","meta":{"content-type":"","footnotes":""},"categories":[1],"tags":[],"class_list":["post-2439","post","type-post","status-publish","format-standard","has-post-thumbnail","hentry","category-sin-categoria"],"yoast_head":"<!-- This site is optimized with the Yoast SEO plugin v23.5 - https:\/\/yoast.com\/wordpress\/plugins\/seo\/ -->\n<title>Audax Renovables y CEOE-CEPYME Guadalajara renuevan su convenio de colaboraci?n<\/title>\n<meta name=\"description\" content=\"Audax y CEOE-CEPYME renuevan su convenio de colaboraci?n\" \/>\n<meta name=\"robots\" content=\"index, follow, max-snippet:-1, max-image-preview:large, max-video-preview:-1\" \/>\n<link rel=\"canonical\" href=\"https:\/\/www.audaxrenovables.es\/es\/audax-and-ceoe-cepyme-renew-their-collaboration-agreement\/\" \/>\n<meta property=\"og:locale\" content=\"es_ES\" \/>\n<meta property=\"og:type\" content=\"article\" \/>\n<meta property=\"og:title\" content=\"Audax Renovables y CEOE-CEPYME Guadalajara renuevan su convenio de colaboraci?n\" \/>\n<meta property=\"og:description\" content=\"Audax y CEOE-CEPYME renuevan su convenio de colaboraci?n\" \/>\n<meta property=\"og:url\" content=\"https:\/\/www.audaxrenovables.es\/es\/audax-and-ceoe-cepyme-renew-their-collaboration-agreement\/\" \/>\n<meta property=\"og:site_name\" content=\"Audax Renovables\" \/>\n<meta property=\"article:published_time\" content=\"2023-03-22T11:44:18+00:00\" \/>\n<meta property=\"article:modified_time\" content=\"2023-11-16T10:44:11+00:00\" \/>\n<meta property=\"og:image\" content=\"https:\/\/www.audaxrenovables.es\/wp-content\/uploads\/2023\/06\/22.jpg.jpg\" \/>\n\t<meta property=\"og:image:width\" content=\"713\" \/>\n\t<meta property=\"og:image:height\" content=\"403\" \/>\n\t<meta property=\"og:image:type\" content=\"image\/jpeg\" \/>\n<meta name=\"author\" content=\"adminadx\" \/>\n<meta name=\"twitter:card\" content=\"summary_large_image\" \/>\n<meta name=\"twitter:label1\" content=\"Escrito por\" \/>\n\t<meta name=\"twitter:data1\" content=\"adminadx\" \/>\n\t<meta name=\"twitter:label2\" content=\"Tiempo de lectura\" \/>\n\t<meta name=\"twitter:data2\" content=\"3 minutos\" \/>\n<!-- \/ Yoast SEO plugin. -->","yoast_head_json":{"title":"Audax Renovables y CEOE-CEPYME Guadalajara renuevan su convenio de colaboraci?n","description":"Audax y CEOE-CEPYME renuevan su convenio de colaboraci?n","robots":{"index":"index","follow":"follow","max-snippet":"max-snippet:-1","max-image-preview":"max-image-preview:large","max-video-preview":"max-video-preview:-1"},"canonical":"https:\/\/www.audaxrenovables.es\/es\/audax-and-ceoe-cepyme-renew-their-collaboration-agreement\/","og_locale":"es_ES","og_type":"article","og_title":"Audax Renovables y CEOE-CEPYME Guadalajara renuevan su convenio de colaboraci?n","og_description":"Audax y CEOE-CEPYME renuevan su convenio de colaboraci?n","og_url":"https:\/\/www.audaxrenovables.es\/es\/audax-and-ceoe-cepyme-renew-their-collaboration-agreement\/","og_site_name":"Audax Renovables","article_published_time":"2023-03-22T11:44:18+00:00","article_modified_time":"2023-11-16T10:44:11+00:00","og_image":[{"width":713,"height":403,"url":"https:\/\/www.audaxrenovables.es\/wp-content\/uploads\/2023\/06\/22.jpg.jpg","type":"image\/jpeg"}],"author":"adminadx","twitter_card":"summary_large_image","twitter_misc":{"Escrito por":"adminadx","Tiempo de lectura":"3 minutos"},"schema":{"@context":"https:\/\/schema.org","@graph":[{"@type":"Article","@id":"https:\/\/www.audaxrenovables.es\/en\/audax-and-ceoe-cepyme-renew-their-collaboration-agreement\/#article","isPartOf":{"@id":"https:\/\/www.audaxrenovables.es\/en\/audax-and-ceoe-cepyme-renew-their-collaboration-agreement\/"},"author":{"name":"adminadx","@id":"https:\/\/www.audaxrenovables.es\/ca\/#\/schema\/person\/39323131dc9a121279e4e63ed89ffbea"},"headline":"Audax Renovables y CEOE-CEPYME Guadalajara renuevan su convenio de colaboraci\u00f3n","datePublished":"2023-03-22T11:44:18+00:00","dateModified":"2023-11-16T10:44:11+00:00","mainEntityOfPage":{"@id":"https:\/\/www.audaxrenovables.es\/en\/audax-and-ceoe-cepyme-renew-their-collaboration-agreement\/"},"wordCount":605,"publisher":{"@id":"https:\/\/www.audaxrenovables.es\/ca\/#organization"},"image":{"@id":"https:\/\/www.audaxrenovables.es\/en\/audax-and-ceoe-cepyme-renew-their-collaboration-agreement\/#primaryimage"},"thumbnailUrl":"https:\/\/www.audaxrenovables.es\/wp-content\/uploads\/2023\/06\/22.jpg.jpg","inLanguage":"es"},{"@type":["WebPage","ItemPage"],"@id":"https:\/\/www.audaxrenovables.es\/en\/audax-and-ceoe-cepyme-renew-their-collaboration-agreement\/","url":"https:\/\/www.audaxrenovables.es\/en\/audax-and-ceoe-cepyme-renew-their-collaboration-agreement\/","name":"Audax Renovables y CEOE-CEPYME Guadalajara renuevan su convenio de colaboraci?n","isPartOf":{"@id":"https:\/\/www.audaxrenovables.es\/ca\/#website"},"primaryImageOfPage":{"@id":"https:\/\/www.audaxrenovables.es\/en\/audax-and-ceoe-cepyme-renew-their-collaboration-agreement\/#primaryimage"},"image":{"@id":"https:\/\/www.audaxrenovables.es\/en\/audax-and-ceoe-cepyme-renew-their-collaboration-agreement\/#primaryimage"},"thumbnailUrl":"https:\/\/www.audaxrenovables.es\/wp-content\/uploads\/2023\/06\/22.jpg.jpg","datePublished":"2023-03-22T11:44:18+00:00","dateModified":"2023-11-16T10:44:11+00:00","description":"Audax y CEOE-CEPYME renuevan su convenio de colaboraci?n","breadcrumb":{"@id":"https:\/\/www.audaxrenovables.es\/en\/audax-and-ceoe-cepyme-renew-their-collaboration-agreement\/#breadcrumb"},"inLanguage":"es","potentialAction":[{"@type":"ReadAction","target":["https:\/\/www.audaxrenovables.es\/en\/audax-and-ceoe-cepyme-renew-their-collaboration-agreement\/"]}]},{"@type":"ImageObject","inLanguage":"es","@id":"https:\/\/www.audaxrenovables.es\/en\/audax-and-ceoe-cepyme-renew-their-collaboration-agreement\/#primaryimage","url":"https:\/\/www.audaxrenovables.es\/wp-content\/uploads\/2023\/06\/22.jpg.jpg","contentUrl":"https:\/\/www.audaxrenovables.es\/wp-content\/uploads\/2023\/06\/22.jpg.jpg","width":713,"height":403},{"@type":"BreadcrumbList","@id":"https:\/\/www.audaxrenovables.es\/en\/audax-and-ceoe-cepyme-renew-their-collaboration-agreement\/#breadcrumb","itemListElement":[{"@type":"ListItem","position":1,"name":"Portada","item":"https:\/\/www.audaxrenovables.es\/es\/"},{"@type":"ListItem","position":2,"name":"Audax Renovables y CEOE-CEPYME Guadalajara renuevan su convenio de colaboraci\u00f3n"}]},{"@type":"WebSite","@id":"https:\/\/www.audaxrenovables.es\/ca\/#website","url":"https:\/\/www.audaxrenovables.es\/ca\/","name":"Audax Renovables","description":"Compa\u00f1\u00eda independiente dedicada a la producci\u00f3n de energ\u00eda el\u00e9ctrica a partir de fuentes de energ\u00eda 100% renovables","publisher":{"@id":"https:\/\/www.audaxrenovables.es\/ca\/#organization"},"potentialAction":[{"@type":"SearchAction","target":{"@type":"EntryPoint","urlTemplate":"https:\/\/www.audaxrenovables.es\/ca\/?s={search_term_string}"},"query-input":{"@type":"PropertyValueSpecification","valueRequired":true,"valueName":"search_term_string"}}],"inLanguage":"es"},{"@type":"Organization","@id":"https:\/\/www.audaxrenovables.es\/ca\/#organization","name":"Audax Renovables","alternateName":"Audax Energ\u00eda","url":"https:\/\/www.audaxrenovables.es\/ca\/","logo":{"@type":"ImageObject","inLanguage":"es","@id":"https:\/\/www.audaxrenovables.es\/ca\/#\/schema\/logo\/image\/","url":"https:\/\/www.audaxrenovables.es\/wp-content\/uploads\/2023\/04\/logo.png","contentUrl":"https:\/\/www.audaxrenovables.es\/wp-content\/uploads\/2023\/04\/logo.png","width":197,"height":125,"caption":"Audax Renovables"},"image":{"@id":"https:\/\/www.audaxrenovables.es\/ca\/#\/schema\/logo\/image\/"},"sameAs":["https:\/\/www.instagram.com\/audaxrenovables\/","https:\/\/x.com\/AudaxRenovables","https:\/\/www.youtube.com\/user\/AudaxEnergia","https:\/\/www.tiktok.com\/@audaxrenovables","https:\/\/www.linkedin.com\/company\/203502\/admin\/"]},{"@type":"Person","@id":"https:\/\/www.audaxrenovables.es\/ca\/#\/schema\/person\/39323131dc9a121279e4e63ed89ffbea","name":"adminadx","image":{"@type":"ImageObject","inLanguage":"es","@id":"https:\/\/www.audaxrenovables.es\/ca\/#\/schema\/person\/image\/","url":"https:\/\/secure.gravatar.com\/avatar\/60b4d621160a422b02f2d19db7066f73c964c792ce03f3da9d36f40a41bdd2e6?s=96&d=mm&r=g","contentUrl":"https:\/\/secure.gravatar.com\/avatar\/60b4d621160a422b02f2d19db7066f73c964c792ce03f3da9d36f40a41bdd2e6?s=96&d=mm&r=g","caption":"adminadx"},"sameAs":["https:\/\/audaxrenovables.es"]}]}},"_links":{"self":[{"href":"https:\/\/www.audaxrenovables.es\/es\/wp-json\/wp\/v2\/posts\/2439","targetHints":{"allow":["GET"]}}],"collection":[{"href":"https:\/\/www.audaxrenovables.es\/es\/wp-json\/wp\/v2\/posts"}],"about":[{"href":"https:\/\/www.audaxrenovables.es\/es\/wp-json\/wp\/v2\/types\/post"}],"author":[{"embeddable":true,"href":"https:\/\/www.audaxrenovables.es\/es\/wp-json\/wp\/v2\/users\/1"}],"replies":[{"embeddable":true,"href":"https:\/\/www.audaxrenovables.es\/es\/wp-json\/wp\/v2\/comments?post=2439"}],"version-history":[{"count":2,"href":"https:\/\/www.audaxrenovables.es\/es\/wp-json\/wp\/v2\/posts\/2439\/revisions"}],"predecessor-version":[{"id":3338,"href":"https:\/\/www.audaxrenovables.es\/es\/wp-json\/wp\/v2\/posts\/2439\/revisions\/3338"}],"wp:featuredmedia":[{"embeddable":true,"href":"https:\/\/www.audaxrenovables.es\/es\/wp-json\/wp\/v2\/media\/2438"}],"wp:attachment":[{"href":"https:\/\/www.audaxrenovables.es\/es\/wp-json\/wp\/v2\/media?parent=2439"}],"wp:term":[{"taxonomy":"category","embeddable":true,"href":"https:\/\/www.audaxrenovables.es\/es\/wp-json\/wp\/v2\/categories?post=2439"},{"taxonomy":"post_tag","embeddable":true,"href":"https:\/\/www.audaxrenovables.es\/es\/wp-json\/wp\/v2\/tags?post=2439"}],"curies":[{"name":"wp","href":"https:\/\/api.w.org\/{rel}","templated":true}]}}