{"id":2449,"date":"2022-12-28T07:55:04","date_gmt":"2022-12-28T07:55:04","guid":{"rendered":"https:\/\/audaxrenovables.es\/audax-renovables-inicia-la-construccion-de-22-mwp-de-su-portfolio-solar-de-generacion\/"},"modified":"2023-06-20T11:37:56","modified_gmt":"2023-06-20T11:37:56","slug":"audax-renovables-inicia-la-construccion-de-22-mwp-de-su-portfolio-solar-de-generacion","status":"publish","type":"post","link":"https:\/\/www.audaxrenovables.es\/es\/audax-renovables-inicia-la-construccion-de-22-mwp-de-su-portfolio-solar-de-generacion\/","title":{"rendered":"Audax Renovables inicia la construcci\u00f3n de 22 MWp de su portfolio solar de generaci\u00f3n"},"content":{"rendered":"<p><img decoding=\"async\" class=\"adx_img_post\" src=\"https:\/\/www.audaxrenovables.es\/uploads\/2022\/12\/28\/b1b6918768062d78100fc654b52dda55.jpg\"><\/p>\n<h1 class=\"adx_tit_post\">Audax Renovables inicia la construcci\u00f3n de 22 MWp de su portfolio solar de generaci\u00f3n<\/h1>\n<blockquote>\n<ul>\n<li>Con una inversi\u00f3n de aproximadamente 16 millones de euros, los proyectos de Cuatro Caminos 1, Cuatro Caminos 2, Cuatro Caminos 3 y Cuatro Caminos 4 contar\u00e1n con una potencia total de 21,87 MWp<br \/>\n&nbsp;<\/li>\n<li>Los futuros proyectos se ubican en el municipio de Cabanillas del Campo, provincia de Guadalajara.<\/li>\n<\/ul>\n<\/blockquote>\n<p>28 DE DICIEMBRE DE 2022.\u2013 Audax Renovables (ADX.MC), grupo energ\u00e9tico espa\u00f1ol integrado verticalmente que genera y suministra electricidad 100% renovable y gas a clientes de 7 pa\u00edses, ha anunciado el inicio de la construcci\u00f3n de cuatro proyectos fotovoltaicos localizados en el municipio de Cabanillas del Campo, en la provincia de Guadalajara, que sumar\u00e1n una potencia total de 21,87 MWp.<\/p>\n<p>En l\u00ednea con su estrategia de seguir impulsando su actividad de generaci\u00f3n a trav\u00e9s de los distintos proyectos que forman su porfolio, Audax tiene previsto invertir en su construcci\u00f3n aproximadamente 16 millones de euros.<\/p>\n<p>El proyecto contar\u00e1 con 39.489 m\u00f3dulos de 550 Wp con seguidor a 1 eje categor\u00eda Tier-1, lo que permitir\u00e1 generar 40,5 GWh\/a\u00f1o, el equivalente al consumo energ\u00e9tico de casi 11.500 hogares y de alrededor de 36.000 personas. Su apuesta por la energ\u00eda limpia evitar\u00e1 la emisi\u00f3n a la atm\u00f3sfera de unas 8.250 toneladas de CO2 al a\u00f1o.<\/p>\n<p>Dicha instalaci\u00f3n se conectar\u00e1 a la Subestaci\u00f3n de Cabanillas del Campo y con una l\u00ednea de evacuaci\u00f3n propia de poco m\u00e1s de 5 kil\u00f3metros, estimando que el per\u00edodo de construcci\u00f3n sea de aproximadamente 1 a\u00f1o ya que contempla una parada biol\u00f3gica para el per\u00edodo de marzo a junio. La compa\u00f1\u00eda asegura el acompa\u00f1amiento de las obras con contratistas de primer nivel que cumplen con altos est\u00e1ndares de calidad bajo la modalidad de contrato EPC (llave en mano).<\/p>\n<p>Para la construcci\u00f3n de los proyectos referidos, el Grupo se encuentra en una fase muy avanzada en las negociaciones para la consecuci\u00f3n de la financiaci\u00f3n adecuada. Financiaci\u00f3n que ser\u00e1 sin recurso, siguiendo la misma estructura que en otros proyectos anteriores de la cartera de generaci\u00f3n.<\/p>\n<p>Audax cuenta en la actualidad con 226 MW de potencia ya instalada y 19,2 MWp en fase de puesta en marcha, relativa a los proyectos fotovoltaicos de La Miranda y Zarat\u00e1n 1 y 2.<\/p>\n<p>Estos proyectos se enmarcan en la decidida apuesta y estrategia del Grupo Audax de aumentar su cartera de generaci\u00f3n 100% renovable incrementando su portfolio de cartera de generaci\u00f3n, ya sea mediante crecimiento org\u00e1nico o mediante el cierre de acuerdos de compra, con el objetivo de suministrar a sus clientes energ\u00eda de origen renovable producida en sus propias plantas.<\/p>\n<p><strong>Para m\u00e1s informaci\u00f3n:<\/strong><\/p>\n<p>Roman<\/p>\n<p>Gin\u00e9s Ca\u00f1abate<br \/>\ng.canabate@romanrm.com | (+34) 649 214 470<\/p>\n<p>Patricia Gonz\u00e1lez<br \/>\np.gonzalez@romanrm.com | (+34) 915 915 500<\/p>\n<p><strong>Sobre Audax Renovables<\/strong><\/p>\n<p>Fundado en el a\u00f1o 2000, Audax Renovables es un grupo energ\u00e9tico espa\u00f1ol integrado verticalmente que genera y suministra electricidad 100% renovable y gas a clientes de siete pa\u00edses europeos. Actualmente, cuenta con una cartera de parques e\u00f3licos y fotovoltaicos en Espa\u00f1a, Portugal, Italia, Francia, Polonia y Panam\u00e1 en operaci\u00f3n, en construcci\u00f3n y en distintas fases de desarrollo que asciende a 2.536 MW. En su actividad de comercializaci\u00f3n, el grupo presidido por Jos\u00e9 El\u00edas Navarro provee de energ\u00eda renovable y gas a m\u00e1s de 396 mil clientes en Espa\u00f1a, Portugal, Italia, Alemania, Polonia, Holanda y Hungr\u00eda, y lidera el segmento pyme en Espa\u00f1a. Audax empez\u00f3 a cotizar en el mercado secundario espa\u00f1ol en 2003, y en 2007 dio el salto al mercado continuo, en el que pas\u00f3 a formar parte del \u00edndice IBEX SMALL CAP \u00ae en marzo de 2020. En los 9 primeros meses de 2022 su facturaci\u00f3n alcanz\u00f3 los 2.033 millones de euros, y cuenta con un equipo de m\u00e1s de 800 profesionales<\/p>\n","protected":false},"excerpt":{"rendered":"<p>Audax Renovables inicia la construcci\u00f3n de 22 MWp de su portfolio solar de generaci\u00f3n Con una inversi\u00f3n de aproximadamente 16 millones de euros, los proyectos de Cuatro Caminos 1, Cuatro Caminos 2, Cuatro Caminos 3 y Cuatro Caminos 4 contar\u00e1n con una potencia total de 21,87 MWp &nbsp; Los futuros proyectos se ubican en el [&hellip;]<\/p>\n","protected":false},"author":1,"featured_media":2448,"comment_status":"closed","ping_status":"open","sticky":false,"template":"","format":"standard","meta":{"content-type":"","footnotes":""},"categories":[1],"tags":[],"class_list":["post-2449","post","type-post","status-publish","format-standard","has-post-thumbnail","hentry","category-sin-categoria"],"yoast_head":"<!-- This site is optimized with the Yoast SEO plugin v23.5 - https:\/\/yoast.com\/wordpress\/plugins\/seo\/ -->\n<title>Audax Renovables inicia la construcci?n de 22 MWp de su portfolio solar de generaci?n<\/title>\n<meta name=\"description\" content=\"Audax Renovables inicia la construcci?n de 22 MWp de su portfolio solar de generaci?n\" \/>\n<meta name=\"robots\" content=\"index, follow, max-snippet:-1, max-image-preview:large, max-video-preview:-1\" \/>\n<link rel=\"canonical\" href=\"https:\/\/www.audaxrenovables.es\/es\/audax-renewables-begins-the-construction-of-22-mwp-of-its-solar-generation-portfolio\/\" \/>\n<meta property=\"og:locale\" content=\"es_ES\" \/>\n<meta property=\"og:type\" content=\"article\" \/>\n<meta property=\"og:title\" content=\"Audax Renovables inicia la construcci?n de 22 MWp de su portfolio solar de generaci?n\" \/>\n<meta property=\"og:description\" content=\"Audax Renovables inicia la construcci?n de 22 MWp de su portfolio solar de generaci?n\" \/>\n<meta property=\"og:url\" content=\"https:\/\/www.audaxrenovables.es\/es\/audax-renewables-begins-the-construction-of-22-mwp-of-its-solar-generation-portfolio\/\" \/>\n<meta property=\"og:site_name\" content=\"Audax Renovables\" \/>\n<meta property=\"article:published_time\" content=\"2022-12-28T07:55:04+00:00\" \/>\n<meta property=\"article:modified_time\" content=\"2023-06-20T11:37:56+00:00\" \/>\n<meta property=\"og:image\" content=\"https:\/\/www.audaxrenovables.es\/wp-content\/uploads\/2023\/06\/Foto-NP-4Caminos.jpg.jpg\" \/>\n\t<meta property=\"og:image:width\" content=\"713\" \/>\n\t<meta property=\"og:image:height\" content=\"403\" \/>\n\t<meta property=\"og:image:type\" content=\"image\/jpeg\" \/>\n<meta name=\"author\" content=\"adminadx\" \/>\n<meta name=\"twitter:card\" content=\"summary_large_image\" \/>\n<meta name=\"twitter:label1\" content=\"Escrito por\" \/>\n\t<meta name=\"twitter:data1\" content=\"adminadx\" \/>\n\t<meta name=\"twitter:label2\" content=\"Tiempo de lectura\" \/>\n\t<meta name=\"twitter:data2\" content=\"4 minutos\" \/>\n<!-- \/ Yoast SEO plugin. -->","yoast_head_json":{"title":"Audax Renovables inicia la construcci?n de 22 MWp de su portfolio solar de generaci?n","description":"Audax Renovables inicia la construcci?n de 22 MWp de su portfolio solar de generaci?n","robots":{"index":"index","follow":"follow","max-snippet":"max-snippet:-1","max-image-preview":"max-image-preview:large","max-video-preview":"max-video-preview:-1"},"canonical":"https:\/\/www.audaxrenovables.es\/es\/audax-renewables-begins-the-construction-of-22-mwp-of-its-solar-generation-portfolio\/","og_locale":"es_ES","og_type":"article","og_title":"Audax Renovables inicia la construcci?n de 22 MWp de su portfolio solar de generaci?n","og_description":"Audax Renovables inicia la construcci?n de 22 MWp de su portfolio solar de generaci?n","og_url":"https:\/\/www.audaxrenovables.es\/es\/audax-renewables-begins-the-construction-of-22-mwp-of-its-solar-generation-portfolio\/","og_site_name":"Audax Renovables","article_published_time":"2022-12-28T07:55:04+00:00","article_modified_time":"2023-06-20T11:37:56+00:00","og_image":[{"width":713,"height":403,"url":"https:\/\/www.audaxrenovables.es\/wp-content\/uploads\/2023\/06\/Foto-NP-4Caminos.jpg.jpg","type":"image\/jpeg"}],"author":"adminadx","twitter_card":"summary_large_image","twitter_misc":{"Escrito por":"adminadx","Tiempo de lectura":"4 minutos"},"schema":{"@context":"https:\/\/schema.org","@graph":[{"@type":"Article","@id":"https:\/\/www.audaxrenovables.es\/en\/audax-renewables-begins-the-construction-of-22-mwp-of-its-solar-generation-portfolio\/#article","isPartOf":{"@id":"https:\/\/www.audaxrenovables.es\/en\/audax-renewables-begins-the-construction-of-22-mwp-of-its-solar-generation-portfolio\/"},"author":{"name":"adminadx","@id":"https:\/\/www.audaxrenovables.es\/ca\/#\/schema\/person\/39323131dc9a121279e4e63ed89ffbea"},"headline":"Audax Renovables inicia la construcci\u00f3n de 22 MWp de su portfolio solar de generaci\u00f3n","datePublished":"2022-12-28T07:55:04+00:00","dateModified":"2023-06-20T11:37:56+00:00","mainEntityOfPage":{"@id":"https:\/\/www.audaxrenovables.es\/en\/audax-renewables-begins-the-construction-of-22-mwp-of-its-solar-generation-portfolio\/"},"wordCount":656,"publisher":{"@id":"https:\/\/www.audaxrenovables.es\/ca\/#organization"},"image":{"@id":"https:\/\/www.audaxrenovables.es\/en\/audax-renewables-begins-the-construction-of-22-mwp-of-its-solar-generation-portfolio\/#primaryimage"},"thumbnailUrl":"https:\/\/www.audaxrenovables.es\/wp-content\/uploads\/2023\/06\/Foto-NP-4Caminos.jpg.jpg","inLanguage":"es"},{"@type":["WebPage","ItemPage"],"@id":"https:\/\/www.audaxrenovables.es\/en\/audax-renewables-begins-the-construction-of-22-mwp-of-its-solar-generation-portfolio\/","url":"https:\/\/www.audaxrenovables.es\/en\/audax-renewables-begins-the-construction-of-22-mwp-of-its-solar-generation-portfolio\/","name":"Audax Renovables inicia la construcci?n de 22 MWp de su portfolio solar de generaci?n","isPartOf":{"@id":"https:\/\/www.audaxrenovables.es\/ca\/#website"},"primaryImageOfPage":{"@id":"https:\/\/www.audaxrenovables.es\/en\/audax-renewables-begins-the-construction-of-22-mwp-of-its-solar-generation-portfolio\/#primaryimage"},"image":{"@id":"https:\/\/www.audaxrenovables.es\/en\/audax-renewables-begins-the-construction-of-22-mwp-of-its-solar-generation-portfolio\/#primaryimage"},"thumbnailUrl":"https:\/\/www.audaxrenovables.es\/wp-content\/uploads\/2023\/06\/Foto-NP-4Caminos.jpg.jpg","datePublished":"2022-12-28T07:55:04+00:00","dateModified":"2023-06-20T11:37:56+00:00","description":"Audax Renovables inicia la construcci?n de 22 MWp de su portfolio solar de generaci?n","breadcrumb":{"@id":"https:\/\/www.audaxrenovables.es\/en\/audax-renewables-begins-the-construction-of-22-mwp-of-its-solar-generation-portfolio\/#breadcrumb"},"inLanguage":"es","potentialAction":[{"@type":"ReadAction","target":["https:\/\/www.audaxrenovables.es\/en\/audax-renewables-begins-the-construction-of-22-mwp-of-its-solar-generation-portfolio\/"]}]},{"@type":"ImageObject","inLanguage":"es","@id":"https:\/\/www.audaxrenovables.es\/en\/audax-renewables-begins-the-construction-of-22-mwp-of-its-solar-generation-portfolio\/#primaryimage","url":"https:\/\/www.audaxrenovables.es\/wp-content\/uploads\/2023\/06\/Foto-NP-4Caminos.jpg.jpg","contentUrl":"https:\/\/www.audaxrenovables.es\/wp-content\/uploads\/2023\/06\/Foto-NP-4Caminos.jpg.jpg","width":713,"height":403},{"@type":"BreadcrumbList","@id":"https:\/\/www.audaxrenovables.es\/en\/audax-renewables-begins-the-construction-of-22-mwp-of-its-solar-generation-portfolio\/#breadcrumb","itemListElement":[{"@type":"ListItem","position":1,"name":"Portada","item":"https:\/\/www.audaxrenovables.es\/es\/"},{"@type":"ListItem","position":2,"name":"Audax Renovables inicia la construcci\u00f3n de 22 MWp de su portfolio solar de generaci\u00f3n"}]},{"@type":"WebSite","@id":"https:\/\/www.audaxrenovables.es\/ca\/#website","url":"https:\/\/www.audaxrenovables.es\/ca\/","name":"Audax Renovables","description":"Compa\u00f1\u00eda independiente dedicada a la producci\u00f3n de energ\u00eda el\u00e9ctrica a partir de fuentes de energ\u00eda 100% renovables","publisher":{"@id":"https:\/\/www.audaxrenovables.es\/ca\/#organization"},"potentialAction":[{"@type":"SearchAction","target":{"@type":"EntryPoint","urlTemplate":"https:\/\/www.audaxrenovables.es\/ca\/?s={search_term_string}"},"query-input":{"@type":"PropertyValueSpecification","valueRequired":true,"valueName":"search_term_string"}}],"inLanguage":"es"},{"@type":"Organization","@id":"https:\/\/www.audaxrenovables.es\/ca\/#organization","name":"Audax Renovables","alternateName":"Audax Energ\u00eda","url":"https:\/\/www.audaxrenovables.es\/ca\/","logo":{"@type":"ImageObject","inLanguage":"es","@id":"https:\/\/www.audaxrenovables.es\/ca\/#\/schema\/logo\/image\/","url":"https:\/\/www.audaxrenovables.es\/wp-content\/uploads\/2023\/04\/logo.png","contentUrl":"https:\/\/www.audaxrenovables.es\/wp-content\/uploads\/2023\/04\/logo.png","width":197,"height":125,"caption":"Audax Renovables"},"image":{"@id":"https:\/\/www.audaxrenovables.es\/ca\/#\/schema\/logo\/image\/"},"sameAs":["https:\/\/www.instagram.com\/audaxrenovables\/","https:\/\/x.com\/AudaxRenovables","https:\/\/www.youtube.com\/user\/AudaxEnergia","https:\/\/www.tiktok.com\/@audaxrenovables","https:\/\/www.linkedin.com\/company\/203502\/admin\/"]},{"@type":"Person","@id":"https:\/\/www.audaxrenovables.es\/ca\/#\/schema\/person\/39323131dc9a121279e4e63ed89ffbea","name":"adminadx","image":{"@type":"ImageObject","inLanguage":"es","@id":"https:\/\/www.audaxrenovables.es\/ca\/#\/schema\/person\/image\/","url":"https:\/\/secure.gravatar.com\/avatar\/60b4d621160a422b02f2d19db7066f73c964c792ce03f3da9d36f40a41bdd2e6?s=96&d=mm&r=g","contentUrl":"https:\/\/secure.gravatar.com\/avatar\/60b4d621160a422b02f2d19db7066f73c964c792ce03f3da9d36f40a41bdd2e6?s=96&d=mm&r=g","caption":"adminadx"},"sameAs":["https:\/\/audaxrenovables.es"]}]}},"_links":{"self":[{"href":"https:\/\/www.audaxrenovables.es\/es\/wp-json\/wp\/v2\/posts\/2449","targetHints":{"allow":["GET"]}}],"collection":[{"href":"https:\/\/www.audaxrenovables.es\/es\/wp-json\/wp\/v2\/posts"}],"about":[{"href":"https:\/\/www.audaxrenovables.es\/es\/wp-json\/wp\/v2\/types\/post"}],"author":[{"embeddable":true,"href":"https:\/\/www.audaxrenovables.es\/es\/wp-json\/wp\/v2\/users\/1"}],"replies":[{"embeddable":true,"href":"https:\/\/www.audaxrenovables.es\/es\/wp-json\/wp\/v2\/comments?post=2449"}],"version-history":[{"count":1,"href":"https:\/\/www.audaxrenovables.es\/es\/wp-json\/wp\/v2\/posts\/2449\/revisions"}],"predecessor-version":[{"id":2775,"href":"https:\/\/www.audaxrenovables.es\/es\/wp-json\/wp\/v2\/posts\/2449\/revisions\/2775"}],"wp:featuredmedia":[{"embeddable":true,"href":"https:\/\/www.audaxrenovables.es\/es\/wp-json\/wp\/v2\/media\/2448"}],"wp:attachment":[{"href":"https:\/\/www.audaxrenovables.es\/es\/wp-json\/wp\/v2\/media?parent=2449"}],"wp:term":[{"taxonomy":"category","embeddable":true,"href":"https:\/\/www.audaxrenovables.es\/es\/wp-json\/wp\/v2\/categories?post=2449"},{"taxonomy":"post_tag","embeddable":true,"href":"https:\/\/www.audaxrenovables.es\/es\/wp-json\/wp\/v2\/tags?post=2449"}],"curies":[{"name":"wp","href":"https:\/\/api.w.org\/{rel}","templated":true}]}}