{"id":2493,"date":"2021-12-17T09:33:38","date_gmt":"2021-12-17T09:33:38","guid":{"rendered":"https:\/\/audaxrenovables.es\/audax-adquiere-un-proyecto-fotovoltaico-en-la-provincia-de-valladolid\/"},"modified":"2023-06-20T11:40:11","modified_gmt":"2023-06-20T11:40:11","slug":"audax-adquiere-un-proyecto-fotovoltaico-en-la-provincia-de-valladolid","status":"publish","type":"post","link":"https:\/\/www.audaxrenovables.es\/es\/audax-adquiere-un-proyecto-fotovoltaico-en-la-provincia-de-valladolid\/","title":{"rendered":"Audax adquiere un proyecto fotovoltaico en la provincia de Valladolid"},"content":{"rendered":"<p><img decoding=\"async\" class=\"adx_img_post\" src=\"https:\/\/www.audaxrenovables.es\/uploads\/2021\/12\/17\/40b7a3facb5ba3b22a560716ce14f846.jpg\"><\/p>\n<h1 class=\"adx_tit_post\">Audax adquiere un proyecto fotovoltaico en la provincia de Valladolid<\/h1>\n<blockquote><p>Situado en el municipio de Cigu\u00f1uela, el proyecto de Zarat\u00e1n ser\u00e1 la primera instalaci\u00f3n de la compa\u00f1\u00eda en Castilla y Le\u00f3n.<\/p>\n<p>Producir\u00e1 12,36 MWp, y, durante su ciclo de vida, dar\u00e1 trabajo a 80 personas de forma directa e indirecta y evitar\u00e1 la emisi\u00f3n a la atm\u00f3sfera de 3.840 toneladas de CO2 al a\u00f1o.<\/p><\/blockquote>\n<p>17 DE DICIEMBRE DE 2021.\u2013 Audax Renovables (ADX.MC), grupo energ\u00e9tico espa\u00f1ol integrado verticalmente que genera energ\u00eda 100% renovable y suministra electricidad y gas a clientes de 7 pa\u00edses europeos, anuncia la adquisici\u00f3n del proyecto fotovoltaico Zarat\u00e1n, en el municipio de Cigu\u00f1uela (Valladolid), que ya cuenta con todos los permisos administrativos para iniciar su construcci\u00f3n a principios de 2022.<\/p>\n<p>La planta ocupar\u00e1 una superficie total de 25 hect\u00e1reas, tendr\u00e1 una potencia total de 12,36 MWp y ser\u00e1 la primera instalaci\u00f3n de Audax en Castilla y Le\u00f3n. Durante su construcci\u00f3n, a la que la compa\u00f1\u00eda prev\u00e9 destinar ente 7 y 8 millones de euros, Audax prev\u00e9 que genere alrededor de 70 empleos directos e indirectos en su entorno m\u00e1s inmediato, y, una vez en operaci\u00f3n, dar\u00e1 trabajo a alrededor de 10 profesionales tambi\u00e9n de forma directa e indirecta.<\/p>\n<p>La instalaci\u00f3n de esta planta permitir\u00e1 generar en Valladolid el equivalente al consumo energ\u00e9tico de casi 5.500 hogares y de alrededor de 17.000 personas, y su apuesta por la energ\u00eda limpia evitar\u00e1 la emisi\u00f3n a la atm\u00f3sfera de 3.840 toneladas de CO2 al a\u00f1o.<\/p>\n<p>Jos\u00e9 El\u00edas Navarro, Presidente de Audax Renovables, ha declarado al hilo de este anuncio que \u201cel cumplimiento de nuestro plan estrat\u00e9gico pasa por desarrollar nuestra actual cartera, pero tambi\u00e9n por aprovechar oportunidades como esta, que nos permite incorporar un proyecto \u2018ready to build\u2019 que empezaremos a construir entre los meses de enero y febrero de 2022. Seguimos atentos a oportunidades de compra de otros proyectos o carteras fotovoltaicas que nos permitan acelerar la incorporaci\u00f3n de nueva potencia instalada\u201d.<\/p>\n<p>A 30 de septiembre, Audax produjo 140 GW repartidos entre instalaciones en Espa\u00f1a, Francia y Polonia, y nuestro pa\u00eds represent\u00f3 el 67% del total. A principios de 2021, el grupo incorpor\u00f3 a su cartera 1.968 MW en Espa\u00f1a, Italia y Portugal que prev\u00e9 poner en marcha en los pr\u00f3ximos 5 a\u00f1os. De estos proyectos, en el presente ejercicio han entrado en operaci\u00f3n 15 MWp de las plantas de Ca\u00f1amares y Carolinas I y II, 40 MWp de los proyectos de Zarzuela I, II, II y IV en la provincia de Toledo y de Alberizas I, II, III y IV, en la provincia de Guadalajara. Y se encuentran en la fase final de construcci\u00f3n 14,5 MWp de los proyectos de Los Arenales, El Toconal y Cala\u00f1as, que entrar\u00e1n en operaci\u00f3n en las pr\u00f3ximas semanas.<\/p>\n<p>Sobre Audax Renovables<\/p>\n<p>Fundado en el a\u00f1o 2000, Audax Renovables es un grupo energ\u00e9tico espa\u00f1ol integrado verticalmente que genera energ\u00eda 100% de origen renovable y suministra electricidad y gas a clientes de siete pa\u00edses europeos. Actualmente, cuenta con una cartera de parques e\u00f3licos y fotovoltaicos en Espa\u00f1a, Portugal, Italia, Francia, Polonia y Panam\u00e1 en operaci\u00f3n, en construcci\u00f3n y en distintas fases de desarrollo que asciende a 2.524 MW. En su actividad de comercializaci\u00f3n, el grupo presidido por Jos\u00e9 El\u00edas Navarro provee de energ\u00eda renovable y gas a m\u00e1s de 544.000 clientes en Espa\u00f1a, Portugal, Italia, Alemania, Polonia, Holanda y Hungr\u00eda, y lidera el segmento pyme en Iberia. Audax empez\u00f3 a cotizar en el mercado secundario espa\u00f1ol en 2003, y en 2007 dio el salto al mercado continuo, en el que pas\u00f3 a formar parte del \u00edndice IBEX SMALL CAP \u00ae en marzo de 2020. Actualmente, su capitalizaci\u00f3n burs\u00e1til supera los 600 millones de euros, y cuenta con un equipo de m\u00e1s de 800 profesionales.<\/p>\n<p>&nbsp;<\/p>\n","protected":false},"excerpt":{"rendered":"<p>Audax adquiere un proyecto fotovoltaico en la provincia de Valladolid Situado en el municipio de Cigu\u00f1uela, el proyecto de Zarat\u00e1n ser\u00e1 la primera instalaci\u00f3n de la compa\u00f1\u00eda en Castilla y Le\u00f3n. Producir\u00e1 12,36 MWp, y, durante su ciclo de vida, dar\u00e1 trabajo a 80 personas de forma directa e indirecta y evitar\u00e1 la emisi\u00f3n a [&hellip;]<\/p>\n","protected":false},"author":1,"featured_media":2492,"comment_status":"closed","ping_status":"open","sticky":false,"template":"","format":"standard","meta":{"content-type":"","footnotes":""},"categories":[1],"tags":[],"class_list":["post-2493","post","type-post","status-publish","format-standard","has-post-thumbnail","hentry","category-sin-categoria"],"yoast_head":"<!-- This site is optimized with the Yoast SEO plugin v23.5 - https:\/\/yoast.com\/wordpress\/plugins\/seo\/ -->\n<title>Audax adquiere un proyecto fotovoltaico en la provincia de Valladolid<\/title>\n<meta name=\"description\" content=\"Audax adquiere un proyecto fotovoltaico en la provincia de Valladolid\" \/>\n<meta name=\"robots\" content=\"index, follow, max-snippet:-1, max-image-preview:large, max-video-preview:-1\" \/>\n<link rel=\"canonical\" href=\"https:\/\/www.audaxrenovables.es\/es\/audax-adquiere-un-proyecto-fotovoltaico-en-la-provincia-de-valladolid\/\" \/>\n<meta property=\"og:locale\" content=\"es_ES\" \/>\n<meta property=\"og:type\" content=\"article\" \/>\n<meta property=\"og:title\" content=\"Audax adquiere un proyecto fotovoltaico en la provincia de Valladolid\" \/>\n<meta property=\"og:description\" content=\"Audax adquiere un proyecto fotovoltaico en la provincia de Valladolid\" \/>\n<meta property=\"og:url\" content=\"https:\/\/www.audaxrenovables.es\/es\/audax-adquiere-un-proyecto-fotovoltaico-en-la-provincia-de-valladolid\/\" \/>\n<meta property=\"og:site_name\" content=\"Audax Renovables\" \/>\n<meta property=\"article:published_time\" content=\"2021-12-17T09:33:38+00:00\" \/>\n<meta property=\"article:modified_time\" content=\"2023-06-20T11:40:11+00:00\" \/>\n<meta property=\"og:image\" content=\"https:\/\/www.audaxrenovables.es\/wp-content\/uploads\/2023\/06\/noticia.jpg.jpg\" \/>\n\t<meta property=\"og:image:width\" content=\"713\" \/>\n\t<meta property=\"og:image:height\" content=\"403\" \/>\n\t<meta property=\"og:image:type\" content=\"image\/jpeg\" \/>\n<meta name=\"author\" content=\"adminadx\" \/>\n<meta name=\"twitter:card\" content=\"summary_large_image\" \/>\n<meta name=\"twitter:label1\" content=\"Escrito por\" \/>\n\t<meta name=\"twitter:data1\" content=\"adminadx\" \/>\n\t<meta name=\"twitter:label2\" content=\"Tiempo de lectura\" \/>\n\t<meta name=\"twitter:data2\" content=\"4 minutos\" \/>\n<!-- \/ Yoast SEO plugin. -->","yoast_head_json":{"title":"Audax adquiere un proyecto fotovoltaico en la provincia de Valladolid","description":"Audax adquiere un proyecto fotovoltaico en la provincia de Valladolid","robots":{"index":"index","follow":"follow","max-snippet":"max-snippet:-1","max-image-preview":"max-image-preview:large","max-video-preview":"max-video-preview:-1"},"canonical":"https:\/\/www.audaxrenovables.es\/es\/audax-adquiere-un-proyecto-fotovoltaico-en-la-provincia-de-valladolid\/","og_locale":"es_ES","og_type":"article","og_title":"Audax adquiere un proyecto fotovoltaico en la provincia de Valladolid","og_description":"Audax adquiere un proyecto fotovoltaico en la provincia de Valladolid","og_url":"https:\/\/www.audaxrenovables.es\/es\/audax-adquiere-un-proyecto-fotovoltaico-en-la-provincia-de-valladolid\/","og_site_name":"Audax Renovables","article_published_time":"2021-12-17T09:33:38+00:00","article_modified_time":"2023-06-20T11:40:11+00:00","og_image":[{"width":713,"height":403,"url":"https:\/\/www.audaxrenovables.es\/wp-content\/uploads\/2023\/06\/noticia.jpg.jpg","type":"image\/jpeg"}],"author":"adminadx","twitter_card":"summary_large_image","twitter_misc":{"Escrito por":"adminadx","Tiempo de lectura":"4 minutos"},"schema":{"@context":"https:\/\/schema.org","@graph":[{"@type":"Article","@id":"https:\/\/www.audaxrenovables.es\/es\/audax-adquiere-un-proyecto-fotovoltaico-en-la-provincia-de-valladolid\/#article","isPartOf":{"@id":"https:\/\/www.audaxrenovables.es\/es\/audax-adquiere-un-proyecto-fotovoltaico-en-la-provincia-de-valladolid\/"},"author":{"name":"adminadx","@id":"https:\/\/www.audaxrenovables.es\/ca\/#\/schema\/person\/39323131dc9a121279e4e63ed89ffbea"},"headline":"Audax adquiere un proyecto fotovoltaico en la provincia de Valladolid","datePublished":"2021-12-17T09:33:38+00:00","dateModified":"2023-06-20T11:40:11+00:00","mainEntityOfPage":{"@id":"https:\/\/www.audaxrenovables.es\/es\/audax-adquiere-un-proyecto-fotovoltaico-en-la-provincia-de-valladolid\/"},"wordCount":659,"publisher":{"@id":"https:\/\/www.audaxrenovables.es\/ca\/#organization"},"image":{"@id":"https:\/\/www.audaxrenovables.es\/es\/audax-adquiere-un-proyecto-fotovoltaico-en-la-provincia-de-valladolid\/#primaryimage"},"thumbnailUrl":"https:\/\/www.audaxrenovables.es\/wp-content\/uploads\/2023\/06\/noticia.jpg.jpg","inLanguage":"es"},{"@type":["WebPage","ItemPage"],"@id":"https:\/\/www.audaxrenovables.es\/es\/audax-adquiere-un-proyecto-fotovoltaico-en-la-provincia-de-valladolid\/","url":"https:\/\/www.audaxrenovables.es\/es\/audax-adquiere-un-proyecto-fotovoltaico-en-la-provincia-de-valladolid\/","name":"Audax adquiere un proyecto fotovoltaico en la provincia de Valladolid","isPartOf":{"@id":"https:\/\/www.audaxrenovables.es\/ca\/#website"},"primaryImageOfPage":{"@id":"https:\/\/www.audaxrenovables.es\/es\/audax-adquiere-un-proyecto-fotovoltaico-en-la-provincia-de-valladolid\/#primaryimage"},"image":{"@id":"https:\/\/www.audaxrenovables.es\/es\/audax-adquiere-un-proyecto-fotovoltaico-en-la-provincia-de-valladolid\/#primaryimage"},"thumbnailUrl":"https:\/\/www.audaxrenovables.es\/wp-content\/uploads\/2023\/06\/noticia.jpg.jpg","datePublished":"2021-12-17T09:33:38+00:00","dateModified":"2023-06-20T11:40:11+00:00","description":"Audax adquiere un proyecto fotovoltaico en la provincia de Valladolid","breadcrumb":{"@id":"https:\/\/www.audaxrenovables.es\/es\/audax-adquiere-un-proyecto-fotovoltaico-en-la-provincia-de-valladolid\/#breadcrumb"},"inLanguage":"es","potentialAction":[{"@type":"ReadAction","target":["https:\/\/www.audaxrenovables.es\/es\/audax-adquiere-un-proyecto-fotovoltaico-en-la-provincia-de-valladolid\/"]}]},{"@type":"ImageObject","inLanguage":"es","@id":"https:\/\/www.audaxrenovables.es\/es\/audax-adquiere-un-proyecto-fotovoltaico-en-la-provincia-de-valladolid\/#primaryimage","url":"https:\/\/www.audaxrenovables.es\/wp-content\/uploads\/2023\/06\/noticia.jpg.jpg","contentUrl":"https:\/\/www.audaxrenovables.es\/wp-content\/uploads\/2023\/06\/noticia.jpg.jpg","width":713,"height":403},{"@type":"BreadcrumbList","@id":"https:\/\/www.audaxrenovables.es\/es\/audax-adquiere-un-proyecto-fotovoltaico-en-la-provincia-de-valladolid\/#breadcrumb","itemListElement":[{"@type":"ListItem","position":1,"name":"Portada","item":"https:\/\/www.audaxrenovables.es\/es\/"},{"@type":"ListItem","position":2,"name":"Audax adquiere un proyecto fotovoltaico en la provincia de Valladolid"}]},{"@type":"WebSite","@id":"https:\/\/www.audaxrenovables.es\/ca\/#website","url":"https:\/\/www.audaxrenovables.es\/ca\/","name":"Audax Renovables","description":"Compa\u00f1\u00eda independiente dedicada a la producci\u00f3n de energ\u00eda el\u00e9ctrica a partir de fuentes de energ\u00eda 100% renovables","publisher":{"@id":"https:\/\/www.audaxrenovables.es\/ca\/#organization"},"potentialAction":[{"@type":"SearchAction","target":{"@type":"EntryPoint","urlTemplate":"https:\/\/www.audaxrenovables.es\/ca\/?s={search_term_string}"},"query-input":{"@type":"PropertyValueSpecification","valueRequired":true,"valueName":"search_term_string"}}],"inLanguage":"es"},{"@type":"Organization","@id":"https:\/\/www.audaxrenovables.es\/ca\/#organization","name":"Audax Renovables","alternateName":"Audax Energ\u00eda","url":"https:\/\/www.audaxrenovables.es\/ca\/","logo":{"@type":"ImageObject","inLanguage":"es","@id":"https:\/\/www.audaxrenovables.es\/ca\/#\/schema\/logo\/image\/","url":"https:\/\/www.audaxrenovables.es\/wp-content\/uploads\/2023\/04\/logo.png","contentUrl":"https:\/\/www.audaxrenovables.es\/wp-content\/uploads\/2023\/04\/logo.png","width":197,"height":125,"caption":"Audax Renovables"},"image":{"@id":"https:\/\/www.audaxrenovables.es\/ca\/#\/schema\/logo\/image\/"},"sameAs":["https:\/\/www.instagram.com\/audaxrenovables\/","https:\/\/x.com\/AudaxRenovables","https:\/\/www.youtube.com\/user\/AudaxEnergia","https:\/\/www.tiktok.com\/@audaxrenovables","https:\/\/www.linkedin.com\/company\/203502\/admin\/"]},{"@type":"Person","@id":"https:\/\/www.audaxrenovables.es\/ca\/#\/schema\/person\/39323131dc9a121279e4e63ed89ffbea","name":"adminadx","image":{"@type":"ImageObject","inLanguage":"es","@id":"https:\/\/www.audaxrenovables.es\/ca\/#\/schema\/person\/image\/","url":"https:\/\/secure.gravatar.com\/avatar\/60b4d621160a422b02f2d19db7066f73c964c792ce03f3da9d36f40a41bdd2e6?s=96&d=mm&r=g","contentUrl":"https:\/\/secure.gravatar.com\/avatar\/60b4d621160a422b02f2d19db7066f73c964c792ce03f3da9d36f40a41bdd2e6?s=96&d=mm&r=g","caption":"adminadx"},"sameAs":["https:\/\/audaxrenovables.es"]}]}},"_links":{"self":[{"href":"https:\/\/www.audaxrenovables.es\/es\/wp-json\/wp\/v2\/posts\/2493","targetHints":{"allow":["GET"]}}],"collection":[{"href":"https:\/\/www.audaxrenovables.es\/es\/wp-json\/wp\/v2\/posts"}],"about":[{"href":"https:\/\/www.audaxrenovables.es\/es\/wp-json\/wp\/v2\/types\/post"}],"author":[{"embeddable":true,"href":"https:\/\/www.audaxrenovables.es\/es\/wp-json\/wp\/v2\/users\/1"}],"replies":[{"embeddable":true,"href":"https:\/\/www.audaxrenovables.es\/es\/wp-json\/wp\/v2\/comments?post=2493"}],"version-history":[{"count":1,"href":"https:\/\/www.audaxrenovables.es\/es\/wp-json\/wp\/v2\/posts\/2493\/revisions"}],"predecessor-version":[{"id":2796,"href":"https:\/\/www.audaxrenovables.es\/es\/wp-json\/wp\/v2\/posts\/2493\/revisions\/2796"}],"wp:featuredmedia":[{"embeddable":true,"href":"https:\/\/www.audaxrenovables.es\/es\/wp-json\/wp\/v2\/media\/2492"}],"wp:attachment":[{"href":"https:\/\/www.audaxrenovables.es\/es\/wp-json\/wp\/v2\/media?parent=2493"}],"wp:term":[{"taxonomy":"category","embeddable":true,"href":"https:\/\/www.audaxrenovables.es\/es\/wp-json\/wp\/v2\/categories?post=2493"},{"taxonomy":"post_tag","embeddable":true,"href":"https:\/\/www.audaxrenovables.es\/es\/wp-json\/wp\/v2\/tags?post=2493"}],"curies":[{"name":"wp","href":"https:\/\/api.w.org\/{rel}","templated":true}]}}