{"id":2501,"date":"2021-09-30T06:13:58","date_gmt":"2021-09-30T06:13:58","guid":{"rendered":"https:\/\/audaxrenovables.es\/audax-renovables-apuesta-por-ganar-cuota-de-mercado-en-el-primer-semestre-de-2021\/"},"modified":"2023-06-20T11:40:52","modified_gmt":"2023-06-20T11:40:52","slug":"audax-renovables-apuesta-por-ganar-cuota-de-mercado-en-el-primer-semestre-de-2021","status":"publish","type":"post","link":"https:\/\/www.audaxrenovables.es\/es\/audax-renovables-apuesta-por-ganar-cuota-de-mercado-en-el-primer-semestre-de-2021\/","title":{"rendered":"Audax Renovables apuesta por ganar cuota de mercado en el primer semestre de 2021"},"content":{"rendered":"<p><img decoding=\"async\" class=\"adx_img_post\" src=\"https:\/\/www.audaxrenovables.es\/uploads\/2021\/09\/30\/4d5c8188883c1223a3ce7c536298eb03.jpg\"><\/p>\n<h1 class=\"adx_tit_post\">Audax Renovables apuesta por ganar cuota de mercado en el primer semestre de 2021<\/h1>\n<blockquote><p>\u2022&nbsp;&nbsp; &nbsp;Incrementa de forma notable sus ingresos hasta rozar los 700 millones de euros.<br \/>\n\u2022&nbsp;&nbsp; &nbsp;El Margen Bruto alcanz\u00f3 en el primer semestre de 2021 los 54 millones de euros, mientras que el EBITDA se ha situado en los 18,2 millones de euros<br \/>\n\u2022&nbsp;&nbsp; &nbsp;El sobresaliente incremento de su cartera de clientes permite al Grupo Audax mantenerse como la primera comercializadora independiente de luz en el segmento PYME en Espa\u00f1a.<\/p><\/blockquote>\n<p>Audax Renovables (ADX.MC), el grupo energ\u00e9tico que integra los negocios de generaci\u00f3n y comercializaci\u00f3n de electricidad 100% renovable y gas, ha incrementado, en el primer semestre del ejercicio, sus ingresos en un 71% respecto al mismo per\u00edodo de a\u00f1o anterior, hasta situarlos en 692 millones de euros. En este mismo per\u00edodo, el EBITDA del Grupo se ha situado en 18,2 millones de euros, un 20% inferior, obteniendo un resultado negativo de 3,6 millones de euros, todo ello teniendo en cuenta las actuales circunstancias excepcionales de los mercados.<br \/>\n&nbsp;&nbsp;<br \/>\nEn un contexto a\u00fan marcado por los efectos de la pandemia de la COVID-19, el primer semestre de 2021 sigue englobando una mejora gradual del sentimiento econ\u00f3mico a nivel mundial, principalmente explicado por el avance continuado de la vacunaci\u00f3n. No obstante, y ante un evidente aumento paulatino del consumo, las expectativas de recuperaci\u00f3n y crecimiento mundial han provocado, entre otros factores, un incremento muy acusado del precio de las materias primas.<\/p>\n<p>Con la adversa coyuntura del mercado energ\u00e9tico, visto el fuerte aumento de precios en el mercado mayorista, as\u00ed como su volatilidad, es a\u00fan m\u00e1s conveniente, desde el punto de vista estrat\u00e9gico, la integraci\u00f3n vertical de las actividades de generaci\u00f3n y comercializaci\u00f3n de electricidad de Audax Renovables, con el fin de evitar dicha volatilidad del precio del pool y apostar por energ\u00edas renovables que no precisen la compra de materias primas tales como el CO2 ni el gas natural.<\/p>\n<p>En relaci\u00f3n con la actividad de generaci\u00f3n, con un portfolio de 2,5GW, el Grupo ha continuado con sus operaciones en el desarrollo, la construcci\u00f3n y puesta en marcha de sus proyectos, todo ello pese al lento avance por parte de algunos organismos para la realizaci\u00f3n de los tr\u00e1mites de puesta en marcha.<\/p>\n<p>En cuanto a la actividad de comercializaci\u00f3n, la compa\u00f1\u00eda incrementa un 43% los clientes en el primer semestre del a\u00f1o, situ\u00e1ndose en 549 mil, en una clara apuesta por ganar cuota de mercado a futuro, tanto en clientes como en energ\u00eda suministrada, con vistas a un mejor posicionamiento de mercado, lo que, en el corto plazo, supone renunciar a una parte del margen ante la coyuntura actual de precios ascendentes en la que nos encontramos. Este sobresaliente incremento de su cartera de clientes, permite al Grupo Audax mantenerse como la primera comercializadora independiente de luz en el segmento PYME en Espa\u00f1a. Asimismo, derivado de dicho incremento, el Grupo ha podido aumentar la energ\u00eda suministrada en un 80% superior respecto al mismo periodo que el ejercicio anterior, situ\u00e1ndose en 7,9 TWh. Todo ello a pesar de seguir afrontando un ejercicio extremadamente complicado derivado, no ya de los impactos de la COVID-19, que a\u00fan persisten, sino del dif\u00edcil contexto de mercado con precios ascendentes en el que nos encontramos.&nbsp;<\/p>\n<p>A pesar de la dif\u00edcil situaci\u00f3n descrita, y ante las medidas adoptadas por el Grupo ante este complicado contexto, esperamos una normalizaci\u00f3n de la situaci\u00f3n durante la segunda mitad del ejercicio, confiando as\u00ed en poder cumplir con las magnitudes esperadas a cierre de \u00e9ste. En palabras de Jos\u00e9 El\u00edas, presidente y accionista mayoritario, \u201clas ventajas de la integraci\u00f3n vertical junto con el giro estrat\u00e9gico dado por la compa\u00f1\u00eda en 2020, la financiaci\u00f3n obtenida a finales del ejercicio anterior y posterior TAP del bono por importe de 100 millones de euros en el presente ejercicio, as\u00ed como el posicionamiento en cuanto a cuota de mercado, permiten al Grupo partir de una posici\u00f3n privilegiada para afrontar con mayor \u00e9xito las dif\u00edciles circunstancias de mercado en las que nos encontramos actualmente, as\u00ed como acometer con garant\u00edas las inversiones en generaci\u00f3n y los compromisos financieros de los pr\u00f3ximos 5 a\u00f1os, permiti\u00e9ndonos afrontar con mayor tranquilidad nuestro futuro. Estoy convencido que esta integraci\u00f3n vertical ser\u00e1 un factor diferencial en relaci\u00f3n con nuestros competidores.\u201d.&nbsp;<\/p>\n<p>&nbsp;<\/p>\n<p>Sobre Audax Renovables&nbsp;<br \/>\n&nbsp;<br \/>\nEl Grupo es el resultado de la fusi\u00f3n por absorci\u00f3n entre Audax Renovables, S.A. y su matriz, Audax Energ\u00eda, S.A., dando lugar a un grupo energ\u00e9tico integral con generaci\u00f3n 100% renovable.<\/p>\n<p>Audax centra sus actividades en la generaci\u00f3n de energ\u00eda 100% renovable, as\u00ed como en el suministro de electricidad 100% renovable y gas.<br \/>\n&nbsp;<br \/>\nFundada en el a\u00f1o 2000, en el a\u00f1o 2003 Audax Renovables empieza a cotizar en el mercado secundario de Ia Bolsa de Barcelona y en el a\u00f1o 2007 se incluye su cotizaci\u00f3n en el SIBE de la bolsa de Madrid. Actualmente, cotiza en el Mercado Continuo espa\u00f1ol bajo la denominaci\u00f3n (ticker) ADX.MC, habi\u00e9ndose incorporado al \u00edndice IBEX SMALL CAP\u00ae el 23 de marzo de 2020.<\/p>\n<p>Somos el Grupo energ\u00e9tico l\u00edder en el segmento PYME en Espa\u00f1a, garantizando un suministro eficiente de la energ\u00eda comercializada a trav\u00e9s de un proceso de integraci\u00f3n vertical con la actividad de generaci\u00f3n renovable, con una s\u00f3lida posici\u00f3n financiera, y preparado para encabezar la transici\u00f3n energ\u00e9tica en el mercado europeo.<br \/>\n&nbsp;<br \/>\nEl Grupo gestiona una cartera de proyectos de generaci\u00f3n en operaci\u00f3n de 91 MW en parques e\u00f3licos en Espa\u00f1a, Francia y Polonia, y 55 MWp fotovoltaicos en Espa\u00f1a. Adicionalmente, tiene en construcci\u00f3n 66 MW e\u00f3licos en Panam\u00e1 as\u00ed como 21 MWp en proyectos fotovoltaicos, sumando un total de 87 MW en construcci\u00f3n, y cuenta con un porfolio fotovoltaico de 2.291 MWp en distintas fases de desarrollo ubicado en Espa\u00f1a, Portugal e Italia.&nbsp;<\/p>\n<p>Audax Renovables, en su actividad de comercializaci\u00f3n de electricidad 100% renovable y gas, est\u00e1 presente en Espa\u00f1a, Portugal, Italia, Alemania, Polonia, Holanda y Hungr\u00eda, sumando m\u00e1s de 549 mil clientes.<\/p>\n<p>Para m\u00e1s informaci\u00f3n visite www.audaxrenovables.com \/ www.audaxrenovables.es<\/p>\n<p>Contacto para inversores: investor.relations@audaxrenovables.com<br \/>\n&nbsp;<\/p>\n","protected":false},"excerpt":{"rendered":"<p>Audax Renovables apuesta por ganar cuota de mercado en el primer semestre de 2021 \u2022&nbsp;&nbsp; &nbsp;Incrementa de forma notable sus ingresos hasta rozar los 700 millones de euros. \u2022&nbsp;&nbsp; &nbsp;El Margen Bruto alcanz\u00f3 en el primer semestre de 2021 los 54 millones de euros, mientras que el EBITDA se ha situado en los 18,2 millones [&hellip;]<\/p>\n","protected":false},"author":1,"featured_media":2500,"comment_status":"closed","ping_status":"open","sticky":false,"template":"","format":"standard","meta":{"content-type":"","footnotes":""},"categories":[1],"tags":[],"class_list":["post-2501","post","type-post","status-publish","format-standard","has-post-thumbnail","hentry","category-sin-categoria"],"yoast_head":"<!-- This site is optimized with the Yoast SEO plugin v23.5 - https:\/\/yoast.com\/wordpress\/plugins\/seo\/ -->\n<title>Audax Renovables apuesta por ganar cuota de mercado en el primer semestre de 2021<\/title>\n<meta name=\"description\" content=\"Audax Renovables apuesta por ganar cuota de mercado en el primer semestre de 2021\" \/>\n<meta name=\"robots\" content=\"index, follow, max-snippet:-1, max-image-preview:large, max-video-preview:-1\" \/>\n<link rel=\"canonical\" href=\"https:\/\/www.audaxrenovables.es\/es\/audax-renovables-apuesta-por-ganar-cuota-de-mercado-en-el-primer-semestre-de-2021\/\" \/>\n<meta property=\"og:locale\" content=\"es_ES\" \/>\n<meta property=\"og:type\" content=\"article\" \/>\n<meta property=\"og:title\" content=\"Audax Renovables apuesta por ganar cuota de mercado en el primer semestre de 2021\" \/>\n<meta property=\"og:description\" content=\"Audax Renovables apuesta por ganar cuota de mercado en el primer semestre de 2021\" \/>\n<meta property=\"og:url\" content=\"https:\/\/www.audaxrenovables.es\/es\/audax-renovables-apuesta-por-ganar-cuota-de-mercado-en-el-primer-semestre-de-2021\/\" \/>\n<meta property=\"og:site_name\" content=\"Audax Renovables\" \/>\n<meta property=\"article:published_time\" content=\"2021-09-30T06:13:58+00:00\" \/>\n<meta property=\"article:modified_time\" content=\"2023-06-20T11:40:52+00:00\" \/>\n<meta property=\"og:image\" content=\"https:\/\/www.audaxrenovables.es\/wp-content\/uploads\/2023\/06\/30092021.jpg.jpg\" \/>\n\t<meta property=\"og:image:width\" content=\"713\" \/>\n\t<meta property=\"og:image:height\" content=\"403\" \/>\n\t<meta property=\"og:image:type\" content=\"image\/jpeg\" \/>\n<meta name=\"author\" content=\"adminadx\" \/>\n<meta name=\"twitter:card\" content=\"summary_large_image\" \/>\n<meta name=\"twitter:label1\" content=\"Escrito por\" \/>\n\t<meta name=\"twitter:data1\" content=\"adminadx\" \/>\n\t<meta name=\"twitter:label2\" content=\"Tiempo de lectura\" \/>\n\t<meta name=\"twitter:data2\" content=\"5 minutos\" \/>\n<!-- \/ Yoast SEO plugin. -->","yoast_head_json":{"title":"Audax Renovables apuesta por ganar cuota de mercado en el primer semestre de 2021","description":"Audax Renovables apuesta por ganar cuota de mercado en el primer semestre de 2021","robots":{"index":"index","follow":"follow","max-snippet":"max-snippet:-1","max-image-preview":"max-image-preview:large","max-video-preview":"max-video-preview:-1"},"canonical":"https:\/\/www.audaxrenovables.es\/es\/audax-renovables-apuesta-por-ganar-cuota-de-mercado-en-el-primer-semestre-de-2021\/","og_locale":"es_ES","og_type":"article","og_title":"Audax Renovables apuesta por ganar cuota de mercado en el primer semestre de 2021","og_description":"Audax Renovables apuesta por ganar cuota de mercado en el primer semestre de 2021","og_url":"https:\/\/www.audaxrenovables.es\/es\/audax-renovables-apuesta-por-ganar-cuota-de-mercado-en-el-primer-semestre-de-2021\/","og_site_name":"Audax Renovables","article_published_time":"2021-09-30T06:13:58+00:00","article_modified_time":"2023-06-20T11:40:52+00:00","og_image":[{"width":713,"height":403,"url":"https:\/\/www.audaxrenovables.es\/wp-content\/uploads\/2023\/06\/30092021.jpg.jpg","type":"image\/jpeg"}],"author":"adminadx","twitter_card":"summary_large_image","twitter_misc":{"Escrito por":"adminadx","Tiempo de lectura":"5 minutos"},"schema":{"@context":"https:\/\/schema.org","@graph":[{"@type":"Article","@id":"https:\/\/www.audaxrenovables.es\/es\/audax-renovables-apuesta-por-ganar-cuota-de-mercado-en-el-primer-semestre-de-2021\/#article","isPartOf":{"@id":"https:\/\/www.audaxrenovables.es\/es\/audax-renovables-apuesta-por-ganar-cuota-de-mercado-en-el-primer-semestre-de-2021\/"},"author":{"name":"adminadx","@id":"https:\/\/www.audaxrenovables.es\/ca\/#\/schema\/person\/39323131dc9a121279e4e63ed89ffbea"},"headline":"Audax Renovables apuesta por ganar cuota de mercado en el primer semestre de 2021","datePublished":"2021-09-30T06:13:58+00:00","dateModified":"2023-06-20T11:40:52+00:00","mainEntityOfPage":{"@id":"https:\/\/www.audaxrenovables.es\/es\/audax-renovables-apuesta-por-ganar-cuota-de-mercado-en-el-primer-semestre-de-2021\/"},"wordCount":1087,"publisher":{"@id":"https:\/\/www.audaxrenovables.es\/ca\/#organization"},"image":{"@id":"https:\/\/www.audaxrenovables.es\/es\/audax-renovables-apuesta-por-ganar-cuota-de-mercado-en-el-primer-semestre-de-2021\/#primaryimage"},"thumbnailUrl":"https:\/\/www.audaxrenovables.es\/wp-content\/uploads\/2023\/06\/30092021.jpg.jpg","inLanguage":"es"},{"@type":["WebPage","ItemPage"],"@id":"https:\/\/www.audaxrenovables.es\/es\/audax-renovables-apuesta-por-ganar-cuota-de-mercado-en-el-primer-semestre-de-2021\/","url":"https:\/\/www.audaxrenovables.es\/es\/audax-renovables-apuesta-por-ganar-cuota-de-mercado-en-el-primer-semestre-de-2021\/","name":"Audax Renovables apuesta por ganar cuota de mercado en el primer semestre de 2021","isPartOf":{"@id":"https:\/\/www.audaxrenovables.es\/ca\/#website"},"primaryImageOfPage":{"@id":"https:\/\/www.audaxrenovables.es\/es\/audax-renovables-apuesta-por-ganar-cuota-de-mercado-en-el-primer-semestre-de-2021\/#primaryimage"},"image":{"@id":"https:\/\/www.audaxrenovables.es\/es\/audax-renovables-apuesta-por-ganar-cuota-de-mercado-en-el-primer-semestre-de-2021\/#primaryimage"},"thumbnailUrl":"https:\/\/www.audaxrenovables.es\/wp-content\/uploads\/2023\/06\/30092021.jpg.jpg","datePublished":"2021-09-30T06:13:58+00:00","dateModified":"2023-06-20T11:40:52+00:00","description":"Audax Renovables apuesta por ganar cuota de mercado en el primer semestre de 2021","breadcrumb":{"@id":"https:\/\/www.audaxrenovables.es\/es\/audax-renovables-apuesta-por-ganar-cuota-de-mercado-en-el-primer-semestre-de-2021\/#breadcrumb"},"inLanguage":"es","potentialAction":[{"@type":"ReadAction","target":["https:\/\/www.audaxrenovables.es\/es\/audax-renovables-apuesta-por-ganar-cuota-de-mercado-en-el-primer-semestre-de-2021\/"]}]},{"@type":"ImageObject","inLanguage":"es","@id":"https:\/\/www.audaxrenovables.es\/es\/audax-renovables-apuesta-por-ganar-cuota-de-mercado-en-el-primer-semestre-de-2021\/#primaryimage","url":"https:\/\/www.audaxrenovables.es\/wp-content\/uploads\/2023\/06\/30092021.jpg.jpg","contentUrl":"https:\/\/www.audaxrenovables.es\/wp-content\/uploads\/2023\/06\/30092021.jpg.jpg","width":713,"height":403},{"@type":"BreadcrumbList","@id":"https:\/\/www.audaxrenovables.es\/es\/audax-renovables-apuesta-por-ganar-cuota-de-mercado-en-el-primer-semestre-de-2021\/#breadcrumb","itemListElement":[{"@type":"ListItem","position":1,"name":"Portada","item":"https:\/\/www.audaxrenovables.es\/es\/"},{"@type":"ListItem","position":2,"name":"Audax Renovables apuesta por ganar cuota de mercado en el primer semestre de 2021"}]},{"@type":"WebSite","@id":"https:\/\/www.audaxrenovables.es\/ca\/#website","url":"https:\/\/www.audaxrenovables.es\/ca\/","name":"Audax Renovables","description":"Compa\u00f1\u00eda independiente dedicada a la producci\u00f3n de energ\u00eda el\u00e9ctrica a partir de fuentes de energ\u00eda 100% renovables","publisher":{"@id":"https:\/\/www.audaxrenovables.es\/ca\/#organization"},"potentialAction":[{"@type":"SearchAction","target":{"@type":"EntryPoint","urlTemplate":"https:\/\/www.audaxrenovables.es\/ca\/?s={search_term_string}"},"query-input":{"@type":"PropertyValueSpecification","valueRequired":true,"valueName":"search_term_string"}}],"inLanguage":"es"},{"@type":"Organization","@id":"https:\/\/www.audaxrenovables.es\/ca\/#organization","name":"Audax Renovables","alternateName":"Audax Energ\u00eda","url":"https:\/\/www.audaxrenovables.es\/ca\/","logo":{"@type":"ImageObject","inLanguage":"es","@id":"https:\/\/www.audaxrenovables.es\/ca\/#\/schema\/logo\/image\/","url":"https:\/\/www.audaxrenovables.es\/wp-content\/uploads\/2023\/04\/logo.png","contentUrl":"https:\/\/www.audaxrenovables.es\/wp-content\/uploads\/2023\/04\/logo.png","width":197,"height":125,"caption":"Audax Renovables"},"image":{"@id":"https:\/\/www.audaxrenovables.es\/ca\/#\/schema\/logo\/image\/"},"sameAs":["https:\/\/www.instagram.com\/audaxrenovables\/","https:\/\/x.com\/AudaxRenovables","https:\/\/www.youtube.com\/user\/AudaxEnergia","https:\/\/www.tiktok.com\/@audaxrenovables","https:\/\/www.linkedin.com\/company\/203502\/admin\/"]},{"@type":"Person","@id":"https:\/\/www.audaxrenovables.es\/ca\/#\/schema\/person\/39323131dc9a121279e4e63ed89ffbea","name":"adminadx","image":{"@type":"ImageObject","inLanguage":"es","@id":"https:\/\/www.audaxrenovables.es\/ca\/#\/schema\/person\/image\/","url":"https:\/\/secure.gravatar.com\/avatar\/60b4d621160a422b02f2d19db7066f73c964c792ce03f3da9d36f40a41bdd2e6?s=96&d=mm&r=g","contentUrl":"https:\/\/secure.gravatar.com\/avatar\/60b4d621160a422b02f2d19db7066f73c964c792ce03f3da9d36f40a41bdd2e6?s=96&d=mm&r=g","caption":"adminadx"},"sameAs":["https:\/\/audaxrenovables.es"]}]}},"_links":{"self":[{"href":"https:\/\/www.audaxrenovables.es\/es\/wp-json\/wp\/v2\/posts\/2501","targetHints":{"allow":["GET"]}}],"collection":[{"href":"https:\/\/www.audaxrenovables.es\/es\/wp-json\/wp\/v2\/posts"}],"about":[{"href":"https:\/\/www.audaxrenovables.es\/es\/wp-json\/wp\/v2\/types\/post"}],"author":[{"embeddable":true,"href":"https:\/\/www.audaxrenovables.es\/es\/wp-json\/wp\/v2\/users\/1"}],"replies":[{"embeddable":true,"href":"https:\/\/www.audaxrenovables.es\/es\/wp-json\/wp\/v2\/comments?post=2501"}],"version-history":[{"count":1,"href":"https:\/\/www.audaxrenovables.es\/es\/wp-json\/wp\/v2\/posts\/2501\/revisions"}],"predecessor-version":[{"id":2800,"href":"https:\/\/www.audaxrenovables.es\/es\/wp-json\/wp\/v2\/posts\/2501\/revisions\/2800"}],"wp:featuredmedia":[{"embeddable":true,"href":"https:\/\/www.audaxrenovables.es\/es\/wp-json\/wp\/v2\/media\/2500"}],"wp:attachment":[{"href":"https:\/\/www.audaxrenovables.es\/es\/wp-json\/wp\/v2\/media?parent=2501"}],"wp:term":[{"taxonomy":"category","embeddable":true,"href":"https:\/\/www.audaxrenovables.es\/es\/wp-json\/wp\/v2\/categories?post=2501"},{"taxonomy":"post_tag","embeddable":true,"href":"https:\/\/www.audaxrenovables.es\/es\/wp-json\/wp\/v2\/tags?post=2501"}],"curies":[{"name":"wp","href":"https:\/\/api.w.org\/{rel}","templated":true}]}}