{"id":3168,"date":"2023-11-13T06:35:00","date_gmt":"2023-11-13T06:35:00","guid":{"rendered":"https:\/\/audaxrenovables.es\/?p=3168"},"modified":"2026-02-23T14:54:37","modified_gmt":"2026-02-23T14:54:37","slug":"audax-duplica-su-ebitda-a-septiembre-de-2023-superando-los-77-millones-de-euros","status":"publish","type":"post","link":"https:\/\/www.audaxrenovables.es\/es\/audax-duplica-su-ebitda-a-septiembre-de-2023-superando-los-77-millones-de-euros\/","title":{"rendered":"Audax duplica su EBITDA a septiembre de 2023, superando los 77 millones de euros"},"content":{"rendered":"\n<h1 class=\"wp-block-heading has-text-align-center\"><strong>Audax duplica su EBITDA a septiembre de 2023, superando los 77 millones de euros<\/strong><\/h1>\n\n\n\n<div class=\"wp-block-cover\" style=\"border-width:50px;border-radius:100px;margin-top:0;margin-bottom:0;padding-top:0;padding-right:0;padding-bottom:0;padding-left:0;min-height:90vh;aspect-ratio:unset;\"><span aria-hidden=\"true\" class=\"wp-block-cover__background has-background-dim-0 has-background-dim\"><\/span><img fetchpriority=\"high\" decoding=\"async\" width=\"713\" height=\"403\" src=\"https:\/\/www.audaxrenovables.es\/wp-content\/uploads\/2023\/09\/ddas.jpg\" class=\"wp-block-cover__image-background wp-post-image\" alt=\"\" data-object-fit=\"cover\" srcset=\"https:\/\/www.audaxrenovables.es\/wp-content\/uploads\/2023\/09\/ddas.jpg 713w, https:\/\/www.audaxrenovables.es\/wp-content\/uploads\/2023\/09\/ddas-300x170.jpg 300w, https:\/\/www.audaxrenovables.es\/wp-content\/uploads\/2023\/09\/ddas-18x10.jpg 18w\" sizes=\"(max-width: 713px) 100vw, 713px\" \/><div class=\"wp-block-cover__inner-container has-global-padding is-layout-constrained wp-container-core-cover-is-layout-a307af8a wp-block-cover-is-layout-constrained\">\n<p class=\"has-text-align-center has-large-font-size\"><\/p>\n<\/div><\/div>\n\n\n\n<blockquote class=\"wp-block-quote is-layout-flow wp-block-quote-is-layout-flow\">\n<p><strong><span style=\"color: #ff9900;\">\u25aa Audax <em>Renovables<\/em> cierra el tercer trimestre del a\u00f1o con un incremento del margen bruto del 69% (EUR 174 m) y alcanza un resultado neto de 25 millones de euros comparado con 2 millones de euros del mismo periodo del a\u00f1o anterior.<\/span><\/strong><\/p>\n\n\n\n<p><strong><span style=\"color: #ff9900;\">\u25aa Con 349 millones de euros de efectivo y equivalentes, la compa\u00f1\u00eda consigue una reducci\u00f3n de su deuda financiera neta del 37% respecto al mismo periodo del a\u00f1o anterior.<\/span><\/strong><\/p>\n<\/blockquote>\n\n\n\n<p><strong>13 de noviembre de 2023.<\/strong>\u2013 Audax Renovables (ADX.MC), grupo energ\u00e9tico espa\u00f1ol integrado verticalmente con generaci\u00f3n 100% renovable y suministro de electricidad y gas a clientes de 7 pa\u00edses europeos, cierra el tercer trimestre de 2023 duplicando su EBITDA en relaci\u00f3n con el mismo periodo del ejercicio anterior, superando los 77 millones de euros y alcanzando un resultado neto de 25 millones de euros.<br>La compa\u00f1\u00eda ha conseguido una mejora del margen bruto (+69%) hasta los 174 millones de euros, en l\u00ednea con los resultados del primer semestre del a\u00f1o, consolidando las acciones llevadas a cabo durante los \u00faltimos ejercicios para incrementar la rentabilidad del negocio.<br>En comercializaci\u00f3n, el volumen de energ\u00eda suministrada se ha incrementado (+4%) hasta los 10,1 TWh. La compa\u00f1\u00eda mantiene su foco en el cliente empresa, principalmente en Pyme, y como resultado aumenta el volumen de energ\u00eda suministrada por punto de suministro (+10%) hasta los 37,2 MWh\/CUPS.<br>La potencia instalada ha incrementado (+9%) hasta los 245 MW y la energ\u00eda generada en el periodo se ha elevado (+8%) hasta los 214 GWh como consecuencia de la mayor potencia fotovoltaica instalada en Espa\u00f1a.<br>Audax Renovables ha continuado con sus operaciones en el desarrollo, construcci\u00f3n y puesta en marcha de su portfolio de generaci\u00f3n, para lo que ha invertido m\u00e1s de 200 millones de euros en los \u00faltimos tres a\u00f1os en su mayor parte con fondos provenientes de recursos propios. La compa\u00f1\u00eda cuenta con proyectos de generaci\u00f3n situados en Espa\u00f1a, Francia, Polonia, Italia, Portugal y Panam\u00e1 con proyectos en estado muy avanzado de tramitaci\u00f3n por 126 MWp con Declaraci\u00f3n de Impacto Ambiental (DIA) favorable y 373 MWp en estado muy cercano al Ready to Build, sumando entre ambos conceptos 499 MWp, adem\u00e1s de los 26 MWp en construcci\u00f3n y 245 MW en operaci\u00f3n actuales.<\/p>\n\n\n\n<p><\/p>\n\n\n\n<p><strong>Mayor resultado neto con menor deuda financiera neta<\/strong><br>Como consecuencia de la reducci\u00f3n generalizada de los precios mayoristas de energ\u00eda en Europa, con ca\u00eddas mayores al 50% en electricidad y en gas, la compa\u00f1\u00eda refleja una reducci\u00f3n en sus ingresos de operaciones (-12%) hasta los 1.788 millones de euros. El resultado neto de la compa\u00f1\u00eda asciende (x10) hasta los 25 millones de euros a cierre de tercer trimestre.<br>El grupo sigue focalizado en su objetivo estrat\u00e9gico de reducci\u00f3n de deuda y cierra el tercer trimestre con 293 millones de deuda financiera neta, que representa una reducci\u00f3n de 171 millones respecto a los 464 millones de septiembre de 2022.<br>Esta reducci\u00f3n del 37% es fruto de los buenos resultados del ejercicio y las acciones tomadas en la compa\u00f1\u00eda para mejorar su posici\u00f3n de liquidez.<\/p>\n\n\n\n<p><\/p>\n\n\n\n<p><strong>Mayor sostenibilidad y m\u00e1s eficiencia<\/strong><br>El grupo mantiene su compromiso firme con la sostenibilidad y sigue trabajando para que sus actividades se basen en el desarrollo sostenible integrando los aspectos de ESG dentro de la estrategia corporativa. Como muestra de dicho compromiso, el Consejo de Administraci\u00f3n aprob\u00f3 el Plan Estrat\u00e9gico de Sostenibilidad 2023-2025, que define la hoja de ruta para alcanzar los objetivos de la compa\u00f1\u00eda en materia de ESG y cumplir con las obligaciones de transparencia e informaci\u00f3n con nuestros principales grupos de inter\u00e9s.<br>Asimismo, la compa\u00f1\u00eda ha sido calificada por Morningstar Sustainalytics ESG Rating, como \u201cESG Low Risk Company\u201d o compa\u00f1\u00eda de bajo riesgo ESG. El rating confirma la posici\u00f3n de liderazgo en desempe\u00f1o ESG y reconoce que el riesgo de que el grupo sufra impactos negativos derivados de factores ESG es bajo, situ\u00e1ndola en el TOP10 de productoras y comercializadoras independientes de energ\u00eda.<\/p>\n\n\n\n<p>Para m\u00e1s informaci\u00f3n:<br>Roman<br>Gin\u00e9s Ca\u00f1abate<br>g.canabate@romanrm.com | (+34) 649 214 470<br>Patricia Gonz\u00e1lez<br>p.gonzalez@romanrm.com | (+34) 915 915 500<\/p>\n\n\n\n<p><\/p>\n\n\n\n<p><strong>Sobre Audax Renovables<\/strong><br>Fundado en el a\u00f1o 2000, Audax Renovables es un grupo energ\u00e9tico espa\u00f1ol integrado verticalmente que genera energ\u00eda de origen 100% renovable y suministra electricidad y gas, con presencia en 9 pa\u00edses.<br>Actualmente, cuenta con una cartera de proyectos e\u00f3licos y fotovoltaicos en operaci\u00f3n, en construcci\u00f3n y en distintas fases de desarrollo en Espa\u00f1a, Portugal, Italia, Francia, Polonia y Panam\u00e1, que alcanza los 1,4 GW. En su actividad de comercializaci\u00f3n, el grupo presidido por Jos\u00e9 El\u00edas Navarro provee electricidad y gas a m\u00e1s de 373 mil clientes en Espa\u00f1a, Portugal, Italia, Alemania, Polonia, Holanda y Hungr\u00eda, y lidera el segmento PYME en Espa\u00f1a como comercializadora independiente. Audax empez\u00f3 a cotizar en el mercado secundario espa\u00f1ol en 2003, y en 2007 dio el salto al mercado continuo. Actualmente, forma parte de los \u00edndices IBEX Small Cap\u00ae y MSCI World Small Cap. Su capitalizaci\u00f3n burs\u00e1til supera los 500 millones de euros, y cuenta con un equipo de aproximadamente 800 profesionales.<\/p>\n","protected":false},"excerpt":{"rendered":"<p>Audax duplica su EBITDA a septiembre de 2023, superando los 77 millones de euros \u25aa Audax Renovables cierra el tercer trimestre del a\u00f1o con un incremento del margen bruto del 69% (EUR 174 m) y alcanza un resultado neto de 25 millones de euros comparado con 2 millones de euros del mismo periodo del a\u00f1o [&hellip;]<\/p>\n","protected":false},"author":1,"featured_media":3181,"comment_status":"closed","ping_status":"open","sticky":false,"template":"","format":"standard","meta":{"content-type":"","footnotes":""},"categories":[179,1],"tags":[16,13,15,14],"class_list":["post-3168","post","type-post","status-publish","format-standard","has-post-thumbnail","hentry","category-audax_finanzas","category-sin-categoria","tag-audax","tag-eolico","tag-resultados","tag-solar"],"yoast_head":"<!-- This site is optimized with the Yoast SEO plugin v23.5 - https:\/\/yoast.com\/wordpress\/plugins\/seo\/ -->\n<title>Audax Renovables incrementa su EBITDA un 47%<\/title>\n<meta name=\"description\" content=\"Audax Renovables incrementa su EBITDA un 47%\" \/>\n<meta name=\"robots\" content=\"index, follow, max-snippet:-1, max-image-preview:large, max-video-preview:-1\" \/>\n<link rel=\"canonical\" href=\"https:\/\/www.audaxrenovables.es\/es\/audax-duplica-su-ebitda-a-septiembre-de-2023-superando-los-77-millones-de-euros\/\" \/>\n<meta property=\"og:locale\" content=\"es_ES\" \/>\n<meta property=\"og:type\" content=\"article\" \/>\n<meta property=\"og:title\" content=\"Audax Renovables incrementa su EBITDA un 47%\" \/>\n<meta property=\"og:description\" content=\"Audax Renovables incrementa su EBITDA un 47%\" \/>\n<meta property=\"og:url\" content=\"https:\/\/www.audaxrenovables.es\/es\/audax-duplica-su-ebitda-a-septiembre-de-2023-superando-los-77-millones-de-euros\/\" \/>\n<meta property=\"og:site_name\" content=\"Audax Renovables\" \/>\n<meta property=\"article:published_time\" content=\"2023-11-13T06:35:00+00:00\" \/>\n<meta property=\"article:modified_time\" content=\"2026-02-23T14:54:37+00:00\" \/>\n<meta property=\"og:image\" content=\"https:\/\/www.audaxrenovables.es\/wp-content\/uploads\/2023\/09\/ddas.jpg\" \/>\n\t<meta property=\"og:image:width\" content=\"713\" \/>\n\t<meta property=\"og:image:height\" content=\"403\" \/>\n\t<meta property=\"og:image:type\" content=\"image\/jpeg\" \/>\n<meta name=\"author\" content=\"adminadx\" \/>\n<meta name=\"twitter:card\" content=\"summary_large_image\" \/>\n<meta name=\"twitter:label1\" content=\"Escrito por\" \/>\n\t<meta name=\"twitter:data1\" content=\"adminadx\" \/>\n\t<meta name=\"twitter:label2\" content=\"Tiempo de lectura\" \/>\n\t<meta name=\"twitter:data2\" content=\"4 minutos\" \/>\n<!-- \/ Yoast SEO plugin. -->","yoast_head_json":{"title":"Audax Renovables incrementa su EBITDA un 47%","description":"Audax Renovables incrementa su EBITDA un 47%","robots":{"index":"index","follow":"follow","max-snippet":"max-snippet:-1","max-image-preview":"max-image-preview:large","max-video-preview":"max-video-preview:-1"},"canonical":"https:\/\/www.audaxrenovables.es\/es\/audax-duplica-su-ebitda-a-septiembre-de-2023-superando-los-77-millones-de-euros\/","og_locale":"es_ES","og_type":"article","og_title":"Audax Renovables incrementa su EBITDA un 47%","og_description":"Audax Renovables incrementa su EBITDA un 47%","og_url":"https:\/\/www.audaxrenovables.es\/es\/audax-duplica-su-ebitda-a-septiembre-de-2023-superando-los-77-millones-de-euros\/","og_site_name":"Audax Renovables","article_published_time":"2023-11-13T06:35:00+00:00","article_modified_time":"2026-02-23T14:54:37+00:00","og_image":[{"width":713,"height":403,"url":"https:\/\/www.audaxrenovables.es\/wp-content\/uploads\/2023\/09\/ddas.jpg","type":"image\/jpeg"}],"author":"adminadx","twitter_card":"summary_large_image","twitter_misc":{"Escrito por":"adminadx","Tiempo de lectura":"4 minutos"},"schema":{"@context":"https:\/\/schema.org","@graph":[{"@type":"Article","@id":"https:\/\/www.audaxrenovables.es\/audax-duplica-su-ebitda-a-septiembre-de-2023-superando-los-77-millones-de-euros\/#article","isPartOf":{"@id":"https:\/\/www.audaxrenovables.es\/audax-duplica-su-ebitda-a-septiembre-de-2023-superando-los-77-millones-de-euros\/"},"author":{"name":"adminadx","@id":"https:\/\/www.audaxrenovables.es\/ca\/#\/schema\/person\/39323131dc9a121279e4e63ed89ffbea"},"headline":"Audax duplica su EBITDA a septiembre de 2023, superando los 77 millones de euros","datePublished":"2023-11-13T06:35:00+00:00","dateModified":"2026-02-23T14:54:37+00:00","mainEntityOfPage":{"@id":"https:\/\/www.audaxrenovables.es\/audax-duplica-su-ebitda-a-septiembre-de-2023-superando-los-77-millones-de-euros\/"},"wordCount":874,"publisher":{"@id":"https:\/\/www.audaxrenovables.es\/ca\/#organization"},"image":{"@id":"https:\/\/www.audaxrenovables.es\/audax-duplica-su-ebitda-a-septiembre-de-2023-superando-los-77-millones-de-euros\/#primaryimage"},"thumbnailUrl":"https:\/\/www.audaxrenovables.es\/wp-content\/uploads\/2023\/09\/ddas.jpg","keywords":["audax","eolico","resultados","solar"],"articleSection":["Informes financieros"],"inLanguage":"es"},{"@type":["WebPage","ItemPage"],"@id":"https:\/\/www.audaxrenovables.es\/audax-duplica-su-ebitda-a-septiembre-de-2023-superando-los-77-millones-de-euros\/","url":"https:\/\/www.audaxrenovables.es\/audax-duplica-su-ebitda-a-septiembre-de-2023-superando-los-77-millones-de-euros\/","name":"Audax Renovables incrementa su EBITDA un 47%","isPartOf":{"@id":"https:\/\/www.audaxrenovables.es\/ca\/#website"},"primaryImageOfPage":{"@id":"https:\/\/www.audaxrenovables.es\/audax-duplica-su-ebitda-a-septiembre-de-2023-superando-los-77-millones-de-euros\/#primaryimage"},"image":{"@id":"https:\/\/www.audaxrenovables.es\/audax-duplica-su-ebitda-a-septiembre-de-2023-superando-los-77-millones-de-euros\/#primaryimage"},"thumbnailUrl":"https:\/\/www.audaxrenovables.es\/wp-content\/uploads\/2023\/09\/ddas.jpg","datePublished":"2023-11-13T06:35:00+00:00","dateModified":"2026-02-23T14:54:37+00:00","description":"Audax Renovables incrementa su EBITDA un 47%","breadcrumb":{"@id":"https:\/\/www.audaxrenovables.es\/audax-duplica-su-ebitda-a-septiembre-de-2023-superando-los-77-millones-de-euros\/#breadcrumb"},"inLanguage":"es","potentialAction":[{"@type":"ReadAction","target":["https:\/\/www.audaxrenovables.es\/audax-duplica-su-ebitda-a-septiembre-de-2023-superando-los-77-millones-de-euros\/"]}]},{"@type":"ImageObject","inLanguage":"es","@id":"https:\/\/www.audaxrenovables.es\/audax-duplica-su-ebitda-a-septiembre-de-2023-superando-los-77-millones-de-euros\/#primaryimage","url":"https:\/\/www.audaxrenovables.es\/wp-content\/uploads\/2023\/09\/ddas.jpg","contentUrl":"https:\/\/www.audaxrenovables.es\/wp-content\/uploads\/2023\/09\/ddas.jpg","width":713,"height":403,"caption":"Generaci\u00f3n2"},{"@type":"BreadcrumbList","@id":"https:\/\/www.audaxrenovables.es\/audax-duplica-su-ebitda-a-septiembre-de-2023-superando-los-77-millones-de-euros\/#breadcrumb","itemListElement":[{"@type":"ListItem","position":1,"name":"Portada","item":"https:\/\/www.audaxrenovables.es\/es\/"},{"@type":"ListItem","position":2,"name":"Audax duplica su EBITDA a septiembre de 2023, superando los 77 millones de euros"}]},{"@type":"WebSite","@id":"https:\/\/www.audaxrenovables.es\/ca\/#website","url":"https:\/\/www.audaxrenovables.es\/ca\/","name":"Audax Renovables","description":"Compa\u00f1\u00eda independiente dedicada a la producci\u00f3n de energ\u00eda el\u00e9ctrica a partir de fuentes de energ\u00eda 100% renovables","publisher":{"@id":"https:\/\/www.audaxrenovables.es\/ca\/#organization"},"potentialAction":[{"@type":"SearchAction","target":{"@type":"EntryPoint","urlTemplate":"https:\/\/www.audaxrenovables.es\/ca\/?s={search_term_string}"},"query-input":{"@type":"PropertyValueSpecification","valueRequired":true,"valueName":"search_term_string"}}],"inLanguage":"es"},{"@type":"Organization","@id":"https:\/\/www.audaxrenovables.es\/ca\/#organization","name":"Audax Renovables","alternateName":"Audax Energ\u00eda","url":"https:\/\/www.audaxrenovables.es\/ca\/","logo":{"@type":"ImageObject","inLanguage":"es","@id":"https:\/\/www.audaxrenovables.es\/ca\/#\/schema\/logo\/image\/","url":"https:\/\/www.audaxrenovables.es\/wp-content\/uploads\/2023\/04\/logo.png","contentUrl":"https:\/\/www.audaxrenovables.es\/wp-content\/uploads\/2023\/04\/logo.png","width":197,"height":125,"caption":"Audax Renovables"},"image":{"@id":"https:\/\/www.audaxrenovables.es\/ca\/#\/schema\/logo\/image\/"},"sameAs":["https:\/\/www.instagram.com\/audaxrenovables\/","https:\/\/x.com\/AudaxRenovables","https:\/\/www.youtube.com\/user\/AudaxEnergia","https:\/\/www.tiktok.com\/@audaxrenovables","https:\/\/www.linkedin.com\/company\/203502\/admin\/"]},{"@type":"Person","@id":"https:\/\/www.audaxrenovables.es\/ca\/#\/schema\/person\/39323131dc9a121279e4e63ed89ffbea","name":"adminadx","image":{"@type":"ImageObject","inLanguage":"es","@id":"https:\/\/www.audaxrenovables.es\/ca\/#\/schema\/person\/image\/","url":"https:\/\/secure.gravatar.com\/avatar\/60b4d621160a422b02f2d19db7066f73c964c792ce03f3da9d36f40a41bdd2e6?s=96&d=mm&r=g","contentUrl":"https:\/\/secure.gravatar.com\/avatar\/60b4d621160a422b02f2d19db7066f73c964c792ce03f3da9d36f40a41bdd2e6?s=96&d=mm&r=g","caption":"adminadx"},"sameAs":["https:\/\/audaxrenovables.es"]}]}},"_links":{"self":[{"href":"https:\/\/www.audaxrenovables.es\/es\/wp-json\/wp\/v2\/posts\/3168","targetHints":{"allow":["GET"]}}],"collection":[{"href":"https:\/\/www.audaxrenovables.es\/es\/wp-json\/wp\/v2\/posts"}],"about":[{"href":"https:\/\/www.audaxrenovables.es\/es\/wp-json\/wp\/v2\/types\/post"}],"author":[{"embeddable":true,"href":"https:\/\/www.audaxrenovables.es\/es\/wp-json\/wp\/v2\/users\/1"}],"replies":[{"embeddable":true,"href":"https:\/\/www.audaxrenovables.es\/es\/wp-json\/wp\/v2\/comments?post=3168"}],"version-history":[{"count":69,"href":"https:\/\/www.audaxrenovables.es\/es\/wp-json\/wp\/v2\/posts\/3168\/revisions"}],"predecessor-version":[{"id":3350,"href":"https:\/\/www.audaxrenovables.es\/es\/wp-json\/wp\/v2\/posts\/3168\/revisions\/3350"}],"wp:featuredmedia":[{"embeddable":true,"href":"https:\/\/www.audaxrenovables.es\/es\/wp-json\/wp\/v2\/media\/3181"}],"wp:attachment":[{"href":"https:\/\/www.audaxrenovables.es\/es\/wp-json\/wp\/v2\/media?parent=3168"}],"wp:term":[{"taxonomy":"category","embeddable":true,"href":"https:\/\/www.audaxrenovables.es\/es\/wp-json\/wp\/v2\/categories?post=3168"},{"taxonomy":"post_tag","embeddable":true,"href":"https:\/\/www.audaxrenovables.es\/es\/wp-json\/wp\/v2\/tags?post=3168"}],"curies":[{"name":"wp","href":"https:\/\/api.w.org\/{rel}","templated":true}]}}